{"id":997,"date":"2016-07-02T21:19:46","date_gmt":"2016-07-02T19:19:46","guid":{"rendered":"https:\/\/www.ellensailing.se\/?p=997"},"modified":"2016-07-02T21:19:46","modified_gmt":"2016-07-02T19:19:46","slug":"amsterdam-i-tva-skepnader","status":"publish","type":"post","link":"https:\/\/www.ellensailing.se\/?p=997","title":{"rendered":"Amsterdam i tv\u00e5 skepnader"},"content":{"rendered":"<figure id=\"attachment_999\" aria-describedby=\"caption-attachment-999\" style=\"width: 640px\" class=\"wp-caption aligncenter\"><a href=\"https:\/\/i0.wp.com\/www.ellensailing.se\/wp-content\/uploads\/2016\/07\/IMG_5256.jpg?ssl=1\"><img data-recalc-dims=\"1\" fetchpriority=\"high\" decoding=\"async\" class=\"wp-image-999 size-large\" src=\"https:\/\/i0.wp.com\/www.ellensailing.se\/wp-content\/uploads\/2016\/07\/IMG_5256.jpg?resize=640%2C480&#038;ssl=1\" alt=\"IMG_5256\" width=\"640\" height=\"480\" srcset=\"https:\/\/i0.wp.com\/www.ellensailing.se\/wp-content\/uploads\/2016\/07\/IMG_5256.jpg?resize=1024%2C768&amp;ssl=1 1024w, https:\/\/i0.wp.com\/www.ellensailing.se\/wp-content\/uploads\/2016\/07\/IMG_5256.jpg?resize=300%2C225&amp;ssl=1 300w, https:\/\/i0.wp.com\/www.ellensailing.se\/wp-content\/uploads\/2016\/07\/IMG_5256.jpg?resize=768%2C576&amp;ssl=1 768w, https:\/\/i0.wp.com\/www.ellensailing.se\/wp-content\/uploads\/2016\/07\/IMG_5256.jpg?resize=320%2C240&amp;ssl=1 320w, https:\/\/i0.wp.com\/www.ellensailing.se\/wp-content\/uploads\/2016\/07\/IMG_5256.jpg?w=1680&amp;ssl=1 1680w, https:\/\/i0.wp.com\/www.ellensailing.se\/wp-content\/uploads\/2016\/07\/IMG_5256.jpg?w=2520&amp;ssl=1 2520w\" sizes=\"(max-width: 640px) 100vw, 640px\" \/><\/a><figcaption id=\"caption-attachment-999\" class=\"wp-caption-text\">Infarten till Sixhaven \u00e4r v\u00e4ldigt smal och hamnen v\u00e4ldigt tr\u00e5ng<\/figcaption><\/figure>\n<p>Vi kom till Amsterdam ig\u00e5r fredag. Som vanligt har det bl\u00e5st och regnat som tusan. Vi gick in mot Amsterdam p\u00e5 eftermiddagen. Hittade en pr\u00e5m som s\u00e5lde disel som var n\u00e4stan helt slut. Vi fick GTL disel som inte hade n\u00e5gon inblandning av RME i sig. Vi kom till Sixhaven som \u00e4r en hamn mitt emot Central stationen. Infarten \u00e4r s\u00e5 himla tr\u00e5ng men vi hittade en plats med l\u00e5ngsida. Problemet \u00e4r bara att Ellen \u00e4r lite bred s\u00e5 alla andra fick sv\u00e5rt att komma in. Vi flyttade oss idag till en b\u00e4ttre plats.<\/p>\n<p>Vi \u00e5kte in till centrum f\u00f6r att g\u00e5 p\u00e5 Van Gogh museet. Det \u00e4r \u00f6ppet l\u00e4nge p\u00e5 fredagar och d\u00e5 \u00e4r det inte s\u00e5 mycket folk. Efter bes\u00f6ket p\u00e5 Van Gogh s\u00e5 gick vi till ett Steak House, hungriga som tusan. Inte en kotte p\u00e5 stan ig\u00e5r kv\u00e4ll en fredag men idag s\u00e5 var det andra bullar.<\/p>\n<figure id=\"attachment_1001\" aria-describedby=\"caption-attachment-1001\" style=\"width: 640px\" class=\"wp-caption aligncenter\"><a href=\"https:\/\/i0.wp.com\/www.ellensailing.se\/wp-content\/uploads\/2016\/07\/IMG_5272.jpg?ssl=1\"><img data-recalc-dims=\"1\" decoding=\"async\" class=\"wp-image-1001 size-large\" src=\"https:\/\/i0.wp.com\/www.ellensailing.se\/wp-content\/uploads\/2016\/07\/IMG_5272-e1467486743253-768x1024.jpg?resize=640%2C853&#038;ssl=1\" alt=\"IMG_5272\" width=\"640\" height=\"853\" srcset=\"https:\/\/i0.wp.com\/www.ellensailing.se\/wp-content\/uploads\/2016\/07\/IMG_5272-e1467486743253.jpg?resize=768%2C1024&amp;ssl=1 768w, https:\/\/i0.wp.com\/www.ellensailing.se\/wp-content\/uploads\/2016\/07\/IMG_5272-e1467486743253.jpg?resize=225%2C300&amp;ssl=1 225w, https:\/\/i0.wp.com\/www.ellensailing.se\/wp-content\/uploads\/2016\/07\/IMG_5272-e1467486743253.jpg?w=1680&amp;ssl=1 1680w, https:\/\/i0.wp.com\/www.ellensailing.se\/wp-content\/uploads\/2016\/07\/IMG_5272-e1467486743253.jpg?w=2520&amp;ssl=1 2520w\" sizes=\"(max-width: 640px) 100vw, 640px\" \/><\/a><figcaption id=\"caption-attachment-1001\" class=\"wp-caption-text\">Galet med folk idag i Amsterdam n\u00e4r v\u00e4dret blev bra<\/figcaption><\/figure>\n<p>Vi gick till blomstermarknaden f\u00f6r att se det, men det var mest krimskrams. Det som f\u00f6rv\u00e5nar en \u00e4r deras liberala inst\u00e4llning till droger. Det mesta st\u00e5nden s\u00e5lde Cannabis plantor och tulpaner. K\u00e4nns konstigt f\u00f6r en svensk.<\/p>\n<figure id=\"attachment_998\" aria-describedby=\"caption-attachment-998\" style=\"width: 640px\" class=\"wp-caption aligncenter\"><a href=\"https:\/\/i0.wp.com\/www.ellensailing.se\/wp-content\/uploads\/2016\/07\/IMG_5277.jpg?ssl=1\"><img data-recalc-dims=\"1\" decoding=\"async\" class=\"wp-image-998 size-large\" src=\"https:\/\/i0.wp.com\/www.ellensailing.se\/wp-content\/uploads\/2016\/07\/IMG_5277.jpg?resize=640%2C480&#038;ssl=1\" alt=\"IMG_5277\" width=\"640\" height=\"480\" srcset=\"https:\/\/i0.wp.com\/www.ellensailing.se\/wp-content\/uploads\/2016\/07\/IMG_5277.jpg?resize=1024%2C768&amp;ssl=1 1024w, https:\/\/i0.wp.com\/www.ellensailing.se\/wp-content\/uploads\/2016\/07\/IMG_5277.jpg?resize=300%2C225&amp;ssl=1 300w, https:\/\/i0.wp.com\/www.ellensailing.se\/wp-content\/uploads\/2016\/07\/IMG_5277.jpg?resize=768%2C576&amp;ssl=1 768w, https:\/\/i0.wp.com\/www.ellensailing.se\/wp-content\/uploads\/2016\/07\/IMG_5277.jpg?resize=320%2C240&amp;ssl=1 320w, https:\/\/i0.wp.com\/www.ellensailing.se\/wp-content\/uploads\/2016\/07\/IMG_5277.jpg?w=1680&amp;ssl=1 1680w, https:\/\/i0.wp.com\/www.ellensailing.se\/wp-content\/uploads\/2016\/07\/IMG_5277.jpg?w=2520&amp;ssl=1 2520w\" sizes=\"(max-width: 640px) 100vw, 640px\" \/><\/a><figcaption id=\"caption-attachment-998\" class=\"wp-caption-text\">Japp, d\u00e5 \u00e4r det bara att s\u00e4tta ig\u00e5ng att odla d\u00e5.<\/figcaption><\/figure>\n<p>Vi forsatte promenaden, stannade p\u00e5 n\u00e5got utest\u00e4lle f\u00f6r att ta en \u00f6l. Gick igenom Red Light distict, \u00e4ven det k\u00e4nns konstigt men vad med folk det var d\u00e4r, redan klockan fem.<\/p>\n<figure id=\"attachment_1003\" aria-describedby=\"caption-attachment-1003\" style=\"width: 640px\" class=\"wp-caption aligncenter\"><a href=\"https:\/\/i0.wp.com\/www.ellensailing.se\/wp-content\/uploads\/2016\/07\/IMG_5284.jpg?ssl=1\"><img data-recalc-dims=\"1\" loading=\"lazy\" decoding=\"async\" class=\"wp-image-1003 size-large\" src=\"https:\/\/i0.wp.com\/www.ellensailing.se\/wp-content\/uploads\/2016\/07\/IMG_5284.jpg?resize=640%2C480&#038;ssl=1\" alt=\"IMG_5284\" width=\"640\" height=\"480\" srcset=\"https:\/\/i0.wp.com\/www.ellensailing.se\/wp-content\/uploads\/2016\/07\/IMG_5284.jpg?resize=1024%2C768&amp;ssl=1 1024w, https:\/\/i0.wp.com\/www.ellensailing.se\/wp-content\/uploads\/2016\/07\/IMG_5284.jpg?resize=300%2C225&amp;ssl=1 300w, https:\/\/i0.wp.com\/www.ellensailing.se\/wp-content\/uploads\/2016\/07\/IMG_5284.jpg?resize=768%2C576&amp;ssl=1 768w, https:\/\/i0.wp.com\/www.ellensailing.se\/wp-content\/uploads\/2016\/07\/IMG_5284.jpg?resize=320%2C240&amp;ssl=1 320w, https:\/\/i0.wp.com\/www.ellensailing.se\/wp-content\/uploads\/2016\/07\/IMG_5284.jpg?w=1680&amp;ssl=1 1680w, https:\/\/i0.wp.com\/www.ellensailing.se\/wp-content\/uploads\/2016\/07\/IMG_5284.jpg?w=2520&amp;ssl=1 2520w\" sizes=\"(max-width: 640px) 100vw, 640px\" \/><\/a><figcaption id=\"caption-attachment-1003\" class=\"wp-caption-text\">Vackra hus och m\u00e5nga kanaler med m\u00e5nga b\u00e5tar p\u00e5.<\/figcaption><\/figure>\n<p>Efter allt vandrande s\u00e5 k\u00e4kade vi p\u00e5 en Italienare med tanke p\u00e5 att de spelar match ik\u00e4ll. Nu blir det upp till b\u00e5tklubben och kolla p\u00e5 matchen.<\/p>\n<figure id=\"attachment_1004\" aria-describedby=\"caption-attachment-1004\" style=\"width: 640px\" class=\"wp-caption aligncenter\"><a href=\"https:\/\/i0.wp.com\/www.ellensailing.se\/wp-content\/uploads\/2016\/07\/IMG_5291.jpg?ssl=1\"><img data-recalc-dims=\"1\" loading=\"lazy\" decoding=\"async\" class=\"wp-image-1004 size-large\" src=\"https:\/\/i0.wp.com\/www.ellensailing.se\/wp-content\/uploads\/2016\/07\/IMG_5291.jpg?resize=640%2C480&#038;ssl=1\" alt=\"IMG_5291\" width=\"640\" height=\"480\" srcset=\"https:\/\/i0.wp.com\/www.ellensailing.se\/wp-content\/uploads\/2016\/07\/IMG_5291.jpg?resize=1024%2C768&amp;ssl=1 1024w, https:\/\/i0.wp.com\/www.ellensailing.se\/wp-content\/uploads\/2016\/07\/IMG_5291.jpg?resize=300%2C225&amp;ssl=1 300w, https:\/\/i0.wp.com\/www.ellensailing.se\/wp-content\/uploads\/2016\/07\/IMG_5291.jpg?resize=768%2C576&amp;ssl=1 768w, https:\/\/i0.wp.com\/www.ellensailing.se\/wp-content\/uploads\/2016\/07\/IMG_5291.jpg?resize=320%2C240&amp;ssl=1 320w, https:\/\/i0.wp.com\/www.ellensailing.se\/wp-content\/uploads\/2016\/07\/IMG_5291.jpg?w=1680&amp;ssl=1 1680w, https:\/\/i0.wp.com\/www.ellensailing.se\/wp-content\/uploads\/2016\/07\/IMG_5291.jpg?w=2520&amp;ssl=1 2520w\" sizes=\"(max-width: 640px) 100vw, 640px\" \/><\/a><figcaption id=\"caption-attachment-1004\" class=\"wp-caption-text\">K\u00f6 vid broarna<\/figcaption><\/figure>\n<p>&nbsp;<\/p>\n","protected":false},"excerpt":{"rendered":"<p>Vi kom till Amsterdam ig\u00e5r fredag. Som vanligt har det bl\u00e5st och regnat som tusan. Vi gick in mot Amsterdam[&#8230;]<\/p>\n","protected":false},"author":1,"featured_media":1000,"comment_status":"open","ping_status":"open","sticky":false,"template":"","format":"standard","meta":{"_jetpack_newsletter_access":"","_jetpack_dont_email_post_to_subs":false,"_jetpack_newsletter_tier_id":0,"_jetpack_memberships_contains_paywalled_content":false,"_jetpack_feature_clip_id":0,"_jetpack_memberships_contains_paid_content":false,"footnotes":"","jetpack_publicize_message":"","jetpack_publicize_feature_enabled":true,"jetpack_social_post_already_shared":true,"jetpack_social_options":{"image_generator_settings":{"template":"highway","default_image_id":0,"font":"","enabled":false},"version":2},"jetpack_post_was_ever_published":false},"categories":[20],"tags":[],"class_list":["post-997","post","type-post","status-publish","format-standard","has-post-thumbnail","hentry","category-sommar-2016"],"jetpack_publicize_connections":[],"jetpack_featured_media_url":"https:\/\/i0.wp.com\/www.ellensailing.se\/wp-content\/uploads\/2016\/07\/IMG_5258.jpg?fit=4032%2C3024&ssl=1","jetpack_sharing_enabled":true,"jetpack_shortlink":"https:\/\/wp.me\/p5G68R-g5","jetpack-related-posts":[{"id":983,"url":"https:\/\/www.ellensailing.se\/?p=983","url_meta":{"origin":997,"position":0},"title":"Tips till alla OSK:are, Reeds och sj\u00f6kort har fel!","author":"peter@ellensailing.se","date":"29 juni, 2016","format":false,"excerpt":"Fr\u00e5n v\u00e5r seglats fr\u00e5n Borkum s\u00f6der\u00f6ver hade vi best\u00e4mt oss f\u00f6r att ta oss till Terschelling. F\u00f6rutom att vinden tog slut helt och Yanmar fick jobba b\u00f6rja vi kolla lite mer noggrant. F\u00f6r i Reeds s\u00e5 ser det helt ok ut att g\u00e5 in d\u00e4r \u00e4ven med Ellen som sticker\u2026","rel":"","context":"I \u201dSommar 2016\u201d","block_context":{"text":"Sommar 2016","link":"https:\/\/www.ellensailing.se\/?cat=20"},"img":{"alt_text":"","src":"https:\/\/i0.wp.com\/www.ellensailing.se\/wp-content\/uploads\/2016\/06\/DSC_0462.jpg?fit=1200%2C797&ssl=1&resize=350%2C200","width":350,"height":200,"srcset":"https:\/\/i0.wp.com\/www.ellensailing.se\/wp-content\/uploads\/2016\/06\/DSC_0462.jpg?fit=1200%2C797&ssl=1&resize=350%2C200 1x, https:\/\/i0.wp.com\/www.ellensailing.se\/wp-content\/uploads\/2016\/06\/DSC_0462.jpg?fit=1200%2C797&ssl=1&resize=525%2C300 1.5x, https:\/\/i0.wp.com\/www.ellensailing.se\/wp-content\/uploads\/2016\/06\/DSC_0462.jpg?fit=1200%2C797&ssl=1&resize=700%2C400 2x, https:\/\/i0.wp.com\/www.ellensailing.se\/wp-content\/uploads\/2016\/06\/DSC_0462.jpg?fit=1200%2C797&ssl=1&resize=1050%2C600 3x"},"classes":[]},{"id":1043,"url":"https:\/\/www.ellensailing.se\/?p=1043","url_meta":{"origin":997,"position":1},"title":"Flygande \u00f6verfart \u00f6ver Dover Strait!","author":"peter@ellensailing.se","date":"7 juli, 2016","format":false,"excerpt":"Vi l\u00e4mnade Frankrike i morse d\u00e5 vi r\u00e4knat ut att vi borde ha medstr\u00f6ms \u00f6ver kanalen. F\u00e5r lov att tacka Carl-H\u00e5kan p\u00e5 OSK som l\u00e4rt oss n\u00e5got. Funkade fantastisk bra. Att segla \u00f6ver denna str\u00e4cka \u00e4r 40 distansminuter s\u00e5 det g\u00e4llde att vara \u00f6ver innan klockan 3 f\u00f6r d\u00e5 v\u00e4nder\u2026","rel":"","context":"I \u201dSommar 2016\u201d","block_context":{"text":"Sommar 2016","link":"https:\/\/www.ellensailing.se\/?cat=20"},"img":{"alt_text":"","src":"https:\/\/i0.wp.com\/www.ellensailing.se\/wp-content\/uploads\/2016\/07\/DSC_0872.jpg?fit=1200%2C797&ssl=1&resize=350%2C200","width":350,"height":200,"srcset":"https:\/\/i0.wp.com\/www.ellensailing.se\/wp-content\/uploads\/2016\/07\/DSC_0872.jpg?fit=1200%2C797&ssl=1&resize=350%2C200 1x, https:\/\/i0.wp.com\/www.ellensailing.se\/wp-content\/uploads\/2016\/07\/DSC_0872.jpg?fit=1200%2C797&ssl=1&resize=525%2C300 1.5x, https:\/\/i0.wp.com\/www.ellensailing.se\/wp-content\/uploads\/2016\/07\/DSC_0872.jpg?fit=1200%2C797&ssl=1&resize=700%2C400 2x, https:\/\/i0.wp.com\/www.ellensailing.se\/wp-content\/uploads\/2016\/07\/DSC_0872.jpg?fit=1200%2C797&ssl=1&resize=1050%2C600 3x"},"classes":[]},{"id":1007,"url":"https:\/\/www.ellensailing.se\/?p=1007","url_meta":{"origin":997,"position":2},"title":"Nu l\u00e4mnar vi Amsterdam f\u00f6r att g\u00e5 kanalerna till Rotterdam via Haarlem","author":"peter@ellensailing.se","date":"3 juli, 2016","format":false,"excerpt":"Nu har vi l\u00e4mnat Amsterdam och kommer g\u00e5 kanalerna ner mot Rotterdam. Ig\u00e5r kv\u00e4ll tillbringade vi i klubbhuset och tog lite att dricka tillsammans med massa Tyskar. N\u00e4r Italien gjorde m\u00e5l fick vi heja lite tyst. Sarcs vimpel pryder nu klubbhuset. Vimpeln fick b\u00e4sta plats vid baren. Det var verkligen\u2026","rel":"","context":"I \u201dSommar 2016\u201d","block_context":{"text":"Sommar 2016","link":"https:\/\/www.ellensailing.se\/?cat=20"},"img":{"alt_text":"","src":"https:\/\/i0.wp.com\/www.ellensailing.se\/wp-content\/uploads\/2016\/07\/IMG_5301.jpg?fit=1200%2C900&ssl=1&resize=350%2C200","width":350,"height":200,"srcset":"https:\/\/i0.wp.com\/www.ellensailing.se\/wp-content\/uploads\/2016\/07\/IMG_5301.jpg?fit=1200%2C900&ssl=1&resize=350%2C200 1x, https:\/\/i0.wp.com\/www.ellensailing.se\/wp-content\/uploads\/2016\/07\/IMG_5301.jpg?fit=1200%2C900&ssl=1&resize=525%2C300 1.5x, https:\/\/i0.wp.com\/www.ellensailing.se\/wp-content\/uploads\/2016\/07\/IMG_5301.jpg?fit=1200%2C900&ssl=1&resize=700%2C400 2x, https:\/\/i0.wp.com\/www.ellensailing.se\/wp-content\/uploads\/2016\/07\/IMG_5301.jpg?fit=1200%2C900&ssl=1&resize=1050%2C600 3x"},"classes":[]},{"id":1013,"url":"https:\/\/www.ellensailing.se\/?p=1013","url_meta":{"origin":997,"position":3},"title":"Nu har vi gjort Nederl\u00e4ndernas kanaler fr\u00e5n A-dam- Stellendam","author":"peter@ellensailing.se","date":"5 juli, 2016","format":false,"excerpt":"Nu har vi avverkat kanalerna mellan Amsterdam till Rotterdam. Vi stannade dock inte i Rotterdam utan fortsatte s\u00f6derut f\u00f6r att komma lite l\u00e4ngre ner och slippa all trafik ut fr\u00e5n Rotterdam. Det har varit en helt fantastisk upplevelse n\u00e4r man \u00e5ker med b\u00e5t h\u00f6gre \u00e4n vad husen \u00e4r. Vi gick\u2026","rel":"","context":"I \u201dSommar 2016\u201d","block_context":{"text":"Sommar 2016","link":"https:\/\/www.ellensailing.se\/?cat=20"},"img":{"alt_text":"","src":"https:\/\/i0.wp.com\/www.ellensailing.se\/wp-content\/uploads\/2016\/07\/DSC_0744.jpg?fit=1200%2C797&ssl=1&resize=350%2C200","width":350,"height":200,"srcset":"https:\/\/i0.wp.com\/www.ellensailing.se\/wp-content\/uploads\/2016\/07\/DSC_0744.jpg?fit=1200%2C797&ssl=1&resize=350%2C200 1x, https:\/\/i0.wp.com\/www.ellensailing.se\/wp-content\/uploads\/2016\/07\/DSC_0744.jpg?fit=1200%2C797&ssl=1&resize=525%2C300 1.5x, https:\/\/i0.wp.com\/www.ellensailing.se\/wp-content\/uploads\/2016\/07\/DSC_0744.jpg?fit=1200%2C797&ssl=1&resize=700%2C400 2x, https:\/\/i0.wp.com\/www.ellensailing.se\/wp-content\/uploads\/2016\/07\/DSC_0744.jpg?fit=1200%2C797&ssl=1&resize=1050%2C600 3x"},"classes":[]},{"id":3275,"url":"https:\/\/www.ellensailing.se\/?p=3275","url_meta":{"origin":997,"position":4},"title":"Summering 2022","author":"peter@ellensailing.se","date":"4 april, 2023","format":false,"excerpt":"Usch och fy vad d\u00e5liga vi varit p\u00e5 att uppdatera v\u00e5r blogg. H\u00e4r kommer i alla fall en summering av sommarseglingen f\u00f6rra \u00e5ret. Vi b\u00f6rjade v\u00e5r semester den 8 juli och tog oss ut till Bj\u00f6rksk\u00e4r d\u00e4r allt b\u00f6rjade. Vi tr\u00e4ffad Lasse och Helene med sin Ella (Omega 42). Hade\u2026","rel":"","context":"I \u201dSommar 2022\u201d","block_context":{"text":"Sommar 2022","link":"https:\/\/www.ellensailing.se\/?cat=30"},"img":{"alt_text":"","src":"https:\/\/i0.wp.com\/www.ellensailing.se\/wp-content\/uploads\/2023\/04\/IMG_1721-scaled.jpg?fit=1200%2C900&ssl=1&resize=350%2C200","width":350,"height":200,"srcset":"https:\/\/i0.wp.com\/www.ellensailing.se\/wp-content\/uploads\/2023\/04\/IMG_1721-scaled.jpg?fit=1200%2C900&ssl=1&resize=350%2C200 1x, https:\/\/i0.wp.com\/www.ellensailing.se\/wp-content\/uploads\/2023\/04\/IMG_1721-scaled.jpg?fit=1200%2C900&ssl=1&resize=525%2C300 1.5x, https:\/\/i0.wp.com\/www.ellensailing.se\/wp-content\/uploads\/2023\/04\/IMG_1721-scaled.jpg?fit=1200%2C900&ssl=1&resize=700%2C400 2x, https:\/\/i0.wp.com\/www.ellensailing.se\/wp-content\/uploads\/2023\/04\/IMG_1721-scaled.jpg?fit=1200%2C900&ssl=1&resize=1050%2C600 3x"},"classes":[]},{"id":3932,"url":"https:\/\/www.ellensailing.se\/?p=3932","url_meta":{"origin":997,"position":5},"title":"Lokal Gin fr\u00e5n Run\u00f6!","author":"peter@ellensailing.se","date":"1 augusti, 2026","format":false,"excerpt":"Idag har vi seglat till Rhunu fr\u00e5n M\u00f6nt\u00f6. Fin segling med 120 grader in. Fr\u00e5n b\u00f6rjarann s\u00e5 var det bra vind men det blekte ut erfter ett tag. Vi gick 40 NM idag och kom till en fantaskik \u00f6 mitt i Riga bukten, dock lite dyr hamnavgift men man ligger\u2026","rel":"","context":"I \u201dSegling 2026\u201d","block_context":{"text":"Segling 2026","link":"https:\/\/www.ellensailing.se\/?cat=35"},"img":{"alt_text":"","src":"https:\/\/i0.wp.com\/www.ellensailing.se\/wp-content\/uploads\/2026\/08\/img_3504.jpg?fit=1200%2C900&ssl=1&resize=350%2C200","width":350,"height":200,"srcset":"https:\/\/i0.wp.com\/www.ellensailing.se\/wp-content\/uploads\/2026\/08\/img_3504.jpg?fit=1200%2C900&ssl=1&resize=350%2C200 1x, https:\/\/i0.wp.com\/www.ellensailing.se\/wp-content\/uploads\/2026\/08\/img_3504.jpg?fit=1200%2C900&ssl=1&resize=525%2C300 1.5x, https:\/\/i0.wp.com\/www.ellensailing.se\/wp-content\/uploads\/2026\/08\/img_3504.jpg?fit=1200%2C900&ssl=1&resize=700%2C400 2x, https:\/\/i0.wp.com\/www.ellensailing.se\/wp-content\/uploads\/2026\/08\/img_3504.jpg?fit=1200%2C900&ssl=1&resize=1050%2C600 3x"},"classes":[]}],"jetpack_likes_enabled":false,"_links":{"self":[{"href":"https:\/\/www.ellensailing.se\/index.php?rest_route=\/wp\/v2\/posts\/997","targetHints":{"allow":["GET"]}}],"collection":[{"href":"https:\/\/www.ellensailing.se\/index.php?rest_route=\/wp\/v2\/posts"}],"about":[{"href":"https:\/\/www.ellensailing.se\/index.php?rest_route=\/wp\/v2\/types\/post"}],"author":[{"embeddable":true,"href":"https:\/\/www.ellensailing.se\/index.php?rest_route=\/wp\/v2\/users\/1"}],"replies":[{"embeddable":true,"href":"https:\/\/www.ellensailing.se\/index.php?rest_route=%2Fwp%2Fv2%2Fcomments&post=997"}],"version-history":[{"count":1,"href":"https:\/\/www.ellensailing.se\/index.php?rest_route=\/wp\/v2\/posts\/997\/revisions"}],"predecessor-version":[{"id":1006,"href":"https:\/\/www.ellensailing.se\/index.php?rest_route=\/wp\/v2\/posts\/997\/revisions\/1006"}],"wp:featuredmedia":[{"embeddable":true,"href":"https:\/\/www.ellensailing.se\/index.php?rest_route=\/wp\/v2\/media\/1000"}],"wp:attachment":[{"href":"https:\/\/www.ellensailing.se\/index.php?rest_route=%2Fwp%2Fv2%2Fmedia&parent=997"}],"wp:term":[{"taxonomy":"category","embeddable":true,"href":"https:\/\/www.ellensailing.se\/index.php?rest_route=%2Fwp%2Fv2%2Fcategories&post=997"},{"taxonomy":"post_tag","embeddable":true,"href":"https:\/\/www.ellensailing.se\/index.php?rest_route=%2Fwp%2Fv2%2Ftags&post=997"}],"curies":[{"name":"wp","href":"https:\/\/api.w.org\/{rel}","templated":true}]}}