{"id":990,"date":"2016-07-02T20:53:25","date_gmt":"2016-07-02T18:53:25","guid":{"rendered":"https:\/\/www.ellensailing.se\/?p=990"},"modified":"2016-07-02T20:53:25","modified_gmt":"2016-07-02T18:53:25","slug":"vi-fick-hjalp-i-enkhuizen-med-aisen","status":"publish","type":"post","link":"https:\/\/www.ellensailing.se\/?p=990","title":{"rendered":"Vi fick hj\u00e4lp i Enkhuizen med AIS:en"},"content":{"rendered":"<figure id=\"attachment_991\" aria-describedby=\"caption-attachment-991\" style=\"width: 640px\" class=\"wp-caption aligncenter\"><a href=\"https:\/\/i0.wp.com\/www.ellensailing.se\/wp-content\/uploads\/2016\/07\/DSC_0567.jpg?ssl=1\"><img data-recalc-dims=\"1\" fetchpriority=\"high\" decoding=\"async\" class=\"wp-image-991 size-large\" src=\"https:\/\/i0.wp.com\/www.ellensailing.se\/wp-content\/uploads\/2016\/07\/DSC_0567.jpg?resize=640%2C425&#038;ssl=1\" alt=\"DSC_0567\" width=\"640\" height=\"425\" srcset=\"https:\/\/i0.wp.com\/www.ellensailing.se\/wp-content\/uploads\/2016\/07\/DSC_0567.jpg?resize=1024%2C680&amp;ssl=1 1024w, https:\/\/i0.wp.com\/www.ellensailing.se\/wp-content\/uploads\/2016\/07\/DSC_0567.jpg?resize=300%2C200&amp;ssl=1 300w, https:\/\/i0.wp.com\/www.ellensailing.se\/wp-content\/uploads\/2016\/07\/DSC_0567.jpg?resize=768%2C510&amp;ssl=1 768w, https:\/\/i0.wp.com\/www.ellensailing.se\/wp-content\/uploads\/2016\/07\/DSC_0567.jpg?w=1680&amp;ssl=1 1680w, https:\/\/i0.wp.com\/www.ellensailing.se\/wp-content\/uploads\/2016\/07\/DSC_0567.jpg?w=2520&amp;ssl=1 2520w\" sizes=\"(max-width: 640px) 100vw, 640px\" \/><\/a><figcaption id=\"caption-attachment-991\" class=\"wp-caption-text\">Enkhuizen \u00e4r en v\u00e4ldigt fin liten stad.<\/figcaption><\/figure>\n<p>V\u00e5r AIS har br\u00e5kat med oss ett tag, troligtvis i ett antal \u00e5r. Men nu gav den upp helt enkelt. Det \u00e4r bra med v\u00e4nner med mycket kontakter. Tack Bj\u00f6rn Sj\u00f6str\u00f6m f\u00f6r hj\u00e4lpen med kontakten med Chris p\u00e5 True Hedding. Vilken slump att vi n\u00e4stan var vid deras huvudkontor. Chris var j\u00e4ttetrevlig och hj\u00e4lpsam. Kliade sitt huvud n\u00e4r han s\u00e5g hur den bar sig \u00e5t. Tog med sig den till firman och rinde efter tv\u00e5 timmar d\u00e5 de hittat felet. Det var kontakten som hade givit upp.<\/p>\n<figure id=\"attachment_993\" aria-describedby=\"caption-attachment-993\" style=\"width: 640px\" class=\"wp-caption aligncenter\"><a href=\"https:\/\/i0.wp.com\/www.ellensailing.se\/wp-content\/uploads\/2016\/07\/DSC_0576.jpg?ssl=1\"><img data-recalc-dims=\"1\" decoding=\"async\" class=\"wp-image-993 size-large\" src=\"https:\/\/i0.wp.com\/www.ellensailing.se\/wp-content\/uploads\/2016\/07\/DSC_0576.jpg?resize=640%2C425&#038;ssl=1\" alt=\"DSC_0576\" width=\"640\" height=\"425\" srcset=\"https:\/\/i0.wp.com\/www.ellensailing.se\/wp-content\/uploads\/2016\/07\/DSC_0576.jpg?resize=1024%2C680&amp;ssl=1 1024w, https:\/\/i0.wp.com\/www.ellensailing.se\/wp-content\/uploads\/2016\/07\/DSC_0576.jpg?resize=300%2C200&amp;ssl=1 300w, https:\/\/i0.wp.com\/www.ellensailing.se\/wp-content\/uploads\/2016\/07\/DSC_0576.jpg?resize=768%2C510&amp;ssl=1 768w, https:\/\/i0.wp.com\/www.ellensailing.se\/wp-content\/uploads\/2016\/07\/DSC_0576.jpg?w=1680&amp;ssl=1 1680w, https:\/\/i0.wp.com\/www.ellensailing.se\/wp-content\/uploads\/2016\/07\/DSC_0576.jpg?w=2520&amp;ssl=1 2520w\" sizes=\"(max-width: 640px) 100vw, 640px\" \/><\/a><figcaption id=\"caption-attachment-993\" class=\"wp-caption-text\">Moltas och Jackie p\u00e5 lunch<\/figcaption><\/figure>\n<figure id=\"attachment_992\" aria-describedby=\"caption-attachment-992\" style=\"width: 640px\" class=\"wp-caption aligncenter\"><a href=\"https:\/\/i0.wp.com\/www.ellensailing.se\/wp-content\/uploads\/2016\/07\/DSC_0575.jpg?ssl=1\"><img data-recalc-dims=\"1\" decoding=\"async\" class=\"wp-image-992 size-large\" src=\"https:\/\/i0.wp.com\/www.ellensailing.se\/wp-content\/uploads\/2016\/07\/DSC_0575.jpg?resize=640%2C425&#038;ssl=1\" alt=\"DSC_0575\" width=\"640\" height=\"425\" srcset=\"https:\/\/i0.wp.com\/www.ellensailing.se\/wp-content\/uploads\/2016\/07\/DSC_0575.jpg?resize=1024%2C680&amp;ssl=1 1024w, https:\/\/i0.wp.com\/www.ellensailing.se\/wp-content\/uploads\/2016\/07\/DSC_0575.jpg?resize=300%2C200&amp;ssl=1 300w, https:\/\/i0.wp.com\/www.ellensailing.se\/wp-content\/uploads\/2016\/07\/DSC_0575.jpg?resize=768%2C510&amp;ssl=1 768w, https:\/\/i0.wp.com\/www.ellensailing.se\/wp-content\/uploads\/2016\/07\/DSC_0575.jpg?w=1680&amp;ssl=1 1680w, https:\/\/i0.wp.com\/www.ellensailing.se\/wp-content\/uploads\/2016\/07\/DSC_0575.jpg?w=2520&amp;ssl=1 2520w\" sizes=\"(max-width: 640px) 100vw, 640px\" \/><\/a><figcaption id=\"caption-attachment-992\" class=\"wp-caption-text\">Peter och Lasse p\u00e5 samma lunchst\u00e4lle<\/figcaption><\/figure>\n<p>Under tiden som Chris fixade AIS strosade vi runt p\u00e5 staden och bunkrade. Vi tog en j\u00e4ttegod lunch under parasoll d\u00e5 det hela tiden regnar n\u00e4r vi stoppar ut n\u00e4san.<\/p>\n<figure id=\"attachment_994\" aria-describedby=\"caption-attachment-994\" style=\"width: 640px\" class=\"wp-caption aligncenter\"><a href=\"https:\/\/i0.wp.com\/www.ellensailing.se\/wp-content\/uploads\/2016\/07\/DSC_0584.jpg?ssl=1\"><img data-recalc-dims=\"1\" loading=\"lazy\" decoding=\"async\" class=\"wp-image-994 size-large\" src=\"https:\/\/i0.wp.com\/www.ellensailing.se\/wp-content\/uploads\/2016\/07\/DSC_0584.jpg?resize=640%2C425&#038;ssl=1\" alt=\"DSC_0584\" width=\"640\" height=\"425\" srcset=\"https:\/\/i0.wp.com\/www.ellensailing.se\/wp-content\/uploads\/2016\/07\/DSC_0584.jpg?resize=1024%2C680&amp;ssl=1 1024w, https:\/\/i0.wp.com\/www.ellensailing.se\/wp-content\/uploads\/2016\/07\/DSC_0584.jpg?resize=300%2C200&amp;ssl=1 300w, https:\/\/i0.wp.com\/www.ellensailing.se\/wp-content\/uploads\/2016\/07\/DSC_0584.jpg?resize=768%2C510&amp;ssl=1 768w, https:\/\/i0.wp.com\/www.ellensailing.se\/wp-content\/uploads\/2016\/07\/DSC_0584.jpg?w=1680&amp;ssl=1 1680w, https:\/\/i0.wp.com\/www.ellensailing.se\/wp-content\/uploads\/2016\/07\/DSC_0584.jpg?w=2520&amp;ssl=1 2520w\" sizes=\"(max-width: 640px) 100vw, 640px\" \/><\/a><figcaption id=\"caption-attachment-994\" class=\"wp-caption-text\">Grillmiddag med Bj\u00f6rn och Gerdruds egenkomponerade vin.<\/figcaption><\/figure>\n<p>P\u00e5 kv\u00e4llen s\u00e5 sa prognosen att det skulle bli b\u00e4ttre v\u00e4der vid \u00e5ttatiden, vilket det verkligen blev. S\u00e5 det blev grillat p\u00e5 b\u00e5ten och vi avnjute vin som vi f\u00e5tt av Bj\u00f6rn och Gertrud fr\u00e5n Think Twice. Tack s\u00e5 j\u00e4ttemycket, den var kanon.<\/p>\n<p>Dagen efter s\u00e5 seglade vi ner till Amsterdam. Mycket vind igen som det varit ett antal dagar nu. Hoppas att h\u00f6gtrycket kommer snart.<\/p>\n<figure id=\"attachment_995\" aria-describedby=\"caption-attachment-995\" style=\"width: 640px\" class=\"wp-caption aligncenter\"><a href=\"https:\/\/i0.wp.com\/www.ellensailing.se\/wp-content\/uploads\/2016\/07\/DSC_0592.jpg?ssl=1\"><img data-recalc-dims=\"1\" loading=\"lazy\" decoding=\"async\" class=\"wp-image-995 size-large\" src=\"https:\/\/i0.wp.com\/www.ellensailing.se\/wp-content\/uploads\/2016\/07\/DSC_0592.jpg?resize=640%2C425&#038;ssl=1\" alt=\"DSC_0592\" width=\"640\" height=\"425\" srcset=\"https:\/\/i0.wp.com\/www.ellensailing.se\/wp-content\/uploads\/2016\/07\/DSC_0592.jpg?resize=1024%2C680&amp;ssl=1 1024w, https:\/\/i0.wp.com\/www.ellensailing.se\/wp-content\/uploads\/2016\/07\/DSC_0592.jpg?resize=300%2C200&amp;ssl=1 300w, https:\/\/i0.wp.com\/www.ellensailing.se\/wp-content\/uploads\/2016\/07\/DSC_0592.jpg?resize=768%2C510&amp;ssl=1 768w, https:\/\/i0.wp.com\/www.ellensailing.se\/wp-content\/uploads\/2016\/07\/DSC_0592.jpg?w=1680&amp;ssl=1 1680w, https:\/\/i0.wp.com\/www.ellensailing.se\/wp-content\/uploads\/2016\/07\/DSC_0592.jpg?w=2520&amp;ssl=1 2520w\" sizes=\"(max-width: 640px) 100vw, 640px\" \/><\/a><figcaption id=\"caption-attachment-995\" class=\"wp-caption-text\">Kapten Peter ser bister ut&#8230;<\/figcaption><\/figure>\n","protected":false},"excerpt":{"rendered":"<p>V\u00e5r AIS har br\u00e5kat med oss ett tag, troligtvis i ett antal \u00e5r. Men nu gav den upp helt enkelt.[&#8230;]<\/p>\n","protected":false},"author":1,"featured_media":991,"comment_status":"open","ping_status":"open","sticky":false,"template":"","format":"standard","meta":{"_jetpack_newsletter_access":"","_jetpack_dont_email_post_to_subs":false,"_jetpack_newsletter_tier_id":0,"_jetpack_memberships_contains_paywalled_content":false,"_jetpack_feature_clip_id":0,"_jetpack_memberships_contains_paid_content":false,"footnotes":"","jetpack_publicize_message":"","jetpack_publicize_feature_enabled":true,"jetpack_social_post_already_shared":true,"jetpack_social_options":{"image_generator_settings":{"template":"highway","default_image_id":0,"font":"","enabled":false},"version":2},"jetpack_post_was_ever_published":false},"categories":[20],"tags":[],"class_list":["post-990","post","type-post","status-publish","format-standard","has-post-thumbnail","hentry","category-sommar-2016"],"jetpack_publicize_connections":[],"jetpack_featured_media_url":"https:\/\/i0.wp.com\/www.ellensailing.se\/wp-content\/uploads\/2016\/07\/DSC_0567.jpg?fit=4288%2C2848&ssl=1","jetpack_sharing_enabled":true,"jetpack_shortlink":"https:\/\/wp.me\/p5G68R-fY","jetpack-related-posts":[{"id":1371,"url":"https:\/\/www.ellensailing.se\/?p=1371","url_meta":{"origin":990,"position":0},"title":"Natt1, \u00f6verfart fr\u00e5n Lagos till Isla Graciosa","author":"peter@ellensailing.se","date":"6 oktober, 2017","format":false,"excerpt":"Vinden har fortsatt att vara v\u00e4nlig mot oss i natt. Det vred dock lite f\u00f6r mycket till NO s\u00e5 vi fick sk\u00e4ra n\u00e5gon timme lite mot NW. Vi har stadigt legat p\u00e5 7,5-8,5 med toppar p\u00e5 9,8 knop. Helt underbar segling. M\u00e5nen var n\u00e4stan full i natt s\u00e5 vi har\u2026","rel":"","context":"I \u201dH\u00f6st 2017 till Grand Canrias.\u201d","block_context":{"text":"H\u00f6st 2017 till Grand Canrias.","link":"https:\/\/www.ellensailing.se\/?cat=22"},"img":{"alt_text":"","src":"","width":0,"height":0},"classes":[]},{"id":302,"url":"https:\/\/www.ellensailing.se\/?p=302","url_meta":{"origin":990,"position":1},"title":"Man kan hitta allt p\u00e5 n\u00e4tet!","author":"peter@ellensailing.se","date":"24 mars, 2015","format":false,"excerpt":"\u00a0 Var in till en fiskeaff\u00e4r p\u00e5 S\u00f6der f\u00f6r ett antal veckor sedan och fr\u00e5gade vad man beh\u00f6ver om man vill trolla efter en segelb\u00e5t p\u00e5 Atlanten. De visste precis vad som beh\u00f6vs men har inget s\u00e5dant utbud i Sverige. Vad g\u00f6r man d\u00e5, jo Googlar\u00a0 och finner det man\u2026","rel":"","context":"I \u201dB\u00e5ten p\u00e5 land\u201d","block_context":{"text":"B\u00e5ten p\u00e5 land","link":"https:\/\/www.ellensailing.se\/?cat=3"},"img":{"alt_text":"","src":"https:\/\/i0.wp.com\/www.ellensailing.se\/wp-content\/uploads\/2015\/03\/IMG_3923-e1427209320760.jpg?fit=1200%2C900&ssl=1&resize=350%2C200","width":350,"height":200,"srcset":"https:\/\/i0.wp.com\/www.ellensailing.se\/wp-content\/uploads\/2015\/03\/IMG_3923-e1427209320760.jpg?fit=1200%2C900&ssl=1&resize=350%2C200 1x, https:\/\/i0.wp.com\/www.ellensailing.se\/wp-content\/uploads\/2015\/03\/IMG_3923-e1427209320760.jpg?fit=1200%2C900&ssl=1&resize=525%2C300 1.5x, https:\/\/i0.wp.com\/www.ellensailing.se\/wp-content\/uploads\/2015\/03\/IMG_3923-e1427209320760.jpg?fit=1200%2C900&ssl=1&resize=700%2C400 2x, https:\/\/i0.wp.com\/www.ellensailing.se\/wp-content\/uploads\/2015\/03\/IMG_3923-e1427209320760.jpg?fit=1200%2C900&ssl=1&resize=1050%2C600 3x"},"classes":[]},{"id":1164,"url":"https:\/\/www.ellensailing.se\/?p=1164","url_meta":{"origin":990,"position":2},"title":"Nu har vi uppdaterat kartan s\u00e5 v\u00e5ra v\u00e4nner finns med.","author":"peter@ellensailing.se","date":"27 juli, 2017","format":false,"excerpt":"Det \u00e4r inte alltid som man \u00e4r v\u00e4n med tekniken. Nu har vi i alla fall lyckats f\u00e5 in s\u00e5 att man kan se vart vi \u00e4r med hj\u00e4lp av AIS. Dessutom s\u00e5 har vi f\u00e5tt in v\u00e5ra v\u00e4nb\u00e5tar med p\u00e5 kartan. G\u00e5 till \"H\u00e4r \u00e4r vi\". P\u00e5 kartan s\u00e5\u2026","rel":"","context":"I \u201dSommar 2017\u201d","block_context":{"text":"Sommar 2017","link":"https:\/\/www.ellensailing.se\/?cat=21"},"img":{"alt_text":"","src":"https:\/\/i0.wp.com\/www.ellensailing.se\/wp-content\/uploads\/2017\/07\/Ais-bild.jpg?fit=536%2C648&ssl=1&resize=350%2C200","width":350,"height":200,"srcset":"https:\/\/i0.wp.com\/www.ellensailing.se\/wp-content\/uploads\/2017\/07\/Ais-bild.jpg?fit=536%2C648&ssl=1&resize=350%2C200 1x, https:\/\/i0.wp.com\/www.ellensailing.se\/wp-content\/uploads\/2017\/07\/Ais-bild.jpg?fit=536%2C648&ssl=1&resize=525%2C300 1.5x"},"classes":[]},{"id":1584,"url":"https:\/\/www.ellensailing.se\/?p=1584","url_meta":{"origin":990,"position":3},"title":"Dygn 2 &#8211; Fina fisken och h\u00e4rlig segling","author":"peter@ellensailing.se","date":"21 november, 2017","format":false,"excerpt":"Ig\u00e5r efter blogginl\u00e4gget s\u00e5 fick vi upp en fin Maui-Maui p\u00e5 ca tre kilo. Den fick bli till lunch och fil\u00e9ades upp och stektes med ris och Canary Chili s\u00e5s. Mycket gott och f\u00e4rskare kan det inte bli. Vi har seglat SW med Code 1 hela dagen och hela natten.\u2026","rel":"","context":"I \u201dARC 2017\u201d","block_context":{"text":"ARC 2017","link":"https:\/\/www.ellensailing.se\/?cat=23"},"img":{"alt_text":"","src":"","width":0,"height":0},"classes":[]},{"id":977,"url":"https:\/\/www.ellensailing.se\/?p=977","url_meta":{"origin":990,"position":4},"title":"Tidig avsegling fr\u00e5n Borkum!","author":"peter@ellensailing.se","date":"28 juni, 2016","format":false,"excerpt":"Idag den 28:e l\u00e4mnade vi Borkum vid 06. Efter att i g\u00e5r kv\u00e4ll lagt ut rutter och olika alternativa v\u00e4gar best\u00e4mde vi oss f\u00f6r att g\u00e5 s\u00e5 pass tidigt. V\u00e5r plan \u00e4r att segla ner till Terschelling och hamnen Brandaris. D\u00e4refter s\u00e5 kommer vi bege oss in p\u00e5 insidan ner\u2026","rel":"","context":"I \u201dSommar 2016\u201d","block_context":{"text":"Sommar 2016","link":"https:\/\/www.ellensailing.se\/?cat=20"},"img":{"alt_text":"","src":"https:\/\/i0.wp.com\/www.ellensailing.se\/wp-content\/uploads\/2016\/06\/DSC_0398-e1467106794317.jpg?fit=797%2C1200&ssl=1&resize=350%2C200","width":350,"height":200,"srcset":"https:\/\/i0.wp.com\/www.ellensailing.se\/wp-content\/uploads\/2016\/06\/DSC_0398-e1467106794317.jpg?fit=797%2C1200&ssl=1&resize=350%2C200 1x, https:\/\/i0.wp.com\/www.ellensailing.se\/wp-content\/uploads\/2016\/06\/DSC_0398-e1467106794317.jpg?fit=797%2C1200&ssl=1&resize=525%2C300 1.5x, https:\/\/i0.wp.com\/www.ellensailing.se\/wp-content\/uploads\/2016\/06\/DSC_0398-e1467106794317.jpg?fit=797%2C1200&ssl=1&resize=700%2C400 2x"},"classes":[]},{"id":2957,"url":"https:\/\/www.ellensailing.se\/?p=2957","url_meta":{"origin":990,"position":5},"title":"Rundtur p\u00e5 F\u00e5r\u00f6","author":"peter@ellensailing.se","date":"1 augusti, 2020","format":false,"excerpt":"Ig\u00e5r s\u00e5 hyrde vi en bil fr\u00e5n Carinas biluthyrning. Det blev en Toyota Corolla som rullat 29 500 mil, men den gick ganska bra trots allt! Vi kom iv\u00e4g hyfsat tidigt och det var fredag s\u00e5 det var ingen k\u00f6 ut p\u00e5 f\u00e4rjan. Inl\u00e4gget idag blir inte en massa text\u2026","rel":"","context":"I \u201dSegling 2020\u201d","block_context":{"text":"Segling 2020","link":"https:\/\/www.ellensailing.se\/?cat=27"},"img":{"alt_text":"","src":"https:\/\/i0.wp.com\/www.ellensailing.se\/wp-content\/uploads\/2020\/08\/619579CC-AECA-4A0F-AA58-42C263A27E3A-scaled.jpeg?fit=1200%2C900&ssl=1&resize=350%2C200","width":350,"height":200,"srcset":"https:\/\/i0.wp.com\/www.ellensailing.se\/wp-content\/uploads\/2020\/08\/619579CC-AECA-4A0F-AA58-42C263A27E3A-scaled.jpeg?fit=1200%2C900&ssl=1&resize=350%2C200 1x, https:\/\/i0.wp.com\/www.ellensailing.se\/wp-content\/uploads\/2020\/08\/619579CC-AECA-4A0F-AA58-42C263A27E3A-scaled.jpeg?fit=1200%2C900&ssl=1&resize=525%2C300 1.5x, https:\/\/i0.wp.com\/www.ellensailing.se\/wp-content\/uploads\/2020\/08\/619579CC-AECA-4A0F-AA58-42C263A27E3A-scaled.jpeg?fit=1200%2C900&ssl=1&resize=700%2C400 2x, https:\/\/i0.wp.com\/www.ellensailing.se\/wp-content\/uploads\/2020\/08\/619579CC-AECA-4A0F-AA58-42C263A27E3A-scaled.jpeg?fit=1200%2C900&ssl=1&resize=1050%2C600 3x"},"classes":[]}],"jetpack_likes_enabled":false,"_links":{"self":[{"href":"https:\/\/www.ellensailing.se\/index.php?rest_route=\/wp\/v2\/posts\/990","targetHints":{"allow":["GET"]}}],"collection":[{"href":"https:\/\/www.ellensailing.se\/index.php?rest_route=\/wp\/v2\/posts"}],"about":[{"href":"https:\/\/www.ellensailing.se\/index.php?rest_route=\/wp\/v2\/types\/post"}],"author":[{"embeddable":true,"href":"https:\/\/www.ellensailing.se\/index.php?rest_route=\/wp\/v2\/users\/1"}],"replies":[{"embeddable":true,"href":"https:\/\/www.ellensailing.se\/index.php?rest_route=%2Fwp%2Fv2%2Fcomments&post=990"}],"version-history":[{"count":1,"href":"https:\/\/www.ellensailing.se\/index.php?rest_route=\/wp\/v2\/posts\/990\/revisions"}],"predecessor-version":[{"id":996,"href":"https:\/\/www.ellensailing.se\/index.php?rest_route=\/wp\/v2\/posts\/990\/revisions\/996"}],"wp:featuredmedia":[{"embeddable":true,"href":"https:\/\/www.ellensailing.se\/index.php?rest_route=\/wp\/v2\/media\/991"}],"wp:attachment":[{"href":"https:\/\/www.ellensailing.se\/index.php?rest_route=%2Fwp%2Fv2%2Fmedia&parent=990"}],"wp:term":[{"taxonomy":"category","embeddable":true,"href":"https:\/\/www.ellensailing.se\/index.php?rest_route=%2Fwp%2Fv2%2Fcategories&post=990"},{"taxonomy":"post_tag","embeddable":true,"href":"https:\/\/www.ellensailing.se\/index.php?rest_route=%2Fwp%2Fv2%2Ftags&post=990"}],"curies":[{"name":"wp","href":"https:\/\/api.w.org\/{rel}","templated":true}]}}