{"id":983,"date":"2016-06-29T09:06:55","date_gmt":"2016-06-29T07:06:55","guid":{"rendered":"https:\/\/www.ellensailing.se\/?p=983"},"modified":"2016-06-29T09:06:55","modified_gmt":"2016-06-29T07:06:55","slug":"tips-till-alla-oskare-reeds-och-sjokort-har-fel","status":"publish","type":"post","link":"https:\/\/www.ellensailing.se\/?p=983","title":{"rendered":"Tips till alla OSK:are, Reeds och sj\u00f6kort har fel!"},"content":{"rendered":"<figure id=\"attachment_984\" aria-describedby=\"caption-attachment-984\" style=\"width: 640px\" class=\"wp-caption aligncenter\"><a href=\"https:\/\/i0.wp.com\/www.ellensailing.se\/wp-content\/uploads\/2016\/06\/DSC_0462.jpg?ssl=1\"><img data-recalc-dims=\"1\" fetchpriority=\"high\" decoding=\"async\" class=\"wp-image-984 size-large\" src=\"https:\/\/i0.wp.com\/www.ellensailing.se\/wp-content\/uploads\/2016\/06\/DSC_0462.jpg?resize=640%2C425&#038;ssl=1\" alt=\"DSC_0462\" width=\"640\" height=\"425\" srcset=\"https:\/\/i0.wp.com\/www.ellensailing.se\/wp-content\/uploads\/2016\/06\/DSC_0462.jpg?resize=1024%2C680&amp;ssl=1 1024w, https:\/\/i0.wp.com\/www.ellensailing.se\/wp-content\/uploads\/2016\/06\/DSC_0462.jpg?resize=300%2C200&amp;ssl=1 300w, https:\/\/i0.wp.com\/www.ellensailing.se\/wp-content\/uploads\/2016\/06\/DSC_0462.jpg?resize=768%2C510&amp;ssl=1 768w, https:\/\/i0.wp.com\/www.ellensailing.se\/wp-content\/uploads\/2016\/06\/DSC_0462.jpg?w=1680&amp;ssl=1 1680w, https:\/\/i0.wp.com\/www.ellensailing.se\/wp-content\/uploads\/2016\/06\/DSC_0462.jpg?w=2520&amp;ssl=1 2520w\" sizes=\"(max-width: 640px) 100vw, 640px\" \/><\/a><figcaption id=\"caption-attachment-984\" class=\"wp-caption-text\">Vlieland best\u00e5r av en stor sand \u00f6. J\u00e4ttefina sandstr\u00e4nder och sanddynor.<\/figcaption><\/figure>\n<p>Fr\u00e5n v\u00e5r seglats fr\u00e5n Borkum s\u00f6der\u00f6ver hade vi best\u00e4mt oss f\u00f6r att ta oss till Terschelling. F\u00f6rutom att vinden tog slut helt och Yanmar fick jobba b\u00f6rja vi kolla lite mer noggrant. F\u00f6r i Reeds s\u00e5 ser det helt ok ut att g\u00e5 in d\u00e4r \u00e4ven med Ellen som sticker 2,35 men s\u00e5 b\u00f6rjade vi zooma in p\u00e5 sj\u00f6korten och d\u00e5 finner vi att det inte \u00e4r mer \u00e4n 1 meter vi l\u00e5gvatten. Snabbt b\u00f6rjar alternativen dyka upp. Skulle vi v\u00e5ga g\u00e5 till Vlieland? I Reeds st\u00e5r det att det \u00e4r bara 2 meter d\u00e4r. Kom ih\u00e5g att vi diskuterade det p\u00e5 avseglargruppen f\u00f6r Vlieland ligger b\u00e4ttre till.<\/p>\n<p>N\u00e4r\u00a0 vi zoomar in p\u00e5 sj\u00f6kortet s\u00e5 ser det ut att vara okej inne i hamnen men det \u00e4r en klack p\u00e5 en meter innan. Har de en cementsula som man m\u00e5ste \u00f6ver? Vi gick in p\u00e5 deras hemsida och d\u00e4r s\u00e4ger de att djupet \u00e4r 3,90 NAP. Vad fan \u00e4r nu det, men vi har h\u00f6rt talas om det. B\u00f6rjar att sl\u00e5 i Yachtmasterb\u00f6ckerna men finner inget. Jag ringer till hamnen och fr\u00e5gar. Hamnvakten s\u00e4ger att det \u00e4r lugnt men en f\u00f6rdel \u00e4r att komma tv\u00e5 timmar innan l\u00e5gvatten eller tv\u00e5 timmar efter.<\/p>\n<figure id=\"attachment_985\" aria-describedby=\"caption-attachment-985\" style=\"width: 640px\" class=\"wp-caption aligncenter\"><a href=\"https:\/\/i0.wp.com\/www.ellensailing.se\/wp-content\/uploads\/2016\/06\/DSC_0466.jpg?ssl=1\"><img data-recalc-dims=\"1\" decoding=\"async\" class=\"wp-image-985 size-large\" src=\"https:\/\/i0.wp.com\/www.ellensailing.se\/wp-content\/uploads\/2016\/06\/DSC_0466.jpg?resize=640%2C425&#038;ssl=1\" alt=\"DSC_0466\" width=\"640\" height=\"425\" srcset=\"https:\/\/i0.wp.com\/www.ellensailing.se\/wp-content\/uploads\/2016\/06\/DSC_0466.jpg?resize=1024%2C680&amp;ssl=1 1024w, https:\/\/i0.wp.com\/www.ellensailing.se\/wp-content\/uploads\/2016\/06\/DSC_0466.jpg?resize=300%2C200&amp;ssl=1 300w, https:\/\/i0.wp.com\/www.ellensailing.se\/wp-content\/uploads\/2016\/06\/DSC_0466.jpg?resize=768%2C510&amp;ssl=1 768w, https:\/\/i0.wp.com\/www.ellensailing.se\/wp-content\/uploads\/2016\/06\/DSC_0466.jpg?w=1680&amp;ssl=1 1680w, https:\/\/i0.wp.com\/www.ellensailing.se\/wp-content\/uploads\/2016\/06\/DSC_0466.jpg?w=2520&amp;ssl=1 2520w\" sizes=\"(max-width: 640px) 100vw, 640px\" \/><\/a><figcaption id=\"caption-attachment-985\" class=\"wp-caption-text\">Hollands sj\u00f6scouter \u00e4r ute med massa segelfartyg<\/figcaption><\/figure>\n<figure id=\"attachment_986\" aria-describedby=\"caption-attachment-986\" style=\"width: 640px\" class=\"wp-caption aligncenter\"><a href=\"https:\/\/i0.wp.com\/www.ellensailing.se\/wp-content\/uploads\/2016\/06\/DSC_0468.jpg?ssl=1\"><img data-recalc-dims=\"1\" decoding=\"async\" class=\"wp-image-986 size-large\" src=\"https:\/\/i0.wp.com\/www.ellensailing.se\/wp-content\/uploads\/2016\/06\/DSC_0468.jpg?resize=640%2C425&#038;ssl=1\" alt=\"DSC_0468\" width=\"640\" height=\"425\" srcset=\"https:\/\/i0.wp.com\/www.ellensailing.se\/wp-content\/uploads\/2016\/06\/DSC_0468.jpg?resize=1024%2C680&amp;ssl=1 1024w, https:\/\/i0.wp.com\/www.ellensailing.se\/wp-content\/uploads\/2016\/06\/DSC_0468.jpg?resize=300%2C200&amp;ssl=1 300w, https:\/\/i0.wp.com\/www.ellensailing.se\/wp-content\/uploads\/2016\/06\/DSC_0468.jpg?resize=768%2C510&amp;ssl=1 768w, https:\/\/i0.wp.com\/www.ellensailing.se\/wp-content\/uploads\/2016\/06\/DSC_0468.jpg?w=1680&amp;ssl=1 1680w, https:\/\/i0.wp.com\/www.ellensailing.se\/wp-content\/uploads\/2016\/06\/DSC_0468.jpg?w=2520&amp;ssl=1 2520w\" sizes=\"(max-width: 640px) 100vw, 640px\" \/><\/a><figcaption id=\"caption-attachment-986\" class=\"wp-caption-text\">Puh, vi \u00e4r inne.<\/figcaption><\/figure>\n<p>Infarten var v\u00e4ldigt virvlig och b\u00e5ten for \u00e5t alla h\u00e5ll. Skulle det vara en klack eller inte? Vi kom tv\u00e5 timmar innan l\u00e5gvattnet och man var tvungen att h\u00e5lla fart in i h\u00e5let. Hamnen m\u00e5ste n\u00e4stan vara omgjord f\u00f6r vi hade 3,5 meter hela v\u00e4gen in genom inloppet. Det finns ingen klack och hamnen \u00e4r djup. N\u00e4r l\u00e5gvattnet kommer s\u00e5 \u00e4r djupet 2,5 till 2,6 meter. J\u00e4ttefina bryggor och ett alldeles nytt hus med tv\u00e4tt, duschar och en superfin resturang d\u00e4r vi \u00e5t fisk alla fyra.<\/p>\n<figure id=\"attachment_987\" aria-describedby=\"caption-attachment-987\" style=\"width: 640px\" class=\"wp-caption aligncenter\"><a href=\"https:\/\/i0.wp.com\/www.ellensailing.se\/wp-content\/uploads\/2016\/06\/DSC_0472.jpg?ssl=1\"><img data-recalc-dims=\"1\" loading=\"lazy\" decoding=\"async\" class=\"wp-image-987 size-large\" src=\"https:\/\/i0.wp.com\/www.ellensailing.se\/wp-content\/uploads\/2016\/06\/DSC_0472.jpg?resize=640%2C425&#038;ssl=1\" alt=\"DSC_0472\" width=\"640\" height=\"425\" srcset=\"https:\/\/i0.wp.com\/www.ellensailing.se\/wp-content\/uploads\/2016\/06\/DSC_0472.jpg?resize=1024%2C680&amp;ssl=1 1024w, https:\/\/i0.wp.com\/www.ellensailing.se\/wp-content\/uploads\/2016\/06\/DSC_0472.jpg?resize=300%2C200&amp;ssl=1 300w, https:\/\/i0.wp.com\/www.ellensailing.se\/wp-content\/uploads\/2016\/06\/DSC_0472.jpg?resize=768%2C510&amp;ssl=1 768w, https:\/\/i0.wp.com\/www.ellensailing.se\/wp-content\/uploads\/2016\/06\/DSC_0472.jpg?w=1680&amp;ssl=1 1680w, https:\/\/i0.wp.com\/www.ellensailing.se\/wp-content\/uploads\/2016\/06\/DSC_0472.jpg?w=2520&amp;ssl=1 2520w\" sizes=\"(max-width: 640px) 100vw, 640px\" \/><\/a><figcaption id=\"caption-attachment-987\" class=\"wp-caption-text\">Fina gamla skepp<\/figcaption><\/figure>\n<figure id=\"attachment_988\" aria-describedby=\"caption-attachment-988\" style=\"width: 640px\" class=\"wp-caption aligncenter\"><a href=\"https:\/\/i0.wp.com\/www.ellensailing.se\/wp-content\/uploads\/2016\/06\/DSC_0477.jpg?ssl=1\"><img data-recalc-dims=\"1\" loading=\"lazy\" decoding=\"async\" class=\"wp-image-988 size-large\" src=\"https:\/\/i0.wp.com\/www.ellensailing.se\/wp-content\/uploads\/2016\/06\/DSC_0477.jpg?resize=640%2C425&#038;ssl=1\" alt=\"DSC_0477\" width=\"640\" height=\"425\" srcset=\"https:\/\/i0.wp.com\/www.ellensailing.se\/wp-content\/uploads\/2016\/06\/DSC_0477.jpg?resize=1024%2C680&amp;ssl=1 1024w, https:\/\/i0.wp.com\/www.ellensailing.se\/wp-content\/uploads\/2016\/06\/DSC_0477.jpg?resize=300%2C200&amp;ssl=1 300w, https:\/\/i0.wp.com\/www.ellensailing.se\/wp-content\/uploads\/2016\/06\/DSC_0477.jpg?resize=768%2C510&amp;ssl=1 768w, https:\/\/i0.wp.com\/www.ellensailing.se\/wp-content\/uploads\/2016\/06\/DSC_0477.jpg?w=1680&amp;ssl=1 1680w, https:\/\/i0.wp.com\/www.ellensailing.se\/wp-content\/uploads\/2016\/06\/DSC_0477.jpg?w=2520&amp;ssl=1 2520w\" sizes=\"(max-width: 640px) 100vw, 640px\" \/><\/a><figcaption id=\"caption-attachment-988\" class=\"wp-caption-text\">Roligt att de kan f\u00e4lla upp peken.<\/figcaption><\/figure>\n<p>S\u00e5 alla OSK:are. Denna hamn kan rekomenderas. Nu g\u00e5r vi in mot IJsselmeer f\u00f6r att ta oss mot Amsterdam.<\/p>\n","protected":false},"excerpt":{"rendered":"<p>Fr\u00e5n v\u00e5r seglats fr\u00e5n Borkum s\u00f6der\u00f6ver hade vi best\u00e4mt oss f\u00f6r att ta oss till Terschelling. F\u00f6rutom att vinden tog[&#8230;]<\/p>\n","protected":false},"author":1,"featured_media":984,"comment_status":"open","ping_status":"open","sticky":false,"template":"","format":"standard","meta":{"_jetpack_newsletter_access":"","_jetpack_dont_email_post_to_subs":false,"_jetpack_newsletter_tier_id":0,"_jetpack_memberships_contains_paywalled_content":false,"_jetpack_feature_clip_id":0,"_jetpack_memberships_contains_paid_content":false,"footnotes":"","jetpack_publicize_message":"","jetpack_publicize_feature_enabled":true,"jetpack_social_post_already_shared":true,"jetpack_social_options":{"image_generator_settings":{"template":"highway","default_image_id":0,"font":"","enabled":false},"version":2},"jetpack_post_was_ever_published":false},"categories":[20],"tags":[],"class_list":["post-983","post","type-post","status-publish","format-standard","has-post-thumbnail","hentry","category-sommar-2016"],"jetpack_publicize_connections":[],"jetpack_featured_media_url":"https:\/\/i0.wp.com\/www.ellensailing.se\/wp-content\/uploads\/2016\/06\/DSC_0462.jpg?fit=4288%2C2848&ssl=1","jetpack_sharing_enabled":true,"jetpack_shortlink":"https:\/\/wp.me\/p5G68R-fR","jetpack-related-posts":[{"id":1036,"url":"https:\/\/www.ellensailing.se\/?p=1036","url_meta":{"origin":983,"position":0},"title":"Ny flagga och nytt land igen!","author":"peter@ellensailing.se","date":"6 juli, 2016","format":false,"excerpt":"Idag har vi haft den b\u00e4sta dagen med fantastisk segling fr\u00e5n Zeebrugge till Dunkerque. Str\u00e4ckbog mellan sandbankarna och ganska n\u00e4ra land. Idag var det mycket segelb\u00e5tar som vi kunde segla ifr\u00e5n. Ig\u00e5r m\u00f6tte vi bara ett kylsk\u00e5p p\u00e5 Nordsj\u00f6n. Solsken och mysigt. Vi hittade en stor b\u00e5ttillbeh\u00f6rsaff\u00e4r som hade j\u00e4tte\u2026","rel":"","context":"I \u201dSommar 2016\u201d","block_context":{"text":"Sommar 2016","link":"https:\/\/www.ellensailing.se\/?cat=20"},"img":{"alt_text":"","src":"https:\/\/i0.wp.com\/www.ellensailing.se\/wp-content\/uploads\/2016\/07\/DSC_0812.jpg?fit=1200%2C797&ssl=1&resize=350%2C200","width":350,"height":200,"srcset":"https:\/\/i0.wp.com\/www.ellensailing.se\/wp-content\/uploads\/2016\/07\/DSC_0812.jpg?fit=1200%2C797&ssl=1&resize=350%2C200 1x, https:\/\/i0.wp.com\/www.ellensailing.se\/wp-content\/uploads\/2016\/07\/DSC_0812.jpg?fit=1200%2C797&ssl=1&resize=525%2C300 1.5x, https:\/\/i0.wp.com\/www.ellensailing.se\/wp-content\/uploads\/2016\/07\/DSC_0812.jpg?fit=1200%2C797&ssl=1&resize=700%2C400 2x, https:\/\/i0.wp.com\/www.ellensailing.se\/wp-content\/uploads\/2016\/07\/DSC_0812.jpg?fit=1200%2C797&ssl=1&resize=1050%2C600 3x"},"classes":[]},{"id":1013,"url":"https:\/\/www.ellensailing.se\/?p=1013","url_meta":{"origin":983,"position":1},"title":"Nu har vi gjort Nederl\u00e4ndernas kanaler fr\u00e5n A-dam- Stellendam","author":"peter@ellensailing.se","date":"5 juli, 2016","format":false,"excerpt":"Nu har vi avverkat kanalerna mellan Amsterdam till Rotterdam. Vi stannade dock inte i Rotterdam utan fortsatte s\u00f6derut f\u00f6r att komma lite l\u00e4ngre ner och slippa all trafik ut fr\u00e5n Rotterdam. Det har varit en helt fantastisk upplevelse n\u00e4r man \u00e5ker med b\u00e5t h\u00f6gre \u00e4n vad husen \u00e4r. Vi gick\u2026","rel":"","context":"I \u201dSommar 2016\u201d","block_context":{"text":"Sommar 2016","link":"https:\/\/www.ellensailing.se\/?cat=20"},"img":{"alt_text":"","src":"https:\/\/i0.wp.com\/www.ellensailing.se\/wp-content\/uploads\/2016\/07\/DSC_0744.jpg?fit=1200%2C797&ssl=1&resize=350%2C200","width":350,"height":200,"srcset":"https:\/\/i0.wp.com\/www.ellensailing.se\/wp-content\/uploads\/2016\/07\/DSC_0744.jpg?fit=1200%2C797&ssl=1&resize=350%2C200 1x, https:\/\/i0.wp.com\/www.ellensailing.se\/wp-content\/uploads\/2016\/07\/DSC_0744.jpg?fit=1200%2C797&ssl=1&resize=525%2C300 1.5x, https:\/\/i0.wp.com\/www.ellensailing.se\/wp-content\/uploads\/2016\/07\/DSC_0744.jpg?fit=1200%2C797&ssl=1&resize=700%2C400 2x, https:\/\/i0.wp.com\/www.ellensailing.se\/wp-content\/uploads\/2016\/07\/DSC_0744.jpg?fit=1200%2C797&ssl=1&resize=1050%2C600 3x"},"classes":[]},{"id":2630,"url":"https:\/\/www.ellensailing.se\/?p=2630","url_meta":{"origin":983,"position":2},"title":"Nu \u00e4r vi p\u00e5 v\u00e4g tillbaka till Sverige","author":"peter@ellensailing.se","date":"26 maj, 2019","format":false,"excerpt":"Det har varit n\u00e5gra sp\u00e4nnande dagar i Portmounth. Lossning av Ellen och att g\u00f6ra i ordning henne. Vi l\u00e5g i Gunwarf Marina som \u00e4r en liten men mycket fin marina. Ut\u00f6ver det s\u00e5 \u00e4r det ett stort shoppingcenter med m\u00e5nga restauranger. Frank och Mandy var och h\u00e4lsade p\u00e5 f\u00f6r att\u2026","rel":"","context":"I \u201dHemsegling\u201d","block_context":{"text":"Hemsegling","link":"https:\/\/www.ellensailing.se\/?cat=26"},"img":{"alt_text":"","src":"https:\/\/i0.wp.com\/www.ellensailing.se\/wp-content\/uploads\/2019\/05\/IMG_3080.jpg?fit=1200%2C900&ssl=1&resize=350%2C200","width":350,"height":200,"srcset":"https:\/\/i0.wp.com\/www.ellensailing.se\/wp-content\/uploads\/2019\/05\/IMG_3080.jpg?fit=1200%2C900&ssl=1&resize=350%2C200 1x, https:\/\/i0.wp.com\/www.ellensailing.se\/wp-content\/uploads\/2019\/05\/IMG_3080.jpg?fit=1200%2C900&ssl=1&resize=525%2C300 1.5x, https:\/\/i0.wp.com\/www.ellensailing.se\/wp-content\/uploads\/2019\/05\/IMG_3080.jpg?fit=1200%2C900&ssl=1&resize=700%2C400 2x, https:\/\/i0.wp.com\/www.ellensailing.se\/wp-content\/uploads\/2019\/05\/IMG_3080.jpg?fit=1200%2C900&ssl=1&resize=1050%2C600 3x"},"classes":[]},{"id":1600,"url":"https:\/\/www.ellensailing.se\/?p=1600","url_meta":{"origin":983,"position":3},"title":"Dygn 14, Glad Advent!","author":"peter@ellensailing.se","date":"3 december, 2017","format":false,"excerpt":"D\u00e5 har det g\u00e5tt fjorton dagar sedan vi startade. M\u00e5nga reflektioner man kan g\u00f6ra s\u00e5 h\u00e4r p\u00e5 havet. En hade vi i natt vid 03,30 d\u00e5 vi efter seglat 1800Nm hade en v\u00e4jningsituation d\u00e5 vi var tvungna p\u00e5 stora Atlanten v\u00e4ja f\u00f6r den andra Ellen (Najad 460) med G\u00f6ran och\u2026","rel":"","context":"I \u201dARC 2017\u201d","block_context":{"text":"ARC 2017","link":"https:\/\/www.ellensailing.se\/?cat=23"},"img":{"alt_text":"","src":"","width":0,"height":0},"classes":[]},{"id":1180,"url":"https:\/\/www.ellensailing.se\/?p=1180","url_meta":{"origin":983,"position":4},"title":"La Rochelle och nu \u00e4r vi p\u00e5 v\u00e4g.","author":"peter@ellensailing.se","date":"3 september, 2017","format":false,"excerpt":"\u00c4ntligen \u00e4r det dagen D. Tj\u00e4nstledigheten \u00e4r p\u00e5b\u00f6rjad sedan i fredags. Vi startade v\u00e4ldigt tidigt f\u00f6r att jag tror nog ingen sov s\u00e5 bra dagen innan. Jackline var uppe mycket tidigt och b\u00f6rjade strosa runt i Duvbo. Har nog aldrig varit med om s\u00e5 mycket folk p\u00e5 Arlanda. K\u00f6n till\u2026","rel":"","context":"I \u201dH\u00f6st 2017 till Grand Canrias.\u201d","block_context":{"text":"H\u00f6st 2017 till Grand Canrias.","link":"https:\/\/www.ellensailing.se\/?cat=22"},"img":{"alt_text":"","src":"https:\/\/i0.wp.com\/www.ellensailing.se\/wp-content\/uploads\/2017\/09\/20170903_122117-e1504461598508.jpg?fit=900%2C1200&ssl=1&resize=350%2C200","width":350,"height":200,"srcset":"https:\/\/i0.wp.com\/www.ellensailing.se\/wp-content\/uploads\/2017\/09\/20170903_122117-e1504461598508.jpg?fit=900%2C1200&ssl=1&resize=350%2C200 1x, https:\/\/i0.wp.com\/www.ellensailing.se\/wp-content\/uploads\/2017\/09\/20170903_122117-e1504461598508.jpg?fit=900%2C1200&ssl=1&resize=525%2C300 1.5x, https:\/\/i0.wp.com\/www.ellensailing.se\/wp-content\/uploads\/2017\/09\/20170903_122117-e1504461598508.jpg?fit=900%2C1200&ssl=1&resize=700%2C400 2x"},"classes":[]},{"id":1198,"url":"https:\/\/www.ellensailing.se\/?p=1198","url_meta":{"origin":983,"position":5},"title":"Biscaya avklarat och v\u00e5rt f\u00f6rsta tonfisk f\u00e5ngad!","author":"peter@ellensailing.se","date":"7 september, 2017","format":false,"excerpt":"Nu har vi \u00e4ntligen klarat av att korsa Biscaya! Ingen av oss har gjort det f\u00f6rut och det \u00e4r en skr\u00e4ckblandad f\u00f6rtjusning att passera. Har aldrig varit med om att det kan vara s\u00e5 branta klippor mellan 4000 meter djupt till 150 meter p\u00e5 olika st\u00e4llen. F\u00f6rst\u00e5r att det kan\u2026","rel":"","context":"I \u201dH\u00f6st 2017 till Grand Canrias.\u201d","block_context":{"text":"H\u00f6st 2017 till Grand Canrias.","link":"https:\/\/www.ellensailing.se\/?cat=22"},"img":{"alt_text":"","src":"https:\/\/i0.wp.com\/www.ellensailing.se\/wp-content\/uploads\/2017\/09\/DSC2200-e1504768850168.jpg?fit=802%2C1200&ssl=1&resize=350%2C200","width":350,"height":200,"srcset":"https:\/\/i0.wp.com\/www.ellensailing.se\/wp-content\/uploads\/2017\/09\/DSC2200-e1504768850168.jpg?fit=802%2C1200&ssl=1&resize=350%2C200 1x, https:\/\/i0.wp.com\/www.ellensailing.se\/wp-content\/uploads\/2017\/09\/DSC2200-e1504768850168.jpg?fit=802%2C1200&ssl=1&resize=525%2C300 1.5x, https:\/\/i0.wp.com\/www.ellensailing.se\/wp-content\/uploads\/2017\/09\/DSC2200-e1504768850168.jpg?fit=802%2C1200&ssl=1&resize=700%2C400 2x"},"classes":[]}],"jetpack_likes_enabled":false,"_links":{"self":[{"href":"https:\/\/www.ellensailing.se\/index.php?rest_route=\/wp\/v2\/posts\/983","targetHints":{"allow":["GET"]}}],"collection":[{"href":"https:\/\/www.ellensailing.se\/index.php?rest_route=\/wp\/v2\/posts"}],"about":[{"href":"https:\/\/www.ellensailing.se\/index.php?rest_route=\/wp\/v2\/types\/post"}],"author":[{"embeddable":true,"href":"https:\/\/www.ellensailing.se\/index.php?rest_route=\/wp\/v2\/users\/1"}],"replies":[{"embeddable":true,"href":"https:\/\/www.ellensailing.se\/index.php?rest_route=%2Fwp%2Fv2%2Fcomments&post=983"}],"version-history":[{"count":1,"href":"https:\/\/www.ellensailing.se\/index.php?rest_route=\/wp\/v2\/posts\/983\/revisions"}],"predecessor-version":[{"id":989,"href":"https:\/\/www.ellensailing.se\/index.php?rest_route=\/wp\/v2\/posts\/983\/revisions\/989"}],"wp:featuredmedia":[{"embeddable":true,"href":"https:\/\/www.ellensailing.se\/index.php?rest_route=\/wp\/v2\/media\/984"}],"wp:attachment":[{"href":"https:\/\/www.ellensailing.se\/index.php?rest_route=%2Fwp%2Fv2%2Fmedia&parent=983"}],"wp:term":[{"taxonomy":"category","embeddable":true,"href":"https:\/\/www.ellensailing.se\/index.php?rest_route=%2Fwp%2Fv2%2Fcategories&post=983"},{"taxonomy":"post_tag","embeddable":true,"href":"https:\/\/www.ellensailing.se\/index.php?rest_route=%2Fwp%2Fv2%2Ftags&post=983"}],"curies":[{"name":"wp","href":"https:\/\/api.w.org\/{rel}","templated":true}]}}