{"id":974,"date":"2016-06-27T21:58:30","date_gmt":"2016-06-27T19:58:30","guid":{"rendered":"https:\/\/www.ellensailing.se\/?p=974"},"modified":"2016-06-27T22:01:28","modified_gmt":"2016-06-27T20:01:28","slug":"borkumriff-tobaken-hemland","status":"publish","type":"post","link":"https:\/\/www.ellensailing.se\/?p=974","title":{"rendered":"Borkumriff, tobakens hemland!"},"content":{"rendered":"<figure id=\"attachment_969\" aria-describedby=\"caption-attachment-969\" style=\"width: 640px\" class=\"wp-caption aligncenter\"><a href=\"https:\/\/i0.wp.com\/www.ellensailing.se\/wp-content\/uploads\/2016\/06\/DSC_0447.jpg?ssl=1\"><img data-recalc-dims=\"1\" fetchpriority=\"high\" decoding=\"async\" class=\"wp-image-969 size-large\" src=\"https:\/\/i0.wp.com\/www.ellensailing.se\/wp-content\/uploads\/2016\/06\/DSC_0447-e1467056926230-680x1024.jpg?resize=640%2C964&#038;ssl=1\" alt=\"DSC_0447\" width=\"640\" height=\"964\" srcset=\"https:\/\/i0.wp.com\/www.ellensailing.se\/wp-content\/uploads\/2016\/06\/DSC_0447-e1467056926230.jpg?resize=680%2C1024&amp;ssl=1 680w, https:\/\/i0.wp.com\/www.ellensailing.se\/wp-content\/uploads\/2016\/06\/DSC_0447-e1467056926230.jpg?resize=199%2C300&amp;ssl=1 199w, https:\/\/i0.wp.com\/www.ellensailing.se\/wp-content\/uploads\/2016\/06\/DSC_0447-e1467056926230.jpg?resize=768%2C1156&amp;ssl=1 768w, https:\/\/i0.wp.com\/www.ellensailing.se\/wp-content\/uploads\/2016\/06\/DSC_0447-e1467056926230.jpg?w=1680&amp;ssl=1 1680w, https:\/\/i0.wp.com\/www.ellensailing.se\/wp-content\/uploads\/2016\/06\/DSC_0447-e1467056926230.jpg?w=2520&amp;ssl=1 2520w\" sizes=\"(max-width: 640px) 100vw, 640px\" \/><\/a><figcaption id=\"caption-attachment-969\" class=\"wp-caption-text\">Borkum med ett gammal skepp!<\/figcaption><\/figure>\n<p>Best\u00e4mde oss f\u00f6r att ge oss av n\u00e4r det var h\u00f6gvatten s\u00e5 vi kunde f\u00e5 lite medstr\u00f6ms ut fr\u00e5n Elbes mynning, s\u00e5 vi stack fr\u00e5n hamnen 0600 d\u00e5 vi hade bro\u00f6ppning. Det bl\u00e5ste ganska lagom vi hade en j\u00e4tterulle ut fr\u00e5n Elbe. Kryssbog som alltid s\u00e5 seglade vi om ett antal b\u00e5tar. Vi h\u00f6ll i b\u00e5gen ganska l\u00e4nge f\u00f6r att sedan sl\u00e5 in innan trafiksepareringen. N\u00e4r vi kommit in p\u00e5 inshore traffic zon s\u00e5 vi fick vi motstr\u00f6ms. Vilket tragglande fram och tillbaka, s\u00e5 gjorde \u00e4ven vinden som ibland var 12 m\/sek och ner till 3 m\/ sek, l\u00e4gg sedan till en massa vindvrid. Dessa 99 distansminuter verkar ta evigheter, vi f\u00e5r se n\u00e4r vi \u00e4r framme. Det \u00e4r iaf inte s\u00e5 farligt med v\u00e5gor. En s\u00e5dan d\u00e4r tropisk regnskur vi p\u00e5 oss ocks\u00e5. Vi skulle ha m\u00f6tt Solit som \u00e4r p\u00e5 v\u00e4g tillbaka fr\u00e5n Karibien men vi har inte h\u00f6rt eller sett dem.<\/p>\n<figure id=\"attachment_960\" aria-describedby=\"caption-attachment-960\" style=\"width: 640px\" class=\"wp-caption aligncenter\"><a href=\"https:\/\/i0.wp.com\/www.ellensailing.se\/wp-content\/uploads\/2016\/06\/DSC_0387.jpg?ssl=1\"><img data-recalc-dims=\"1\" decoding=\"async\" class=\"wp-image-960 size-large\" src=\"https:\/\/i0.wp.com\/www.ellensailing.se\/wp-content\/uploads\/2016\/06\/DSC_0387.jpg?resize=640%2C425&#038;ssl=1\" alt=\"DSC_0387\" width=\"640\" height=\"425\" srcset=\"https:\/\/i0.wp.com\/www.ellensailing.se\/wp-content\/uploads\/2016\/06\/DSC_0387.jpg?resize=1024%2C680&amp;ssl=1 1024w, https:\/\/i0.wp.com\/www.ellensailing.se\/wp-content\/uploads\/2016\/06\/DSC_0387.jpg?resize=300%2C200&amp;ssl=1 300w, https:\/\/i0.wp.com\/www.ellensailing.se\/wp-content\/uploads\/2016\/06\/DSC_0387.jpg?resize=768%2C510&amp;ssl=1 768w, https:\/\/i0.wp.com\/www.ellensailing.se\/wp-content\/uploads\/2016\/06\/DSC_0387.jpg?w=1680&amp;ssl=1 1680w, https:\/\/i0.wp.com\/www.ellensailing.se\/wp-content\/uploads\/2016\/06\/DSC_0387.jpg?w=2520&amp;ssl=1 2520w\" sizes=\"(max-width: 640px) 100vw, 640px\" \/><\/a><figcaption id=\"caption-attachment-960\" class=\"wp-caption-text\">Idag har det varit stillaliggar dag med sillunch med nubbe och \u00f6l<\/figcaption><\/figure>\n<p>&nbsp;<\/p>\n<figure id=\"attachment_961\" aria-describedby=\"caption-attachment-961\" style=\"width: 640px\" class=\"wp-caption aligncenter\"><a href=\"https:\/\/i0.wp.com\/www.ellensailing.se\/wp-content\/uploads\/2016\/06\/DSC_0388.jpg?ssl=1\"><img data-recalc-dims=\"1\" decoding=\"async\" class=\"wp-image-961 size-large\" src=\"https:\/\/i0.wp.com\/www.ellensailing.se\/wp-content\/uploads\/2016\/06\/DSC_0388.jpg?resize=640%2C425&#038;ssl=1\" alt=\"DSC_0388\" width=\"640\" height=\"425\" srcset=\"https:\/\/i0.wp.com\/www.ellensailing.se\/wp-content\/uploads\/2016\/06\/DSC_0388.jpg?resize=1024%2C680&amp;ssl=1 1024w, https:\/\/i0.wp.com\/www.ellensailing.se\/wp-content\/uploads\/2016\/06\/DSC_0388.jpg?resize=300%2C200&amp;ssl=1 300w, https:\/\/i0.wp.com\/www.ellensailing.se\/wp-content\/uploads\/2016\/06\/DSC_0388.jpg?resize=768%2C510&amp;ssl=1 768w, https:\/\/i0.wp.com\/www.ellensailing.se\/wp-content\/uploads\/2016\/06\/DSC_0388.jpg?w=1680&amp;ssl=1 1680w, https:\/\/i0.wp.com\/www.ellensailing.se\/wp-content\/uploads\/2016\/06\/DSC_0388.jpg?w=2520&amp;ssl=1 2520w\" sizes=\"(max-width: 640px) 100vw, 640px\" \/><\/a><figcaption id=\"caption-attachment-961\" class=\"wp-caption-text\">Lasse \u00e4r n\u00f6jd med att vi fixat p\u00e5 b\u00e5ten! V\u00e4ntar p\u00e5 lunchen&#8230;<\/figcaption><\/figure>\n<p>&nbsp;<\/p>\n<figure id=\"attachment_962\" aria-describedby=\"caption-attachment-962\" style=\"width: 640px\" class=\"wp-caption aligncenter\"><a href=\"https:\/\/i0.wp.com\/www.ellensailing.se\/wp-content\/uploads\/2016\/06\/DSC_0389.jpg?ssl=1\"><img data-recalc-dims=\"1\" loading=\"lazy\" decoding=\"async\" class=\"wp-image-962 size-large\" src=\"https:\/\/i0.wp.com\/www.ellensailing.se\/wp-content\/uploads\/2016\/06\/DSC_0389-e1467057148287-680x1024.jpg?resize=640%2C964&#038;ssl=1\" alt=\"DSC_0389\" width=\"640\" height=\"964\" srcset=\"https:\/\/i0.wp.com\/www.ellensailing.se\/wp-content\/uploads\/2016\/06\/DSC_0389-e1467057148287.jpg?resize=680%2C1024&amp;ssl=1 680w, https:\/\/i0.wp.com\/www.ellensailing.se\/wp-content\/uploads\/2016\/06\/DSC_0389-e1467057148287.jpg?resize=199%2C300&amp;ssl=1 199w, https:\/\/i0.wp.com\/www.ellensailing.se\/wp-content\/uploads\/2016\/06\/DSC_0389-e1467057148287.jpg?resize=768%2C1156&amp;ssl=1 768w, https:\/\/i0.wp.com\/www.ellensailing.se\/wp-content\/uploads\/2016\/06\/DSC_0389-e1467057148287.jpg?w=1680&amp;ssl=1 1680w, https:\/\/i0.wp.com\/www.ellensailing.se\/wp-content\/uploads\/2016\/06\/DSC_0389-e1467057148287.jpg?w=2520&amp;ssl=1 2520w\" sizes=\"(max-width: 640px) 100vw, 640px\" \/><\/a><figcaption id=\"caption-attachment-962\" class=\"wp-caption-text\">Sillunch skall inmundigas!<\/figcaption><\/figure>\n<figure id=\"attachment_963\" aria-describedby=\"caption-attachment-963\" style=\"width: 640px\" class=\"wp-caption aligncenter\"><a href=\"https:\/\/i0.wp.com\/www.ellensailing.se\/wp-content\/uploads\/2016\/06\/DSC_0390.jpg?ssl=1\"><img data-recalc-dims=\"1\" loading=\"lazy\" decoding=\"async\" class=\"wp-image-963 size-large\" src=\"https:\/\/i0.wp.com\/www.ellensailing.se\/wp-content\/uploads\/2016\/06\/DSC_0390.jpg?resize=640%2C425&#038;ssl=1\" alt=\"DSC_0390\" width=\"640\" height=\"425\" srcset=\"https:\/\/i0.wp.com\/www.ellensailing.se\/wp-content\/uploads\/2016\/06\/DSC_0390.jpg?resize=1024%2C680&amp;ssl=1 1024w, https:\/\/i0.wp.com\/www.ellensailing.se\/wp-content\/uploads\/2016\/06\/DSC_0390.jpg?resize=300%2C200&amp;ssl=1 300w, https:\/\/i0.wp.com\/www.ellensailing.se\/wp-content\/uploads\/2016\/06\/DSC_0390.jpg?resize=768%2C510&amp;ssl=1 768w, https:\/\/i0.wp.com\/www.ellensailing.se\/wp-content\/uploads\/2016\/06\/DSC_0390.jpg?w=1680&amp;ssl=1 1680w, https:\/\/i0.wp.com\/www.ellensailing.se\/wp-content\/uploads\/2016\/06\/DSC_0390.jpg?w=2520&amp;ssl=1 2520w\" sizes=\"(max-width: 640px) 100vw, 640px\" \/><\/a><figcaption id=\"caption-attachment-963\" class=\"wp-caption-text\">Ellen har st\u00e4dats och meckats med. K\u00e4nns bra, s\u00e5 nu kan vi kryssa vidare&#8230;<\/figcaption><\/figure>\n<figure id=\"attachment_965\" aria-describedby=\"caption-attachment-965\" style=\"width: 640px\" class=\"wp-caption aligncenter\"><a href=\"https:\/\/i0.wp.com\/www.ellensailing.se\/wp-content\/uploads\/2016\/06\/DSC_0415.jpg?ssl=1\"><img data-recalc-dims=\"1\" loading=\"lazy\" decoding=\"async\" class=\"wp-image-965 size-large\" src=\"https:\/\/i0.wp.com\/www.ellensailing.se\/wp-content\/uploads\/2016\/06\/DSC_0415.jpg?resize=640%2C425&#038;ssl=1\" alt=\"DSC_0415\" width=\"640\" height=\"425\" srcset=\"https:\/\/i0.wp.com\/www.ellensailing.se\/wp-content\/uploads\/2016\/06\/DSC_0415.jpg?resize=1024%2C680&amp;ssl=1 1024w, https:\/\/i0.wp.com\/www.ellensailing.se\/wp-content\/uploads\/2016\/06\/DSC_0415.jpg?resize=300%2C200&amp;ssl=1 300w, https:\/\/i0.wp.com\/www.ellensailing.se\/wp-content\/uploads\/2016\/06\/DSC_0415.jpg?resize=768%2C510&amp;ssl=1 768w, https:\/\/i0.wp.com\/www.ellensailing.se\/wp-content\/uploads\/2016\/06\/DSC_0415.jpg?w=1680&amp;ssl=1 1680w, https:\/\/i0.wp.com\/www.ellensailing.se\/wp-content\/uploads\/2016\/06\/DSC_0415.jpg?w=2520&amp;ssl=1 2520w\" sizes=\"(max-width: 640px) 100vw, 640px\" \/><\/a><figcaption id=\"caption-attachment-965\" class=\"wp-caption-text\">Fin promenad vi staden i Borkum. J\u00e4tte fina b\u00e5s att hyra f\u00f6r den hugade. Coolt sommarst\u00e4lle med mycket hotell och barer.<\/figcaption><\/figure>\n<p>&nbsp;<\/p>\n<figure id=\"attachment_964\" aria-describedby=\"caption-attachment-964\" style=\"width: 640px\" class=\"wp-caption aligncenter\"><a href=\"https:\/\/i0.wp.com\/www.ellensailing.se\/wp-content\/uploads\/2016\/06\/DSC_0395.jpg?ssl=1\"><img data-recalc-dims=\"1\" loading=\"lazy\" decoding=\"async\" class=\"wp-image-964 size-large\" src=\"https:\/\/i0.wp.com\/www.ellensailing.se\/wp-content\/uploads\/2016\/06\/DSC_0395-e1467057330153-680x1024.jpg?resize=640%2C964&#038;ssl=1\" alt=\"DSC_0395\" width=\"640\" height=\"964\" srcset=\"https:\/\/i0.wp.com\/www.ellensailing.se\/wp-content\/uploads\/2016\/06\/DSC_0395-e1467057330153.jpg?resize=680%2C1024&amp;ssl=1 680w, https:\/\/i0.wp.com\/www.ellensailing.se\/wp-content\/uploads\/2016\/06\/DSC_0395-e1467057330153.jpg?resize=199%2C300&amp;ssl=1 199w, https:\/\/i0.wp.com\/www.ellensailing.se\/wp-content\/uploads\/2016\/06\/DSC_0395-e1467057330153.jpg?resize=768%2C1156&amp;ssl=1 768w, https:\/\/i0.wp.com\/www.ellensailing.se\/wp-content\/uploads\/2016\/06\/DSC_0395-e1467057330153.jpg?w=1680&amp;ssl=1 1680w, https:\/\/i0.wp.com\/www.ellensailing.se\/wp-content\/uploads\/2016\/06\/DSC_0395-e1467057330153.jpg?w=2520&amp;ssl=1 2520w\" sizes=\"(max-width: 640px) 100vw, 640px\" \/><\/a><figcaption id=\"caption-attachment-964\" class=\"wp-caption-text\">V\u00e5r nya kompis som ger obegr\u00e4nsat med str\u00f6m. Vi m\u00e5ste s\u00e4tta p\u00e5 allt som finns f\u00f6r att g\u00f6ra av med str\u00f6m&#8230;<\/figcaption><\/figure>\n<figure id=\"attachment_967\" aria-describedby=\"caption-attachment-967\" style=\"width: 640px\" class=\"wp-caption aligncenter\"><a href=\"https:\/\/i0.wp.com\/www.ellensailing.se\/wp-content\/uploads\/2016\/06\/DSC_0427.jpg?ssl=1\"><img data-recalc-dims=\"1\" loading=\"lazy\" decoding=\"async\" class=\"wp-image-967 size-large\" src=\"https:\/\/i0.wp.com\/www.ellensailing.se\/wp-content\/uploads\/2016\/06\/DSC_0427.jpg?resize=640%2C425&#038;ssl=1\" alt=\"DSC_0427\" width=\"640\" height=\"425\" srcset=\"https:\/\/i0.wp.com\/www.ellensailing.se\/wp-content\/uploads\/2016\/06\/DSC_0427.jpg?resize=1024%2C680&amp;ssl=1 1024w, https:\/\/i0.wp.com\/www.ellensailing.se\/wp-content\/uploads\/2016\/06\/DSC_0427.jpg?resize=300%2C200&amp;ssl=1 300w, https:\/\/i0.wp.com\/www.ellensailing.se\/wp-content\/uploads\/2016\/06\/DSC_0427.jpg?resize=768%2C510&amp;ssl=1 768w, https:\/\/i0.wp.com\/www.ellensailing.se\/wp-content\/uploads\/2016\/06\/DSC_0427.jpg?w=1680&amp;ssl=1 1680w, https:\/\/i0.wp.com\/www.ellensailing.se\/wp-content\/uploads\/2016\/06\/DSC_0427.jpg?w=2520&amp;ssl=1 2520w\" sizes=\"(max-width: 640px) 100vw, 640px\" \/><\/a><figcaption id=\"caption-attachment-967\" class=\"wp-caption-text\">Molle ville \u00e5ka t\u00e5g hem till hamnen. J\u00e4ttekul<\/figcaption><\/figure>\n<p>&nbsp;<\/p>\n<figure id=\"attachment_966\" aria-describedby=\"caption-attachment-966\" style=\"width: 640px\" class=\"wp-caption aligncenter\"><a href=\"https:\/\/i0.wp.com\/www.ellensailing.se\/wp-content\/uploads\/2016\/06\/DSC_0418.jpg?ssl=1\"><img data-recalc-dims=\"1\" loading=\"lazy\" decoding=\"async\" class=\"wp-image-966 size-large\" src=\"https:\/\/i0.wp.com\/www.ellensailing.se\/wp-content\/uploads\/2016\/06\/DSC_0418.jpg?resize=640%2C425&#038;ssl=1\" alt=\"DSC_0418\" width=\"640\" height=\"425\" srcset=\"https:\/\/i0.wp.com\/www.ellensailing.se\/wp-content\/uploads\/2016\/06\/DSC_0418.jpg?resize=1024%2C680&amp;ssl=1 1024w, https:\/\/i0.wp.com\/www.ellensailing.se\/wp-content\/uploads\/2016\/06\/DSC_0418.jpg?resize=300%2C200&amp;ssl=1 300w, https:\/\/i0.wp.com\/www.ellensailing.se\/wp-content\/uploads\/2016\/06\/DSC_0418.jpg?resize=768%2C510&amp;ssl=1 768w, https:\/\/i0.wp.com\/www.ellensailing.se\/wp-content\/uploads\/2016\/06\/DSC_0418.jpg?w=1680&amp;ssl=1 1680w, https:\/\/i0.wp.com\/www.ellensailing.se\/wp-content\/uploads\/2016\/06\/DSC_0418.jpg?w=2520&amp;ssl=1 2520w\" sizes=\"(max-width: 640px) 100vw, 640px\" \/><\/a><figcaption id=\"caption-attachment-966\" class=\"wp-caption-text\">Stora hotell runt Borkum&#8230;<\/figcaption><\/figure>\n<p>&nbsp;<\/p>\n<figure id=\"attachment_968\" aria-describedby=\"caption-attachment-968\" style=\"width: 640px\" class=\"wp-caption aligncenter\"><a href=\"https:\/\/i0.wp.com\/www.ellensailing.se\/wp-content\/uploads\/2016\/06\/DSC_0432.jpg?ssl=1\"><img data-recalc-dims=\"1\" loading=\"lazy\" decoding=\"async\" class=\"wp-image-968 size-large\" src=\"https:\/\/i0.wp.com\/www.ellensailing.se\/wp-content\/uploads\/2016\/06\/DSC_0432.jpg?resize=640%2C425&#038;ssl=1\" alt=\"DSC_0432\" width=\"640\" height=\"425\" srcset=\"https:\/\/i0.wp.com\/www.ellensailing.se\/wp-content\/uploads\/2016\/06\/DSC_0432.jpg?resize=1024%2C680&amp;ssl=1 1024w, https:\/\/i0.wp.com\/www.ellensailing.se\/wp-content\/uploads\/2016\/06\/DSC_0432.jpg?resize=300%2C200&amp;ssl=1 300w, https:\/\/i0.wp.com\/www.ellensailing.se\/wp-content\/uploads\/2016\/06\/DSC_0432.jpg?resize=768%2C510&amp;ssl=1 768w, https:\/\/i0.wp.com\/www.ellensailing.se\/wp-content\/uploads\/2016\/06\/DSC_0432.jpg?w=1680&amp;ssl=1 1680w, https:\/\/i0.wp.com\/www.ellensailing.se\/wp-content\/uploads\/2016\/06\/DSC_0432.jpg?w=2520&amp;ssl=1 2520w\" sizes=\"(max-width: 640px) 100vw, 640px\" \/><\/a><figcaption id=\"caption-attachment-968\" class=\"wp-caption-text\">N\u00e4stan alla har sina namn p\u00e5 husen. N\u00e4r skall vi b\u00f6rja med det. Huset Magnsj\u00f6 kanske.<\/figcaption><\/figure>\n","protected":false},"excerpt":{"rendered":"<p>Best\u00e4mde oss f\u00f6r att ge oss av n\u00e4r det var h\u00f6gvatten s\u00e5 vi kunde f\u00e5 lite medstr\u00f6ms ut fr\u00e5n Elbes[&#8230;]<\/p>\n","protected":false},"author":1,"featured_media":965,"comment_status":"open","ping_status":"open","sticky":false,"template":"","format":"standard","meta":{"_jetpack_newsletter_access":"","_jetpack_dont_email_post_to_subs":false,"_jetpack_newsletter_tier_id":0,"_jetpack_memberships_contains_paywalled_content":false,"_jetpack_feature_clip_id":0,"_jetpack_memberships_contains_paid_content":false,"footnotes":"","jetpack_publicize_message":"","jetpack_publicize_feature_enabled":true,"jetpack_social_post_already_shared":true,"jetpack_social_options":{"image_generator_settings":{"template":"highway","default_image_id":0,"font":"","enabled":false},"version":2},"jetpack_post_was_ever_published":false},"categories":[20],"tags":[],"class_list":["post-974","post","type-post","status-publish","format-standard","has-post-thumbnail","hentry","category-sommar-2016"],"jetpack_publicize_connections":[],"jetpack_featured_media_url":"https:\/\/i0.wp.com\/www.ellensailing.se\/wp-content\/uploads\/2016\/06\/DSC_0415.jpg?fit=4288%2C2848&ssl=1","jetpack_sharing_enabled":true,"jetpack_shortlink":"https:\/\/wp.me\/p5G68R-fI","jetpack-related-posts":[{"id":971,"url":"https:\/\/www.ellensailing.se\/?p=971","url_meta":{"origin":974,"position":0},"title":"Resten av Kielkanalen och att g\u00e5 i motstr\u00f6m!","author":"peter@ellensailing.se","date":"27 juni, 2016","format":false,"excerpt":"Vi gick upp p\u00e5 morgonen vid 08.00, dagen efter midsommar. Det har v\u00e4l aldrig h\u00e4nt. Vi kom in till Rehnsberg strax efter 11. Det blev en tur upp p\u00e5 staden f\u00f6r att f\u00e5 r\u00f6ra p\u00e5 benen lite. Det var en ganska mysig liten stad som man troligtvis aldrig hade kommit\u2026","rel":"","context":"I \u201dSommar 2016\u201d","block_context":{"text":"Sommar 2016","link":"https:\/\/www.ellensailing.se\/?cat=20"},"img":{"alt_text":"","src":"https:\/\/i0.wp.com\/www.ellensailing.se\/wp-content\/uploads\/2016\/06\/DSC_0321.jpg?fit=1200%2C797&ssl=1&resize=350%2C200","width":350,"height":200,"srcset":"https:\/\/i0.wp.com\/www.ellensailing.se\/wp-content\/uploads\/2016\/06\/DSC_0321.jpg?fit=1200%2C797&ssl=1&resize=350%2C200 1x, https:\/\/i0.wp.com\/www.ellensailing.se\/wp-content\/uploads\/2016\/06\/DSC_0321.jpg?fit=1200%2C797&ssl=1&resize=525%2C300 1.5x, https:\/\/i0.wp.com\/www.ellensailing.se\/wp-content\/uploads\/2016\/06\/DSC_0321.jpg?fit=1200%2C797&ssl=1&resize=700%2C400 2x, https:\/\/i0.wp.com\/www.ellensailing.se\/wp-content\/uploads\/2016\/06\/DSC_0321.jpg?fit=1200%2C797&ssl=1&resize=1050%2C600 3x"},"classes":[]},{"id":1376,"url":"https:\/\/www.ellensailing.se\/?p=1376","url_meta":{"origin":974,"position":1},"title":"Natt 3, \u00f6verfart fr\u00e5n Lagos till Isla Graciosa","author":"peter@ellensailing.se","date":"8 oktober, 2017","format":false,"excerpt":"Natten har varit lugn. Vinden var j\u00e4ttebra fram till klockan 2 d\u00e5 dog den ut. Vinden var d\u00e5 60 grader in och det var nog tur det f\u00f6r annars hade vi inte r\u00f6rt oss. Vi loggade 7 knop fram till 2. Yalle fick ta \u00f6ver skiftet fr\u00e5n 2 och den\u2026","rel":"","context":"I \u201dH\u00f6st 2017 till Grand Canrias.\u201d","block_context":{"text":"H\u00f6st 2017 till Grand Canrias.","link":"https:\/\/www.ellensailing.se\/?cat=22"},"img":{"alt_text":"","src":"","width":0,"height":0},"classes":[]},{"id":1373,"url":"https:\/\/www.ellensailing.se\/?p=1373","url_meta":{"origin":974,"position":2},"title":"Natt1, \u00f6verfart fr\u00e5n Lagos till Isla Graciosa","author":"peter@ellensailing.se","date":"7 oktober, 2017","format":false,"excerpt":"I natt blev det verkligen lugnt. Det bl\u00e5ste ibland bara 3 m\/s vilket inte \u00e4r mycket n\u00e4r man har l\u00e4ns. Men d\u00e4remellan kommer det vind och v loggar 5-6,5 knop. Har varit mulet i natt s\u00e5 vi har inte f\u00e5tt se s\u00e5 mycket av fullm\u00e5nen, bara lite nu p\u00e5 morgonkvisten.\u2026","rel":"","context":"I \u201dH\u00f6st 2017 till Grand Canrias.\u201d","block_context":{"text":"H\u00f6st 2017 till Grand Canrias.","link":"https:\/\/www.ellensailing.se\/?cat=22"},"img":{"alt_text":"","src":"","width":0,"height":0},"classes":[]},{"id":1374,"url":"https:\/\/www.ellensailing.se\/?p=1374","url_meta":{"origin":974,"position":3},"title":"Natt2, \u00f6verfart fr\u00e5n Lagos till Isla Graciosa","author":"peter@ellensailing.se","date":"7 oktober, 2017","format":false,"excerpt":"I natt blev det verkligen lugnt. Det bl\u00e5ste ibland bara 3 m\/s vilket inte \u00e4r mycket n\u00e4r man har l\u00e4ns. Men d\u00e4remellan kommer det vind och v loggar 5-6,5 knop. Har varit mulet i natt s\u00e5 vi har inte f\u00e5tt se s\u00e5 mycket av fullm\u00e5nen, bara lite nu p\u00e5 morgonkvisten.\u2026","rel":"","context":"I \u201dH\u00f6st 2017 till Grand Canrias.\u201d","block_context":{"text":"H\u00f6st 2017 till Grand Canrias.","link":"https:\/\/www.ellensailing.se\/?cat=22"},"img":{"alt_text":"","src":"","width":0,"height":0},"classes":[]},{"id":474,"url":"https:\/\/www.ellensailing.se\/?p=474","url_meta":{"origin":974,"position":4},"title":"Swinoujscie, nu har vi kommit till tredje landet.","author":"peter@ellensailing.se","date":"7 juli, 2015","format":false,"excerpt":"Prognosen var ganska dyster n\u00e4r vi l\u00e5g p\u00e5 Ruden. Mitt p\u00e5 natten b\u00f6rjade det bl\u00e5sa utav h-vete. P\u00e5 morgonen s\u00e5 skulle det dessutom tillta. Riktiningen var det inget fel p\u00e5 n\u00e4r vi skulle till Polen. Vi best\u00e4mde att vi skulle dra iv\u00e4g f\u00f6r att inte ligga inbl\u00e5sta p\u00e5 en liten\u2026","rel":"","context":"I \u201dSommar 2015\u201d","block_context":{"text":"Sommar 2015","link":"https:\/\/www.ellensailing.se\/?cat=4"},"img":{"alt_text":"","src":"https:\/\/i0.wp.com\/www.ellensailing.se\/wp-content\/uploads\/2015\/07\/DSC_09471.jpg?fit=1200%2C797&ssl=1&resize=350%2C200","width":350,"height":200,"srcset":"https:\/\/i0.wp.com\/www.ellensailing.se\/wp-content\/uploads\/2015\/07\/DSC_09471.jpg?fit=1200%2C797&ssl=1&resize=350%2C200 1x, https:\/\/i0.wp.com\/www.ellensailing.se\/wp-content\/uploads\/2015\/07\/DSC_09471.jpg?fit=1200%2C797&ssl=1&resize=525%2C300 1.5x, https:\/\/i0.wp.com\/www.ellensailing.se\/wp-content\/uploads\/2015\/07\/DSC_09471.jpg?fit=1200%2C797&ssl=1&resize=700%2C400 2x, https:\/\/i0.wp.com\/www.ellensailing.se\/wp-content\/uploads\/2015\/07\/DSC_09471.jpg?fit=1200%2C797&ssl=1&resize=1050%2C600 3x"},"classes":[]},{"id":455,"url":"https:\/\/www.ellensailing.se\/?p=455","url_meta":{"origin":974,"position":5},"title":"Vitte p\u00e5 Hiddensee, fredag den 3 juli","author":"peter@ellensailing.se","date":"7 juli, 2015","format":false,"excerpt":"Nu har det ordnat sig s\u00e5 vi har Wifi igen, f\u00e5 se hur l\u00e4nge det h\u00e5ller denna g\u00e5ng. Vi hade en kanonsegling fr\u00e5n Bornholm till Hiddensee i Tyskland. Bl\u00e5ste runt 10 m\/s och hade vinden snett bakifr\u00e5n. Fullm\u00e5ne ganska varmt och helt underbart. Vi kom till Vitte vid 6.30 p\u00e5\u2026","rel":"","context":"I \u201dSommar 2015\u201d","block_context":{"text":"Sommar 2015","link":"https:\/\/www.ellensailing.se\/?cat=4"},"img":{"alt_text":"","src":"https:\/\/i0.wp.com\/www.ellensailing.se\/wp-content\/uploads\/2015\/07\/DSC_0856.jpg?fit=1200%2C797&ssl=1&resize=350%2C200","width":350,"height":200,"srcset":"https:\/\/i0.wp.com\/www.ellensailing.se\/wp-content\/uploads\/2015\/07\/DSC_0856.jpg?fit=1200%2C797&ssl=1&resize=350%2C200 1x, https:\/\/i0.wp.com\/www.ellensailing.se\/wp-content\/uploads\/2015\/07\/DSC_0856.jpg?fit=1200%2C797&ssl=1&resize=525%2C300 1.5x, https:\/\/i0.wp.com\/www.ellensailing.se\/wp-content\/uploads\/2015\/07\/DSC_0856.jpg?fit=1200%2C797&ssl=1&resize=700%2C400 2x, https:\/\/i0.wp.com\/www.ellensailing.se\/wp-content\/uploads\/2015\/07\/DSC_0856.jpg?fit=1200%2C797&ssl=1&resize=1050%2C600 3x"},"classes":[]}],"jetpack_likes_enabled":false,"_links":{"self":[{"href":"https:\/\/www.ellensailing.se\/index.php?rest_route=\/wp\/v2\/posts\/974","targetHints":{"allow":["GET"]}}],"collection":[{"href":"https:\/\/www.ellensailing.se\/index.php?rest_route=\/wp\/v2\/posts"}],"about":[{"href":"https:\/\/www.ellensailing.se\/index.php?rest_route=\/wp\/v2\/types\/post"}],"author":[{"embeddable":true,"href":"https:\/\/www.ellensailing.se\/index.php?rest_route=\/wp\/v2\/users\/1"}],"replies":[{"embeddable":true,"href":"https:\/\/www.ellensailing.se\/index.php?rest_route=%2Fwp%2Fv2%2Fcomments&post=974"}],"version-history":[{"count":2,"href":"https:\/\/www.ellensailing.se\/index.php?rest_route=\/wp\/v2\/posts\/974\/revisions"}],"predecessor-version":[{"id":976,"href":"https:\/\/www.ellensailing.se\/index.php?rest_route=\/wp\/v2\/posts\/974\/revisions\/976"}],"wp:featuredmedia":[{"embeddable":true,"href":"https:\/\/www.ellensailing.se\/index.php?rest_route=\/wp\/v2\/media\/965"}],"wp:attachment":[{"href":"https:\/\/www.ellensailing.se\/index.php?rest_route=%2Fwp%2Fv2%2Fmedia&parent=974"}],"wp:term":[{"taxonomy":"category","embeddable":true,"href":"https:\/\/www.ellensailing.se\/index.php?rest_route=%2Fwp%2Fv2%2Fcategories&post=974"},{"taxonomy":"post_tag","embeddable":true,"href":"https:\/\/www.ellensailing.se\/index.php?rest_route=%2Fwp%2Fv2%2Ftags&post=974"}],"curies":[{"name":"wp","href":"https:\/\/api.w.org\/{rel}","templated":true}]}}