{"id":971,"date":"2016-06-27T21:47:12","date_gmt":"2016-06-27T19:47:12","guid":{"rendered":"https:\/\/www.ellensailing.se\/?p=971"},"modified":"2016-06-27T21:47:12","modified_gmt":"2016-06-27T19:47:12","slug":"resten-av-kielkanalen-och-att-ga-i-motstrom","status":"publish","type":"post","link":"https:\/\/www.ellensailing.se\/?p=971","title":{"rendered":"Resten av Kielkanalen och att g\u00e5 i motstr\u00f6m!"},"content":{"rendered":"<figure id=\"attachment_955\" aria-describedby=\"caption-attachment-955\" style=\"width: 640px\" class=\"wp-caption aligncenter\"><a href=\"https:\/\/i0.wp.com\/www.ellensailing.se\/wp-content\/uploads\/2016\/06\/DSC_0331-1.jpg?ssl=1\"><img data-recalc-dims=\"1\" fetchpriority=\"high\" decoding=\"async\" class=\"wp-image-955 size-large\" src=\"https:\/\/i0.wp.com\/www.ellensailing.se\/wp-content\/uploads\/2016\/06\/DSC_0331-1.jpg?resize=640%2C425&#038;ssl=1\" alt=\"DSC_0331\" width=\"640\" height=\"425\" srcset=\"https:\/\/i0.wp.com\/www.ellensailing.se\/wp-content\/uploads\/2016\/06\/DSC_0331-1.jpg?resize=1024%2C680&amp;ssl=1 1024w, https:\/\/i0.wp.com\/www.ellensailing.se\/wp-content\/uploads\/2016\/06\/DSC_0331-1.jpg?resize=300%2C200&amp;ssl=1 300w, https:\/\/i0.wp.com\/www.ellensailing.se\/wp-content\/uploads\/2016\/06\/DSC_0331-1.jpg?resize=768%2C510&amp;ssl=1 768w, https:\/\/i0.wp.com\/www.ellensailing.se\/wp-content\/uploads\/2016\/06\/DSC_0331-1.jpg?w=1680&amp;ssl=1 1680w, https:\/\/i0.wp.com\/www.ellensailing.se\/wp-content\/uploads\/2016\/06\/DSC_0331-1.jpg?w=2520&amp;ssl=1 2520w\" sizes=\"(max-width: 640px) 100vw, 640px\" \/><\/a><figcaption id=\"caption-attachment-955\" class=\"wp-caption-text\">F\u00f6rdelen med att g\u00e5 Kielkanalen \u00e4r att det \u00e4r m\u00e5nga broar.<\/figcaption><\/figure>\n<p>Vi gick upp p\u00e5 morgonen vid 08.00, dagen efter midsommar. Det har v\u00e4l aldrig h\u00e4nt. Vi kom in till Rehnsberg strax efter 11. Det blev en tur upp p\u00e5 staden f\u00f6r att f\u00e5 r\u00f6ra p\u00e5 benen lite. Det var en ganska mysig liten stad som man troligtvis aldrig hade kommit till om man inte stannat med b\u00e5t. Det blev en lunch p\u00e5 staden med n\u00e5gra \u00f6l. Det var vi v\u00e4rda efter seglingen fr\u00e5n Bornholm.<\/p>\n<p>Vi passade ocks\u00e5 p\u00e5 att bunkra n\u00e4r vi \u00e4nd\u00e5 var d\u00e4r. Tr\u00e4ffade en trevligt par fr\u00e5n Eskilstuna som hade l\u00e4ngeseglat i Medelhavet. De tipsade om en bra aff\u00e4r. N\u00e4r vi bunkrat s\u00e5 tog vi oss alla en tupplur vilket var sk\u00f6nt. Midsommarlunchen fick bli vid halv\u00e5tta p\u00e5 kv\u00e4llen. Lasse och Molle fixade v\u00e4rldens b\u00e4sta Jansson. Somnade ovaggat.<\/p>\n<figure id=\"attachment_957\" aria-describedby=\"caption-attachment-957\" style=\"width: 640px\" class=\"wp-caption aligncenter\"><a href=\"https:\/\/i0.wp.com\/www.ellensailing.se\/wp-content\/uploads\/2016\/06\/DSC_0336.jpg?ssl=1\"><img data-recalc-dims=\"1\" decoding=\"async\" class=\"wp-image-957 size-large\" src=\"https:\/\/i0.wp.com\/www.ellensailing.se\/wp-content\/uploads\/2016\/06\/DSC_0336.jpg?resize=640%2C425&#038;ssl=1\" alt=\"DSC_0336\" width=\"640\" height=\"425\" srcset=\"https:\/\/i0.wp.com\/www.ellensailing.se\/wp-content\/uploads\/2016\/06\/DSC_0336.jpg?resize=1024%2C680&amp;ssl=1 1024w, https:\/\/i0.wp.com\/www.ellensailing.se\/wp-content\/uploads\/2016\/06\/DSC_0336.jpg?resize=300%2C200&amp;ssl=1 300w, https:\/\/i0.wp.com\/www.ellensailing.se\/wp-content\/uploads\/2016\/06\/DSC_0336.jpg?resize=768%2C510&amp;ssl=1 768w, https:\/\/i0.wp.com\/www.ellensailing.se\/wp-content\/uploads\/2016\/06\/DSC_0336.jpg?w=1680&amp;ssl=1 1680w, https:\/\/i0.wp.com\/www.ellensailing.se\/wp-content\/uploads\/2016\/06\/DSC_0336.jpg?w=2520&amp;ssl=1 2520w\" sizes=\"(max-width: 640px) 100vw, 640px\" \/><\/a><figcaption id=\"caption-attachment-957\" class=\"wp-caption-text\">Riktigt Thailands regn<\/figcaption><\/figure>\n<p>Gick den bit av kanalen som var kvar. Det b\u00f6rjade regna s\u00e5 in i bomben, likt ett Thailandsregn. Fr\u00e5n Rehnsberg till Brunsbutte \u00e4r det 34 M. Vi best\u00e4mde oss f\u00f6r att g\u00e5 hela v\u00e4gen till Cuxhaven. N\u00e4r vi slussat ut s\u00e5 hade vi motstr\u00f6m. Det var verkligen f\u00f6rsta g\u00e5ngen jag inser vad stark den kan vara. Vi gick in med 18 \u00f6ppningen av bron till City Marina Cuxhaven. Blev en middag p\u00e5 Cuxhavens \u00e4ldsta fiskresturang.<\/p>\n<figure id=\"attachment_958\" aria-describedby=\"caption-attachment-958\" style=\"width: 640px\" class=\"wp-caption aligncenter\"><a href=\"https:\/\/i0.wp.com\/www.ellensailing.se\/wp-content\/uploads\/2016\/06\/DSC_0345.jpg?ssl=1\"><img data-recalc-dims=\"1\" decoding=\"async\" class=\"wp-image-958 size-large\" src=\"https:\/\/i0.wp.com\/www.ellensailing.se\/wp-content\/uploads\/2016\/06\/DSC_0345.jpg?resize=640%2C425&#038;ssl=1\" alt=\"DSC_0345\" width=\"640\" height=\"425\" srcset=\"https:\/\/i0.wp.com\/www.ellensailing.se\/wp-content\/uploads\/2016\/06\/DSC_0345.jpg?resize=1024%2C680&amp;ssl=1 1024w, https:\/\/i0.wp.com\/www.ellensailing.se\/wp-content\/uploads\/2016\/06\/DSC_0345.jpg?resize=300%2C200&amp;ssl=1 300w, https:\/\/i0.wp.com\/www.ellensailing.se\/wp-content\/uploads\/2016\/06\/DSC_0345.jpg?resize=768%2C510&amp;ssl=1 768w, https:\/\/i0.wp.com\/www.ellensailing.se\/wp-content\/uploads\/2016\/06\/DSC_0345.jpg?w=1680&amp;ssl=1 1680w, https:\/\/i0.wp.com\/www.ellensailing.se\/wp-content\/uploads\/2016\/06\/DSC_0345.jpg?w=2520&amp;ssl=1 2520w\" sizes=\"(max-width: 640px) 100vw, 640px\" \/><\/a><figcaption id=\"caption-attachment-958\" class=\"wp-caption-text\">Jaciklines dotter \u00e5kte f\u00f6rbi<\/dd>\n<dd class=\"wp-caption-dd\"><\/figcaption><\/figure>\n","protected":false},"excerpt":{"rendered":"<p>Vi gick upp p\u00e5 morgonen vid 08.00, dagen efter midsommar. Det har v\u00e4l aldrig h\u00e4nt. Vi kom in till Rehnsberg[&#8230;]<\/p>\n","protected":false},"author":1,"featured_media":953,"comment_status":"open","ping_status":"open","sticky":false,"template":"","format":"standard","meta":{"_jetpack_newsletter_access":"","_jetpack_dont_email_post_to_subs":false,"_jetpack_newsletter_tier_id":0,"_jetpack_memberships_contains_paywalled_content":false,"_jetpack_feature_clip_id":0,"_jetpack_memberships_contains_paid_content":false,"footnotes":"","jetpack_publicize_message":"","jetpack_publicize_feature_enabled":true,"jetpack_social_post_already_shared":true,"jetpack_social_options":{"image_generator_settings":{"template":"highway","default_image_id":0,"font":"","enabled":false},"version":2},"jetpack_post_was_ever_published":false},"categories":[20],"tags":[],"class_list":["post-971","post","type-post","status-publish","format-standard","has-post-thumbnail","hentry","category-sommar-2016"],"jetpack_publicize_connections":[],"jetpack_featured_media_url":"https:\/\/i0.wp.com\/www.ellensailing.se\/wp-content\/uploads\/2016\/06\/DSC_0321.jpg?fit=4288%2C2848&ssl=1","jetpack_sharing_enabled":true,"jetpack_shortlink":"https:\/\/wp.me\/p5G68R-fF","jetpack-related-posts":[{"id":990,"url":"https:\/\/www.ellensailing.se\/?p=990","url_meta":{"origin":971,"position":0},"title":"Vi fick hj\u00e4lp i Enkhuizen med AIS:en","author":"peter@ellensailing.se","date":"2 juli, 2016","format":false,"excerpt":"V\u00e5r AIS har br\u00e5kat med oss ett tag, troligtvis i ett antal \u00e5r. Men nu gav den upp helt enkelt. Det \u00e4r bra med v\u00e4nner med mycket kontakter. Tack Bj\u00f6rn Sj\u00f6str\u00f6m f\u00f6r hj\u00e4lpen med kontakten med Chris p\u00e5 True Hedding. Vilken slump att vi n\u00e4stan var vid deras huvudkontor. Chris\u2026","rel":"","context":"I \u201dSommar 2016\u201d","block_context":{"text":"Sommar 2016","link":"https:\/\/www.ellensailing.se\/?cat=20"},"img":{"alt_text":"","src":"https:\/\/i0.wp.com\/www.ellensailing.se\/wp-content\/uploads\/2016\/07\/DSC_0567.jpg?fit=1200%2C797&ssl=1&resize=350%2C200","width":350,"height":200,"srcset":"https:\/\/i0.wp.com\/www.ellensailing.se\/wp-content\/uploads\/2016\/07\/DSC_0567.jpg?fit=1200%2C797&ssl=1&resize=350%2C200 1x, https:\/\/i0.wp.com\/www.ellensailing.se\/wp-content\/uploads\/2016\/07\/DSC_0567.jpg?fit=1200%2C797&ssl=1&resize=525%2C300 1.5x, https:\/\/i0.wp.com\/www.ellensailing.se\/wp-content\/uploads\/2016\/07\/DSC_0567.jpg?fit=1200%2C797&ssl=1&resize=700%2C400 2x, https:\/\/i0.wp.com\/www.ellensailing.se\/wp-content\/uploads\/2016\/07\/DSC_0567.jpg?fit=1200%2C797&ssl=1&resize=1050%2C600 3x"},"classes":[]},{"id":1036,"url":"https:\/\/www.ellensailing.se\/?p=1036","url_meta":{"origin":971,"position":1},"title":"Ny flagga och nytt land igen!","author":"peter@ellensailing.se","date":"6 juli, 2016","format":false,"excerpt":"Idag har vi haft den b\u00e4sta dagen med fantastisk segling fr\u00e5n Zeebrugge till Dunkerque. Str\u00e4ckbog mellan sandbankarna och ganska n\u00e4ra land. Idag var det mycket segelb\u00e5tar som vi kunde segla ifr\u00e5n. Ig\u00e5r m\u00f6tte vi bara ett kylsk\u00e5p p\u00e5 Nordsj\u00f6n. Solsken och mysigt. Vi hittade en stor b\u00e5ttillbeh\u00f6rsaff\u00e4r som hade j\u00e4tte\u2026","rel":"","context":"I \u201dSommar 2016\u201d","block_context":{"text":"Sommar 2016","link":"https:\/\/www.ellensailing.se\/?cat=20"},"img":{"alt_text":"","src":"https:\/\/i0.wp.com\/www.ellensailing.se\/wp-content\/uploads\/2016\/07\/DSC_0812.jpg?fit=1200%2C797&ssl=1&resize=350%2C200","width":350,"height":200,"srcset":"https:\/\/i0.wp.com\/www.ellensailing.se\/wp-content\/uploads\/2016\/07\/DSC_0812.jpg?fit=1200%2C797&ssl=1&resize=350%2C200 1x, https:\/\/i0.wp.com\/www.ellensailing.se\/wp-content\/uploads\/2016\/07\/DSC_0812.jpg?fit=1200%2C797&ssl=1&resize=525%2C300 1.5x, https:\/\/i0.wp.com\/www.ellensailing.se\/wp-content\/uploads\/2016\/07\/DSC_0812.jpg?fit=1200%2C797&ssl=1&resize=700%2C400 2x, https:\/\/i0.wp.com\/www.ellensailing.se\/wp-content\/uploads\/2016\/07\/DSC_0812.jpg?fit=1200%2C797&ssl=1&resize=1050%2C600 3x"},"classes":[]},{"id":2462,"url":"https:\/\/www.ellensailing.se\/?p=2462","url_meta":{"origin":971,"position":2},"title":"Sista dagen med g\u00e4nget!","author":"peter@ellensailing.se","date":"24 mars, 2019","format":false,"excerpt":"Redan i morse s\u00e5 b\u00f6rjade Ewa att packa. Det \u00e4r sista dagen p\u00e5 Ellen f\u00f6r Torgny och Ewa. Ig\u00e5r \u00e5t vi en mycket god middag inne i byn. Vi har haft j\u00e4ttekul med mycket garv och h\u00e4rliga seglingar fr\u00e5n Martinique via Dominica och som avslutas i Deshaies i Guadalupe. V\u00e4dret\u2026","rel":"","context":"I \u201dV\u00e4stindien 2019\u201d","block_context":{"text":"V\u00e4stindien 2019","link":"https:\/\/www.ellensailing.se\/?cat=25"},"img":{"alt_text":"","src":"https:\/\/i0.wp.com\/www.ellensailing.se\/wp-content\/uploads\/2019\/03\/DFA729CE-A6C8-4023-84A0-E58FECAD4AD8.jpeg?fit=1200%2C675&ssl=1&resize=350%2C200","width":350,"height":200,"srcset":"https:\/\/i0.wp.com\/www.ellensailing.se\/wp-content\/uploads\/2019\/03\/DFA729CE-A6C8-4023-84A0-E58FECAD4AD8.jpeg?fit=1200%2C675&ssl=1&resize=350%2C200 1x, https:\/\/i0.wp.com\/www.ellensailing.se\/wp-content\/uploads\/2019\/03\/DFA729CE-A6C8-4023-84A0-E58FECAD4AD8.jpeg?fit=1200%2C675&ssl=1&resize=525%2C300 1.5x, https:\/\/i0.wp.com\/www.ellensailing.se\/wp-content\/uploads\/2019\/03\/DFA729CE-A6C8-4023-84A0-E58FECAD4AD8.jpeg?fit=1200%2C675&ssl=1&resize=700%2C400 2x, https:\/\/i0.wp.com\/www.ellensailing.se\/wp-content\/uploads\/2019\/03\/DFA729CE-A6C8-4023-84A0-E58FECAD4AD8.jpeg?fit=1200%2C675&ssl=1&resize=1050%2C600 3x"},"classes":[]},{"id":2875,"url":"https:\/\/www.ellensailing.se\/?p=2875","url_meta":{"origin":971,"position":3},"title":"\u00d6land och Kalmar","author":"peter@ellensailing.se","date":"23 juli, 2020","format":false,"excerpt":"Vi fortsatte efter Harstena ner till Bok\u00f6. Ganska kort bit men k\u00e4nde att det var dags att r\u00f6ra oss. Det var lite v\u00e4l mycket b\u00e5tar d\u00e4r. P\u00e5 M\u00f6rk\u00f6 s\u00e5 var det inte m\u00e5nga b\u00e5tar, vilket var sk\u00f6nt. Efter M\u00f6rk\u00f6 s\u00e5 kryssade vi ut p\u00e5 havet och hade en makal\u00f6s fin\u2026","rel":"","context":"I \u201dSegling 2020\u201d","block_context":{"text":"Segling 2020","link":"https:\/\/www.ellensailing.se\/?cat=27"},"img":{"alt_text":"","src":"https:\/\/i0.wp.com\/www.ellensailing.se\/wp-content\/uploads\/2020\/07\/img_0278-13-scaled.jpg?fit=1200%2C900&ssl=1&resize=350%2C200","width":350,"height":200,"srcset":"https:\/\/i0.wp.com\/www.ellensailing.se\/wp-content\/uploads\/2020\/07\/img_0278-13-scaled.jpg?fit=1200%2C900&ssl=1&resize=350%2C200 1x, https:\/\/i0.wp.com\/www.ellensailing.se\/wp-content\/uploads\/2020\/07\/img_0278-13-scaled.jpg?fit=1200%2C900&ssl=1&resize=525%2C300 1.5x, https:\/\/i0.wp.com\/www.ellensailing.se\/wp-content\/uploads\/2020\/07\/img_0278-13-scaled.jpg?fit=1200%2C900&ssl=1&resize=700%2C400 2x, https:\/\/i0.wp.com\/www.ellensailing.se\/wp-content\/uploads\/2020\/07\/img_0278-13-scaled.jpg?fit=1200%2C900&ssl=1&resize=1050%2C600 3x"},"classes":[]},{"id":3842,"url":"https:\/\/www.ellensailing.se\/?p=3842","url_meta":{"origin":971,"position":4},"title":"Semester igen","author":"peter@ellensailing.se","date":"14 juli, 2025","format":false,"excerpt":"Har varit d\u00e5lig p\u00e5 att l\u00e4gga ut men skall b\u00e4ttra oss. Vi har nu varit ute i en och en halv vecka. Vi gick \u00f6ver fr\u00e5n N\u00e5ttar\u00f6 f\u00f6rra torsdagen till Lickershamn. Vi hade det bl\u00e5sit d\u00e4r och l\u00e5g l\u00e5ngsides men det ryckte en del. J\u00e4tte h\u00e4rlig kv\u00e4ll med solnedg\u00e5ng i\u2026","rel":"","context":"I \u201dSegling 2025\u201d","block_context":{"text":"Segling 2025","link":"https:\/\/www.ellensailing.se\/?cat=34"},"img":{"alt_text":"","src":"https:\/\/i0.wp.com\/www.ellensailing.se\/wp-content\/uploads\/2025\/07\/IMG_1501-scaled.jpg?fit=1200%2C900&ssl=1&resize=350%2C200","width":350,"height":200,"srcset":"https:\/\/i0.wp.com\/www.ellensailing.se\/wp-content\/uploads\/2025\/07\/IMG_1501-scaled.jpg?fit=1200%2C900&ssl=1&resize=350%2C200 1x, https:\/\/i0.wp.com\/www.ellensailing.se\/wp-content\/uploads\/2025\/07\/IMG_1501-scaled.jpg?fit=1200%2C900&ssl=1&resize=525%2C300 1.5x, https:\/\/i0.wp.com\/www.ellensailing.se\/wp-content\/uploads\/2025\/07\/IMG_1501-scaled.jpg?fit=1200%2C900&ssl=1&resize=700%2C400 2x, https:\/\/i0.wp.com\/www.ellensailing.se\/wp-content\/uploads\/2025\/07\/IMG_1501-scaled.jpg?fit=1200%2C900&ssl=1&resize=1050%2C600 3x"},"classes":[]},{"id":1551,"url":"https:\/\/www.ellensailing.se\/?p=1551","url_meta":{"origin":971,"position":5},"title":"F\u00f6rberedelserna forts\u00e4tter inf\u00f6r ARC","author":"peter@ellensailing.se","date":"15 november, 2017","format":false,"excerpt":"Vi ligger mycket bra till inf\u00f6r f\u00f6rberedelserna innan vi startar p\u00e5 s\u00f6ndag. Vi har bunkrat alla torrvaror redan och stuvat undan det. All extra vatten \u00e4r best\u00e4llt och kommer levereras p\u00e5 fredag. Idag \u00e4r vi och handlar f\u00f6r de r\u00e4tter vi skall laga i morgon. V\u00e5ra v\u00e4nner Tomas och Lotta\u2026","rel":"","context":"I \u201dARC 2017\u201d","block_context":{"text":"ARC 2017","link":"https:\/\/www.ellensailing.se\/?cat=23"},"img":{"alt_text":"","src":"https:\/\/i0.wp.com\/www.ellensailing.se\/wp-content\/uploads\/2017\/11\/IMG_6293.jpg?fit=1200%2C900&ssl=1&resize=350%2C200","width":350,"height":200,"srcset":"https:\/\/i0.wp.com\/www.ellensailing.se\/wp-content\/uploads\/2017\/11\/IMG_6293.jpg?fit=1200%2C900&ssl=1&resize=350%2C200 1x, https:\/\/i0.wp.com\/www.ellensailing.se\/wp-content\/uploads\/2017\/11\/IMG_6293.jpg?fit=1200%2C900&ssl=1&resize=525%2C300 1.5x, https:\/\/i0.wp.com\/www.ellensailing.se\/wp-content\/uploads\/2017\/11\/IMG_6293.jpg?fit=1200%2C900&ssl=1&resize=700%2C400 2x, https:\/\/i0.wp.com\/www.ellensailing.se\/wp-content\/uploads\/2017\/11\/IMG_6293.jpg?fit=1200%2C900&ssl=1&resize=1050%2C600 3x"},"classes":[]}],"jetpack_likes_enabled":false,"_links":{"self":[{"href":"https:\/\/www.ellensailing.se\/index.php?rest_route=\/wp\/v2\/posts\/971","targetHints":{"allow":["GET"]}}],"collection":[{"href":"https:\/\/www.ellensailing.se\/index.php?rest_route=\/wp\/v2\/posts"}],"about":[{"href":"https:\/\/www.ellensailing.se\/index.php?rest_route=\/wp\/v2\/types\/post"}],"author":[{"embeddable":true,"href":"https:\/\/www.ellensailing.se\/index.php?rest_route=\/wp\/v2\/users\/1"}],"replies":[{"embeddable":true,"href":"https:\/\/www.ellensailing.se\/index.php?rest_route=%2Fwp%2Fv2%2Fcomments&post=971"}],"version-history":[{"count":1,"href":"https:\/\/www.ellensailing.se\/index.php?rest_route=\/wp\/v2\/posts\/971\/revisions"}],"predecessor-version":[{"id":972,"href":"https:\/\/www.ellensailing.se\/index.php?rest_route=\/wp\/v2\/posts\/971\/revisions\/972"}],"wp:featuredmedia":[{"embeddable":true,"href":"https:\/\/www.ellensailing.se\/index.php?rest_route=\/wp\/v2\/media\/953"}],"wp:attachment":[{"href":"https:\/\/www.ellensailing.se\/index.php?rest_route=%2Fwp%2Fv2%2Fmedia&parent=971"}],"wp:term":[{"taxonomy":"category","embeddable":true,"href":"https:\/\/www.ellensailing.se\/index.php?rest_route=%2Fwp%2Fv2%2Fcategories&post=971"},{"taxonomy":"post_tag","embeddable":true,"href":"https:\/\/www.ellensailing.se\/index.php?rest_route=%2Fwp%2Fv2%2Ftags&post=971"}],"curies":[{"name":"wp","href":"https:\/\/api.w.org\/{rel}","templated":true}]}}