{"id":942,"date":"2016-06-27T21:40:08","date_gmt":"2016-06-27T19:40:08","guid":{"rendered":"https:\/\/www.ellensailing.se\/?p=942"},"modified":"2016-06-27T21:40:08","modified_gmt":"2016-06-27T19:40:08","slug":"midsommar-firar-vi-i-rensburg","status":"publish","type":"post","link":"https:\/\/www.ellensailing.se\/?p=942","title":{"rendered":"Midsommar firar vi i Rensburg"},"content":{"rendered":"<p><a href=\"https:\/\/i0.wp.com\/www.ellensailing.se\/wp-content\/uploads\/2016\/06\/DSC_0264.jpg?ssl=1\"><img data-recalc-dims=\"1\" fetchpriority=\"high\" decoding=\"async\" class=\"aligncenter size-large wp-image-947\" src=\"https:\/\/i0.wp.com\/www.ellensailing.se\/wp-content\/uploads\/2016\/06\/DSC_0264.jpg?resize=640%2C425&#038;ssl=1\" alt=\"DSC_0264\" width=\"640\" height=\"425\" srcset=\"https:\/\/i0.wp.com\/www.ellensailing.se\/wp-content\/uploads\/2016\/06\/DSC_0264.jpg?resize=1024%2C680&amp;ssl=1 1024w, https:\/\/i0.wp.com\/www.ellensailing.se\/wp-content\/uploads\/2016\/06\/DSC_0264.jpg?resize=300%2C200&amp;ssl=1 300w, https:\/\/i0.wp.com\/www.ellensailing.se\/wp-content\/uploads\/2016\/06\/DSC_0264.jpg?resize=768%2C510&amp;ssl=1 768w, https:\/\/i0.wp.com\/www.ellensailing.se\/wp-content\/uploads\/2016\/06\/DSC_0264.jpg?w=1680&amp;ssl=1 1680w, https:\/\/i0.wp.com\/www.ellensailing.se\/wp-content\/uploads\/2016\/06\/DSC_0264.jpg?w=2520&amp;ssl=1 2520w\" sizes=\"(max-width: 640px) 100vw, 640px\" \/><\/a><\/p>\n<p>Vi l\u00e4mnar Bornholm, det \u00e4r lugnt p\u00e5 havet. Denna segelfartyg m\u00f6tte vi utanf\u00f6r Bornholm. Vi gick f\u00f6r motor enligt plan innan vinden kommer.<\/p>\n<p><a href=\"https:\/\/i0.wp.com\/www.ellensailing.se\/wp-content\/uploads\/2016\/06\/DSC_0260.jpg?ssl=1\"><img data-recalc-dims=\"1\" decoding=\"async\" class=\"aligncenter size-large wp-image-946\" src=\"https:\/\/i0.wp.com\/www.ellensailing.se\/wp-content\/uploads\/2016\/06\/DSC_0260.jpg?resize=640%2C425&#038;ssl=1\" alt=\"DSC_0260\" width=\"640\" height=\"425\" srcset=\"https:\/\/i0.wp.com\/www.ellensailing.se\/wp-content\/uploads\/2016\/06\/DSC_0260.jpg?resize=1024%2C680&amp;ssl=1 1024w, https:\/\/i0.wp.com\/www.ellensailing.se\/wp-content\/uploads\/2016\/06\/DSC_0260.jpg?resize=300%2C200&amp;ssl=1 300w, https:\/\/i0.wp.com\/www.ellensailing.se\/wp-content\/uploads\/2016\/06\/DSC_0260.jpg?resize=768%2C510&amp;ssl=1 768w, https:\/\/i0.wp.com\/www.ellensailing.se\/wp-content\/uploads\/2016\/06\/DSC_0260.jpg?w=1680&amp;ssl=1 1680w, https:\/\/i0.wp.com\/www.ellensailing.se\/wp-content\/uploads\/2016\/06\/DSC_0260.jpg?w=2520&amp;ssl=1 2520w\" sizes=\"(max-width: 640px) 100vw, 640px\" \/><\/a>Lasse och jag gick upp kvart i fyra och st\u00e5nkade iv\u00e4g. Inte mycket vind.<\/p>\n<figure id=\"attachment_948\" aria-describedby=\"caption-attachment-948\" style=\"width: 640px\" class=\"wp-caption aligncenter\"><a href=\"https:\/\/i0.wp.com\/www.ellensailing.se\/wp-content\/uploads\/2016\/06\/DSC_0272.jpg?ssl=1\"><img data-recalc-dims=\"1\" decoding=\"async\" class=\"wp-image-948 size-large\" src=\"https:\/\/i0.wp.com\/www.ellensailing.se\/wp-content\/uploads\/2016\/06\/DSC_0272-e1467055878985-680x1024.jpg?resize=640%2C964&#038;ssl=1\" alt=\"DSC_0272\" width=\"640\" height=\"964\" srcset=\"https:\/\/i0.wp.com\/www.ellensailing.se\/wp-content\/uploads\/2016\/06\/DSC_0272-e1467055878985.jpg?resize=680%2C1024&amp;ssl=1 680w, https:\/\/i0.wp.com\/www.ellensailing.se\/wp-content\/uploads\/2016\/06\/DSC_0272-e1467055878985.jpg?resize=199%2C300&amp;ssl=1 199w, https:\/\/i0.wp.com\/www.ellensailing.se\/wp-content\/uploads\/2016\/06\/DSC_0272-e1467055878985.jpg?resize=768%2C1156&amp;ssl=1 768w, https:\/\/i0.wp.com\/www.ellensailing.se\/wp-content\/uploads\/2016\/06\/DSC_0272-e1467055878985.jpg?w=1680&amp;ssl=1 1680w, https:\/\/i0.wp.com\/www.ellensailing.se\/wp-content\/uploads\/2016\/06\/DSC_0272-e1467055878985.jpg?w=2520&amp;ssl=1 2520w\" sizes=\"(max-width: 640px) 100vw, 640px\" \/><\/a><figcaption id=\"caption-attachment-948\" class=\"wp-caption-text\">Jackie fixar lunch med det nya f\u00f6rkl\u00e4det fr\u00e5n syrran Gun.<\/figcaption><\/figure>\n<figure id=\"attachment_953\" aria-describedby=\"caption-attachment-953\" style=\"width: 640px\" class=\"wp-caption aligncenter\"><a href=\"https:\/\/i0.wp.com\/www.ellensailing.se\/wp-content\/uploads\/2016\/06\/DSC_0321.jpg?ssl=1\"><img data-recalc-dims=\"1\" loading=\"lazy\" decoding=\"async\" class=\"wp-image-953 size-large\" src=\"https:\/\/i0.wp.com\/www.ellensailing.se\/wp-content\/uploads\/2016\/06\/DSC_0321.jpg?resize=640%2C425&#038;ssl=1\" alt=\"DSC_0321\" width=\"640\" height=\"425\" srcset=\"https:\/\/i0.wp.com\/www.ellensailing.se\/wp-content\/uploads\/2016\/06\/DSC_0321.jpg?resize=1024%2C680&amp;ssl=1 1024w, https:\/\/i0.wp.com\/www.ellensailing.se\/wp-content\/uploads\/2016\/06\/DSC_0321.jpg?resize=300%2C200&amp;ssl=1 300w, https:\/\/i0.wp.com\/www.ellensailing.se\/wp-content\/uploads\/2016\/06\/DSC_0321.jpg?resize=768%2C510&amp;ssl=1 768w, https:\/\/i0.wp.com\/www.ellensailing.se\/wp-content\/uploads\/2016\/06\/DSC_0321.jpg?w=1680&amp;ssl=1 1680w, https:\/\/i0.wp.com\/www.ellensailing.se\/wp-content\/uploads\/2016\/06\/DSC_0321.jpg?w=2520&amp;ssl=1 2520w\" sizes=\"(max-width: 640px) 100vw, 640px\" \/><\/a><figcaption id=\"caption-attachment-953\" class=\"wp-caption-text\">Ellen i den stora slussen.<\/figcaption><\/figure>\n<p>&nbsp;<\/p>\n<figure id=\"attachment_954\" aria-describedby=\"caption-attachment-954\" style=\"width: 640px\" class=\"wp-caption aligncenter\"><a href=\"https:\/\/i0.wp.com\/www.ellensailing.se\/wp-content\/uploads\/2016\/06\/DSC_0326.jpg?ssl=1\"><img data-recalc-dims=\"1\" loading=\"lazy\" decoding=\"async\" class=\"wp-image-954 size-large\" src=\"https:\/\/i0.wp.com\/www.ellensailing.se\/wp-content\/uploads\/2016\/06\/DSC_0326.jpg?resize=640%2C425&#038;ssl=1\" alt=\"DSC_0326\" width=\"640\" height=\"425\" srcset=\"https:\/\/i0.wp.com\/www.ellensailing.se\/wp-content\/uploads\/2016\/06\/DSC_0326.jpg?resize=1024%2C680&amp;ssl=1 1024w, https:\/\/i0.wp.com\/www.ellensailing.se\/wp-content\/uploads\/2016\/06\/DSC_0326.jpg?resize=300%2C200&amp;ssl=1 300w, https:\/\/i0.wp.com\/www.ellensailing.se\/wp-content\/uploads\/2016\/06\/DSC_0326.jpg?resize=768%2C510&amp;ssl=1 768w, https:\/\/i0.wp.com\/www.ellensailing.se\/wp-content\/uploads\/2016\/06\/DSC_0326.jpg?w=1680&amp;ssl=1 1680w, https:\/\/i0.wp.com\/www.ellensailing.se\/wp-content\/uploads\/2016\/06\/DSC_0326.jpg?w=2520&amp;ssl=1 2520w\" sizes=\"(max-width: 640px) 100vw, 640px\" \/><\/a><figcaption id=\"caption-attachment-954\" class=\"wp-caption-text\">Det rymms stora b\u00e5tar i kanalslussarna<\/figcaption><\/figure>\n<p>Vi l\u00e5g och v\u00e4ntade p\u00e5 den gamla slussen f\u00f6r att f\u00e5 g\u00e5 in i Kielkanalen, d\u00e5 blev vi uppropade p\u00e5 VHF en f\u00f6r att byta sluss till den nya stor f\u00f6r de stora fartygen. Vi skynda oss runt och hamnade bakom Vera Rahbow som \u00e4r ett j\u00e4ttefartyg.<\/p>\n<p>&nbsp;<\/p>\n<figure id=\"attachment_956\" aria-describedby=\"caption-attachment-956\" style=\"width: 640px\" class=\"wp-caption aligncenter\"><a href=\"https:\/\/i0.wp.com\/www.ellensailing.se\/wp-content\/uploads\/2016\/06\/DSC_0333.jpg?ssl=1\"><img data-recalc-dims=\"1\" loading=\"lazy\" decoding=\"async\" class=\"wp-image-956 size-large\" src=\"https:\/\/i0.wp.com\/www.ellensailing.se\/wp-content\/uploads\/2016\/06\/DSC_0333.jpg?resize=640%2C425&#038;ssl=1\" alt=\"DSC_0333\" width=\"640\" height=\"425\" srcset=\"https:\/\/i0.wp.com\/www.ellensailing.se\/wp-content\/uploads\/2016\/06\/DSC_0333.jpg?resize=1024%2C680&amp;ssl=1 1024w, https:\/\/i0.wp.com\/www.ellensailing.se\/wp-content\/uploads\/2016\/06\/DSC_0333.jpg?resize=300%2C200&amp;ssl=1 300w, https:\/\/i0.wp.com\/www.ellensailing.se\/wp-content\/uploads\/2016\/06\/DSC_0333.jpg?resize=768%2C510&amp;ssl=1 768w, https:\/\/i0.wp.com\/www.ellensailing.se\/wp-content\/uploads\/2016\/06\/DSC_0333.jpg?w=1680&amp;ssl=1 1680w, https:\/\/i0.wp.com\/www.ellensailing.se\/wp-content\/uploads\/2016\/06\/DSC_0333.jpg?w=2520&amp;ssl=1 2520w\" sizes=\"(max-width: 640px) 100vw, 640px\" \/><\/a><figcaption id=\"caption-attachment-956\" class=\"wp-caption-text\">H\u00e4ftigt att g\u00e5 med de stora fartygen i Kiel.<\/figcaption><\/figure>\n<p>V\u00e4l framme i Rensburg s\u00e5 firade vi midsommar med lunch vid 8 tiden f\u00f6r d\u00e4refter somna gott. Vi gick iv\u00e4g dagen efter klockan 0800 f\u00f6r att g\u00e5 till Cuxhaven.<\/p>\n","protected":false},"excerpt":{"rendered":"<p>Vi l\u00e4mnar Bornholm, det \u00e4r lugnt p\u00e5 havet. Denna segelfartyg m\u00f6tte vi utanf\u00f6r Bornholm. Vi gick f\u00f6r motor enligt plan[&#8230;]<\/p>\n","protected":false},"author":1,"featured_media":950,"comment_status":"open","ping_status":"open","sticky":false,"template":"","format":"standard","meta":{"_jetpack_newsletter_access":"","_jetpack_dont_email_post_to_subs":false,"_jetpack_newsletter_tier_id":0,"_jetpack_memberships_contains_paywalled_content":false,"_jetpack_feature_clip_id":0,"_jetpack_memberships_contains_paid_content":false,"footnotes":"","jetpack_publicize_message":"","jetpack_publicize_feature_enabled":true,"jetpack_social_post_already_shared":true,"jetpack_social_options":{"image_generator_settings":{"template":"highway","default_image_id":0,"font":"","enabled":false},"version":2},"jetpack_post_was_ever_published":false},"categories":[20],"tags":[],"class_list":["post-942","post","type-post","status-publish","format-standard","has-post-thumbnail","hentry","category-sommar-2016"],"jetpack_publicize_connections":[],"jetpack_featured_media_url":"https:\/\/i0.wp.com\/www.ellensailing.se\/wp-content\/uploads\/2016\/06\/DSC_0294.jpg?fit=4288%2C2848&ssl=1","jetpack_sharing_enabled":true,"jetpack_shortlink":"https:\/\/wp.me\/p5G68R-fc","jetpack-related-posts":[{"id":434,"url":"https:\/\/www.ellensailing.se\/?p=434","url_meta":{"origin":942,"position":0},"title":"\u00c4nnu mera s\u00e4lar och nu Bornhom!","author":"peter@ellensailing.se","date":"2 juli, 2015","format":false,"excerpt":"Idag blev det tidig avg\u00e5ngt fr\u00e5n Utklippan. Fint v\u00e4der var f\u00f6rutsp\u00e5tt men lite vind. Vi stack fr\u00e5n Utklippan vid 7- tiden och Disel Doris har f\u00e5tt bek\u00e4nna f\u00e4rg idag. Ingen vind \u00f6verhuvudtaget. Kom lite vind n\u00e4r det var 2,6 distans kvar. Sk\u00f6nt och ett otroligt fint v\u00e4der har det varit\u2026","rel":"","context":"I \u201dSommar 2015\u201d","block_context":{"text":"Sommar 2015","link":"https:\/\/www.ellensailing.se\/?cat=4"},"img":{"alt_text":"","src":"https:\/\/i0.wp.com\/www.ellensailing.se\/wp-content\/uploads\/2015\/07\/DSC_02161.jpg?fit=1200%2C797&ssl=1&resize=350%2C200","width":350,"height":200,"srcset":"https:\/\/i0.wp.com\/www.ellensailing.se\/wp-content\/uploads\/2015\/07\/DSC_02161.jpg?fit=1200%2C797&ssl=1&resize=350%2C200 1x, https:\/\/i0.wp.com\/www.ellensailing.se\/wp-content\/uploads\/2015\/07\/DSC_02161.jpg?fit=1200%2C797&ssl=1&resize=525%2C300 1.5x, https:\/\/i0.wp.com\/www.ellensailing.se\/wp-content\/uploads\/2015\/07\/DSC_02161.jpg?fit=1200%2C797&ssl=1&resize=700%2C400 2x, https:\/\/i0.wp.com\/www.ellensailing.se\/wp-content\/uploads\/2015\/07\/DSC_02161.jpg?fit=1200%2C797&ssl=1&resize=1050%2C600 3x"},"classes":[]},{"id":925,"url":"https:\/\/www.ellensailing.se\/?p=925","url_meta":{"origin":942,"position":1},"title":"Mycket garv i Sandvig p\u00e5 Bornholm.","author":"peter@ellensailing.se","date":"23 juni, 2016","format":false,"excerpt":"Efter en fantastisk segling fr\u00e5n Kalmar hissar vi upp Danmarks g\u00e4stflagg. Vi kastade loss fr\u00e5n Kalmar vid 20 tiden efter vi \u00e4tit en god middag. Vi hann h\u00e4lsa p\u00e5 v\u00e5ra v\u00e4nner Rainer och\u00a0 Maritha fr\u00e5n avseglargruppen innan vi stack. Som vanligt b\u00f6rjade seglingen med kryss men den efterl\u00e4ngtade v\u00e4stan kom\u2026","rel":"","context":"I \u201dSommar 2016\u201d","block_context":{"text":"Sommar 2016","link":"https:\/\/www.ellensailing.se\/?cat=20"},"img":{"alt_text":"","src":"https:\/\/i0.wp.com\/www.ellensailing.se\/wp-content\/uploads\/2016\/06\/DSC_0221.jpg?fit=1200%2C797&ssl=1&resize=350%2C200","width":350,"height":200,"srcset":"https:\/\/i0.wp.com\/www.ellensailing.se\/wp-content\/uploads\/2016\/06\/DSC_0221.jpg?fit=1200%2C797&ssl=1&resize=350%2C200 1x, https:\/\/i0.wp.com\/www.ellensailing.se\/wp-content\/uploads\/2016\/06\/DSC_0221.jpg?fit=1200%2C797&ssl=1&resize=525%2C300 1.5x, https:\/\/i0.wp.com\/www.ellensailing.se\/wp-content\/uploads\/2016\/06\/DSC_0221.jpg?fit=1200%2C797&ssl=1&resize=700%2C400 2x, https:\/\/i0.wp.com\/www.ellensailing.se\/wp-content\/uploads\/2016\/06\/DSC_0221.jpg?fit=1200%2C797&ssl=1&resize=1050%2C600 3x"},"classes":[]},{"id":455,"url":"https:\/\/www.ellensailing.se\/?p=455","url_meta":{"origin":942,"position":2},"title":"Vitte p\u00e5 Hiddensee, fredag den 3 juli","author":"peter@ellensailing.se","date":"7 juli, 2015","format":false,"excerpt":"Nu har det ordnat sig s\u00e5 vi har Wifi igen, f\u00e5 se hur l\u00e4nge det h\u00e5ller denna g\u00e5ng. Vi hade en kanonsegling fr\u00e5n Bornholm till Hiddensee i Tyskland. Bl\u00e5ste runt 10 m\/s och hade vinden snett bakifr\u00e5n. Fullm\u00e5ne ganska varmt och helt underbart. Vi kom till Vitte vid 6.30 p\u00e5\u2026","rel":"","context":"I \u201dSommar 2015\u201d","block_context":{"text":"Sommar 2015","link":"https:\/\/www.ellensailing.se\/?cat=4"},"img":{"alt_text":"","src":"https:\/\/i0.wp.com\/www.ellensailing.se\/wp-content\/uploads\/2015\/07\/DSC_0856.jpg?fit=1200%2C797&ssl=1&resize=350%2C200","width":350,"height":200,"srcset":"https:\/\/i0.wp.com\/www.ellensailing.se\/wp-content\/uploads\/2015\/07\/DSC_0856.jpg?fit=1200%2C797&ssl=1&resize=350%2C200 1x, https:\/\/i0.wp.com\/www.ellensailing.se\/wp-content\/uploads\/2015\/07\/DSC_0856.jpg?fit=1200%2C797&ssl=1&resize=525%2C300 1.5x, https:\/\/i0.wp.com\/www.ellensailing.se\/wp-content\/uploads\/2015\/07\/DSC_0856.jpg?fit=1200%2C797&ssl=1&resize=700%2C400 2x, https:\/\/i0.wp.com\/www.ellensailing.se\/wp-content\/uploads\/2015\/07\/DSC_0856.jpg?fit=1200%2C797&ssl=1&resize=1050%2C600 3x"},"classes":[]},{"id":680,"url":"https:\/\/www.ellensailing.se\/?p=680","url_meta":{"origin":942,"position":3},"title":"H\u00e4rliga seglingsbilder fr\u00e5n i somras!","author":"peter@ellensailing.se","date":"16 november, 2015","format":false,"excerpt":"Tack Janne och Christina f\u00f6r den trevliga middagen i l\u00f6rdags! Kul att se och f\u00e5 bilder p\u00e5 den h\u00e4rliga tid vi hade tillsammans n\u00e4r vi seglade till Polen via Tyskland. Man blir glad att se s\u00e5 underbart vi hade det. Polen levererade verkligen. Ni som \u00e4nnu inte har seglat dit\u2026","rel":"","context":"I \u201dSommar 2015\u201d","block_context":{"text":"Sommar 2015","link":"https:\/\/www.ellensailing.se\/?cat=4"},"img":{"alt_text":"","src":"https:\/\/i0.wp.com\/www.ellensailing.se\/wp-content\/uploads\/2015\/11\/DSC02044.jpg?fit=1200%2C800&ssl=1&resize=350%2C200","width":350,"height":200,"srcset":"https:\/\/i0.wp.com\/www.ellensailing.se\/wp-content\/uploads\/2015\/11\/DSC02044.jpg?fit=1200%2C800&ssl=1&resize=350%2C200 1x, https:\/\/i0.wp.com\/www.ellensailing.se\/wp-content\/uploads\/2015\/11\/DSC02044.jpg?fit=1200%2C800&ssl=1&resize=525%2C300 1.5x, https:\/\/i0.wp.com\/www.ellensailing.se\/wp-content\/uploads\/2015\/11\/DSC02044.jpg?fit=1200%2C800&ssl=1&resize=700%2C400 2x, https:\/\/i0.wp.com\/www.ellensailing.se\/wp-content\/uploads\/2015\/11\/DSC02044.jpg?fit=1200%2C800&ssl=1&resize=1050%2C600 3x"},"classes":[]},{"id":971,"url":"https:\/\/www.ellensailing.se\/?p=971","url_meta":{"origin":942,"position":4},"title":"Resten av Kielkanalen och att g\u00e5 i motstr\u00f6m!","author":"peter@ellensailing.se","date":"27 juni, 2016","format":false,"excerpt":"Vi gick upp p\u00e5 morgonen vid 08.00, dagen efter midsommar. Det har v\u00e4l aldrig h\u00e4nt. Vi kom in till Rehnsberg strax efter 11. Det blev en tur upp p\u00e5 staden f\u00f6r att f\u00e5 r\u00f6ra p\u00e5 benen lite. Det var en ganska mysig liten stad som man troligtvis aldrig hade kommit\u2026","rel":"","context":"I \u201dSommar 2016\u201d","block_context":{"text":"Sommar 2016","link":"https:\/\/www.ellensailing.se\/?cat=20"},"img":{"alt_text":"","src":"https:\/\/i0.wp.com\/www.ellensailing.se\/wp-content\/uploads\/2016\/06\/DSC_0321.jpg?fit=1200%2C797&ssl=1&resize=350%2C200","width":350,"height":200,"srcset":"https:\/\/i0.wp.com\/www.ellensailing.se\/wp-content\/uploads\/2016\/06\/DSC_0321.jpg?fit=1200%2C797&ssl=1&resize=350%2C200 1x, https:\/\/i0.wp.com\/www.ellensailing.se\/wp-content\/uploads\/2016\/06\/DSC_0321.jpg?fit=1200%2C797&ssl=1&resize=525%2C300 1.5x, https:\/\/i0.wp.com\/www.ellensailing.se\/wp-content\/uploads\/2016\/06\/DSC_0321.jpg?fit=1200%2C797&ssl=1&resize=700%2C400 2x, https:\/\/i0.wp.com\/www.ellensailing.se\/wp-content\/uploads\/2016\/06\/DSC_0321.jpg?fit=1200%2C797&ssl=1&resize=1050%2C600 3x"},"classes":[]},{"id":447,"url":"https:\/\/www.ellensailing.se\/?p=447","url_meta":{"origin":942,"position":5},"title":"Nattsegling till Tyskland, Vitte Insel Hiddensee","author":"peter@ellensailing.se","date":"2 juli, 2015","format":false,"excerpt":"Det har varit en fantastisk dag p\u00e5 HammerHavn idag. Klarbl\u00e5 himmel med massor med sol och lite ljuv bris. Vi har promenerat till lilla byn och \u00e4tit lite sm\u00f6rrebr\u00f6d och inhemsk \u00f6l. De \u00e4r duktiga p\u00e5 det danskarna, men man f\u00f6rst\u00e5r inte vad de s\u00e4ger. \u00a0 \u00a0 \u00a0 Prognos s\u00e4ger\u2026","rel":"","context":"I \u201dSommar 2015\u201d","block_context":{"text":"Sommar 2015","link":"https:\/\/www.ellensailing.se\/?cat=4"},"img":{"alt_text":"","src":"https:\/\/i0.wp.com\/www.ellensailing.se\/wp-content\/uploads\/2015\/07\/rutt.png?fit=768%2C1024&ssl=1&resize=350%2C200","width":350,"height":200,"srcset":"https:\/\/i0.wp.com\/www.ellensailing.se\/wp-content\/uploads\/2015\/07\/rutt.png?fit=768%2C1024&ssl=1&resize=350%2C200 1x, https:\/\/i0.wp.com\/www.ellensailing.se\/wp-content\/uploads\/2015\/07\/rutt.png?fit=768%2C1024&ssl=1&resize=525%2C300 1.5x, https:\/\/i0.wp.com\/www.ellensailing.se\/wp-content\/uploads\/2015\/07\/rutt.png?fit=768%2C1024&ssl=1&resize=700%2C400 2x"},"classes":[]}],"jetpack_likes_enabled":false,"_links":{"self":[{"href":"https:\/\/www.ellensailing.se\/index.php?rest_route=\/wp\/v2\/posts\/942","targetHints":{"allow":["GET"]}}],"collection":[{"href":"https:\/\/www.ellensailing.se\/index.php?rest_route=\/wp\/v2\/posts"}],"about":[{"href":"https:\/\/www.ellensailing.se\/index.php?rest_route=\/wp\/v2\/types\/post"}],"author":[{"embeddable":true,"href":"https:\/\/www.ellensailing.se\/index.php?rest_route=\/wp\/v2\/users\/1"}],"replies":[{"embeddable":true,"href":"https:\/\/www.ellensailing.se\/index.php?rest_route=%2Fwp%2Fv2%2Fcomments&post=942"}],"version-history":[{"count":1,"href":"https:\/\/www.ellensailing.se\/index.php?rest_route=\/wp\/v2\/posts\/942\/revisions"}],"predecessor-version":[{"id":970,"href":"https:\/\/www.ellensailing.se\/index.php?rest_route=\/wp\/v2\/posts\/942\/revisions\/970"}],"wp:featuredmedia":[{"embeddable":true,"href":"https:\/\/www.ellensailing.se\/index.php?rest_route=\/wp\/v2\/media\/950"}],"wp:attachment":[{"href":"https:\/\/www.ellensailing.se\/index.php?rest_route=%2Fwp%2Fv2%2Fmedia&parent=942"}],"wp:term":[{"taxonomy":"category","embeddable":true,"href":"https:\/\/www.ellensailing.se\/index.php?rest_route=%2Fwp%2Fv2%2Fcategories&post=942"},{"taxonomy":"post_tag","embeddable":true,"href":"https:\/\/www.ellensailing.se\/index.php?rest_route=%2Fwp%2Fv2%2Ftags&post=942"}],"curies":[{"name":"wp","href":"https:\/\/api.w.org\/{rel}","templated":true}]}}