{"id":940,"date":"2016-06-23T20:40:22","date_gmt":"2016-06-23T18:40:22","guid":{"rendered":"https:\/\/www.ellensailing.se\/?p=940"},"modified":"2016-06-23T20:40:22","modified_gmt":"2016-06-23T18:40:22","slug":"vilken-seglingsdag-vi-har-haft-idag","status":"publish","type":"post","link":"https:\/\/www.ellensailing.se\/?p=940","title":{"rendered":"Vilken seglingsdag vi har haft idag!"},"content":{"rendered":"<p>Vi seglade iv i morse vid 4 tiden. Det var helt lugnt phavet. Vi gick f motor i sex timmar innan vinden kom. Helt enligt berningarna. Sedan har vinden fjt oss och vridigt n vi vill att den skall vrida.<\/p>\n<p>Vi har gt f Code1 hela dagen och vi ser ut att fortsta med det. Vi nu mitt emellan Danmark och Tyskland, strax utanf Gedser. Det blir inga bilder just nu f att meddelandet skrivet via SSB radion och Pactormodemet.<\/p>\n","protected":false},"excerpt":{"rendered":"<p>Vi seglade iv i morse vid 4 tiden. Det var helt lugnt phavet. Vi gick f motor i sex timmar[&#8230;]<\/p>\n","protected":false},"author":1,"featured_media":0,"comment_status":"open","ping_status":"open","sticky":false,"template":"","format":"standard","meta":{"_jetpack_newsletter_access":"","_jetpack_dont_email_post_to_subs":false,"_jetpack_newsletter_tier_id":0,"_jetpack_memberships_contains_paywalled_content":false,"_jetpack_feature_clip_id":0,"_jetpack_memberships_contains_paid_content":false,"footnotes":"","jetpack_publicize_message":"","jetpack_publicize_feature_enabled":true,"jetpack_social_post_already_shared":true,"jetpack_social_options":{"image_generator_settings":{"template":"highway","default_image_id":0,"font":"","enabled":false},"version":2},"jetpack_post_was_ever_published":false},"categories":[20],"tags":[],"class_list":["post-940","post","type-post","status-publish","format-standard","hentry","category-sommar-2016"],"jetpack_publicize_connections":[],"jetpack_featured_media_url":"","jetpack_sharing_enabled":true,"jetpack_shortlink":"https:\/\/wp.me\/p5G68R-fa","jetpack-related-posts":[{"id":583,"url":"https:\/\/www.ellensailing.se\/?p=583","url_meta":{"origin":940,"position":0},"title":"En otroligt kul helg med g\u00e4nget!","author":"peter@ellensailing.se","date":"27 juli, 2015","format":false,"excerpt":"\u00a0 Nu kan man s\u00e4ga att semestern \u00e4r slut p\u00e5 riktigt f\u00f6r denna g\u00e5ng. Trots att vi hunnit jobba en vecka s\u00e5 har b\u00e5ten varit kvar p\u00e5 semester i Kalmar. I fredags s\u00e5 fl\u00f6g vi ner till Kalmar f\u00f6r att segla hem. Prognoserna som varit f\u00f6r veckan har verkligen sett\u2026","rel":"","context":"I \u201dSommar 2015\u201d","block_context":{"text":"Sommar 2015","link":"https:\/\/www.ellensailing.se\/?cat=4"},"img":{"alt_text":"","src":"https:\/\/i0.wp.com\/www.ellensailing.se\/wp-content\/uploads\/2015\/07\/DSC_0033.jpg?fit=1200%2C797&ssl=1&resize=350%2C200","width":350,"height":200,"srcset":"https:\/\/i0.wp.com\/www.ellensailing.se\/wp-content\/uploads\/2015\/07\/DSC_0033.jpg?fit=1200%2C797&ssl=1&resize=350%2C200 1x, https:\/\/i0.wp.com\/www.ellensailing.se\/wp-content\/uploads\/2015\/07\/DSC_0033.jpg?fit=1200%2C797&ssl=1&resize=525%2C300 1.5x, https:\/\/i0.wp.com\/www.ellensailing.se\/wp-content\/uploads\/2015\/07\/DSC_0033.jpg?fit=1200%2C797&ssl=1&resize=700%2C400 2x, https:\/\/i0.wp.com\/www.ellensailing.se\/wp-content\/uploads\/2015\/07\/DSC_0033.jpg?fit=1200%2C797&ssl=1&resize=1050%2C600 3x"},"classes":[]},{"id":1586,"url":"https:\/\/www.ellensailing.se\/?p=1586","url_meta":{"origin":940,"position":1},"title":"Dygn 3, Varierande vindar","author":"peter@ellensailing.se","date":"22 november, 2017","format":false,"excerpt":"Vi \u00e5t en mycket f\u00e4rsk middag ig\u00e5r som bestod av tonfisk, ris, paprika och l\u00f6k. Smakade mycket bra. Natten har varit lugn med ca 8 knops vind. Dock \u00e4r den fr\u00e5n fel h\u00e5ll! Det jag har h\u00f6rt \u00e4r att n\u00e4r man seglar till Karibien s\u00e5 \u00e5ker man med vinden. Det\u2026","rel":"","context":"I \u201dARC 2017\u201d","block_context":{"text":"ARC 2017","link":"https:\/\/www.ellensailing.se\/?cat=23"},"img":{"alt_text":"","src":"","width":0,"height":0},"classes":[]},{"id":1843,"url":"https:\/\/www.ellensailing.se\/?p=1843","url_meta":{"origin":940,"position":2},"title":"Guadalupe fram och tillbaka","author":"peter@ellensailing.se","date":"20 februari, 2018","format":false,"excerpt":"Trots att vi \u00e4r i EU land s\u00e5 funkar n\u00e4tet s\u00e5d\u00e4r. Telenors avtalspart Digicell har v\u00e4ldigt d\u00e5lig t\u00e4ckning p\u00e5 m\u00e5nga st\u00e4llen vi varit. N\u00e5v\u00e4l, slutgn\u00e4llt om det men det \u00e4r d\u00e4rf\u00f6r v\u00e5ra inl\u00e4gg kommer ganska glest. Systeryster Gun och mannen Wille kom i s\u00f6ndags f\u00f6r att segla med oss i\u2026","rel":"","context":"I \u201dV\u00e4stindien 2017-2018\u201d","block_context":{"text":"V\u00e4stindien 2017-2018","link":"https:\/\/www.ellensailing.se\/?cat=24"},"img":{"alt_text":"","src":"https:\/\/i0.wp.com\/www.ellensailing.se\/wp-content\/uploads\/2018\/02\/2E46A7F7-5A2F-4FD8-BAE3-5319B315EA94-e1530776278219.jpeg?fit=950%2C311&ssl=1&resize=350%2C200","width":350,"height":200,"srcset":"https:\/\/i0.wp.com\/www.ellensailing.se\/wp-content\/uploads\/2018\/02\/2E46A7F7-5A2F-4FD8-BAE3-5319B315EA94-e1530776278219.jpeg?fit=950%2C311&ssl=1&resize=350%2C200 1x, https:\/\/i0.wp.com\/www.ellensailing.se\/wp-content\/uploads\/2018\/02\/2E46A7F7-5A2F-4FD8-BAE3-5319B315EA94-e1530776278219.jpeg?fit=950%2C311&ssl=1&resize=525%2C300 1.5x, https:\/\/i0.wp.com\/www.ellensailing.se\/wp-content\/uploads\/2018\/02\/2E46A7F7-5A2F-4FD8-BAE3-5319B315EA94-e1530776278219.jpeg?fit=950%2C311&ssl=1&resize=700%2C400 2x"},"classes":[]},{"id":2913,"url":"https:\/\/www.ellensailing.se\/?p=2913","url_meta":{"origin":940,"position":3},"title":"Rycka loss!","author":"peter@ellensailing.se","date":"30 juli, 2020","format":false,"excerpt":"Segla ifr\u00e5n Visby i morse d\u00e5 v\u00e5r tamp i land, en 18 mm Liros ryckts av klockan 5 p\u00e5 morgonen. Det var sydv\u00e4st rakt in i hamnen och sj\u00f6n var brutal. Vi hade redan best\u00e4mt oss f\u00f6r att segla upp till F\u00e5r\u00f6sund idag f\u00f6r att det var bra vindar fr\u00e5n\u2026","rel":"","context":"I \u201dSegling 2020\u201d","block_context":{"text":"Segling 2020","link":"https:\/\/www.ellensailing.se\/?cat=27"},"img":{"alt_text":"","src":"https:\/\/i0.wp.com\/www.ellensailing.se\/wp-content\/uploads\/2020\/07\/A6B8C97B-663E-405D-8EB2-8D1EF46384E5-scaled.jpeg?fit=900%2C1200&ssl=1&resize=350%2C200","width":350,"height":200,"srcset":"https:\/\/i0.wp.com\/www.ellensailing.se\/wp-content\/uploads\/2020\/07\/A6B8C97B-663E-405D-8EB2-8D1EF46384E5-scaled.jpeg?fit=900%2C1200&ssl=1&resize=350%2C200 1x, https:\/\/i0.wp.com\/www.ellensailing.se\/wp-content\/uploads\/2020\/07\/A6B8C97B-663E-405D-8EB2-8D1EF46384E5-scaled.jpeg?fit=900%2C1200&ssl=1&resize=525%2C300 1.5x, https:\/\/i0.wp.com\/www.ellensailing.se\/wp-content\/uploads\/2020\/07\/A6B8C97B-663E-405D-8EB2-8D1EF46384E5-scaled.jpeg?fit=900%2C1200&ssl=1&resize=700%2C400 2x"},"classes":[]},{"id":1591,"url":"https:\/\/www.ellensailing.se\/?p=1591","url_meta":{"origin":940,"position":4},"title":"Dygn 5, Stormens dag","author":"peter@ellensailing.se","date":"24 november, 2017","format":false,"excerpt":"Den som gapar \u00f6ver f\u00f6r mycket mister ofta hela stycket. Kanske mitt gn\u00e4ll \u00f6ver att det inte har bl\u00e5st har vi f\u00e5tt \u00e4ta upp sedan i natt. Det \u00e4r tokkryss och 24 knop konstant och 30 i byarna.Tror jag skall reklamera ARC f\u00f6r de pratar om passadvindar. Det \u00e4r inte\u2026","rel":"","context":"I \u201dARC 2017\u201d","block_context":{"text":"ARC 2017","link":"https:\/\/www.ellensailing.se\/?cat=23"},"img":{"alt_text":"","src":"","width":0,"height":0},"classes":[]},{"id":1593,"url":"https:\/\/www.ellensailing.se\/?p=1593","url_meta":{"origin":940,"position":5},"title":"Dygn 7, Seglat precis en vecka!","author":"peter@ellensailing.se","date":"26 november, 2017","format":false,"excerpt":"Nu precis s\u00e5 var det en vecka sedan vi startade ARC racet. Det har h\u00e4nt mycket p\u00e5 den veckan och vi har hela tiden n\u00e5got att g\u00f6ra. Natten som varit och nu p\u00e5 dagen har varit otroligt fint, h\u00e4rlig segling dock mot vinden. Vi tror vi taget en del bra\u2026","rel":"","context":"I \u201dARC 2017\u201d","block_context":{"text":"ARC 2017","link":"https:\/\/www.ellensailing.se\/?cat=23"},"img":{"alt_text":"","src":"","width":0,"height":0},"classes":[]}],"jetpack_likes_enabled":false,"_links":{"self":[{"href":"https:\/\/www.ellensailing.se\/index.php?rest_route=\/wp\/v2\/posts\/940","targetHints":{"allow":["GET"]}}],"collection":[{"href":"https:\/\/www.ellensailing.se\/index.php?rest_route=\/wp\/v2\/posts"}],"about":[{"href":"https:\/\/www.ellensailing.se\/index.php?rest_route=\/wp\/v2\/types\/post"}],"author":[{"embeddable":true,"href":"https:\/\/www.ellensailing.se\/index.php?rest_route=\/wp\/v2\/users\/1"}],"replies":[{"embeddable":true,"href":"https:\/\/www.ellensailing.se\/index.php?rest_route=%2Fwp%2Fv2%2Fcomments&post=940"}],"version-history":[{"count":0,"href":"https:\/\/www.ellensailing.se\/index.php?rest_route=\/wp\/v2\/posts\/940\/revisions"}],"wp:attachment":[{"href":"https:\/\/www.ellensailing.se\/index.php?rest_route=%2Fwp%2Fv2%2Fmedia&parent=940"}],"wp:term":[{"taxonomy":"category","embeddable":true,"href":"https:\/\/www.ellensailing.se\/index.php?rest_route=%2Fwp%2Fv2%2Fcategories&post=940"},{"taxonomy":"post_tag","embeddable":true,"href":"https:\/\/www.ellensailing.se\/index.php?rest_route=%2Fwp%2Fv2%2Ftags&post=940"}],"curies":[{"name":"wp","href":"https:\/\/api.w.org\/{rel}","templated":true}]}}