{"id":921,"date":"2016-06-22T04:25:30","date_gmt":"2016-06-22T02:25:30","guid":{"rendered":"https:\/\/www.ellensailing.se\/?p=921"},"modified":"2016-06-22T04:25:30","modified_gmt":"2016-06-22T02:25:30","slug":"godmorgon-varlden","status":"publish","type":"post","link":"https:\/\/www.ellensailing.se\/?p=921","title":{"rendered":"Godmorgon V\u00e4rlden!"},"content":{"rendered":"<p><a href=\"https:\/\/i0.wp.com\/www.ellensailing.se\/wp-content\/uploads\/2016\/06\/DSC_0168.jpg?ssl=1\"><img data-recalc-dims=\"1\" fetchpriority=\"high\" decoding=\"async\" class=\"aligncenter size-large wp-image-922\" src=\"https:\/\/i0.wp.com\/www.ellensailing.se\/wp-content\/uploads\/2016\/06\/DSC_0168.jpg?resize=640%2C425&#038;ssl=1\" alt=\"DSC_0168\" width=\"640\" height=\"425\" srcset=\"https:\/\/i0.wp.com\/www.ellensailing.se\/wp-content\/uploads\/2016\/06\/DSC_0168.jpg?resize=1024%2C680&amp;ssl=1 1024w, https:\/\/i0.wp.com\/www.ellensailing.se\/wp-content\/uploads\/2016\/06\/DSC_0168.jpg?resize=300%2C200&amp;ssl=1 300w, https:\/\/i0.wp.com\/www.ellensailing.se\/wp-content\/uploads\/2016\/06\/DSC_0168.jpg?resize=768%2C510&amp;ssl=1 768w, https:\/\/i0.wp.com\/www.ellensailing.se\/wp-content\/uploads\/2016\/06\/DSC_0168.jpg?w=1680&amp;ssl=1 1680w, https:\/\/i0.wp.com\/www.ellensailing.se\/wp-content\/uploads\/2016\/06\/DSC_0168.jpg?w=2520&amp;ssl=1 2520w\" sizes=\"(max-width: 640px) 100vw, 640px\" \/><\/a>God morgon!<\/p>\n<p>S\u00e5 h\u00e4r mysigt har vi det p\u00e5 havet. Det har varit en helt fantastik natt med en klotrund m\u00e5ne, 4-6 sekundmeter och en h\u00e4rlig streckbog. Vi l\u00e4mnade Kalmar kl 20 f\u00f6r att kunna dra nytta av v\u00e4stvinden som skulle komma och som kom klockan 21.30. Den h\u00e5ller i sig fortfarande och vi passerar nu Utklippan en bit ut och i och med s\u00e5 l\u00e4mnar vi \u00e4ven Sverige. F\u00e5nga dagen och njut, f\u00f6r det g\u00f6r vi.<\/p>\n","protected":false},"excerpt":{"rendered":"<p>God morgon! S\u00e5 h\u00e4r mysigt har vi det p\u00e5 havet. Det har varit en helt fantastik natt med en klotrund[&#8230;]<\/p>\n","protected":false},"author":1,"featured_media":923,"comment_status":"open","ping_status":"open","sticky":false,"template":"","format":"standard","meta":{"_jetpack_newsletter_access":"","_jetpack_dont_email_post_to_subs":false,"_jetpack_newsletter_tier_id":0,"_jetpack_memberships_contains_paywalled_content":false,"_jetpack_feature_clip_id":0,"_jetpack_memberships_contains_paid_content":false,"footnotes":"","jetpack_publicize_message":"","jetpack_publicize_feature_enabled":true,"jetpack_social_post_already_shared":true,"jetpack_social_options":{"image_generator_settings":{"template":"highway","default_image_id":0,"font":"","enabled":false},"version":2},"jetpack_post_was_ever_published":false},"categories":[20],"tags":[],"class_list":["post-921","post","type-post","status-publish","format-standard","has-post-thumbnail","hentry","category-sommar-2016"],"jetpack_publicize_connections":[],"jetpack_featured_media_url":"https:\/\/i0.wp.com\/www.ellensailing.se\/wp-content\/uploads\/2016\/06\/DSC_0173.jpg?fit=4288%2C2848&ssl=1","jetpack_sharing_enabled":true,"jetpack_shortlink":"https:\/\/wp.me\/p5G68R-eR","jetpack-related-posts":[{"id":1721,"url":"https:\/\/www.ellensailing.se\/?p=1721","url_meta":{"origin":921,"position":0},"title":"Gastarna har l\u00e4mnat och nu b\u00f6rjar en ny etapp!","author":"peter@ellensailing.se","date":"3 januari, 2018","format":false,"excerpt":"Det var med starka k\u00e4nslor som v\u00e5ra b\u00e4sta kompisar, gastar och v\u00e4nner l\u00e4mnade oss ig\u00e5r. Lasse som vi bott och levt med i 4 m\u00e5nader 24\/7 och Hans som varit med i n\u00e4stan tre m\u00e5nader. Det har varit j\u00e4ttemysigt att deras fruar Helene och Caroline som checkade in f\u00f6r ca\u2026","rel":"","context":"I \u201dV\u00e4stindien 2017-2018\u201d","block_context":{"text":"V\u00e4stindien 2017-2018","link":"https:\/\/www.ellensailing.se\/?cat=24"},"img":{"alt_text":"","src":"https:\/\/i0.wp.com\/www.ellensailing.se\/wp-content\/uploads\/2017\/12\/GPTempDownload-7.jpg?fit=1200%2C900&ssl=1&resize=350%2C200","width":350,"height":200,"srcset":"https:\/\/i0.wp.com\/www.ellensailing.se\/wp-content\/uploads\/2017\/12\/GPTempDownload-7.jpg?fit=1200%2C900&ssl=1&resize=350%2C200 1x, https:\/\/i0.wp.com\/www.ellensailing.se\/wp-content\/uploads\/2017\/12\/GPTempDownload-7.jpg?fit=1200%2C900&ssl=1&resize=525%2C300 1.5x, https:\/\/i0.wp.com\/www.ellensailing.se\/wp-content\/uploads\/2017\/12\/GPTempDownload-7.jpg?fit=1200%2C900&ssl=1&resize=700%2C400 2x, https:\/\/i0.wp.com\/www.ellensailing.se\/wp-content\/uploads\/2017\/12\/GPTempDownload-7.jpg?fit=1200%2C900&ssl=1&resize=1050%2C600 3x"},"classes":[]},{"id":1007,"url":"https:\/\/www.ellensailing.se\/?p=1007","url_meta":{"origin":921,"position":1},"title":"Nu l\u00e4mnar vi Amsterdam f\u00f6r att g\u00e5 kanalerna till Rotterdam via Haarlem","author":"peter@ellensailing.se","date":"3 juli, 2016","format":false,"excerpt":"Nu har vi l\u00e4mnat Amsterdam och kommer g\u00e5 kanalerna ner mot Rotterdam. Ig\u00e5r kv\u00e4ll tillbringade vi i klubbhuset och tog lite att dricka tillsammans med massa Tyskar. N\u00e4r Italien gjorde m\u00e5l fick vi heja lite tyst. Sarcs vimpel pryder nu klubbhuset. Vimpeln fick b\u00e4sta plats vid baren. Det var verkligen\u2026","rel":"","context":"I \u201dSommar 2016\u201d","block_context":{"text":"Sommar 2016","link":"https:\/\/www.ellensailing.se\/?cat=20"},"img":{"alt_text":"","src":"https:\/\/i0.wp.com\/www.ellensailing.se\/wp-content\/uploads\/2016\/07\/IMG_5301.jpg?fit=1200%2C900&ssl=1&resize=350%2C200","width":350,"height":200,"srcset":"https:\/\/i0.wp.com\/www.ellensailing.se\/wp-content\/uploads\/2016\/07\/IMG_5301.jpg?fit=1200%2C900&ssl=1&resize=350%2C200 1x, https:\/\/i0.wp.com\/www.ellensailing.se\/wp-content\/uploads\/2016\/07\/IMG_5301.jpg?fit=1200%2C900&ssl=1&resize=525%2C300 1.5x, https:\/\/i0.wp.com\/www.ellensailing.se\/wp-content\/uploads\/2016\/07\/IMG_5301.jpg?fit=1200%2C900&ssl=1&resize=700%2C400 2x, https:\/\/i0.wp.com\/www.ellensailing.se\/wp-content\/uploads\/2016\/07\/IMG_5301.jpg?fit=1200%2C900&ssl=1&resize=1050%2C600 3x"},"classes":[]},{"id":3602,"url":"https:\/\/www.ellensailing.se\/?p=3602","url_meta":{"origin":921,"position":2},"title":"Uppdraget utf\u00f6rt!","author":"peter@ellensailing.se","date":"21 april, 2024","format":false,"excerpt":"Ig\u00e5r n\u00e4r vi var runt och pratade med Kupra odlarna s\u00e5 fick vi ett uppdrag av de och det var att ladda deras telefoner. Det vi fick med oss till b\u00e5ten var fem telefoner. N\u00e4r de jobbar p\u00e5 odlingarna finns ingen el. Som tack f\u00f6r hj\u00e4lpen fick vi fyra kokosn\u00f6tter\u2026","rel":"","context":"I \u201dS\u00f6derhavet\u201d","block_context":{"text":"S\u00f6derhavet","link":"https:\/\/www.ellensailing.se\/?cat=33"},"img":{"alt_text":"","src":"https:\/\/i0.wp.com\/www.ellensailing.se\/wp-content\/uploads\/2024\/04\/img_4128-1.jpg?fit=900%2C1200&ssl=1&resize=350%2C200","width":350,"height":200,"srcset":"https:\/\/i0.wp.com\/www.ellensailing.se\/wp-content\/uploads\/2024\/04\/img_4128-1.jpg?fit=900%2C1200&ssl=1&resize=350%2C200 1x, https:\/\/i0.wp.com\/www.ellensailing.se\/wp-content\/uploads\/2024\/04\/img_4128-1.jpg?fit=900%2C1200&ssl=1&resize=525%2C300 1.5x, https:\/\/i0.wp.com\/www.ellensailing.se\/wp-content\/uploads\/2024\/04\/img_4128-1.jpg?fit=900%2C1200&ssl=1&resize=700%2C400 2x"},"classes":[]},{"id":552,"url":"https:\/\/www.ellensailing.se\/?p=552","url_meta":{"origin":921,"position":3},"title":"Tillbaka till Sverige och Kalmar!","author":"peter@ellensailing.se","date":"18 juli, 2015","format":false,"excerpt":"Efter en del funderande och studerande av Gribfiler s\u00e5 beslutade vi oss f\u00f6r att l\u00e4mna eskadern f\u00f6r denna g\u00e5ng. Vi s\u00e5g en bra lucka att segla fr\u00e5n Leba till Kalmar. Think Twice och Glittra forts\u00e4tter vidare till Gdansk. De stack p\u00e5 fredag morgon redan vid 7 tiden. Tror de hade\u2026","rel":"","context":"I \u201dSommar 2015\u201d","block_context":{"text":"Sommar 2015","link":"https:\/\/www.ellensailing.se\/?cat=4"},"img":{"alt_text":"","src":"https:\/\/i0.wp.com\/www.ellensailing.se\/wp-content\/uploads\/2015\/07\/DSC_0270.jpg?fit=1200%2C797&ssl=1&resize=350%2C200","width":350,"height":200,"srcset":"https:\/\/i0.wp.com\/www.ellensailing.se\/wp-content\/uploads\/2015\/07\/DSC_0270.jpg?fit=1200%2C797&ssl=1&resize=350%2C200 1x, https:\/\/i0.wp.com\/www.ellensailing.se\/wp-content\/uploads\/2015\/07\/DSC_0270.jpg?fit=1200%2C797&ssl=1&resize=525%2C300 1.5x, https:\/\/i0.wp.com\/www.ellensailing.se\/wp-content\/uploads\/2015\/07\/DSC_0270.jpg?fit=1200%2C797&ssl=1&resize=700%2C400 2x, https:\/\/i0.wp.com\/www.ellensailing.se\/wp-content\/uploads\/2015\/07\/DSC_0270.jpg?fit=1200%2C797&ssl=1&resize=1050%2C600 3x"},"classes":[]},{"id":1835,"url":"https:\/\/www.ellensailing.se\/?p=1835","url_meta":{"origin":921,"position":4},"title":"Vattenfall \u00e4r inte bara behagliga","author":"peter@ellensailing.se","date":"9 februari, 2018","format":false,"excerpt":"Var tvungen att f\u00e5 lite internet f\u00f6r att kunna l\u00e4gga upp film s\u00e5 det f\u00e5r bli nu ist\u00e4llet. Vi har l\u00e4mnat Dominica men kommer att komma tillbaka till den underbara p\u00e4rla som det \u00e4r med alla fina v\u00e4nliga m\u00e4nniskor. Vi gick fr\u00e5n Dominica upp till Iles des Saintes. D\u00e4r var\u2026","rel":"","context":"I \u201dV\u00e4stindien 2017-2018\u201d","block_context":{"text":"V\u00e4stindien 2017-2018","link":"https:\/\/www.ellensailing.se\/?cat=24"},"img":{"alt_text":"","src":"https:\/\/i0.wp.com\/www.ellensailing.se\/wp-content\/uploads\/2018\/02\/5C1874A8-5995-41C0-943D-E4EAF29E185A-e1518017403337.jpeg?fit=800%2C1200&ssl=1&resize=350%2C200","width":350,"height":200,"srcset":"https:\/\/i0.wp.com\/www.ellensailing.se\/wp-content\/uploads\/2018\/02\/5C1874A8-5995-41C0-943D-E4EAF29E185A-e1518017403337.jpeg?fit=800%2C1200&ssl=1&resize=350%2C200 1x, https:\/\/i0.wp.com\/www.ellensailing.se\/wp-content\/uploads\/2018\/02\/5C1874A8-5995-41C0-943D-E4EAF29E185A-e1518017403337.jpeg?fit=800%2C1200&ssl=1&resize=525%2C300 1.5x, https:\/\/i0.wp.com\/www.ellensailing.se\/wp-content\/uploads\/2018\/02\/5C1874A8-5995-41C0-943D-E4EAF29E185A-e1518017403337.jpeg?fit=800%2C1200&ssl=1&resize=700%2C400 2x"},"classes":[]},{"id":942,"url":"https:\/\/www.ellensailing.se\/?p=942","url_meta":{"origin":921,"position":5},"title":"Midsommar firar vi i Rensburg","author":"peter@ellensailing.se","date":"27 juni, 2016","format":false,"excerpt":"Vi l\u00e4mnar Bornholm, det \u00e4r lugnt p\u00e5 havet. Denna segelfartyg m\u00f6tte vi utanf\u00f6r Bornholm. Vi gick f\u00f6r motor enligt plan innan vinden kommer. Lasse och jag gick upp kvart i fyra och st\u00e5nkade iv\u00e4g. Inte mycket vind. \u00a0 Vi l\u00e5g och v\u00e4ntade p\u00e5 den gamla slussen f\u00f6r att f\u00e5 g\u00e5\u2026","rel":"","context":"I \u201dSommar 2016\u201d","block_context":{"text":"Sommar 2016","link":"https:\/\/www.ellensailing.se\/?cat=20"},"img":{"alt_text":"","src":"https:\/\/i0.wp.com\/www.ellensailing.se\/wp-content\/uploads\/2016\/06\/DSC_0294.jpg?fit=1200%2C797&ssl=1&resize=350%2C200","width":350,"height":200,"srcset":"https:\/\/i0.wp.com\/www.ellensailing.se\/wp-content\/uploads\/2016\/06\/DSC_0294.jpg?fit=1200%2C797&ssl=1&resize=350%2C200 1x, https:\/\/i0.wp.com\/www.ellensailing.se\/wp-content\/uploads\/2016\/06\/DSC_0294.jpg?fit=1200%2C797&ssl=1&resize=525%2C300 1.5x, https:\/\/i0.wp.com\/www.ellensailing.se\/wp-content\/uploads\/2016\/06\/DSC_0294.jpg?fit=1200%2C797&ssl=1&resize=700%2C400 2x, https:\/\/i0.wp.com\/www.ellensailing.se\/wp-content\/uploads\/2016\/06\/DSC_0294.jpg?fit=1200%2C797&ssl=1&resize=1050%2C600 3x"},"classes":[]}],"jetpack_likes_enabled":false,"_links":{"self":[{"href":"https:\/\/www.ellensailing.se\/index.php?rest_route=\/wp\/v2\/posts\/921","targetHints":{"allow":["GET"]}}],"collection":[{"href":"https:\/\/www.ellensailing.se\/index.php?rest_route=\/wp\/v2\/posts"}],"about":[{"href":"https:\/\/www.ellensailing.se\/index.php?rest_route=\/wp\/v2\/types\/post"}],"author":[{"embeddable":true,"href":"https:\/\/www.ellensailing.se\/index.php?rest_route=\/wp\/v2\/users\/1"}],"replies":[{"embeddable":true,"href":"https:\/\/www.ellensailing.se\/index.php?rest_route=%2Fwp%2Fv2%2Fcomments&post=921"}],"version-history":[{"count":1,"href":"https:\/\/www.ellensailing.se\/index.php?rest_route=\/wp\/v2\/posts\/921\/revisions"}],"predecessor-version":[{"id":924,"href":"https:\/\/www.ellensailing.se\/index.php?rest_route=\/wp\/v2\/posts\/921\/revisions\/924"}],"wp:featuredmedia":[{"embeddable":true,"href":"https:\/\/www.ellensailing.se\/index.php?rest_route=\/wp\/v2\/media\/923"}],"wp:attachment":[{"href":"https:\/\/www.ellensailing.se\/index.php?rest_route=%2Fwp%2Fv2%2Fmedia&parent=921"}],"wp:term":[{"taxonomy":"category","embeddable":true,"href":"https:\/\/www.ellensailing.se\/index.php?rest_route=%2Fwp%2Fv2%2Fcategories&post=921"},{"taxonomy":"post_tag","embeddable":true,"href":"https:\/\/www.ellensailing.se\/index.php?rest_route=%2Fwp%2Fv2%2Ftags&post=921"}],"curies":[{"name":"wp","href":"https:\/\/api.w.org\/{rel}","templated":true}]}}