{"id":915,"date":"2016-06-21T14:20:08","date_gmt":"2016-06-21T12:20:08","guid":{"rendered":"https:\/\/www.ellensailing.se\/?p=915"},"modified":"2016-06-21T14:20:08","modified_gmt":"2016-06-21T12:20:08","slug":"malor-i-kalmar-hamn","status":"publish","type":"post","link":"https:\/\/www.ellensailing.se\/?p=915","title":{"rendered":"Mal\u00f6r i Kalmar hamn."},"content":{"rendered":"<p><a href=\"https:\/\/i0.wp.com\/www.ellensailing.se\/wp-content\/uploads\/2016\/06\/DSC_0148.jpg?ssl=1\"><img data-recalc-dims=\"1\" fetchpriority=\"high\" decoding=\"async\" class=\"aligncenter size-large wp-image-917\" src=\"https:\/\/i0.wp.com\/www.ellensailing.se\/wp-content\/uploads\/2016\/06\/DSC_0148.jpg?resize=640%2C425&#038;ssl=1\" alt=\"DSC_0148\" width=\"640\" height=\"425\" srcset=\"https:\/\/i0.wp.com\/www.ellensailing.se\/wp-content\/uploads\/2016\/06\/DSC_0148.jpg?resize=1024%2C680&amp;ssl=1 1024w, https:\/\/i0.wp.com\/www.ellensailing.se\/wp-content\/uploads\/2016\/06\/DSC_0148.jpg?resize=300%2C200&amp;ssl=1 300w, https:\/\/i0.wp.com\/www.ellensailing.se\/wp-content\/uploads\/2016\/06\/DSC_0148.jpg?resize=768%2C510&amp;ssl=1 768w, https:\/\/i0.wp.com\/www.ellensailing.se\/wp-content\/uploads\/2016\/06\/DSC_0148.jpg?w=1680&amp;ssl=1 1680w, https:\/\/i0.wp.com\/www.ellensailing.se\/wp-content\/uploads\/2016\/06\/DSC_0148.jpg?w=2520&amp;ssl=1 2520w\" sizes=\"(max-width: 640px) 100vw, 640px\" \/><\/a>Idag fick vi lyfta upp Ellen p\u00e5 land. V\u00e5r Swingtruster ville inte f\u00e4lla in sig efter det vi hade br\u00e5kat med en boj ig\u00e5r.<\/p>\n<p>N\u00e4r vi lade till s\u00e5 bl\u00e5ste det rej\u00e4lt och vi lyckades med konsttycket att trassla in en boj i den nedf\u00e4llbara bogproppellern. Bojen gjorde att hela bogisen vred sig sned. Efter en kvarts meckande s\u00e5 var allt klart och vi kunde sl\u00e4ppa ner henne i plurret igen.<\/p>\n<p><a href=\"https:\/\/i0.wp.com\/www.ellensailing.se\/wp-content\/uploads\/2016\/06\/DSC_0158.jpg?ssl=1\"><img data-recalc-dims=\"1\" decoding=\"async\" class=\"aligncenter size-large wp-image-918\" src=\"https:\/\/i0.wp.com\/www.ellensailing.se\/wp-content\/uploads\/2016\/06\/DSC_0158.jpg?resize=640%2C425&#038;ssl=1\" alt=\"DSC_0158\" width=\"640\" height=\"425\" srcset=\"https:\/\/i0.wp.com\/www.ellensailing.se\/wp-content\/uploads\/2016\/06\/DSC_0158.jpg?resize=1024%2C680&amp;ssl=1 1024w, https:\/\/i0.wp.com\/www.ellensailing.se\/wp-content\/uploads\/2016\/06\/DSC_0158.jpg?resize=300%2C200&amp;ssl=1 300w, https:\/\/i0.wp.com\/www.ellensailing.se\/wp-content\/uploads\/2016\/06\/DSC_0158.jpg?resize=768%2C510&amp;ssl=1 768w, https:\/\/i0.wp.com\/www.ellensailing.se\/wp-content\/uploads\/2016\/06\/DSC_0158.jpg?w=1680&amp;ssl=1 1680w, https:\/\/i0.wp.com\/www.ellensailing.se\/wp-content\/uploads\/2016\/06\/DSC_0158.jpg?w=2520&amp;ssl=1 2520w\" sizes=\"(max-width: 640px) 100vw, 640px\" \/><\/a><\/p>\n","protected":false},"excerpt":{"rendered":"<p>Idag fick vi lyfta upp Ellen p\u00e5 land. V\u00e5r Swingtruster ville inte f\u00e4lla in sig efter det vi hade br\u00e5kat[&#8230;]<\/p>\n","protected":false},"author":1,"featured_media":917,"comment_status":"open","ping_status":"open","sticky":false,"template":"","format":"standard","meta":{"_jetpack_newsletter_access":"","_jetpack_dont_email_post_to_subs":false,"_jetpack_newsletter_tier_id":0,"_jetpack_memberships_contains_paywalled_content":false,"_jetpack_feature_clip_id":0,"_jetpack_memberships_contains_paid_content":false,"footnotes":"","jetpack_publicize_message":"","jetpack_publicize_feature_enabled":true,"jetpack_social_post_already_shared":true,"jetpack_social_options":{"image_generator_settings":{"template":"highway","default_image_id":0,"font":"","enabled":false},"version":2},"jetpack_post_was_ever_published":false},"categories":[20],"tags":[],"class_list":["post-915","post","type-post","status-publish","format-standard","has-post-thumbnail","hentry","category-sommar-2016"],"jetpack_publicize_connections":[],"jetpack_featured_media_url":"https:\/\/i0.wp.com\/www.ellensailing.se\/wp-content\/uploads\/2016\/06\/DSC_0148.jpg?fit=4288%2C2848&ssl=1","jetpack_sharing_enabled":true,"jetpack_shortlink":"https:\/\/wp.me\/p5G68R-eL","jetpack-related-posts":[{"id":3656,"url":"https:\/\/www.ellensailing.se\/?p=3656","url_meta":{"origin":915,"position":0},"title":"Nattsegling till Fakarava","author":"peter@ellensailing.se","date":"27 april, 2024","format":false,"excerpt":"Vi gick ut fr\u00e5n Tahanea vid 4 tiden. Det \u00e4r bara 50 Nm till Fakarava s\u00e5 det g\u00e4ller att segla l\u00e5ngsamt. Det \u00e4r inte alltid l\u00e4tt. Passet var ganska str\u00f6mt, runt 3 knop men det var inga problem. V\u00e4l ute satte vi genuan och seglade med vinden. N\u00e4r vi b\u00f6rjade\u2026","rel":"","context":"I \u201dS\u00f6derhavet\u201d","block_context":{"text":"S\u00f6derhavet","link":"https:\/\/www.ellensailing.se\/?cat=33"},"img":{"alt_text":"","src":"https:\/\/i0.wp.com\/www.ellensailing.se\/wp-content\/uploads\/2024\/04\/gptempdownload-26-1.jpg?fit=1200%2C900&ssl=1&resize=350%2C200","width":350,"height":200,"srcset":"https:\/\/i0.wp.com\/www.ellensailing.se\/wp-content\/uploads\/2024\/04\/gptempdownload-26-1.jpg?fit=1200%2C900&ssl=1&resize=350%2C200 1x, https:\/\/i0.wp.com\/www.ellensailing.se\/wp-content\/uploads\/2024\/04\/gptempdownload-26-1.jpg?fit=1200%2C900&ssl=1&resize=525%2C300 1.5x, https:\/\/i0.wp.com\/www.ellensailing.se\/wp-content\/uploads\/2024\/04\/gptempdownload-26-1.jpg?fit=1200%2C900&ssl=1&resize=700%2C400 2x, https:\/\/i0.wp.com\/www.ellensailing.se\/wp-content\/uploads\/2024\/04\/gptempdownload-26-1.jpg?fit=1200%2C900&ssl=1&resize=1050%2C600 3x"},"classes":[]},{"id":1843,"url":"https:\/\/www.ellensailing.se\/?p=1843","url_meta":{"origin":915,"position":1},"title":"Guadalupe fram och tillbaka","author":"peter@ellensailing.se","date":"20 februari, 2018","format":false,"excerpt":"Trots att vi \u00e4r i EU land s\u00e5 funkar n\u00e4tet s\u00e5d\u00e4r. Telenors avtalspart Digicell har v\u00e4ldigt d\u00e5lig t\u00e4ckning p\u00e5 m\u00e5nga st\u00e4llen vi varit. N\u00e5v\u00e4l, slutgn\u00e4llt om det men det \u00e4r d\u00e4rf\u00f6r v\u00e5ra inl\u00e4gg kommer ganska glest. Systeryster Gun och mannen Wille kom i s\u00f6ndags f\u00f6r att segla med oss i\u2026","rel":"","context":"I \u201dV\u00e4stindien 2017-2018\u201d","block_context":{"text":"V\u00e4stindien 2017-2018","link":"https:\/\/www.ellensailing.se\/?cat=24"},"img":{"alt_text":"","src":"https:\/\/i0.wp.com\/www.ellensailing.se\/wp-content\/uploads\/2018\/02\/2E46A7F7-5A2F-4FD8-BAE3-5319B315EA94-e1530776278219.jpeg?fit=950%2C311&ssl=1&resize=350%2C200","width":350,"height":200,"srcset":"https:\/\/i0.wp.com\/www.ellensailing.se\/wp-content\/uploads\/2018\/02\/2E46A7F7-5A2F-4FD8-BAE3-5319B315EA94-e1530776278219.jpeg?fit=950%2C311&ssl=1&resize=350%2C200 1x, https:\/\/i0.wp.com\/www.ellensailing.se\/wp-content\/uploads\/2018\/02\/2E46A7F7-5A2F-4FD8-BAE3-5319B315EA94-e1530776278219.jpeg?fit=950%2C311&ssl=1&resize=525%2C300 1.5x, https:\/\/i0.wp.com\/www.ellensailing.se\/wp-content\/uploads\/2018\/02\/2E46A7F7-5A2F-4FD8-BAE3-5319B315EA94-e1530776278219.jpeg?fit=950%2C311&ssl=1&resize=700%2C400 2x"},"classes":[]},{"id":1835,"url":"https:\/\/www.ellensailing.se\/?p=1835","url_meta":{"origin":915,"position":2},"title":"Vattenfall \u00e4r inte bara behagliga","author":"peter@ellensailing.se","date":"9 februari, 2018","format":false,"excerpt":"Var tvungen att f\u00e5 lite internet f\u00f6r att kunna l\u00e4gga upp film s\u00e5 det f\u00e5r bli nu ist\u00e4llet. Vi har l\u00e4mnat Dominica men kommer att komma tillbaka till den underbara p\u00e4rla som det \u00e4r med alla fina v\u00e4nliga m\u00e4nniskor. Vi gick fr\u00e5n Dominica upp till Iles des Saintes. D\u00e4r var\u2026","rel":"","context":"I \u201dV\u00e4stindien 2017-2018\u201d","block_context":{"text":"V\u00e4stindien 2017-2018","link":"https:\/\/www.ellensailing.se\/?cat=24"},"img":{"alt_text":"","src":"https:\/\/i0.wp.com\/www.ellensailing.se\/wp-content\/uploads\/2018\/02\/5C1874A8-5995-41C0-943D-E4EAF29E185A-e1518017403337.jpeg?fit=800%2C1200&ssl=1&resize=350%2C200","width":350,"height":200,"srcset":"https:\/\/i0.wp.com\/www.ellensailing.se\/wp-content\/uploads\/2018\/02\/5C1874A8-5995-41C0-943D-E4EAF29E185A-e1518017403337.jpeg?fit=800%2C1200&ssl=1&resize=350%2C200 1x, https:\/\/i0.wp.com\/www.ellensailing.se\/wp-content\/uploads\/2018\/02\/5C1874A8-5995-41C0-943D-E4EAF29E185A-e1518017403337.jpeg?fit=800%2C1200&ssl=1&resize=525%2C300 1.5x, https:\/\/i0.wp.com\/www.ellensailing.se\/wp-content\/uploads\/2018\/02\/5C1874A8-5995-41C0-943D-E4EAF29E185A-e1518017403337.jpeg?fit=800%2C1200&ssl=1&resize=700%2C400 2x"},"classes":[]},{"id":3178,"url":"https:\/\/www.ellensailing.se\/?p=3178","url_meta":{"origin":915,"position":3},"title":"F\u00f6rsta g\u00e5ngen p\u00e5 Sand\u00f6n.","author":"peter@ellensailing.se","date":"4 september, 2021","format":false,"excerpt":"Ig\u00e5r seglade vi ut till Sand\u00f6n som \u00e4r Svinninge Marina Klubbs klubbholme. Vad fint det \u00e4r d\u00e4r och s\u00e5 v\u00e4lordnat. De har alltid en hamnv\u00e4rd d\u00e4r som hj\u00e4lper till n\u00e4r man kommer och talar om vart man skall ligga. Finns b\u00e5de bojar och man kan ocks\u00e5 ligga l\u00e4ngsmed bryggan. Fick\u2026","rel":"","context":"I \u201dSegling 2021\u201d","block_context":{"text":"Segling 2021","link":"https:\/\/www.ellensailing.se\/?cat=28"},"img":{"alt_text":"","src":"https:\/\/i0.wp.com\/www.ellensailing.se\/wp-content\/uploads\/2021\/09\/Cocapabana-1.jpg?fit=1200%2C900&ssl=1&resize=350%2C200","width":350,"height":200,"srcset":"https:\/\/i0.wp.com\/www.ellensailing.se\/wp-content\/uploads\/2021\/09\/Cocapabana-1.jpg?fit=1200%2C900&ssl=1&resize=350%2C200 1x, https:\/\/i0.wp.com\/www.ellensailing.se\/wp-content\/uploads\/2021\/09\/Cocapabana-1.jpg?fit=1200%2C900&ssl=1&resize=525%2C300 1.5x, https:\/\/i0.wp.com\/www.ellensailing.se\/wp-content\/uploads\/2021\/09\/Cocapabana-1.jpg?fit=1200%2C900&ssl=1&resize=700%2C400 2x, https:\/\/i0.wp.com\/www.ellensailing.se\/wp-content\/uploads\/2021\/09\/Cocapabana-1.jpg?fit=1200%2C900&ssl=1&resize=1050%2C600 3x"},"classes":[]},{"id":3993,"url":"https:\/\/www.ellensailing.se\/?p=3993","url_meta":{"origin":915,"position":4},"title":"Riga till P\u00e4rnu med ett stopp i Skulte","author":"peter@ellensailing.se","date":"10 augusti, 2026","format":false,"excerpt":"Det blev fina dagar i Riga. Mycket cykel och kolla p\u00e5 olika saker. Vi hade en fika med Karl Mikael som ber\u00e4ttade sina historier fr\u00e5n Lettland. Kul att tr\u00e4ffas. Karl Mikael tipsade oss att g\u00e5 p\u00e5 ockupations museet. Det var riktigt bra och Ryssland \u00e4r inte ett land, det \u00e4r\u2026","rel":"","context":"I \u201dSegling 2026\u201d","block_context":{"text":"Segling 2026","link":"https:\/\/www.ellensailing.se\/?cat=35"},"img":{"alt_text":"","src":"https:\/\/i0.wp.com\/www.ellensailing.se\/wp-content\/uploads\/2026\/08\/img_3576-2.jpg?fit=1200%2C900&ssl=1&resize=350%2C200","width":350,"height":200,"srcset":"https:\/\/i0.wp.com\/www.ellensailing.se\/wp-content\/uploads\/2026\/08\/img_3576-2.jpg?fit=1200%2C900&ssl=1&resize=350%2C200 1x, https:\/\/i0.wp.com\/www.ellensailing.se\/wp-content\/uploads\/2026\/08\/img_3576-2.jpg?fit=1200%2C900&ssl=1&resize=525%2C300 1.5x, https:\/\/i0.wp.com\/www.ellensailing.se\/wp-content\/uploads\/2026\/08\/img_3576-2.jpg?fit=1200%2C900&ssl=1&resize=700%2C400 2x, https:\/\/i0.wp.com\/www.ellensailing.se\/wp-content\/uploads\/2026\/08\/img_3576-2.jpg?fit=1200%2C900&ssl=1&resize=1050%2C600 3x"},"classes":[]},{"id":3337,"url":"https:\/\/www.ellensailing.se\/?p=3337","url_meta":{"origin":915,"position":5},"title":"F\u00f6rsta veckan avklarad och nu \u00e4r vi i Hang\u00f6!","author":"peter@ellensailing.se","date":"10 juli, 2023","format":false,"excerpt":"F\u00f6rra l\u00f6rdagen p\u00e5b\u00f6rjade vi v\u00e5r sommarsegling. Det gick undan upp till Fejan och vi t\u00e4nkte n\u00e4stan forts\u00e4tta hela v\u00e4gen \u00f6ver till Mariehamn f\u00f6r det var s\u00e5 bra. Synd att vi inte gjorde det f\u00f6r p\u00e5 s\u00f6ndagen b\u00f6rjade det inte bl\u00e5sa f\u00f6rr\u00e4n vid tolvtiden. Under tiden speglarna hade det tufft under\u2026","rel":"","context":"I \u201dSegling 2023\u201d","block_context":{"text":"Segling 2023","link":"https:\/\/www.ellensailing.se\/?cat=31"},"img":{"alt_text":"","src":"https:\/\/i0.wp.com\/www.ellensailing.se\/wp-content\/uploads\/2023\/07\/img_2811-scaled.jpg?fit=900%2C1200&ssl=1&resize=350%2C200","width":350,"height":200,"srcset":"https:\/\/i0.wp.com\/www.ellensailing.se\/wp-content\/uploads\/2023\/07\/img_2811-scaled.jpg?fit=900%2C1200&ssl=1&resize=350%2C200 1x, https:\/\/i0.wp.com\/www.ellensailing.se\/wp-content\/uploads\/2023\/07\/img_2811-scaled.jpg?fit=900%2C1200&ssl=1&resize=525%2C300 1.5x, https:\/\/i0.wp.com\/www.ellensailing.se\/wp-content\/uploads\/2023\/07\/img_2811-scaled.jpg?fit=900%2C1200&ssl=1&resize=700%2C400 2x"},"classes":[]}],"jetpack_likes_enabled":false,"_links":{"self":[{"href":"https:\/\/www.ellensailing.se\/index.php?rest_route=\/wp\/v2\/posts\/915","targetHints":{"allow":["GET"]}}],"collection":[{"href":"https:\/\/www.ellensailing.se\/index.php?rest_route=\/wp\/v2\/posts"}],"about":[{"href":"https:\/\/www.ellensailing.se\/index.php?rest_route=\/wp\/v2\/types\/post"}],"author":[{"embeddable":true,"href":"https:\/\/www.ellensailing.se\/index.php?rest_route=\/wp\/v2\/users\/1"}],"replies":[{"embeddable":true,"href":"https:\/\/www.ellensailing.se\/index.php?rest_route=%2Fwp%2Fv2%2Fcomments&post=915"}],"version-history":[{"count":1,"href":"https:\/\/www.ellensailing.se\/index.php?rest_route=\/wp\/v2\/posts\/915\/revisions"}],"predecessor-version":[{"id":919,"href":"https:\/\/www.ellensailing.se\/index.php?rest_route=\/wp\/v2\/posts\/915\/revisions\/919"}],"wp:featuredmedia":[{"embeddable":true,"href":"https:\/\/www.ellensailing.se\/index.php?rest_route=\/wp\/v2\/media\/917"}],"wp:attachment":[{"href":"https:\/\/www.ellensailing.se\/index.php?rest_route=%2Fwp%2Fv2%2Fmedia&parent=915"}],"wp:term":[{"taxonomy":"category","embeddable":true,"href":"https:\/\/www.ellensailing.se\/index.php?rest_route=%2Fwp%2Fv2%2Fcategories&post=915"},{"taxonomy":"post_tag","embeddable":true,"href":"https:\/\/www.ellensailing.se\/index.php?rest_route=%2Fwp%2Fv2%2Ftags&post=915"}],"curies":[{"name":"wp","href":"https:\/\/api.w.org\/{rel}","templated":true}]}}