{"id":887,"date":"2016-06-17T08:23:33","date_gmt":"2016-06-17T06:23:33","guid":{"rendered":"https:\/\/www.ellensailing.se\/?p=887"},"modified":"2016-06-17T08:59:26","modified_gmt":"2016-06-17T06:59:26","slug":"firade-brollopsdag-med-ganget","status":"publish","type":"post","link":"https:\/\/www.ellensailing.se\/?p=887","title":{"rendered":"Firade br\u00f6llopsdag med g\u00e4nget!"},"content":{"rendered":"<p><a href=\"https:\/\/i0.wp.com\/www.ellensailing.se\/wp-content\/uploads\/2016\/06\/IMG_5241.jpg.jpg?ssl=1\"><img data-recalc-dims=\"1\" fetchpriority=\"high\" decoding=\"async\" class=\"aligncenter size-large wp-image-888\" src=\"https:\/\/i0.wp.com\/www.ellensailing.se\/wp-content\/uploads\/2016\/06\/IMG_5241.jpg.jpg?resize=640%2C480&#038;ssl=1\" alt=\"IMG_5241.jpg\" width=\"640\" height=\"480\" srcset=\"https:\/\/i0.wp.com\/www.ellensailing.se\/wp-content\/uploads\/2016\/06\/IMG_5241.jpg.jpg?resize=1024%2C768&amp;ssl=1 1024w, https:\/\/i0.wp.com\/www.ellensailing.se\/wp-content\/uploads\/2016\/06\/IMG_5241.jpg.jpg?resize=300%2C225&amp;ssl=1 300w, https:\/\/i0.wp.com\/www.ellensailing.se\/wp-content\/uploads\/2016\/06\/IMG_5241.jpg.jpg?resize=768%2C576&amp;ssl=1 768w, https:\/\/i0.wp.com\/www.ellensailing.se\/wp-content\/uploads\/2016\/06\/IMG_5241.jpg.jpg?resize=320%2C240&amp;ssl=1 320w, https:\/\/i0.wp.com\/www.ellensailing.se\/wp-content\/uploads\/2016\/06\/IMG_5241.jpg.jpg?w=1680&amp;ssl=1 1680w, https:\/\/i0.wp.com\/www.ellensailing.se\/wp-content\/uploads\/2016\/06\/IMG_5241.jpg.jpg?w=2520&amp;ssl=1 2520w\" sizes=\"(max-width: 640px) 100vw, 640px\" \/><\/a>Firade v\u00e5r br\u00f6llopsdag p\u00e5 Ulla Winblad med gastarna med fruar. Det var mycket gott och trevligt.\u00a0 Var l\u00e4nge sedan jag var d\u00e4r.<\/p>\n<p>I dag blir det bunkring av b\u00e5ten och f\u00f6rberedelser inf\u00f6r AW:n i Wasahamnen.<\/p>\n","protected":false},"excerpt":{"rendered":"<p>Firade v\u00e5r br\u00f6llopsdag p\u00e5 Ulla Winblad med gastarna med fruar. Det var mycket gott och trevligt.\u00a0 Var l\u00e4nge sedan jag[&#8230;]<\/p>\n","protected":false},"author":1,"featured_media":888,"comment_status":"open","ping_status":"open","sticky":false,"template":"","format":"standard","meta":{"_jetpack_newsletter_access":"","_jetpack_dont_email_post_to_subs":false,"_jetpack_newsletter_tier_id":0,"_jetpack_memberships_contains_paywalled_content":false,"_jetpack_feature_clip_id":0,"_jetpack_memberships_contains_paid_content":false,"footnotes":"","jetpack_publicize_message":"","jetpack_publicize_feature_enabled":true,"jetpack_social_post_already_shared":true,"jetpack_social_options":{"image_generator_settings":{"template":"highway","default_image_id":0,"font":"","enabled":false},"version":2},"jetpack_post_was_ever_published":false},"categories":[20],"tags":[],"class_list":["post-887","post","type-post","status-publish","format-standard","has-post-thumbnail","hentry","category-sommar-2016"],"jetpack_publicize_connections":[],"jetpack_featured_media_url":"https:\/\/i0.wp.com\/www.ellensailing.se\/wp-content\/uploads\/2016\/06\/IMG_5241.jpg.jpg?fit=4032%2C3024&ssl=1","jetpack_sharing_enabled":true,"jetpack_shortlink":"https:\/\/wp.me\/p5G68R-ej","jetpack-related-posts":[{"id":1068,"url":"https:\/\/www.ellensailing.se\/?p=1068","url_meta":{"origin":887,"position":0},"title":"Firar Lasses f\u00f6delsedag p\u00e5 Cowes!","author":"peter@ellensailing.se","date":"12 juli, 2016","format":false,"excerpt":"Idag har vi firat Lasse i Cowes p\u00e5 \u00f6n Isle of Wight. Det \u00e4r verkligen seglingens mecka. Massor av kappseglingar utanf\u00f6r och f\u00f6rberedelser f\u00f6r Cowes Classic sailweek. Vi \u00e5t en lunch p\u00e5 den fina klubben Island sailing club. Man fick verkligen vrida nacken av sig hela tiden. Vi fick se\u2026","rel":"","context":"I \u201dSommar 2016\u201d","block_context":{"text":"Sommar 2016","link":"https:\/\/www.ellensailing.se\/?cat=20"},"img":{"alt_text":"","src":"https:\/\/i0.wp.com\/www.ellensailing.se\/wp-content\/uploads\/2016\/07\/DSC_0997.jpg?fit=1200%2C797&ssl=1&resize=350%2C200","width":350,"height":200,"srcset":"https:\/\/i0.wp.com\/www.ellensailing.se\/wp-content\/uploads\/2016\/07\/DSC_0997.jpg?fit=1200%2C797&ssl=1&resize=350%2C200 1x, https:\/\/i0.wp.com\/www.ellensailing.se\/wp-content\/uploads\/2016\/07\/DSC_0997.jpg?fit=1200%2C797&ssl=1&resize=525%2C300 1.5x, https:\/\/i0.wp.com\/www.ellensailing.se\/wp-content\/uploads\/2016\/07\/DSC_0997.jpg?fit=1200%2C797&ssl=1&resize=700%2C400 2x, https:\/\/i0.wp.com\/www.ellensailing.se\/wp-content\/uploads\/2016\/07\/DSC_0997.jpg?fit=1200%2C797&ssl=1&resize=1050%2C600 3x"},"classes":[]},{"id":942,"url":"https:\/\/www.ellensailing.se\/?p=942","url_meta":{"origin":887,"position":1},"title":"Midsommar firar vi i Rensburg","author":"peter@ellensailing.se","date":"27 juni, 2016","format":false,"excerpt":"Vi l\u00e4mnar Bornholm, det \u00e4r lugnt p\u00e5 havet. Denna segelfartyg m\u00f6tte vi utanf\u00f6r Bornholm. Vi gick f\u00f6r motor enligt plan innan vinden kommer. Lasse och jag gick upp kvart i fyra och st\u00e5nkade iv\u00e4g. Inte mycket vind. \u00a0 Vi l\u00e5g och v\u00e4ntade p\u00e5 den gamla slussen f\u00f6r att f\u00e5 g\u00e5\u2026","rel":"","context":"I \u201dSommar 2016\u201d","block_context":{"text":"Sommar 2016","link":"https:\/\/www.ellensailing.se\/?cat=20"},"img":{"alt_text":"","src":"https:\/\/i0.wp.com\/www.ellensailing.se\/wp-content\/uploads\/2016\/06\/DSC_0294.jpg?fit=1200%2C797&ssl=1&resize=350%2C200","width":350,"height":200,"srcset":"https:\/\/i0.wp.com\/www.ellensailing.se\/wp-content\/uploads\/2016\/06\/DSC_0294.jpg?fit=1200%2C797&ssl=1&resize=350%2C200 1x, https:\/\/i0.wp.com\/www.ellensailing.se\/wp-content\/uploads\/2016\/06\/DSC_0294.jpg?fit=1200%2C797&ssl=1&resize=525%2C300 1.5x, https:\/\/i0.wp.com\/www.ellensailing.se\/wp-content\/uploads\/2016\/06\/DSC_0294.jpg?fit=1200%2C797&ssl=1&resize=700%2C400 2x, https:\/\/i0.wp.com\/www.ellensailing.se\/wp-content\/uploads\/2016\/06\/DSC_0294.jpg?fit=1200%2C797&ssl=1&resize=1050%2C600 3x"},"classes":[]},{"id":891,"url":"https:\/\/www.ellensailing.se\/?p=891","url_meta":{"origin":887,"position":2},"title":"Nu drar vi och vilken rolig AW","author":"peter@ellensailing.se","date":"18 juni, 2016","format":false,"excerpt":"Tack alla v\u00e4nner som firade av oss under v\u00e5r AW. Vi hade s\u00e5dan otrolig tur med v\u00e4dret. Regn p\u00e5 morgonen och regn p\u00e5 senkv\u00e4llen. Det var riktigt varmt och sk\u00f6nt. Tack alla f\u00f6r g\u00e5vor till Ellen, vi kommer h\u00e5lla oss \"flytande\" ganska l\u00e4nge. Tack \u00e4ven Ebba och Helene f\u00f6r all\u2026","rel":"","context":"I \u201dSommar 2016\u201d","block_context":{"text":"Sommar 2016","link":"https:\/\/www.ellensailing.se\/?cat=20"},"img":{"alt_text":"","src":"https:\/\/i0.wp.com\/www.ellensailing.se\/wp-content\/uploads\/2016\/06\/DSC_0032.jpg?fit=1200%2C797&ssl=1&resize=350%2C200","width":350,"height":200,"srcset":"https:\/\/i0.wp.com\/www.ellensailing.se\/wp-content\/uploads\/2016\/06\/DSC_0032.jpg?fit=1200%2C797&ssl=1&resize=350%2C200 1x, https:\/\/i0.wp.com\/www.ellensailing.se\/wp-content\/uploads\/2016\/06\/DSC_0032.jpg?fit=1200%2C797&ssl=1&resize=525%2C300 1.5x, https:\/\/i0.wp.com\/www.ellensailing.se\/wp-content\/uploads\/2016\/06\/DSC_0032.jpg?fit=1200%2C797&ssl=1&resize=700%2C400 2x, https:\/\/i0.wp.com\/www.ellensailing.se\/wp-content\/uploads\/2016\/06\/DSC_0032.jpg?fit=1200%2C797&ssl=1&resize=1050%2C600 3x"},"classes":[]},{"id":865,"url":"https:\/\/www.ellensailing.se\/?p=865","url_meta":{"origin":887,"position":3},"title":"Soft helg med student och bryggsegling!","author":"peter@ellensailing.se","date":"6 juni, 2016","format":false,"excerpt":"Det har varit en intensiv helg med att dotter Elin tog studenten i fredags med det bestyr som f\u00f6ljer med fest, h\u00e4mtning, l\u00e4mning, b\u00e4rs och vad det nu \u00e4r. L\u00f6rdagen fortsatte med n\u00e4sta student och det var Cornelia, min kusins dotter som firade med sl\u00e4kten. Mycket trevligt kalas. Efter alla\u2026","rel":"","context":"I \u201dSommar 2016\u201d","block_context":{"text":"Sommar 2016","link":"https:\/\/www.ellensailing.se\/?cat=20"},"img":{"alt_text":"","src":"https:\/\/i0.wp.com\/www.ellensailing.se\/wp-content\/uploads\/2016\/06\/IMG_5193.jpg?fit=1200%2C900&ssl=1&resize=350%2C200","width":350,"height":200,"srcset":"https:\/\/i0.wp.com\/www.ellensailing.se\/wp-content\/uploads\/2016\/06\/IMG_5193.jpg?fit=1200%2C900&ssl=1&resize=350%2C200 1x, https:\/\/i0.wp.com\/www.ellensailing.se\/wp-content\/uploads\/2016\/06\/IMG_5193.jpg?fit=1200%2C900&ssl=1&resize=525%2C300 1.5x, https:\/\/i0.wp.com\/www.ellensailing.se\/wp-content\/uploads\/2016\/06\/IMG_5193.jpg?fit=1200%2C900&ssl=1&resize=700%2C400 2x, https:\/\/i0.wp.com\/www.ellensailing.se\/wp-content\/uploads\/2016\/06\/IMG_5193.jpg?fit=1200%2C900&ssl=1&resize=1050%2C600 3x"},"classes":[]},{"id":1602,"url":"https:\/\/www.ellensailing.se\/?p=1602","url_meta":{"origin":887,"position":4},"title":"Dygn 16, Kanonv\u00e4der och varmt","author":"peter@ellensailing.se","date":"5 december, 2017","format":false,"excerpt":"Liver \u00e4r p\u00e5 topp n\u00e4r man f\u00e5r segla p\u00e5 detta viset. Bra med vind och h\u00e4rliga surfar. Att det dessutom \u00e4r lite av Count down g\u00f6r inte saken s\u00e4mre. Fisket har kommit av sig idag d\u00e5 vi har haft j\u00e4ttemycket bev\u00e4xningar i vattnet typ sl\u00e4ke. Draget blev igensatt och \u00e4ven\u2026","rel":"","context":"I \u201dARC 2017\u201d","block_context":{"text":"ARC 2017","link":"https:\/\/www.ellensailing.se\/?cat=23"},"img":{"alt_text":"","src":"","width":0,"height":0},"classes":[]},{"id":1599,"url":"https:\/\/www.ellensailing.se\/?p=1599","url_meta":{"origin":887,"position":5},"title":"Dygn 13, Nedr\u00e4kning b\u00f6rjar","author":"peter@ellensailing.se","date":"2 december, 2017","format":false,"excerpt":"Men vi inser att det \u00e4r l\u00e5ng tid kvar innan vi \u00e4r framme. N\u00e5gra tecken \u00e4r det i alla fall. Det bl\u00e5ser ca 16 knop konstant och 20 i byarna. Det verkar som de flesta bara rullar p\u00e5. Lite tristess tycker jag det b\u00f6rjar bli, samma vakter, det h\u00e4nder inte\u2026","rel":"","context":"I \u201dARC 2017\u201d","block_context":{"text":"ARC 2017","link":"https:\/\/www.ellensailing.se\/?cat=23"},"img":{"alt_text":"","src":"","width":0,"height":0},"classes":[]}],"jetpack_likes_enabled":false,"_links":{"self":[{"href":"https:\/\/www.ellensailing.se\/index.php?rest_route=\/wp\/v2\/posts\/887","targetHints":{"allow":["GET"]}}],"collection":[{"href":"https:\/\/www.ellensailing.se\/index.php?rest_route=\/wp\/v2\/posts"}],"about":[{"href":"https:\/\/www.ellensailing.se\/index.php?rest_route=\/wp\/v2\/types\/post"}],"author":[{"embeddable":true,"href":"https:\/\/www.ellensailing.se\/index.php?rest_route=\/wp\/v2\/users\/1"}],"replies":[{"embeddable":true,"href":"https:\/\/www.ellensailing.se\/index.php?rest_route=%2Fwp%2Fv2%2Fcomments&post=887"}],"version-history":[{"count":2,"href":"https:\/\/www.ellensailing.se\/index.php?rest_route=\/wp\/v2\/posts\/887\/revisions"}],"predecessor-version":[{"id":890,"href":"https:\/\/www.ellensailing.se\/index.php?rest_route=\/wp\/v2\/posts\/887\/revisions\/890"}],"wp:featuredmedia":[{"embeddable":true,"href":"https:\/\/www.ellensailing.se\/index.php?rest_route=\/wp\/v2\/media\/888"}],"wp:attachment":[{"href":"https:\/\/www.ellensailing.se\/index.php?rest_route=%2Fwp%2Fv2%2Fmedia&parent=887"}],"wp:term":[{"taxonomy":"category","embeddable":true,"href":"https:\/\/www.ellensailing.se\/index.php?rest_route=%2Fwp%2Fv2%2Fcategories&post=887"},{"taxonomy":"post_tag","embeddable":true,"href":"https:\/\/www.ellensailing.se\/index.php?rest_route=%2Fwp%2Fv2%2Ftags&post=887"}],"curies":[{"name":"wp","href":"https:\/\/api.w.org\/{rel}","templated":true}]}}