{"id":881,"date":"2016-06-16T10:51:57","date_gmt":"2016-06-16T08:51:57","guid":{"rendered":"https:\/\/www.ellensailing.se\/?p=881"},"modified":"2016-06-16T10:53:13","modified_gmt":"2016-06-16T08:53:13","slug":"nya-oceanseglar-tidningen-har-kommit","status":"publish","type":"post","link":"https:\/\/www.ellensailing.se\/?p=881","title":{"rendered":"Nya Oceanseglar tidningen har kommit"},"content":{"rendered":"<p><a href=\"https:\/\/i0.wp.com\/www.ellensailing.se\/wp-content\/uploads\/2015\/07\/DSC_0008.jpg?ssl=1\"><img data-recalc-dims=\"1\" fetchpriority=\"high\" decoding=\"async\" class=\"aligncenter size-large wp-image-571\" src=\"https:\/\/i0.wp.com\/www.ellensailing.se\/wp-content\/uploads\/2015\/07\/DSC_0008.jpg?resize=640%2C425&#038;ssl=1\" alt=\"DSC_0008\" width=\"640\" height=\"425\" srcset=\"https:\/\/i0.wp.com\/www.ellensailing.se\/wp-content\/uploads\/2015\/07\/DSC_0008.jpg?resize=1024%2C680&amp;ssl=1 1024w, https:\/\/i0.wp.com\/www.ellensailing.se\/wp-content\/uploads\/2015\/07\/DSC_0008.jpg?resize=300%2C199&amp;ssl=1 300w, https:\/\/i0.wp.com\/www.ellensailing.se\/wp-content\/uploads\/2015\/07\/DSC_0008.jpg?w=1680&amp;ssl=1 1680w, https:\/\/i0.wp.com\/www.ellensailing.se\/wp-content\/uploads\/2015\/07\/DSC_0008.jpg?w=2520&amp;ssl=1 2520w\" sizes=\"(max-width: 640px) 100vw, 640px\" \/><\/a><\/p>\n<p>Nya tidningen av Oceanseglaren har kommit ut och d\u00e4r alla b\u00e5tar som \u00e5ker iv\u00e4g skriver lite. H\u00e4r kommer Ellen text.<\/p>\n<p>Dr\u00f6mmen om att segla \u00f6ver Atlanten har jag haft sedan jag var sju \u00e5r gammal och jag \u00e4r uppvuxen p\u00e5 en segleb\u00e5t sedan jag var tre dagar gammal. Jag heter Peter och \u00e4r kapten p\u00e5 Ellen och delar dr\u00f6mmen med Jackline som \u00e4r den egentliga &#8221;kaptenen&#8221;.<\/p>\n<p>Vi kastar loss fr\u00e5n Wasahamnen den 18 juni f\u00f6r att segla till La Coruna. D\u00e4r kommer vi l\u00e4gga upp b\u00e5ten under 13 m\u00e5nader f\u00f6r att d\u00e4refter vara tj\u00e4nstlediga i \u00e5tta m\u00e5nader f\u00f6r att segla \u00f6ver till Karibien. Vi kommer ocks\u00e5 att delta i ARC 2017.<\/p>\n<p>Ellen \u00e4r en Arcona 430 som vi k\u00f6pte f\u00f6r tre \u00e5r sedan. Hon har redan seglat 1,5 varv runt jorden med den f\u00f6rra \u00e4garen, s\u00e5 vi brukar sk\u00e4mta om att hon hittar sj\u00e4lv. Hon \u00e4r utrustad f\u00f6r l\u00e5ngsegling sedan tidigare men har blivit uppdaterad sedan vi tagit \u00f6ver henne. Bland annat har vi byggt om henne fr\u00e5n att ha en ratt till att f\u00e5 tv\u00e5 rattar. \u00c4ven segel och rigg har blivit bytta.<\/p>\n<p>Med p\u00e5 v\u00e5r resa till Karibien s\u00e5 kommer Lasse och Molle att h\u00e4nga med. N\u00e4r vi v\u00e4l \u00e4r framme s\u00e5 m\u00f6nstrar de av och vi kommer forts\u00e4tta segla i Kariben sj\u00e4lva. Ellen kommer att l\u00e4mnas kvar p\u00e5 Grenada eller Trinidat d\u00e5 vi kommer fatta beslut om framtiden n\u00e4r vi kommer hem igen.<\/p>\n<p>Vi har varit med i avseglargruppen b\u00e5de i \u00e5r och f\u00f6rra \u00e5ret. Det har varit j\u00e4ttekul att knyta nya kontakter och att kunna dela med sig av erfarenhet, dr\u00f6mmar och orosmoln.<\/p>\n<p>F\u00f6lj v\u00e5r resa p\u00e5 www.ellensailing.se<\/p>\n<p><a href=\"https:\/\/i0.wp.com\/www.ellensailing.se\/wp-content\/uploads\/2016\/06\/OCEAN-e1466066977587.jpg?ssl=1\"><img data-recalc-dims=\"1\" decoding=\"async\" class=\"aligncenter size-large wp-image-882\" src=\"https:\/\/i0.wp.com\/www.ellensailing.se\/wp-content\/uploads\/2016\/06\/OCEAN-e1466066977587-768x1024.jpg?resize=640%2C853&#038;ssl=1\" alt=\"OCEAN\" width=\"640\" height=\"853\" srcset=\"https:\/\/i0.wp.com\/www.ellensailing.se\/wp-content\/uploads\/2016\/06\/OCEAN-e1466066977587.jpg?resize=768%2C1024&amp;ssl=1 768w, https:\/\/i0.wp.com\/www.ellensailing.se\/wp-content\/uploads\/2016\/06\/OCEAN-e1466066977587.jpg?resize=225%2C300&amp;ssl=1 225w, https:\/\/i0.wp.com\/www.ellensailing.se\/wp-content\/uploads\/2016\/06\/OCEAN-e1466066977587.jpg?w=1512&amp;ssl=1 1512w\" sizes=\"(max-width: 640px) 100vw, 640px\" \/><\/a><\/p>\n","protected":false},"excerpt":{"rendered":"<p>Nya tidningen av Oceanseglaren har kommit ut och d\u00e4r alla b\u00e5tar som \u00e5ker iv\u00e4g skriver lite. H\u00e4r kommer Ellen text.[&#8230;]<\/p>\n","protected":false},"author":1,"featured_media":882,"comment_status":"open","ping_status":"open","sticky":false,"template":"","format":"standard","meta":{"_jetpack_newsletter_access":"","_jetpack_dont_email_post_to_subs":false,"_jetpack_newsletter_tier_id":0,"_jetpack_memberships_contains_paywalled_content":false,"_jetpack_feature_clip_id":0,"_jetpack_memberships_contains_paid_content":false,"footnotes":"","jetpack_publicize_message":"","jetpack_publicize_feature_enabled":true,"jetpack_social_post_already_shared":true,"jetpack_social_options":{"image_generator_settings":{"template":"highway","default_image_id":0,"font":"","enabled":false},"version":2},"jetpack_post_was_ever_published":false},"categories":[20],"tags":[],"class_list":["post-881","post","type-post","status-publish","format-standard","has-post-thumbnail","hentry","category-sommar-2016"],"jetpack_publicize_connections":[],"jetpack_featured_media_url":"https:\/\/i0.wp.com\/www.ellensailing.se\/wp-content\/uploads\/2016\/06\/OCEAN-e1466066977587.jpg?fit=1512%2C2016&ssl=1","jetpack_sharing_enabled":true,"jetpack_shortlink":"https:\/\/wp.me\/p5G68R-ed","jetpack-related-posts":[{"id":2823,"url":"https:\/\/www.ellensailing.se\/?p=2823","url_meta":{"origin":881,"position":0},"title":"Segling i \u00d6stersj\u00f6n","author":"peter@ellensailing.se","date":"18 juli, 2020","format":false,"excerpt":"Efter v\u00e5r lilla tour i M\u00e4laren som slussade vi ut p\u00e5 tisdagen. Vi fick v\u00e4nta en hel del i S\u00f6dert\u00e4lje kanal d\u00e5 tv\u00e5 stora b\u00e5tar skulle komma in. Slussen blev helt full s\u00e5 det tog lite tid innan alla kunde checka in. Ellen i slussen, Rolf Gr\u00f6nmark har tagit bilden.\u2026","rel":"","context":"I \u201dSegling 2020\u201d","block_context":{"text":"Segling 2020","link":"https:\/\/www.ellensailing.se\/?cat=27"},"img":{"alt_text":"","src":"https:\/\/i0.wp.com\/www.ellensailing.se\/wp-content\/uploads\/2020\/07\/IMG_0251-scaled.jpg?fit=1200%2C900&ssl=1&resize=350%2C200","width":350,"height":200,"srcset":"https:\/\/i0.wp.com\/www.ellensailing.se\/wp-content\/uploads\/2020\/07\/IMG_0251-scaled.jpg?fit=1200%2C900&ssl=1&resize=350%2C200 1x, https:\/\/i0.wp.com\/www.ellensailing.se\/wp-content\/uploads\/2020\/07\/IMG_0251-scaled.jpg?fit=1200%2C900&ssl=1&resize=525%2C300 1.5x, https:\/\/i0.wp.com\/www.ellensailing.se\/wp-content\/uploads\/2020\/07\/IMG_0251-scaled.jpg?fit=1200%2C900&ssl=1&resize=700%2C400 2x, https:\/\/i0.wp.com\/www.ellensailing.se\/wp-content\/uploads\/2020\/07\/IMG_0251-scaled.jpg?fit=1200%2C900&ssl=1&resize=1050%2C600 3x"},"classes":[]},{"id":2561,"url":"https:\/\/www.ellensailing.se\/?p=2561","url_meta":{"origin":881,"position":1},"title":"P\u00e5 v\u00e4g s\u00f6der\u00f6ver igen","author":"peter@ellensailing.se","date":"23 april, 2019","format":false,"excerpt":"Efter Alcudia s\u00e5 seglade vi norr om Anguilla och ner till St: Barths d\u00e4r en regatta h\u00f6ll p\u00e5. Mycket b\u00e5tar och h\u00e4rlig st\u00e4mning f\u00f6r att inte tala om alla stora b\u00e5tar. Vi var i St: Barth i tre dagar och d\u00e4refter seglade vi ner till St: Nevis. Fick ocks\u00e5 n\u00f6jet\u2026","rel":"","context":"I \u201dV\u00e4stindien 2019\u201d","block_context":{"text":"V\u00e4stindien 2019","link":"https:\/\/www.ellensailing.se\/?cat=25"},"img":{"alt_text":"","src":"https:\/\/i0.wp.com\/www.ellensailing.se\/wp-content\/uploads\/2019\/04\/EDD0FFCE-FC69-42E4-AD6F-A9873EF82DEE.jpeg?fit=1200%2C900&ssl=1&resize=350%2C200","width":350,"height":200,"srcset":"https:\/\/i0.wp.com\/www.ellensailing.se\/wp-content\/uploads\/2019\/04\/EDD0FFCE-FC69-42E4-AD6F-A9873EF82DEE.jpeg?fit=1200%2C900&ssl=1&resize=350%2C200 1x, https:\/\/i0.wp.com\/www.ellensailing.se\/wp-content\/uploads\/2019\/04\/EDD0FFCE-FC69-42E4-AD6F-A9873EF82DEE.jpeg?fit=1200%2C900&ssl=1&resize=525%2C300 1.5x, https:\/\/i0.wp.com\/www.ellensailing.se\/wp-content\/uploads\/2019\/04\/EDD0FFCE-FC69-42E4-AD6F-A9873EF82DEE.jpeg?fit=1200%2C900&ssl=1&resize=700%2C400 2x, https:\/\/i0.wp.com\/www.ellensailing.se\/wp-content\/uploads\/2019\/04\/EDD0FFCE-FC69-42E4-AD6F-A9873EF82DEE.jpeg?fit=1200%2C900&ssl=1&resize=1050%2C600 3x"},"classes":[]},{"id":3275,"url":"https:\/\/www.ellensailing.se\/?p=3275","url_meta":{"origin":881,"position":2},"title":"Summering 2022","author":"peter@ellensailing.se","date":"4 april, 2023","format":false,"excerpt":"Usch och fy vad d\u00e5liga vi varit p\u00e5 att uppdatera v\u00e5r blogg. H\u00e4r kommer i alla fall en summering av sommarseglingen f\u00f6rra \u00e5ret. Vi b\u00f6rjade v\u00e5r semester den 8 juli och tog oss ut till Bj\u00f6rksk\u00e4r d\u00e4r allt b\u00f6rjade. Vi tr\u00e4ffad Lasse och Helene med sin Ella (Omega 42). Hade\u2026","rel":"","context":"I \u201dSommar 2022\u201d","block_context":{"text":"Sommar 2022","link":"https:\/\/www.ellensailing.se\/?cat=30"},"img":{"alt_text":"","src":"https:\/\/i0.wp.com\/www.ellensailing.se\/wp-content\/uploads\/2023\/04\/IMG_1721-scaled.jpg?fit=1200%2C900&ssl=1&resize=350%2C200","width":350,"height":200,"srcset":"https:\/\/i0.wp.com\/www.ellensailing.se\/wp-content\/uploads\/2023\/04\/IMG_1721-scaled.jpg?fit=1200%2C900&ssl=1&resize=350%2C200 1x, https:\/\/i0.wp.com\/www.ellensailing.se\/wp-content\/uploads\/2023\/04\/IMG_1721-scaled.jpg?fit=1200%2C900&ssl=1&resize=525%2C300 1.5x, https:\/\/i0.wp.com\/www.ellensailing.se\/wp-content\/uploads\/2023\/04\/IMG_1721-scaled.jpg?fit=1200%2C900&ssl=1&resize=700%2C400 2x, https:\/\/i0.wp.com\/www.ellensailing.se\/wp-content\/uploads\/2023\/04\/IMG_1721-scaled.jpg?fit=1200%2C900&ssl=1&resize=1050%2C600 3x"},"classes":[]},{"id":3046,"url":"https:\/\/www.ellensailing.se\/?p=3046","url_meta":{"origin":881,"position":3},"title":"Kaos f\u00f6rsta veckan p\u00e5 semestern!","author":"peter@ellensailing.se","date":"4 juli, 2021","format":false,"excerpt":"P\u00e5 midsommardagen p\u00e5b\u00f6rjade vi v\u00e5r segling. F\u00f6rsta str\u00e4ckan blev inte l\u00e5ng, bara 1,37NM fr\u00e5n Grepen Marin till \u00d6regrundshamn. Vi l\u00e4mnade alla barnen p\u00e5 landet som fick ta hand om allt. F\u00f6rsta kv\u00e4llen var j\u00e4ttemysig och vi gick ut och \u00e5t p\u00e5 Melkers k\u00f6ttbod, supergott. Dagen efter s\u00e5 gick vi fr\u00e5n\u2026","rel":"","context":"I \u201dSegling 2021\u201d","block_context":{"text":"Segling 2021","link":"https:\/\/www.ellensailing.se\/?cat=28"},"img":{"alt_text":"","src":"https:\/\/i0.wp.com\/www.ellensailing.se\/wp-content\/uploads\/2021\/07\/Sjoraddning3.jpg?fit=640%2C480&ssl=1&resize=350%2C200","width":350,"height":200,"srcset":"https:\/\/i0.wp.com\/www.ellensailing.se\/wp-content\/uploads\/2021\/07\/Sjoraddning3.jpg?fit=640%2C480&ssl=1&resize=350%2C200 1x, https:\/\/i0.wp.com\/www.ellensailing.se\/wp-content\/uploads\/2021\/07\/Sjoraddning3.jpg?fit=640%2C480&ssl=1&resize=525%2C300 1.5x"},"classes":[]},{"id":2612,"url":"https:\/\/www.ellensailing.se\/?p=2612","url_meta":{"origin":881,"position":4},"title":"Ellen lastad och klar!","author":"peter@ellensailing.se","date":"9 maj, 2019","format":false,"excerpt":"Ig\u00e5r s\u00e5 lyftes Ellen upp fr\u00e5n de Karibiska havet upp p\u00e5 lastfartyget Arubaborg. Kess och Anne som bott p\u00e5 Ellen de senaste dagarna v\u00e4cktes av att jag ringde stup i kvarten. Meddelandet att Ellen skulle lyftas som andra b\u00e5t kom v\u00e4ldigt sent men s\u00e5 \u00e4r det i livet. Skepparen Ian.\u2026","rel":"","context":"I \u201dV\u00e4stindien 2019\u201d","block_context":{"text":"V\u00e4stindien 2019","link":"https:\/\/www.ellensailing.se\/?cat=25"},"img":{"alt_text":"","src":"https:\/\/i0.wp.com\/www.ellensailing.se\/wp-content\/uploads\/2019\/05\/99916737-E266-441D-8613-A22282E13198.jpeg?fit=1200%2C900&ssl=1&resize=350%2C200","width":350,"height":200,"srcset":"https:\/\/i0.wp.com\/www.ellensailing.se\/wp-content\/uploads\/2019\/05\/99916737-E266-441D-8613-A22282E13198.jpeg?fit=1200%2C900&ssl=1&resize=350%2C200 1x, https:\/\/i0.wp.com\/www.ellensailing.se\/wp-content\/uploads\/2019\/05\/99916737-E266-441D-8613-A22282E13198.jpeg?fit=1200%2C900&ssl=1&resize=525%2C300 1.5x, https:\/\/i0.wp.com\/www.ellensailing.se\/wp-content\/uploads\/2019\/05\/99916737-E266-441D-8613-A22282E13198.jpeg?fit=1200%2C900&ssl=1&resize=700%2C400 2x, https:\/\/i0.wp.com\/www.ellensailing.se\/wp-content\/uploads\/2019\/05\/99916737-E266-441D-8613-A22282E13198.jpeg?fit=1200%2C900&ssl=1&resize=1050%2C600 3x"},"classes":[]},{"id":974,"url":"https:\/\/www.ellensailing.se\/?p=974","url_meta":{"origin":881,"position":5},"title":"Borkumriff, tobakens hemland!","author":"peter@ellensailing.se","date":"27 juni, 2016","format":false,"excerpt":"Best\u00e4mde oss f\u00f6r att ge oss av n\u00e4r det var h\u00f6gvatten s\u00e5 vi kunde f\u00e5 lite medstr\u00f6ms ut fr\u00e5n Elbes mynning, s\u00e5 vi stack fr\u00e5n hamnen 0600 d\u00e5 vi hade bro\u00f6ppning. Det bl\u00e5ste ganska lagom vi hade en j\u00e4tterulle ut fr\u00e5n Elbe. Kryssbog som alltid s\u00e5 seglade vi om ett\u2026","rel":"","context":"I \u201dSommar 2016\u201d","block_context":{"text":"Sommar 2016","link":"https:\/\/www.ellensailing.se\/?cat=20"},"img":{"alt_text":"","src":"https:\/\/i0.wp.com\/www.ellensailing.se\/wp-content\/uploads\/2016\/06\/DSC_0415.jpg?fit=1200%2C797&ssl=1&resize=350%2C200","width":350,"height":200,"srcset":"https:\/\/i0.wp.com\/www.ellensailing.se\/wp-content\/uploads\/2016\/06\/DSC_0415.jpg?fit=1200%2C797&ssl=1&resize=350%2C200 1x, https:\/\/i0.wp.com\/www.ellensailing.se\/wp-content\/uploads\/2016\/06\/DSC_0415.jpg?fit=1200%2C797&ssl=1&resize=525%2C300 1.5x, https:\/\/i0.wp.com\/www.ellensailing.se\/wp-content\/uploads\/2016\/06\/DSC_0415.jpg?fit=1200%2C797&ssl=1&resize=700%2C400 2x, https:\/\/i0.wp.com\/www.ellensailing.se\/wp-content\/uploads\/2016\/06\/DSC_0415.jpg?fit=1200%2C797&ssl=1&resize=1050%2C600 3x"},"classes":[]}],"jetpack_likes_enabled":false,"_links":{"self":[{"href":"https:\/\/www.ellensailing.se\/index.php?rest_route=\/wp\/v2\/posts\/881","targetHints":{"allow":["GET"]}}],"collection":[{"href":"https:\/\/www.ellensailing.se\/index.php?rest_route=\/wp\/v2\/posts"}],"about":[{"href":"https:\/\/www.ellensailing.se\/index.php?rest_route=\/wp\/v2\/types\/post"}],"author":[{"embeddable":true,"href":"https:\/\/www.ellensailing.se\/index.php?rest_route=\/wp\/v2\/users\/1"}],"replies":[{"embeddable":true,"href":"https:\/\/www.ellensailing.se\/index.php?rest_route=%2Fwp%2Fv2%2Fcomments&post=881"}],"version-history":[{"count":3,"href":"https:\/\/www.ellensailing.se\/index.php?rest_route=\/wp\/v2\/posts\/881\/revisions"}],"predecessor-version":[{"id":885,"href":"https:\/\/www.ellensailing.se\/index.php?rest_route=\/wp\/v2\/posts\/881\/revisions\/885"}],"wp:featuredmedia":[{"embeddable":true,"href":"https:\/\/www.ellensailing.se\/index.php?rest_route=\/wp\/v2\/media\/882"}],"wp:attachment":[{"href":"https:\/\/www.ellensailing.se\/index.php?rest_route=%2Fwp%2Fv2%2Fmedia&parent=881"}],"wp:term":[{"taxonomy":"category","embeddable":true,"href":"https:\/\/www.ellensailing.se\/index.php?rest_route=%2Fwp%2Fv2%2Fcategories&post=881"},{"taxonomy":"post_tag","embeddable":true,"href":"https:\/\/www.ellensailing.se\/index.php?rest_route=%2Fwp%2Fv2%2Ftags&post=881"}],"curies":[{"name":"wp","href":"https:\/\/api.w.org\/{rel}","templated":true}]}}