{"id":875,"date":"2016-06-11T23:04:34","date_gmt":"2016-06-11T21:04:34","guid":{"rendered":"https:\/\/www.ellensailing.se\/?p=875"},"modified":"2016-06-11T23:05:59","modified_gmt":"2016-06-11T21:05:59","slug":"vilka-kompisar-man-har","status":"publish","type":"post","link":"https:\/\/www.ellensailing.se\/?p=875","title":{"rendered":"Vilka kompisar man har!"},"content":{"rendered":"<p><a href=\"https:\/\/i0.wp.com\/www.ellensailing.se\/wp-content\/uploads\/2016\/06\/image7.jpg?ssl=1\"><img data-recalc-dims=\"1\" fetchpriority=\"high\" decoding=\"async\" class=\"aligncenter size-large wp-image-876\" src=\"https:\/\/i0.wp.com\/www.ellensailing.se\/wp-content\/uploads\/2016\/06\/image7.jpg?resize=640%2C480&#038;ssl=1\" alt=\"image7\" width=\"640\" height=\"480\" srcset=\"https:\/\/i0.wp.com\/www.ellensailing.se\/wp-content\/uploads\/2016\/06\/image7.jpg?resize=1024%2C768&amp;ssl=1 1024w, https:\/\/i0.wp.com\/www.ellensailing.se\/wp-content\/uploads\/2016\/06\/image7.jpg?resize=300%2C225&amp;ssl=1 300w, https:\/\/i0.wp.com\/www.ellensailing.se\/wp-content\/uploads\/2016\/06\/image7.jpg?resize=768%2C576&amp;ssl=1 768w, https:\/\/i0.wp.com\/www.ellensailing.se\/wp-content\/uploads\/2016\/06\/image7.jpg?resize=320%2C240&amp;ssl=1 320w, https:\/\/i0.wp.com\/www.ellensailing.se\/wp-content\/uploads\/2016\/06\/image7.jpg?w=2016&amp;ssl=1 2016w, https:\/\/i0.wp.com\/www.ellensailing.se\/wp-content\/uploads\/2016\/06\/image7.jpg?w=1680&amp;ssl=1 1680w\" sizes=\"(max-width: 640px) 100vw, 640px\" \/><\/a><\/p>\n<p>Vi var p\u00e5 en mycket mysig middag ig\u00e5r hos Molle och Pia. Tack f\u00f6r bra mat och trevligt s\u00e4llskap. Lasse och Molle hade gjort nya Whiskeyglas till Ellen som \u00e4r graverade med Ellens namn. Helt i v\u00e4rdsklass!<\/p>\n<p>Idag har vi stuvat om allting och placerat om s\u00e5 allt ska bli bra. Det \u00e4r sk\u00f6nt att hon nu flyter n\u00e5gra centimer h\u00f6gre i aktern. Det blev kanonbra.<\/p>\n<p>Nu har ocks\u00e5 Lasse flyttat in i b\u00e5ten. Det k\u00e4nns sk\u00f6nt att verkligen vara p\u00e5 G. Vill bara ut p\u00e5 havet och k\u00f6ra p\u00e5&#8230;<\/p>\n<figure id=\"attachment_878\" aria-describedby=\"caption-attachment-878\" style=\"width: 640px\" class=\"wp-caption aligncenter\"><a href=\"https:\/\/i0.wp.com\/www.ellensailing.se\/wp-content\/uploads\/2016\/06\/IMG_5213.jpg?ssl=1\"><img data-recalc-dims=\"1\" decoding=\"async\" class=\"wp-image-878 size-large\" src=\"https:\/\/i0.wp.com\/www.ellensailing.se\/wp-content\/uploads\/2016\/06\/IMG_5213-e1465678928961-768x1024.jpg?resize=640%2C853&#038;ssl=1\" alt=\"Lasse flyttar in\" width=\"640\" height=\"853\" srcset=\"https:\/\/i0.wp.com\/www.ellensailing.se\/wp-content\/uploads\/2016\/06\/IMG_5213-e1465678928961.jpg?resize=768%2C1024&amp;ssl=1 768w, https:\/\/i0.wp.com\/www.ellensailing.se\/wp-content\/uploads\/2016\/06\/IMG_5213-e1465678928961.jpg?resize=225%2C300&amp;ssl=1 225w, https:\/\/i0.wp.com\/www.ellensailing.se\/wp-content\/uploads\/2016\/06\/IMG_5213-e1465678928961.jpg?w=1680&amp;ssl=1 1680w, https:\/\/i0.wp.com\/www.ellensailing.se\/wp-content\/uploads\/2016\/06\/IMG_5213-e1465678928961.jpg?w=2520&amp;ssl=1 2520w\" sizes=\"(max-width: 640px) 100vw, 640px\" \/><\/a><figcaption id=\"caption-attachment-878\" class=\"wp-caption-text\">Lasse flyttar in<\/figcaption><\/figure>\n","protected":false},"excerpt":{"rendered":"<p>Vi var p\u00e5 en mycket mysig middag ig\u00e5r hos Molle och Pia. Tack f\u00f6r bra mat och trevligt s\u00e4llskap. Lasse[&#8230;]<\/p>\n","protected":false},"author":1,"featured_media":876,"comment_status":"open","ping_status":"open","sticky":false,"template":"","format":"standard","meta":{"_jetpack_newsletter_access":"","_jetpack_dont_email_post_to_subs":false,"_jetpack_newsletter_tier_id":0,"_jetpack_memberships_contains_paywalled_content":false,"_jetpack_feature_clip_id":0,"_jetpack_memberships_contains_paid_content":false,"footnotes":"","jetpack_publicize_message":"","jetpack_publicize_feature_enabled":true,"jetpack_social_post_already_shared":true,"jetpack_social_options":{"image_generator_settings":{"template":"highway","default_image_id":0,"font":"","enabled":false},"version":2},"jetpack_post_was_ever_published":false},"categories":[20],"tags":[],"class_list":["post-875","post","type-post","status-publish","format-standard","has-post-thumbnail","hentry","category-sommar-2016"],"jetpack_publicize_connections":[],"jetpack_featured_media_url":"https:\/\/i0.wp.com\/www.ellensailing.se\/wp-content\/uploads\/2016\/06\/image7.jpg?fit=2016%2C1512&ssl=1","jetpack_sharing_enabled":true,"jetpack_shortlink":"https:\/\/wp.me\/p5G68R-e7","jetpack-related-posts":[{"id":794,"url":"https:\/\/www.ellensailing.se\/?p=794","url_meta":{"origin":875,"position":0},"title":"Hela botten slipad!","author":"peter@ellensailing.se","date":"28 mars, 2016","format":false,"excerpt":"Nu \u00e4r botten \u00e4ntligen skrapad och slipad. Det k\u00e4nns otroligt sk\u00f6nt att det g\u00e5tt s\u00e5 smidigt. Stort tack till Lasse, Hans och Molle som f\u00f6rra helgen gjorde ett mastodontjobb. Vi har tagit det ganska lugnt under p\u00e5sken den d\u00e5. F\u00f6rmiddagarna hos Ellen med att slipa, plasta och spackla och eftermiddagarna\u2026","rel":"","context":"I \u201dB\u00e5ten p\u00e5 land\u201d","block_context":{"text":"B\u00e5ten p\u00e5 land","link":"https:\/\/www.ellensailing.se\/?cat=3"},"img":{"alt_text":"","src":"https:\/\/i0.wp.com\/www.ellensailing.se\/wp-content\/uploads\/2016\/03\/IMG_5096-e1459178955304.jpg?fit=480%2C640&ssl=1&resize=350%2C200","width":350,"height":200},"classes":[]},{"id":583,"url":"https:\/\/www.ellensailing.se\/?p=583","url_meta":{"origin":875,"position":1},"title":"En otroligt kul helg med g\u00e4nget!","author":"peter@ellensailing.se","date":"27 juli, 2015","format":false,"excerpt":"\u00a0 Nu kan man s\u00e4ga att semestern \u00e4r slut p\u00e5 riktigt f\u00f6r denna g\u00e5ng. Trots att vi hunnit jobba en vecka s\u00e5 har b\u00e5ten varit kvar p\u00e5 semester i Kalmar. I fredags s\u00e5 fl\u00f6g vi ner till Kalmar f\u00f6r att segla hem. Prognoserna som varit f\u00f6r veckan har verkligen sett\u2026","rel":"","context":"I \u201dSommar 2015\u201d","block_context":{"text":"Sommar 2015","link":"https:\/\/www.ellensailing.se\/?cat=4"},"img":{"alt_text":"","src":"https:\/\/i0.wp.com\/www.ellensailing.se\/wp-content\/uploads\/2015\/07\/DSC_0033.jpg?fit=1200%2C797&ssl=1&resize=350%2C200","width":350,"height":200,"srcset":"https:\/\/i0.wp.com\/www.ellensailing.se\/wp-content\/uploads\/2015\/07\/DSC_0033.jpg?fit=1200%2C797&ssl=1&resize=350%2C200 1x, https:\/\/i0.wp.com\/www.ellensailing.se\/wp-content\/uploads\/2015\/07\/DSC_0033.jpg?fit=1200%2C797&ssl=1&resize=525%2C300 1.5x, https:\/\/i0.wp.com\/www.ellensailing.se\/wp-content\/uploads\/2015\/07\/DSC_0033.jpg?fit=1200%2C797&ssl=1&resize=700%2C400 2x, https:\/\/i0.wp.com\/www.ellensailing.se\/wp-content\/uploads\/2015\/07\/DSC_0033.jpg?fit=1200%2C797&ssl=1&resize=1050%2C600 3x"},"classes":[]},{"id":1721,"url":"https:\/\/www.ellensailing.se\/?p=1721","url_meta":{"origin":875,"position":2},"title":"Gastarna har l\u00e4mnat och nu b\u00f6rjar en ny etapp!","author":"peter@ellensailing.se","date":"3 januari, 2018","format":false,"excerpt":"Det var med starka k\u00e4nslor som v\u00e5ra b\u00e4sta kompisar, gastar och v\u00e4nner l\u00e4mnade oss ig\u00e5r. Lasse som vi bott och levt med i 4 m\u00e5nader 24\/7 och Hans som varit med i n\u00e4stan tre m\u00e5nader. Det har varit j\u00e4ttemysigt att deras fruar Helene och Caroline som checkade in f\u00f6r ca\u2026","rel":"","context":"I \u201dV\u00e4stindien 2017-2018\u201d","block_context":{"text":"V\u00e4stindien 2017-2018","link":"https:\/\/www.ellensailing.se\/?cat=24"},"img":{"alt_text":"","src":"https:\/\/i0.wp.com\/www.ellensailing.se\/wp-content\/uploads\/2017\/12\/GPTempDownload-7.jpg?fit=1200%2C900&ssl=1&resize=350%2C200","width":350,"height":200,"srcset":"https:\/\/i0.wp.com\/www.ellensailing.se\/wp-content\/uploads\/2017\/12\/GPTempDownload-7.jpg?fit=1200%2C900&ssl=1&resize=350%2C200 1x, https:\/\/i0.wp.com\/www.ellensailing.se\/wp-content\/uploads\/2017\/12\/GPTempDownload-7.jpg?fit=1200%2C900&ssl=1&resize=525%2C300 1.5x, https:\/\/i0.wp.com\/www.ellensailing.se\/wp-content\/uploads\/2017\/12\/GPTempDownload-7.jpg?fit=1200%2C900&ssl=1&resize=700%2C400 2x, https:\/\/i0.wp.com\/www.ellensailing.se\/wp-content\/uploads\/2017\/12\/GPTempDownload-7.jpg?fit=1200%2C900&ssl=1&resize=1050%2C600 3x"},"classes":[]},{"id":1490,"url":"https:\/\/www.ellensailing.se\/?p=1490","url_meta":{"origin":875,"position":3},"title":"La Palma, \u00f6n l\u00e4ngst v\u00e4sterut.","author":"peter@ellensailing.se","date":"29 oktober, 2017","format":false,"excerpt":"N\u00e4r vi l\u00e4mnat Anders s\u00e5 seglade vi direkt till La Palma och till huvudstaden som heter Santa Cruz. F\u00f6rsta dygnet gick bra att ligga i hamnen men dag tv\u00e5 gungade det alldeles f\u00f6rf\u00e4rligt. Vi tr\u00e4ffade en fransman som legat h\u00e4r ett tag och f\u00f6rra veckan hade han ramlat ur s\u00e4ngen\u2026","rel":"","context":"I \u201dH\u00f6st 2017 till Grand Canrias.\u201d","block_context":{"text":"H\u00f6st 2017 till Grand Canrias.","link":"https:\/\/www.ellensailing.se\/?cat=22"},"img":{"alt_text":"","src":"https:\/\/i0.wp.com\/www.ellensailing.se\/wp-content\/uploads\/2017\/10\/DJI_0229.jpg?fit=1200%2C900&ssl=1&resize=350%2C200","width":350,"height":200,"srcset":"https:\/\/i0.wp.com\/www.ellensailing.se\/wp-content\/uploads\/2017\/10\/DJI_0229.jpg?fit=1200%2C900&ssl=1&resize=350%2C200 1x, https:\/\/i0.wp.com\/www.ellensailing.se\/wp-content\/uploads\/2017\/10\/DJI_0229.jpg?fit=1200%2C900&ssl=1&resize=525%2C300 1.5x, https:\/\/i0.wp.com\/www.ellensailing.se\/wp-content\/uploads\/2017\/10\/DJI_0229.jpg?fit=1200%2C900&ssl=1&resize=700%2C400 2x, https:\/\/i0.wp.com\/www.ellensailing.se\/wp-content\/uploads\/2017\/10\/DJI_0229.jpg?fit=1200%2C900&ssl=1&resize=1050%2C600 3x"},"classes":[]},{"id":881,"url":"https:\/\/www.ellensailing.se\/?p=881","url_meta":{"origin":875,"position":4},"title":"Nya Oceanseglar tidningen har kommit","author":"peter@ellensailing.se","date":"16 juni, 2016","format":false,"excerpt":"Nya tidningen av Oceanseglaren har kommit ut och d\u00e4r alla b\u00e5tar som \u00e5ker iv\u00e4g skriver lite. H\u00e4r kommer Ellen text. Dr\u00f6mmen om att segla \u00f6ver Atlanten har jag haft sedan jag var sju \u00e5r gammal och jag \u00e4r uppvuxen p\u00e5 en segleb\u00e5t sedan jag var tre dagar gammal. Jag heter\u2026","rel":"","context":"I \u201dSommar 2016\u201d","block_context":{"text":"Sommar 2016","link":"https:\/\/www.ellensailing.se\/?cat=20"},"img":{"alt_text":"","src":"https:\/\/i0.wp.com\/www.ellensailing.se\/wp-content\/uploads\/2016\/06\/OCEAN-e1466066977587.jpg?fit=900%2C1200&ssl=1&resize=350%2C200","width":350,"height":200,"srcset":"https:\/\/i0.wp.com\/www.ellensailing.se\/wp-content\/uploads\/2016\/06\/OCEAN-e1466066977587.jpg?fit=900%2C1200&ssl=1&resize=350%2C200 1x, https:\/\/i0.wp.com\/www.ellensailing.se\/wp-content\/uploads\/2016\/06\/OCEAN-e1466066977587.jpg?fit=900%2C1200&ssl=1&resize=525%2C300 1.5x, https:\/\/i0.wp.com\/www.ellensailing.se\/wp-content\/uploads\/2016\/06\/OCEAN-e1466066977587.jpg?fit=900%2C1200&ssl=1&resize=700%2C400 2x"},"classes":[]},{"id":1595,"url":"https:\/\/www.ellensailing.se\/?p=1595","url_meta":{"origin":875,"position":5},"title":"Dygn 9, Mitt p\u00e5 havet","author":"peter@ellensailing.se","date":"28 november, 2017","format":false,"excerpt":"Som sagt s\u00e5 har vi kommit ner till Trade winds eller passadvindarna. Det har varit en otroligt sk\u00f6n dag och natt. Efter att ig\u00e5r ha seglat spinnaker s\u00e5 b\u00f6rjade vi med att f\u00f6rbereda f\u00f6r nattsegling. Vi uppt\u00e4ckte att nedre lattfickan hade det g\u00e5tt h\u00e5l i. Fram med n\u00e5l och tr\u00e5d\u2026","rel":"","context":"I \u201dARC 2017\u201d","block_context":{"text":"ARC 2017","link":"https:\/\/www.ellensailing.se\/?cat=23"},"img":{"alt_text":"","src":"","width":0,"height":0},"classes":[]}],"jetpack_likes_enabled":false,"_links":{"self":[{"href":"https:\/\/www.ellensailing.se\/index.php?rest_route=\/wp\/v2\/posts\/875","targetHints":{"allow":["GET"]}}],"collection":[{"href":"https:\/\/www.ellensailing.se\/index.php?rest_route=\/wp\/v2\/posts"}],"about":[{"href":"https:\/\/www.ellensailing.se\/index.php?rest_route=\/wp\/v2\/types\/post"}],"author":[{"embeddable":true,"href":"https:\/\/www.ellensailing.se\/index.php?rest_route=\/wp\/v2\/users\/1"}],"replies":[{"embeddable":true,"href":"https:\/\/www.ellensailing.se\/index.php?rest_route=%2Fwp%2Fv2%2Fcomments&post=875"}],"version-history":[{"count":1,"href":"https:\/\/www.ellensailing.se\/index.php?rest_route=\/wp\/v2\/posts\/875\/revisions"}],"predecessor-version":[{"id":879,"href":"https:\/\/www.ellensailing.se\/index.php?rest_route=\/wp\/v2\/posts\/875\/revisions\/879"}],"wp:featuredmedia":[{"embeddable":true,"href":"https:\/\/www.ellensailing.se\/index.php?rest_route=\/wp\/v2\/media\/876"}],"wp:attachment":[{"href":"https:\/\/www.ellensailing.se\/index.php?rest_route=%2Fwp%2Fv2%2Fmedia&parent=875"}],"wp:term":[{"taxonomy":"category","embeddable":true,"href":"https:\/\/www.ellensailing.se\/index.php?rest_route=%2Fwp%2Fv2%2Fcategories&post=875"},{"taxonomy":"post_tag","embeddable":true,"href":"https:\/\/www.ellensailing.se\/index.php?rest_route=%2Fwp%2Fv2%2Ftags&post=875"}],"curies":[{"name":"wp","href":"https:\/\/api.w.org\/{rel}","templated":true}]}}