{"id":865,"date":"2016-06-06T20:39:25","date_gmt":"2016-06-06T18:39:25","guid":{"rendered":"https:\/\/www.ellensailing.se\/?p=865"},"modified":"2016-06-06T20:41:54","modified_gmt":"2016-06-06T18:41:54","slug":"soft-helg-med-student-och-bryggsegling","status":"publish","type":"post","link":"https:\/\/www.ellensailing.se\/?p=865","title":{"rendered":"Soft helg med student och bryggsegling!"},"content":{"rendered":"<figure id=\"attachment_866\" aria-describedby=\"caption-attachment-866\" style=\"width: 640px\" class=\"wp-caption aligncenter\"><a href=\"https:\/\/i0.wp.com\/www.ellensailing.se\/wp-content\/uploads\/2016\/06\/IMG_5193.jpg?ssl=1\"><img data-recalc-dims=\"1\" fetchpriority=\"high\" decoding=\"async\" class=\"size-large wp-image-866\" src=\"https:\/\/i0.wp.com\/www.ellensailing.se\/wp-content\/uploads\/2016\/06\/IMG_5193.jpg?resize=640%2C480&#038;ssl=1\" alt=\"Egengjord softschackel!\" width=\"640\" height=\"480\" srcset=\"https:\/\/i0.wp.com\/www.ellensailing.se\/wp-content\/uploads\/2016\/06\/IMG_5193.jpg?resize=1024%2C768&amp;ssl=1 1024w, https:\/\/i0.wp.com\/www.ellensailing.se\/wp-content\/uploads\/2016\/06\/IMG_5193.jpg?resize=300%2C225&amp;ssl=1 300w, https:\/\/i0.wp.com\/www.ellensailing.se\/wp-content\/uploads\/2016\/06\/IMG_5193.jpg?resize=768%2C576&amp;ssl=1 768w, https:\/\/i0.wp.com\/www.ellensailing.se\/wp-content\/uploads\/2016\/06\/IMG_5193.jpg?resize=320%2C240&amp;ssl=1 320w, https:\/\/i0.wp.com\/www.ellensailing.se\/wp-content\/uploads\/2016\/06\/IMG_5193.jpg?w=1680&amp;ssl=1 1680w, https:\/\/i0.wp.com\/www.ellensailing.se\/wp-content\/uploads\/2016\/06\/IMG_5193.jpg?w=2520&amp;ssl=1 2520w\" sizes=\"(max-width: 640px) 100vw, 640px\" \/><\/a><figcaption id=\"caption-attachment-866\" class=\"wp-caption-text\">Egengjord softschackel!<\/figcaption><\/figure>\n<p>Det har varit en intensiv helg med att dotter Elin tog studenten i fredags med det bestyr som f\u00f6ljer med fest, h\u00e4mtning, l\u00e4mning, b\u00e4rs och vad det nu \u00e4r. L\u00f6rdagen fortsatte med n\u00e4sta student och det var Cornelia, min kusins dotter som firade med sl\u00e4kten.<span id=\"transmark\"><\/span> Mycket trevligt kalas.<\/p>\n<p>Efter alla studenter s\u00e5 \u00e5kte vi till b\u00e5ten p\u00e5 l\u00f6rdagskv\u00e4llen och har bryggseglat sedan dess. Det har varit en massa sm\u00e5fixande som m\u00e5ste g\u00f6ras. K\u00e4nns sk\u00f6nt att mycket \u00e4r klart. En av de stora utmaningarna var att l\u00e4ra sig att splitsa. Sist jag f\u00f6rs\u00f6kte mig p\u00e5 det blev allt en stor tuss, men nu har jag lyckats splitsa ett antal \u00f6glor till Checkstay och i kv\u00e4ll gjorde jag min f\u00f6rsta softschackel. Det \u00e4r riktigt kul m\u00e5ste jag s\u00e4ga att jobba med Dyneema.<\/p>\n","protected":false},"excerpt":{"rendered":"<p>Det har varit en intensiv helg med att dotter Elin tog studenten i fredags med det bestyr som f\u00f6ljer med[&#8230;]<\/p>\n","protected":false},"author":1,"featured_media":866,"comment_status":"open","ping_status":"open","sticky":false,"template":"","format":"standard","meta":{"_jetpack_newsletter_access":"","_jetpack_dont_email_post_to_subs":false,"_jetpack_newsletter_tier_id":0,"_jetpack_memberships_contains_paywalled_content":false,"_jetpack_feature_clip_id":0,"_jetpack_memberships_contains_paid_content":false,"footnotes":"","jetpack_publicize_message":"","jetpack_publicize_feature_enabled":true,"jetpack_social_post_already_shared":true,"jetpack_social_options":{"image_generator_settings":{"template":"highway","default_image_id":0,"font":"","enabled":false},"version":2},"jetpack_post_was_ever_published":false},"categories":[20],"tags":[],"class_list":["post-865","post","type-post","status-publish","format-standard","has-post-thumbnail","hentry","category-sommar-2016"],"jetpack_publicize_connections":[],"jetpack_featured_media_url":"https:\/\/i0.wp.com\/www.ellensailing.se\/wp-content\/uploads\/2016\/06\/IMG_5193.jpg?fit=4032%2C3024&ssl=1","jetpack_sharing_enabled":true,"jetpack_shortlink":"https:\/\/wp.me\/p5G68R-dX","jetpack-related-posts":[{"id":2341,"url":"https:\/\/www.ellensailing.se\/?p=2341","url_meta":{"origin":865,"position":0},"title":"En underbar helg avslutas i Cambridge.","author":"peter@ellensailing.se","date":"21 oktober, 2018","format":false,"excerpt":"Efter en helt underbar helg i England avslutar vi den i den vackra staden Cambridge. Vi har g\u00e5tt och g\u00e5tt p\u00e5 alla m\u00f6jliga st\u00e4llen. Ig\u00e5r gick jag, Frank och Puppie hela v\u00e4gen fr\u00e5n deras hem till Burghley House. Det \u00e4r en helt enorm anl\u00e4ggning med v\u00e4ldigt stora parker. Efter promenade\u2026","rel":"","context":"I \u201dB\u00e5ten p\u00e5 land\u201d","block_context":{"text":"B\u00e5ten p\u00e5 land","link":"https:\/\/www.ellensailing.se\/?cat=3"},"img":{"alt_text":"","src":"https:\/\/i0.wp.com\/www.ellensailing.se\/wp-content\/uploads\/2018\/10\/EB772A42-690B-4401-BE7F-367271D5CFEE.jpeg?fit=1200%2C900&ssl=1&resize=350%2C200","width":350,"height":200,"srcset":"https:\/\/i0.wp.com\/www.ellensailing.se\/wp-content\/uploads\/2018\/10\/EB772A42-690B-4401-BE7F-367271D5CFEE.jpeg?fit=1200%2C900&ssl=1&resize=350%2C200 1x, https:\/\/i0.wp.com\/www.ellensailing.se\/wp-content\/uploads\/2018\/10\/EB772A42-690B-4401-BE7F-367271D5CFEE.jpeg?fit=1200%2C900&ssl=1&resize=525%2C300 1.5x, https:\/\/i0.wp.com\/www.ellensailing.se\/wp-content\/uploads\/2018\/10\/EB772A42-690B-4401-BE7F-367271D5CFEE.jpeg?fit=1200%2C900&ssl=1&resize=700%2C400 2x, https:\/\/i0.wp.com\/www.ellensailing.se\/wp-content\/uploads\/2018\/10\/EB772A42-690B-4401-BE7F-367271D5CFEE.jpeg?fit=1200%2C900&ssl=1&resize=1050%2C600 3x"},"classes":[]},{"id":2228,"url":"https:\/\/www.ellensailing.se\/?p=2228","url_meta":{"origin":865,"position":1},"title":"BBQ p\u00e5 stranden med Svenskg\u00e4nget!","author":"peter@ellensailing.se","date":"27 april, 2018","format":false,"excerpt":"Idag gick vi till Prickley Bay som \u00e4r v\u00e5r slutdestination f\u00f6r denna g\u00e5ngen. Lite tr\u00e5kigt kan man tycka men h\u00e4r \u00e4r det full rulle. Det \u00e4r n\u00e4stan 10 svenska b\u00e5tar i denna Bay. Helt galet och ikv\u00e4ll blev det BBQ p\u00e5 stranden. Micke Westin som vi nog alla k\u00e4nner iaf\u2026","rel":"","context":"I \u201dV\u00e4stindien 2017-2018\u201d","block_context":{"text":"V\u00e4stindien 2017-2018","link":"https:\/\/www.ellensailing.se\/?cat=24"},"img":{"alt_text":"","src":"https:\/\/i0.wp.com\/www.ellensailing.se\/wp-content\/uploads\/2018\/04\/34D371BF-819F-4B6A-A399-FFE44CDE765A.jpeg?fit=1200%2C899&ssl=1&resize=350%2C200","width":350,"height":200,"srcset":"https:\/\/i0.wp.com\/www.ellensailing.se\/wp-content\/uploads\/2018\/04\/34D371BF-819F-4B6A-A399-FFE44CDE765A.jpeg?fit=1200%2C899&ssl=1&resize=350%2C200 1x, https:\/\/i0.wp.com\/www.ellensailing.se\/wp-content\/uploads\/2018\/04\/34D371BF-819F-4B6A-A399-FFE44CDE765A.jpeg?fit=1200%2C899&ssl=1&resize=525%2C300 1.5x, https:\/\/i0.wp.com\/www.ellensailing.se\/wp-content\/uploads\/2018\/04\/34D371BF-819F-4B6A-A399-FFE44CDE765A.jpeg?fit=1200%2C899&ssl=1&resize=700%2C400 2x, https:\/\/i0.wp.com\/www.ellensailing.se\/wp-content\/uploads\/2018\/04\/34D371BF-819F-4B6A-A399-FFE44CDE765A.jpeg?fit=1200%2C899&ssl=1&resize=1050%2C600 3x"},"classes":[]},{"id":971,"url":"https:\/\/www.ellensailing.se\/?p=971","url_meta":{"origin":865,"position":2},"title":"Resten av Kielkanalen och att g\u00e5 i motstr\u00f6m!","author":"peter@ellensailing.se","date":"27 juni, 2016","format":false,"excerpt":"Vi gick upp p\u00e5 morgonen vid 08.00, dagen efter midsommar. Det har v\u00e4l aldrig h\u00e4nt. Vi kom in till Rehnsberg strax efter 11. Det blev en tur upp p\u00e5 staden f\u00f6r att f\u00e5 r\u00f6ra p\u00e5 benen lite. Det var en ganska mysig liten stad som man troligtvis aldrig hade kommit\u2026","rel":"","context":"I \u201dSommar 2016\u201d","block_context":{"text":"Sommar 2016","link":"https:\/\/www.ellensailing.se\/?cat=20"},"img":{"alt_text":"","src":"https:\/\/i0.wp.com\/www.ellensailing.se\/wp-content\/uploads\/2016\/06\/DSC_0321.jpg?fit=1200%2C797&ssl=1&resize=350%2C200","width":350,"height":200,"srcset":"https:\/\/i0.wp.com\/www.ellensailing.se\/wp-content\/uploads\/2016\/06\/DSC_0321.jpg?fit=1200%2C797&ssl=1&resize=350%2C200 1x, https:\/\/i0.wp.com\/www.ellensailing.se\/wp-content\/uploads\/2016\/06\/DSC_0321.jpg?fit=1200%2C797&ssl=1&resize=525%2C300 1.5x, https:\/\/i0.wp.com\/www.ellensailing.se\/wp-content\/uploads\/2016\/06\/DSC_0321.jpg?fit=1200%2C797&ssl=1&resize=700%2C400 2x, https:\/\/i0.wp.com\/www.ellensailing.se\/wp-content\/uploads\/2016\/06\/DSC_0321.jpg?fit=1200%2C797&ssl=1&resize=1050%2C600 3x"},"classes":[]},{"id":353,"url":"https:\/\/www.ellensailing.se\/?p=353","url_meta":{"origin":865,"position":3},"title":"F\u00f6rsta turen f\u00f6r \u00e5ret \u00e4r p\u00e5b\u00f6rjat!","author":"peter@ellensailing.se","date":"13 maj, 2015","format":false,"excerpt":"Vi har nu tagit det stora steget fr\u00e5n Grepen Marin till \u00d6regrund! Sk\u00f6nt att vara iv\u00e4g men vi snabbade oss f\u00f6r att slippa regnet. Det var l\u00e4nge sedan man var i \u00d6regrund och \u00f6vernattade, tror det var med Stortrissen sedan sist. I alla fall \u00e4r det sk\u00f6nt att vara p\u00e5\u2026","rel":"","context":"I \u201dSommar 2015\u201d","block_context":{"text":"Sommar 2015","link":"https:\/\/www.ellensailing.se\/?cat=4"},"img":{"alt_text":"","src":"https:\/\/i0.wp.com\/www.ellensailing.se\/wp-content\/uploads\/2015\/05\/Ellen-e1431544385563.jpg?fit=1200%2C900&ssl=1&resize=350%2C200","width":350,"height":200,"srcset":"https:\/\/i0.wp.com\/www.ellensailing.se\/wp-content\/uploads\/2015\/05\/Ellen-e1431544385563.jpg?fit=1200%2C900&ssl=1&resize=350%2C200 1x, https:\/\/i0.wp.com\/www.ellensailing.se\/wp-content\/uploads\/2015\/05\/Ellen-e1431544385563.jpg?fit=1200%2C900&ssl=1&resize=525%2C300 1.5x, https:\/\/i0.wp.com\/www.ellensailing.se\/wp-content\/uploads\/2015\/05\/Ellen-e1431544385563.jpg?fit=1200%2C900&ssl=1&resize=700%2C400 2x, https:\/\/i0.wp.com\/www.ellensailing.se\/wp-content\/uploads\/2015\/05\/Ellen-e1431544385563.jpg?fit=1200%2C900&ssl=1&resize=1050%2C600 3x"},"classes":[]},{"id":781,"url":"https:\/\/www.ellensailing.se\/?p=781","url_meta":{"origin":865,"position":4},"title":"Underbar b\u00e5tmeckar helg!","author":"peter@ellensailing.se","date":"13 mars, 2016","format":false,"excerpt":"Nu \u00e4r v\u00e5ren \u00e4ntligen h\u00e4r i alla fall. Det har varit helt underbart ute vid varvet. Vi satt mot husv\u00e4ggen och \u00e5t lunch ute f\u00f6r f\u00f6rsta g\u00e5ngen i \u00e5r. I helgen har vi meckat dit nya gasolboxen som rymmer tv\u00e5 PC5:or. Det blev riktigt bra. Passade p\u00e5 att Topcoata om\u2026","rel":"","context":"I \u201dB\u00e5ten p\u00e5 land\u201d","block_context":{"text":"B\u00e5ten p\u00e5 land","link":"https:\/\/www.ellensailing.se\/?cat=3"},"img":{"alt_text":"","src":"https:\/\/i0.wp.com\/www.ellensailing.se\/wp-content\/uploads\/2016\/03\/IMG_5072.jpg?fit=1200%2C900&ssl=1&resize=350%2C200","width":350,"height":200,"srcset":"https:\/\/i0.wp.com\/www.ellensailing.se\/wp-content\/uploads\/2016\/03\/IMG_5072.jpg?fit=1200%2C900&ssl=1&resize=350%2C200 1x, https:\/\/i0.wp.com\/www.ellensailing.se\/wp-content\/uploads\/2016\/03\/IMG_5072.jpg?fit=1200%2C900&ssl=1&resize=525%2C300 1.5x, https:\/\/i0.wp.com\/www.ellensailing.se\/wp-content\/uploads\/2016\/03\/IMG_5072.jpg?fit=1200%2C900&ssl=1&resize=700%2C400 2x, https:\/\/i0.wp.com\/www.ellensailing.se\/wp-content\/uploads\/2016\/03\/IMG_5072.jpg?fit=1200%2C900&ssl=1&resize=1050%2C600 3x"},"classes":[]},{"id":649,"url":"https:\/\/www.ellensailing.se\/?p=649","url_meta":{"origin":865,"position":5},"title":"Fantastik trevlig OSK tr\u00e4ff i helgen!","author":"peter@ellensailing.se","date":"16 augusti, 2015","format":false,"excerpt":"I helgen har vi haft f\u00f6rm\u00e5nen att vara hemma hos Christer och Annika och haft Oceanseglarnas sensommartr\u00e4ff. De \u00e4r s\u00e5 gener\u00f6sa att de st\u00e4ller upp med sitt fina hus och allt jobb som de l\u00e4gger ner med mat etc. Det \u00e4r s\u00e5 kul att tr\u00e4ffa likasinnade som har eller skall\u2026","rel":"","context":"I \u201dSommar 2015\u201d","block_context":{"text":"Sommar 2015","link":"https:\/\/www.ellensailing.se\/?cat=4"},"img":{"alt_text":"","src":"https:\/\/i0.wp.com\/www.ellensailing.se\/wp-content\/uploads\/2015\/08\/DSC_0119.jpg?fit=1200%2C797&ssl=1&resize=350%2C200","width":350,"height":200,"srcset":"https:\/\/i0.wp.com\/www.ellensailing.se\/wp-content\/uploads\/2015\/08\/DSC_0119.jpg?fit=1200%2C797&ssl=1&resize=350%2C200 1x, https:\/\/i0.wp.com\/www.ellensailing.se\/wp-content\/uploads\/2015\/08\/DSC_0119.jpg?fit=1200%2C797&ssl=1&resize=525%2C300 1.5x, https:\/\/i0.wp.com\/www.ellensailing.se\/wp-content\/uploads\/2015\/08\/DSC_0119.jpg?fit=1200%2C797&ssl=1&resize=700%2C400 2x, https:\/\/i0.wp.com\/www.ellensailing.se\/wp-content\/uploads\/2015\/08\/DSC_0119.jpg?fit=1200%2C797&ssl=1&resize=1050%2C600 3x"},"classes":[]}],"jetpack_likes_enabled":false,"_links":{"self":[{"href":"https:\/\/www.ellensailing.se\/index.php?rest_route=\/wp\/v2\/posts\/865","targetHints":{"allow":["GET"]}}],"collection":[{"href":"https:\/\/www.ellensailing.se\/index.php?rest_route=\/wp\/v2\/posts"}],"about":[{"href":"https:\/\/www.ellensailing.se\/index.php?rest_route=\/wp\/v2\/types\/post"}],"author":[{"embeddable":true,"href":"https:\/\/www.ellensailing.se\/index.php?rest_route=\/wp\/v2\/users\/1"}],"replies":[{"embeddable":true,"href":"https:\/\/www.ellensailing.se\/index.php?rest_route=%2Fwp%2Fv2%2Fcomments&post=865"}],"version-history":[{"count":2,"href":"https:\/\/www.ellensailing.se\/index.php?rest_route=\/wp\/v2\/posts\/865\/revisions"}],"predecessor-version":[{"id":868,"href":"https:\/\/www.ellensailing.se\/index.php?rest_route=\/wp\/v2\/posts\/865\/revisions\/868"}],"wp:featuredmedia":[{"embeddable":true,"href":"https:\/\/www.ellensailing.se\/index.php?rest_route=\/wp\/v2\/media\/866"}],"wp:attachment":[{"href":"https:\/\/www.ellensailing.se\/index.php?rest_route=%2Fwp%2Fv2%2Fmedia&parent=865"}],"wp:term":[{"taxonomy":"category","embeddable":true,"href":"https:\/\/www.ellensailing.se\/index.php?rest_route=%2Fwp%2Fv2%2Fcategories&post=865"},{"taxonomy":"post_tag","embeddable":true,"href":"https:\/\/www.ellensailing.se\/index.php?rest_route=%2Fwp%2Fv2%2Ftags&post=865"}],"curies":[{"name":"wp","href":"https:\/\/api.w.org\/{rel}","templated":true}]}}