{"id":861,"date":"2016-05-26T21:04:08","date_gmt":"2016-05-26T19:04:08","guid":{"rendered":"https:\/\/www.ellensailing.se\/?p=861"},"modified":"2016-05-26T21:04:08","modified_gmt":"2016-05-26T19:04:08","slug":"vi-passar-ultimos-varldskarta","status":"publish","type":"post","link":"https:\/\/www.ellensailing.se\/?p=861","title":{"rendered":"Vi passar Ultimos v\u00e4rldskarta."},"content":{"rendered":"<figure id=\"attachment_862\" aria-describedby=\"caption-attachment-862\" style=\"width: 640px\" class=\"wp-caption aligncenter\"><a href=\"https:\/\/i0.wp.com\/www.ellensailing.se\/wp-content\/uploads\/2016\/05\/IMG_5174-1.jpg?ssl=1\"><img data-recalc-dims=\"1\" fetchpriority=\"high\" decoding=\"async\" class=\"wp-image-862 size-large\" src=\"https:\/\/i0.wp.com\/www.ellensailing.se\/wp-content\/uploads\/2016\/05\/IMG_5174-1.jpg?resize=640%2C480&#038;ssl=1\" alt=\"IMG_5174\" width=\"640\" height=\"480\" srcset=\"https:\/\/i0.wp.com\/www.ellensailing.se\/wp-content\/uploads\/2016\/05\/IMG_5174-1.jpg?resize=1024%2C768&amp;ssl=1 1024w, https:\/\/i0.wp.com\/www.ellensailing.se\/wp-content\/uploads\/2016\/05\/IMG_5174-1.jpg?resize=300%2C225&amp;ssl=1 300w, https:\/\/i0.wp.com\/www.ellensailing.se\/wp-content\/uploads\/2016\/05\/IMG_5174-1.jpg?resize=768%2C576&amp;ssl=1 768w, https:\/\/i0.wp.com\/www.ellensailing.se\/wp-content\/uploads\/2016\/05\/IMG_5174-1.jpg?resize=320%2C240&amp;ssl=1 320w, https:\/\/i0.wp.com\/www.ellensailing.se\/wp-content\/uploads\/2016\/05\/IMG_5174-1.jpg?w=1680&amp;ssl=1 1680w, https:\/\/i0.wp.com\/www.ellensailing.se\/wp-content\/uploads\/2016\/05\/IMG_5174-1.jpg?w=2520&amp;ssl=1 2520w\" sizes=\"(max-width: 640px) 100vw, 640px\" \/><\/a><figcaption id=\"caption-attachment-862\" class=\"wp-caption-text\">Ultimos \u00f6nskeplatser!<\/figcaption><\/figure>\n<p>Nu n\u00e4r Ultimo har givits sig iv\u00e4g p\u00e5 sin jordenruntsegling s\u00e5 har vi n\u00f6jet att f\u00e5 passa deras fina platta jordglob. Den \u00e4r enormt stor och det finns v\u00e4ldigt stora hav som de skall korsa. Vi f\u00e5r v\u00e4nta med att passera Atlanten till n\u00e4sta \u00e5r och dr\u00f6mma oss bort. Vi s\u00e4tter n\u00e5lar n\u00e4r ni har gjort n\u00e5gra milstolpar. Tror jag hoppar \u00f6ver Borgholm som ni ligger i nu.<span id=\"transmark\"><\/span><\/p>\n<p>Men vi kommer snart ikapp er i mitten av Juni d\u00e5 vi ger oss av mot Spanien.<\/p>\n<p>Fair winds!<\/p>\n","protected":false},"excerpt":{"rendered":"<p>Nu n\u00e4r Ultimo har givits sig iv\u00e4g p\u00e5 sin jordenruntsegling s\u00e5 har vi n\u00f6jet att f\u00e5 passa deras fina platta[&#8230;]<\/p>\n","protected":false},"author":1,"featured_media":862,"comment_status":"open","ping_status":"open","sticky":false,"template":"","format":"standard","meta":{"_jetpack_newsletter_access":"","_jetpack_dont_email_post_to_subs":false,"_jetpack_newsletter_tier_id":0,"_jetpack_memberships_contains_paywalled_content":false,"_jetpack_feature_clip_id":0,"_jetpack_memberships_contains_paid_content":false,"footnotes":"","jetpack_publicize_message":"","jetpack_publicize_feature_enabled":true,"jetpack_social_post_already_shared":true,"jetpack_social_options":{"image_generator_settings":{"template":"highway","default_image_id":0,"font":"","enabled":false},"version":2},"jetpack_post_was_ever_published":false},"categories":[8],"tags":[],"class_list":["post-861","post","type-post","status-publish","format-standard","has-post-thumbnail","hentry","category-avseglargrupp"],"jetpack_publicize_connections":[],"jetpack_featured_media_url":"https:\/\/i0.wp.com\/www.ellensailing.se\/wp-content\/uploads\/2016\/05\/IMG_5174-1.jpg?fit=4032%2C3024&ssl=1","jetpack_sharing_enabled":true,"jetpack_shortlink":"https:\/\/wp.me\/p5G68R-dT","jetpack-related-posts":[{"id":2769,"url":"https:\/\/www.ellensailing.se\/?p=2769","url_meta":{"origin":861,"position":0},"title":"K\u00e4rt \u00e5terseende!","author":"peter@ellensailing.se","date":"12 juli, 2020","format":false,"excerpt":"S\u00e5 roligt att f\u00e5 tr\u00e4ffa Conny och Carina p\u00e5 Ultimo efter s\u00e5 m\u00e5nga \u00e5r som de varit borta p\u00e5 de sju haven. Nu \u00e4r de tillbaka i Kungs\u00e4ngen och numer f\u00e5r Ultimo vara i s\u00f6tvatten. Vi har ocks\u00e5 valt att g\u00e5 in i grodhavet (M\u00e4laren) f\u00f6r att tr\u00e4ffa dem. Det\u2026","rel":"","context":"I \u201dSegling 2020\u201d","block_context":{"text":"Segling 2020","link":"https:\/\/www.ellensailing.se\/?cat=27"},"img":{"alt_text":"","src":"https:\/\/i0.wp.com\/www.ellensailing.se\/wp-content\/uploads\/2020\/07\/IMG_8180-rotated.jpg?fit=640%2C481&ssl=1&resize=350%2C200","width":350,"height":200,"srcset":"https:\/\/i0.wp.com\/www.ellensailing.se\/wp-content\/uploads\/2020\/07\/IMG_8180-rotated.jpg?fit=640%2C481&ssl=1&resize=350%2C200 1x, https:\/\/i0.wp.com\/www.ellensailing.se\/wp-content\/uploads\/2020\/07\/IMG_8180-rotated.jpg?fit=640%2C481&ssl=1&resize=525%2C300 1.5x"},"classes":[]},{"id":826,"url":"https:\/\/www.ellensailing.se\/?p=826","url_meta":{"origin":861,"position":1},"title":"Ultimo p\u00e5 v\u00e4g till de 7 haven!","author":"peter@ellensailing.se","date":"22 maj, 2016","format":false,"excerpt":"Vilken underbar helg vi har haft! Ellen har f\u00f6r f\u00f6rsta g\u00e5ngen f\u00e5tt k\u00e4nna p\u00e5 s\u00f6tvatten och slussa in i M\u00e4laren. Syftet med att uts\u00e4tta Ellen f\u00f6r s\u00f6tvatten, var f\u00f6r att fira av Conny & Carina som ger sig i v\u00e4g p\u00e5 sin l\u00e5nga resa runt jorden i massor av \u00e5r.\u2026","rel":"","context":"I \u201dAvseglargrupp\u201d","block_context":{"text":"Avseglargrupp","link":"https:\/\/www.ellensailing.se\/?cat=8"},"img":{"alt_text":"","src":"https:\/\/i0.wp.com\/www.ellensailing.se\/wp-content\/uploads\/2016\/05\/IMG_0017.jpg?fit=1200%2C900&ssl=1&resize=350%2C200","width":350,"height":200,"srcset":"https:\/\/i0.wp.com\/www.ellensailing.se\/wp-content\/uploads\/2016\/05\/IMG_0017.jpg?fit=1200%2C900&ssl=1&resize=350%2C200 1x, https:\/\/i0.wp.com\/www.ellensailing.se\/wp-content\/uploads\/2016\/05\/IMG_0017.jpg?fit=1200%2C900&ssl=1&resize=525%2C300 1.5x, https:\/\/i0.wp.com\/www.ellensailing.se\/wp-content\/uploads\/2016\/05\/IMG_0017.jpg?fit=1200%2C900&ssl=1&resize=700%2C400 2x, https:\/\/i0.wp.com\/www.ellensailing.se\/wp-content\/uploads\/2016\/05\/IMG_0017.jpg?fit=1200%2C900&ssl=1&resize=1050%2C600 3x"},"classes":[]},{"id":1247,"url":"https:\/\/www.ellensailing.se\/?p=1247","url_meta":{"origin":861,"position":2},"title":"Meckar och utflyktsdag i Vigo!","author":"peter@ellensailing.se","date":"14 september, 2017","format":false,"excerpt":"\u00c4ntligen \u00e4r v\u00e4rmen h\u00e4r och massor av sol. Det \u00e4r j\u00e4ttesk\u00f6nt men det bl\u00e5ser en del. Jag och Lasse har meckat med Watermaker idag. Pumpen p\u00e5 den har brakat, nu g\u00e4ller det att hitta n\u00e5gon ny. Inte l\u00e4tt n\u00e4r man \u00e4r p\u00e5 flytande fot. F\u00e5tt n\u00e5gra tips och det \u00e4r\u2026","rel":"","context":"I \u201dH\u00f6st 2017 till Grand Canrias.\u201d","block_context":{"text":"H\u00f6st 2017 till Grand Canrias.","link":"https:\/\/www.ellensailing.se\/?cat=22"},"img":{"alt_text":"","src":"https:\/\/i0.wp.com\/www.ellensailing.se\/wp-content\/uploads\/2017\/09\/DSC2502.jpg?fit=1200%2C802&ssl=1&resize=350%2C200","width":350,"height":200,"srcset":"https:\/\/i0.wp.com\/www.ellensailing.se\/wp-content\/uploads\/2017\/09\/DSC2502.jpg?fit=1200%2C802&ssl=1&resize=350%2C200 1x, https:\/\/i0.wp.com\/www.ellensailing.se\/wp-content\/uploads\/2017\/09\/DSC2502.jpg?fit=1200%2C802&ssl=1&resize=525%2C300 1.5x, https:\/\/i0.wp.com\/www.ellensailing.se\/wp-content\/uploads\/2017\/09\/DSC2502.jpg?fit=1200%2C802&ssl=1&resize=700%2C400 2x, https:\/\/i0.wp.com\/www.ellensailing.se\/wp-content\/uploads\/2017\/09\/DSC2502.jpg?fit=1200%2C802&ssl=1&resize=1050%2C600 3x"},"classes":[]},{"id":3765,"url":"https:\/\/www.ellensailing.se\/?p=3765","url_meta":{"origin":861,"position":3},"title":"Underbar Julmiddag!","author":"peter@ellensailing.se","date":"7 december, 2024","format":false,"excerpt":"Ikv\u00e4ll hade vi en fantastiskt kv\u00e4ll eller eftermiddag! Fyra b\u00e5tar tr\u00e4ffades och hade julbord p\u00e5 Kastellet utanf\u00f6r Vaxholm. B\u00f6rjade med b\u00e5t fr\u00e5n Strandv\u00e4gen mot Kastellet! Det bj\u00f6ds p\u00e5 gl\u00f6gg och det var ett glatt g\u00e4ng ombord. V\u00e4l framme s\u00e5 kom vi n p\u00e5 Kastellet som \u00e4r supermysig! Men vilket Julbord!\u2026","rel":"","context":"I \u201dB\u00e5ten p\u00e5 land\u201d","block_context":{"text":"B\u00e5ten p\u00e5 land","link":"https:\/\/www.ellensailing.se\/?cat=3"},"img":{"alt_text":"","src":"https:\/\/i0.wp.com\/www.ellensailing.se\/wp-content\/uploads\/2024\/12\/img_0011-1.jpg?fit=1200%2C900&ssl=1&resize=350%2C200","width":350,"height":200,"srcset":"https:\/\/i0.wp.com\/www.ellensailing.se\/wp-content\/uploads\/2024\/12\/img_0011-1.jpg?fit=1200%2C900&ssl=1&resize=350%2C200 1x, https:\/\/i0.wp.com\/www.ellensailing.se\/wp-content\/uploads\/2024\/12\/img_0011-1.jpg?fit=1200%2C900&ssl=1&resize=525%2C300 1.5x, https:\/\/i0.wp.com\/www.ellensailing.se\/wp-content\/uploads\/2024\/12\/img_0011-1.jpg?fit=1200%2C900&ssl=1&resize=700%2C400 2x, https:\/\/i0.wp.com\/www.ellensailing.se\/wp-content\/uploads\/2024\/12\/img_0011-1.jpg?fit=1200%2C900&ssl=1&resize=1050%2C600 3x"},"classes":[]},{"id":2758,"url":"https:\/\/www.ellensailing.se\/?p=2758","url_meta":{"origin":861,"position":4},"title":"Nu b\u00f6rjar \u00e4ntligen semestern","author":"peter@ellensailing.se","date":"10 juli, 2020","format":false,"excerpt":"S\u00e5 sk\u00f6nt efter denna v\u00e5r att f\u00e5 semester. Allt som h\u00e4nt med pandemi och jobb hemifr\u00e5n \u00e4r det sk\u00f6nt att komma till sitt andra hem, Ellen. Inga planer \u00e4r best\u00e4mda vart vi skall n\u00e5gonstans f\u00f6rutom att vi i morgon skall till Kungs\u00e4ngen och h\u00e4lsa p\u00e5 Ultimo som varit ute och\u2026","rel":"","context":"I \u201dSegling 2020\u201d","block_context":{"text":"Segling 2020","link":"https:\/\/www.ellensailing.se\/?cat=27"},"img":{"alt_text":"","src":"https:\/\/i0.wp.com\/www.ellensailing.se\/wp-content\/uploads\/2020\/07\/IMG_3796-rotated.jpg?fit=1200%2C900&ssl=1&resize=350%2C200","width":350,"height":200,"srcset":"https:\/\/i0.wp.com\/www.ellensailing.se\/wp-content\/uploads\/2020\/07\/IMG_3796-rotated.jpg?fit=1200%2C900&ssl=1&resize=350%2C200 1x, https:\/\/i0.wp.com\/www.ellensailing.se\/wp-content\/uploads\/2020\/07\/IMG_3796-rotated.jpg?fit=1200%2C900&ssl=1&resize=525%2C300 1.5x, https:\/\/i0.wp.com\/www.ellensailing.se\/wp-content\/uploads\/2020\/07\/IMG_3796-rotated.jpg?fit=1200%2C900&ssl=1&resize=700%2C400 2x, https:\/\/i0.wp.com\/www.ellensailing.se\/wp-content\/uploads\/2020\/07\/IMG_3796-rotated.jpg?fit=1200%2C900&ssl=1&resize=1050%2C600 3x"},"classes":[]},{"id":3275,"url":"https:\/\/www.ellensailing.se\/?p=3275","url_meta":{"origin":861,"position":5},"title":"Summering 2022","author":"peter@ellensailing.se","date":"4 april, 2023","format":false,"excerpt":"Usch och fy vad d\u00e5liga vi varit p\u00e5 att uppdatera v\u00e5r blogg. H\u00e4r kommer i alla fall en summering av sommarseglingen f\u00f6rra \u00e5ret. Vi b\u00f6rjade v\u00e5r semester den 8 juli och tog oss ut till Bj\u00f6rksk\u00e4r d\u00e4r allt b\u00f6rjade. Vi tr\u00e4ffad Lasse och Helene med sin Ella (Omega 42). Hade\u2026","rel":"","context":"I \u201dSommar 2022\u201d","block_context":{"text":"Sommar 2022","link":"https:\/\/www.ellensailing.se\/?cat=30"},"img":{"alt_text":"","src":"https:\/\/i0.wp.com\/www.ellensailing.se\/wp-content\/uploads\/2023\/04\/IMG_1721-scaled.jpg?fit=1200%2C900&ssl=1&resize=350%2C200","width":350,"height":200,"srcset":"https:\/\/i0.wp.com\/www.ellensailing.se\/wp-content\/uploads\/2023\/04\/IMG_1721-scaled.jpg?fit=1200%2C900&ssl=1&resize=350%2C200 1x, https:\/\/i0.wp.com\/www.ellensailing.se\/wp-content\/uploads\/2023\/04\/IMG_1721-scaled.jpg?fit=1200%2C900&ssl=1&resize=525%2C300 1.5x, https:\/\/i0.wp.com\/www.ellensailing.se\/wp-content\/uploads\/2023\/04\/IMG_1721-scaled.jpg?fit=1200%2C900&ssl=1&resize=700%2C400 2x, https:\/\/i0.wp.com\/www.ellensailing.se\/wp-content\/uploads\/2023\/04\/IMG_1721-scaled.jpg?fit=1200%2C900&ssl=1&resize=1050%2C600 3x"},"classes":[]}],"jetpack_likes_enabled":false,"_links":{"self":[{"href":"https:\/\/www.ellensailing.se\/index.php?rest_route=\/wp\/v2\/posts\/861","targetHints":{"allow":["GET"]}}],"collection":[{"href":"https:\/\/www.ellensailing.se\/index.php?rest_route=\/wp\/v2\/posts"}],"about":[{"href":"https:\/\/www.ellensailing.se\/index.php?rest_route=\/wp\/v2\/types\/post"}],"author":[{"embeddable":true,"href":"https:\/\/www.ellensailing.se\/index.php?rest_route=\/wp\/v2\/users\/1"}],"replies":[{"embeddable":true,"href":"https:\/\/www.ellensailing.se\/index.php?rest_route=%2Fwp%2Fv2%2Fcomments&post=861"}],"version-history":[{"count":1,"href":"https:\/\/www.ellensailing.se\/index.php?rest_route=\/wp\/v2\/posts\/861\/revisions"}],"predecessor-version":[{"id":863,"href":"https:\/\/www.ellensailing.se\/index.php?rest_route=\/wp\/v2\/posts\/861\/revisions\/863"}],"wp:featuredmedia":[{"embeddable":true,"href":"https:\/\/www.ellensailing.se\/index.php?rest_route=\/wp\/v2\/media\/862"}],"wp:attachment":[{"href":"https:\/\/www.ellensailing.se\/index.php?rest_route=%2Fwp%2Fv2%2Fmedia&parent=861"}],"wp:term":[{"taxonomy":"category","embeddable":true,"href":"https:\/\/www.ellensailing.se\/index.php?rest_route=%2Fwp%2Fv2%2Fcategories&post=861"},{"taxonomy":"post_tag","embeddable":true,"href":"https:\/\/www.ellensailing.se\/index.php?rest_route=%2Fwp%2Fv2%2Ftags&post=861"}],"curies":[{"name":"wp","href":"https:\/\/api.w.org\/{rel}","templated":true}]}}