{"id":815,"date":"2016-05-06T19:28:51","date_gmt":"2016-05-06T17:28:51","guid":{"rendered":"https:\/\/www.ellensailing.se\/?p=815"},"modified":"2016-05-06T19:28:51","modified_gmt":"2016-05-06T17:28:51","slug":"grepen-marin-vilka-fullblodsproffs-pa-rostfritt","status":"publish","type":"post","link":"https:\/\/www.ellensailing.se\/?p=815","title":{"rendered":"Grepen Marin &#8211; vilka fullblodsproffs p\u00e5 rostfritt!"},"content":{"rendered":"<p>&nbsp;<\/p>\n<p>&nbsp;<\/p>\n<figure id=\"attachment_819\" aria-describedby=\"caption-attachment-819\" style=\"width: 480px\" class=\"wp-caption aligncenter\"><a href=\"https:\/\/i0.wp.com\/www.ellensailing.se\/wp-content\/uploads\/2016\/05\/IMG_5173-e1462555248113.jpg?ssl=1\"><img data-recalc-dims=\"1\" fetchpriority=\"high\" decoding=\"async\" class=\"size-full wp-image-819\" src=\"https:\/\/i0.wp.com\/www.ellensailing.se\/wp-content\/uploads\/2016\/05\/IMG_5173-e1462555248113.jpg?resize=480%2C640&#038;ssl=1\" alt=\"Snygga svetsar\" width=\"480\" height=\"640\" srcset=\"https:\/\/i0.wp.com\/www.ellensailing.se\/wp-content\/uploads\/2016\/05\/IMG_5173-e1462555248113.jpg?w=480&amp;ssl=1 480w, https:\/\/i0.wp.com\/www.ellensailing.se\/wp-content\/uploads\/2016\/05\/IMG_5173-e1462555248113.jpg?resize=225%2C300&amp;ssl=1 225w\" sizes=\"(max-width: 480px) 100vw, 480px\" \/><\/a><figcaption id=\"caption-attachment-819\" class=\"wp-caption-text\">Snygga svetsar<\/figcaption><\/figure>\n<p>Nu blir det lite reklam men det m\u00e5ste faktiskt till. Vi skulle bygga ny Bimitopp d\u00e5 den gamla var lite f\u00f6r liten och inte tillr\u00e4ckligt bred. Vi b\u00f6rjade med att s\u00e5ga av den gamla, testa, m\u00e4tte och fixade. Sedan skulle vi skruva ihop\u00a0 det men d\u00e5 satte Lelle ner foten! S\u00e5 d\u00e4r kan man inte g\u00f6ra med tanke p\u00e5 vart ni skall segla. Det m\u00e5ste svetsas och det textila m\u00e5ste g\u00f6ras av Marin Decor i \u00d6regrund.<\/p>\n<p>Sakt och gjort, s\u00e5 best\u00e4mde vi oss f\u00f6r att lyssna p\u00e5 Lelle och j\u00e4klar s\u00e5 bra det blev. Lelle p\u00e5 Grepen i kombo med Torvald p\u00e5 Marin Decor, vet ej om n\u00e5got kan sl\u00e5 det!<\/p>\n<figure id=\"attachment_820\" aria-describedby=\"caption-attachment-820\" style=\"width: 640px\" class=\"wp-caption aligncenter\"><a href=\"https:\/\/i0.wp.com\/www.ellensailing.se\/wp-content\/uploads\/2016\/05\/IMG_5174.jpg?ssl=1\"><img data-recalc-dims=\"1\" decoding=\"async\" class=\"size-full wp-image-820\" src=\"https:\/\/i0.wp.com\/www.ellensailing.se\/wp-content\/uploads\/2016\/05\/IMG_5174.jpg?resize=640%2C480&#038;ssl=1\" alt=\"Nya Bimin\" width=\"640\" height=\"480\" srcset=\"https:\/\/i0.wp.com\/www.ellensailing.se\/wp-content\/uploads\/2016\/05\/IMG_5174.jpg?w=640&amp;ssl=1 640w, https:\/\/i0.wp.com\/www.ellensailing.se\/wp-content\/uploads\/2016\/05\/IMG_5174.jpg?resize=300%2C225&amp;ssl=1 300w, https:\/\/i0.wp.com\/www.ellensailing.se\/wp-content\/uploads\/2016\/05\/IMG_5174.jpg?resize=320%2C240&amp;ssl=1 320w\" sizes=\"(max-width: 640px) 100vw, 640px\" \/><\/a><figcaption id=\"caption-attachment-820\" class=\"wp-caption-text\">Nya Bimin<\/figcaption><\/figure>\n<p>Tack Lelle f\u00f6r de tv\u00e5 \u00e5r vi f\u00e5tt legat p\u00e5 Grepen Marin. Det har varit j\u00e4ttekul och ni \u00e4r s\u00e5 gener\u00f6sa och trevliga. Ja, jag har skaffat egen borr och g\u00e4ngolja och kommer alltid att anv\u00e4nda det. F\u00f6r alla 08:or kan jag rekomendera att ta upp b\u00e5ten i \u00d6regrund, betydligt billigare och en otroligt bra milj\u00f6. Dessutom finns mycket kunskap om b\u00e5tar i \u00d6regrund.<\/p>\n<p>Vi har nu kommit till R\u00f6dl\u00f6ga efter en kanonsegling fr\u00e5n V\u00e4ssar\u00f6. Sist jag var h\u00e4r var n\u00e4r jag och Wille hade brutit p\u00e5 \u00d6stersj\u00f6maran i j\u00e4ttedimma.<\/p>\n<p>I morgon seglar vi mot Kullsk\u00e4r f\u00f6r att h\u00e4lsa p\u00e5 alla Wibomar men framf\u00f6rallt Max och Monica!<\/p>\n","protected":false},"excerpt":{"rendered":"<p>&nbsp; &nbsp; Nu blir det lite reklam men det m\u00e5ste faktiskt till. Vi skulle bygga ny Bimitopp d\u00e5 den gamla[&#8230;]<\/p>\n","protected":false},"author":1,"featured_media":816,"comment_status":"open","ping_status":"open","sticky":false,"template":"","format":"standard","meta":{"_jetpack_newsletter_access":"","_jetpack_dont_email_post_to_subs":false,"_jetpack_newsletter_tier_id":0,"_jetpack_memberships_contains_paywalled_content":false,"_jetpack_feature_clip_id":0,"_jetpack_memberships_contains_paid_content":false,"footnotes":"","jetpack_publicize_message":"","jetpack_publicize_feature_enabled":true,"jetpack_social_post_already_shared":true,"jetpack_social_options":{"image_generator_settings":{"template":"highway","default_image_id":0,"font":"","enabled":false},"version":2},"jetpack_post_was_ever_published":false},"categories":[20],"tags":[],"class_list":["post-815","post","type-post","status-publish","format-standard","has-post-thumbnail","hentry","category-sommar-2016"],"jetpack_publicize_connections":[],"jetpack_featured_media_url":"https:\/\/i0.wp.com\/www.ellensailing.se\/wp-content\/uploads\/2016\/05\/IMG_5170.jpg?fit=640%2C480&ssl=1","jetpack_sharing_enabled":true,"jetpack_shortlink":"https:\/\/wp.me\/p5G68R-d9","jetpack-related-posts":[{"id":3046,"url":"https:\/\/www.ellensailing.se\/?p=3046","url_meta":{"origin":815,"position":0},"title":"Kaos f\u00f6rsta veckan p\u00e5 semestern!","author":"peter@ellensailing.se","date":"4 juli, 2021","format":false,"excerpt":"P\u00e5 midsommardagen p\u00e5b\u00f6rjade vi v\u00e5r segling. F\u00f6rsta str\u00e4ckan blev inte l\u00e5ng, bara 1,37NM fr\u00e5n Grepen Marin till \u00d6regrundshamn. Vi l\u00e4mnade alla barnen p\u00e5 landet som fick ta hand om allt. F\u00f6rsta kv\u00e4llen var j\u00e4ttemysig och vi gick ut och \u00e5t p\u00e5 Melkers k\u00f6ttbod, supergott. Dagen efter s\u00e5 gick vi fr\u00e5n\u2026","rel":"","context":"I \u201dSegling 2021\u201d","block_context":{"text":"Segling 2021","link":"https:\/\/www.ellensailing.se\/?cat=28"},"img":{"alt_text":"","src":"https:\/\/i0.wp.com\/www.ellensailing.se\/wp-content\/uploads\/2021\/07\/Sjoraddning3.jpg?fit=640%2C480&ssl=1&resize=350%2C200","width":350,"height":200,"srcset":"https:\/\/i0.wp.com\/www.ellensailing.se\/wp-content\/uploads\/2021\/07\/Sjoraddning3.jpg?fit=640%2C480&ssl=1&resize=350%2C200 1x, https:\/\/i0.wp.com\/www.ellensailing.se\/wp-content\/uploads\/2021\/07\/Sjoraddning3.jpg?fit=640%2C480&ssl=1&resize=525%2C300 1.5x"},"classes":[]},{"id":353,"url":"https:\/\/www.ellensailing.se\/?p=353","url_meta":{"origin":815,"position":1},"title":"F\u00f6rsta turen f\u00f6r \u00e5ret \u00e4r p\u00e5b\u00f6rjat!","author":"peter@ellensailing.se","date":"13 maj, 2015","format":false,"excerpt":"Vi har nu tagit det stora steget fr\u00e5n Grepen Marin till \u00d6regrund! Sk\u00f6nt att vara iv\u00e4g men vi snabbade oss f\u00f6r att slippa regnet. Det var l\u00e4nge sedan man var i \u00d6regrund och \u00f6vernattade, tror det var med Stortrissen sedan sist. I alla fall \u00e4r det sk\u00f6nt att vara p\u00e5\u2026","rel":"","context":"I \u201dSommar 2015\u201d","block_context":{"text":"Sommar 2015","link":"https:\/\/www.ellensailing.se\/?cat=4"},"img":{"alt_text":"","src":"https:\/\/i0.wp.com\/www.ellensailing.se\/wp-content\/uploads\/2015\/05\/Ellen-e1431544385563.jpg?fit=1200%2C900&ssl=1&resize=350%2C200","width":350,"height":200,"srcset":"https:\/\/i0.wp.com\/www.ellensailing.se\/wp-content\/uploads\/2015\/05\/Ellen-e1431544385563.jpg?fit=1200%2C900&ssl=1&resize=350%2C200 1x, https:\/\/i0.wp.com\/www.ellensailing.se\/wp-content\/uploads\/2015\/05\/Ellen-e1431544385563.jpg?fit=1200%2C900&ssl=1&resize=525%2C300 1.5x, https:\/\/i0.wp.com\/www.ellensailing.se\/wp-content\/uploads\/2015\/05\/Ellen-e1431544385563.jpg?fit=1200%2C900&ssl=1&resize=700%2C400 2x, https:\/\/i0.wp.com\/www.ellensailing.se\/wp-content\/uploads\/2015\/05\/Ellen-e1431544385563.jpg?fit=1200%2C900&ssl=1&resize=1050%2C600 3x"},"classes":[]},{"id":346,"url":"https:\/\/www.ellensailing.se\/?p=346","url_meta":{"origin":815,"position":2},"title":"Ellen sj\u00f6satt och klar inf\u00f6r n\u00e4sta helgs segling!","author":"peter@ellensailing.se","date":"10 maj, 2015","format":false,"excerpt":"Nu har vi \u00e4ntligen f\u00e5tt i Ellen i sj\u00f6n. Var ganska sp\u00e4nnande med tanke p\u00e5 att jag bytt alla genomf\u00f6ringar. Skulle hon vara t\u00e4t eller skulle det smyga in n\u00e5got vatten. Alla genomf\u00f6ringar var perfekta men n\u00e4r hon hade kommit i sj\u00f6n h\u00f6rde jag hur det skvala n\u00e5gon stans. Det\u2026","rel":"","context":"I \u201dB\u00e5ten p\u00e5 land\u201d","block_context":{"text":"B\u00e5ten p\u00e5 land","link":"https:\/\/www.ellensailing.se\/?cat=3"},"img":{"alt_text":"","src":"https:\/\/i0.wp.com\/www.ellensailing.se\/wp-content\/uploads\/2015\/05\/IMG_4170.jpg?fit=1200%2C900&ssl=1&resize=350%2C200","width":350,"height":200,"srcset":"https:\/\/i0.wp.com\/www.ellensailing.se\/wp-content\/uploads\/2015\/05\/IMG_4170.jpg?fit=1200%2C900&ssl=1&resize=350%2C200 1x, https:\/\/i0.wp.com\/www.ellensailing.se\/wp-content\/uploads\/2015\/05\/IMG_4170.jpg?fit=1200%2C900&ssl=1&resize=525%2C300 1.5x, https:\/\/i0.wp.com\/www.ellensailing.se\/wp-content\/uploads\/2015\/05\/IMG_4170.jpg?fit=1200%2C900&ssl=1&resize=700%2C400 2x, https:\/\/i0.wp.com\/www.ellensailing.se\/wp-content\/uploads\/2015\/05\/IMG_4170.jpg?fit=1200%2C900&ssl=1&resize=1050%2C600 3x"},"classes":[]},{"id":3366,"url":"https:\/\/www.ellensailing.se\/?p=3366","url_meta":{"origin":815,"position":3},"title":"Torsk i Tallin!","author":"peter@ellensailing.se","date":"11 juli, 2023","format":false,"excerpt":"Ja det \u00e4r vi nu! Vi kom hit vid 6 tiden p\u00e5 eftermiddagen. V\u00e4derf\u00f6nster s\u00e5g inte bra ut s\u00e5 valde att l\u00e4mna Hang\u00f6 f\u00f6r att g\u00e5 till Tallin! Vi stack v\u00e4ldigt tidigt strax efter klockan 7 f\u00f6r det s\u00e5g ut att kunna bl\u00e5sa r\u00e4tt bra. Men ack vad man kan\u2026","rel":"","context":"I \u201dSegling 2023\u201d","block_context":{"text":"Segling 2023","link":"https:\/\/www.ellensailing.se\/?cat=31"},"img":{"alt_text":"","src":"https:\/\/i0.wp.com\/www.ellensailing.se\/wp-content\/uploads\/2023\/07\/img_2829-scaled.jpg?fit=1200%2C900&ssl=1&resize=350%2C200","width":350,"height":200,"srcset":"https:\/\/i0.wp.com\/www.ellensailing.se\/wp-content\/uploads\/2023\/07\/img_2829-scaled.jpg?fit=1200%2C900&ssl=1&resize=350%2C200 1x, https:\/\/i0.wp.com\/www.ellensailing.se\/wp-content\/uploads\/2023\/07\/img_2829-scaled.jpg?fit=1200%2C900&ssl=1&resize=525%2C300 1.5x, https:\/\/i0.wp.com\/www.ellensailing.se\/wp-content\/uploads\/2023\/07\/img_2829-scaled.jpg?fit=1200%2C900&ssl=1&resize=700%2C400 2x, https:\/\/i0.wp.com\/www.ellensailing.se\/wp-content\/uploads\/2023\/07\/img_2829-scaled.jpg?fit=1200%2C900&ssl=1&resize=1050%2C600 3x"},"classes":[]},{"id":1741,"url":"https:\/\/www.ellensailing.se\/?p=1741","url_meta":{"origin":815,"position":4},"title":"Martinique bjuder p\u00e5 mycket","author":"peter@ellensailing.se","date":"20 januari, 2018","format":false,"excerpt":"Vi seglade till Martinique efter vi vinkat av World ARC en. Det var en fin segling men inte s\u00e5 l\u00e5ngt. Vi har legat b\u00e5de i Le Marin och utanf\u00f6r p\u00e5 ett st\u00e4lle som heter St:Anne. Ute p\u00e5 St:Anne kan man bada och g\u00f6ra vatten s\u00e5 det \u00e4r bra. Vi hyrde\u2026","rel":"","context":"I \u201dV\u00e4stindien 2017-2018\u201d","block_context":{"text":"V\u00e4stindien 2017-2018","link":"https:\/\/www.ellensailing.se\/?cat=24"},"img":{"alt_text":"","src":"https:\/\/i0.wp.com\/www.ellensailing.se\/wp-content\/uploads\/2018\/01\/DSC6057.jpg?fit=1200%2C802&ssl=1&resize=350%2C200","width":350,"height":200,"srcset":"https:\/\/i0.wp.com\/www.ellensailing.se\/wp-content\/uploads\/2018\/01\/DSC6057.jpg?fit=1200%2C802&ssl=1&resize=350%2C200 1x, https:\/\/i0.wp.com\/www.ellensailing.se\/wp-content\/uploads\/2018\/01\/DSC6057.jpg?fit=1200%2C802&ssl=1&resize=525%2C300 1.5x, https:\/\/i0.wp.com\/www.ellensailing.se\/wp-content\/uploads\/2018\/01\/DSC6057.jpg?fit=1200%2C802&ssl=1&resize=700%2C400 2x, https:\/\/i0.wp.com\/www.ellensailing.se\/wp-content\/uploads\/2018\/01\/DSC6057.jpg?fit=1200%2C802&ssl=1&resize=1050%2C600 3x"},"classes":[]},{"id":3390,"url":"https:\/\/www.ellensailing.se\/?p=3390","url_meta":{"origin":815,"position":5},"title":"Forts\u00e4ttning p\u00e5 Estland","author":"peter@ellensailing.se","date":"17 juli, 2023","format":false,"excerpt":"P\u00e5 s\u00f6ndagen s\u00e5 seglade vi iv\u00e4g fr\u00e5n Tallin. Skulle vara lite mer SO vilket gjorde att vi kunde str\u00e4cka till Dirhami. Det \u00e4r en bit emellan s\u00e5 42 NM blev det. Vi m\u00f6tte Mats Victorin med familj med deras Pogo 36 Det var en fin marina Dirhami men n\u00e4r man\u2026","rel":"","context":"I \u201dSegling 2023\u201d","block_context":{"text":"Segling 2023","link":"https:\/\/www.ellensailing.se\/?cat=31"},"img":{"alt_text":"","src":"https:\/\/i0.wp.com\/www.ellensailing.se\/wp-content\/uploads\/2023\/07\/img_2889-scaled.jpg?fit=1200%2C900&ssl=1&resize=350%2C200","width":350,"height":200,"srcset":"https:\/\/i0.wp.com\/www.ellensailing.se\/wp-content\/uploads\/2023\/07\/img_2889-scaled.jpg?fit=1200%2C900&ssl=1&resize=350%2C200 1x, https:\/\/i0.wp.com\/www.ellensailing.se\/wp-content\/uploads\/2023\/07\/img_2889-scaled.jpg?fit=1200%2C900&ssl=1&resize=525%2C300 1.5x, https:\/\/i0.wp.com\/www.ellensailing.se\/wp-content\/uploads\/2023\/07\/img_2889-scaled.jpg?fit=1200%2C900&ssl=1&resize=700%2C400 2x, https:\/\/i0.wp.com\/www.ellensailing.se\/wp-content\/uploads\/2023\/07\/img_2889-scaled.jpg?fit=1200%2C900&ssl=1&resize=1050%2C600 3x"},"classes":[]}],"jetpack_likes_enabled":false,"_links":{"self":[{"href":"https:\/\/www.ellensailing.se\/index.php?rest_route=\/wp\/v2\/posts\/815","targetHints":{"allow":["GET"]}}],"collection":[{"href":"https:\/\/www.ellensailing.se\/index.php?rest_route=\/wp\/v2\/posts"}],"about":[{"href":"https:\/\/www.ellensailing.se\/index.php?rest_route=\/wp\/v2\/types\/post"}],"author":[{"embeddable":true,"href":"https:\/\/www.ellensailing.se\/index.php?rest_route=\/wp\/v2\/users\/1"}],"replies":[{"embeddable":true,"href":"https:\/\/www.ellensailing.se\/index.php?rest_route=%2Fwp%2Fv2%2Fcomments&post=815"}],"version-history":[{"count":1,"href":"https:\/\/www.ellensailing.se\/index.php?rest_route=\/wp\/v2\/posts\/815\/revisions"}],"predecessor-version":[{"id":821,"href":"https:\/\/www.ellensailing.se\/index.php?rest_route=\/wp\/v2\/posts\/815\/revisions\/821"}],"wp:featuredmedia":[{"embeddable":true,"href":"https:\/\/www.ellensailing.se\/index.php?rest_route=\/wp\/v2\/media\/816"}],"wp:attachment":[{"href":"https:\/\/www.ellensailing.se\/index.php?rest_route=%2Fwp%2Fv2%2Fmedia&parent=815"}],"wp:term":[{"taxonomy":"category","embeddable":true,"href":"https:\/\/www.ellensailing.se\/index.php?rest_route=%2Fwp%2Fv2%2Fcategories&post=815"},{"taxonomy":"post_tag","embeddable":true,"href":"https:\/\/www.ellensailing.se\/index.php?rest_route=%2Fwp%2Fv2%2Ftags&post=815"}],"curies":[{"name":"wp","href":"https:\/\/api.w.org\/{rel}","templated":true}]}}