{"id":781,"date":"2016-03-13T22:17:11","date_gmt":"2016-03-13T21:17:11","guid":{"rendered":"https:\/\/www.ellensailing.se\/?p=781"},"modified":"2016-03-13T22:17:11","modified_gmt":"2016-03-13T21:17:11","slug":"underbar-batmeckar-helg","status":"publish","type":"post","link":"https:\/\/www.ellensailing.se\/?p=781","title":{"rendered":"Underbar b\u00e5tmeckar helg!"},"content":{"rendered":"<figure id=\"attachment_783\" aria-describedby=\"caption-attachment-783\" style=\"width: 640px\" class=\"wp-caption aligncenter\"><a href=\"https:\/\/i0.wp.com\/www.ellensailing.se\/wp-content\/uploads\/2016\/03\/IMG_5072.jpg?ssl=1\" rel=\"attachment wp-att-783\"><img data-recalc-dims=\"1\" fetchpriority=\"high\" decoding=\"async\" class=\"size-large wp-image-783\" src=\"https:\/\/i0.wp.com\/www.ellensailing.se\/wp-content\/uploads\/2016\/03\/IMG_5072.jpg?resize=640%2C480&#038;ssl=1\" alt=\"Ny gasolbox\" width=\"640\" height=\"480\" srcset=\"https:\/\/i0.wp.com\/www.ellensailing.se\/wp-content\/uploads\/2016\/03\/IMG_5072.jpg?resize=1024%2C768&amp;ssl=1 1024w, https:\/\/i0.wp.com\/www.ellensailing.se\/wp-content\/uploads\/2016\/03\/IMG_5072.jpg?resize=300%2C225&amp;ssl=1 300w, https:\/\/i0.wp.com\/www.ellensailing.se\/wp-content\/uploads\/2016\/03\/IMG_5072.jpg?resize=768%2C576&amp;ssl=1 768w, https:\/\/i0.wp.com\/www.ellensailing.se\/wp-content\/uploads\/2016\/03\/IMG_5072.jpg?resize=320%2C240&amp;ssl=1 320w, https:\/\/i0.wp.com\/www.ellensailing.se\/wp-content\/uploads\/2016\/03\/IMG_5072.jpg?w=1632&amp;ssl=1 1632w\" sizes=\"(max-width: 640px) 100vw, 640px\" \/><\/a><figcaption id=\"caption-attachment-783\" class=\"wp-caption-text\">Ny gasolbox<\/figcaption><\/figure>\n<p>Nu \u00e4r v\u00e5ren \u00e4ntligen h\u00e4r i alla fall. Det har varit helt underbart ute vid varvet. Vi satt mot husv\u00e4ggen och \u00e5t lunch ute f\u00f6r f\u00f6rsta g\u00e5ngen i \u00e5r.<\/p>\n<p>I helgen har vi meckat dit nya gasolboxen som rymmer tv\u00e5 PC5:or. Det blev riktigt bra. Passade p\u00e5 att Topcoata om utrymmet ocks\u00e5.<\/p>\n<p><a href=\"https:\/\/i0.wp.com\/www.ellensailing.se\/wp-content\/uploads\/2016\/03\/IMG_5073.jpg?ssl=1\" rel=\"attachment wp-att-784\"><img data-recalc-dims=\"1\" decoding=\"async\" class=\"aligncenter size-large wp-image-784\" src=\"https:\/\/i0.wp.com\/www.ellensailing.se\/wp-content\/uploads\/2016\/03\/IMG_5073.jpg?resize=640%2C480&#038;ssl=1\" alt=\"IMG_5073\" width=\"640\" height=\"480\" srcset=\"https:\/\/i0.wp.com\/www.ellensailing.se\/wp-content\/uploads\/2016\/03\/IMG_5073.jpg?resize=1024%2C768&amp;ssl=1 1024w, https:\/\/i0.wp.com\/www.ellensailing.se\/wp-content\/uploads\/2016\/03\/IMG_5073.jpg?resize=300%2C225&amp;ssl=1 300w, https:\/\/i0.wp.com\/www.ellensailing.se\/wp-content\/uploads\/2016\/03\/IMG_5073.jpg?resize=768%2C576&amp;ssl=1 768w, https:\/\/i0.wp.com\/www.ellensailing.se\/wp-content\/uploads\/2016\/03\/IMG_5073.jpg?resize=320%2C240&amp;ssl=1 320w, https:\/\/i0.wp.com\/www.ellensailing.se\/wp-content\/uploads\/2016\/03\/IMG_5073.jpg?w=1632&amp;ssl=1 1632w\" sizes=\"(max-width: 640px) 100vw, 640px\" \/><\/a>Vi har ocks\u00e5 sorterat och inventerat alla reservdelar samt vaccumpackat allt s\u00e5 det inte skall blir f\u00f6rst\u00f6rda. Det var nyttigt! Trodde vi hade en del saker som visade sig vara annat. Sk\u00f6nt ocks\u00e5 att skriva upp alla artikelnr. s\u00e5 det blir l\u00e4ttare att best\u00e4lla saker n\u00e4r man beh\u00f6ver.<span id=\"transmark\"><\/span><\/p>\n<figure id=\"attachment_782\" aria-describedby=\"caption-attachment-782\" style=\"width: 640px\" class=\"wp-caption aligncenter\"><a href=\"https:\/\/i0.wp.com\/www.ellensailing.se\/wp-content\/uploads\/2016\/03\/IMG_5071-e1457903280487.jpg?ssl=1\" rel=\"attachment wp-att-782\"><img data-recalc-dims=\"1\" decoding=\"async\" class=\"size-large wp-image-782\" src=\"https:\/\/i0.wp.com\/www.ellensailing.se\/wp-content\/uploads\/2016\/03\/IMG_5071-e1457903280487-768x1024.jpg?resize=640%2C853&#038;ssl=1\" alt=\"Sp\u00f6h\u00e5llare\" width=\"640\" height=\"853\" srcset=\"https:\/\/i0.wp.com\/www.ellensailing.se\/wp-content\/uploads\/2016\/03\/IMG_5071-e1457903280487.jpg?resize=768%2C1024&amp;ssl=1 768w, https:\/\/i0.wp.com\/www.ellensailing.se\/wp-content\/uploads\/2016\/03\/IMG_5071-e1457903280487.jpg?resize=225%2C300&amp;ssl=1 225w, https:\/\/i0.wp.com\/www.ellensailing.se\/wp-content\/uploads\/2016\/03\/IMG_5071-e1457903280487.jpg?w=1224&amp;ssl=1 1224w\" sizes=\"(max-width: 640px) 100vw, 640px\" \/><\/a><figcaption id=\"caption-attachment-782\" class=\"wp-caption-text\">Sp\u00f6h\u00e5llare<\/figcaption><\/figure>\n<p>Kunde inte l\u00e5ta bli att montera sp\u00f6h\u00e5llaren som skall f\u00e5 h\u00e5lla sp\u00f6t innan vi f\u00e5ngar de fula fiskarna. N\u00e4sta helg s\u00e5 blir vi m\u00e5nga vid b\u00e5ten f\u00f6r att mecka.<\/p>\n","protected":false},"excerpt":{"rendered":"<p>Nu \u00e4r v\u00e5ren \u00e4ntligen h\u00e4r i alla fall. Det har varit helt underbart ute vid varvet. Vi satt mot husv\u00e4ggen[&#8230;]<\/p>\n","protected":false},"author":1,"featured_media":783,"comment_status":"open","ping_status":"open","sticky":false,"template":"","format":"standard","meta":{"_jetpack_newsletter_access":"","_jetpack_dont_email_post_to_subs":false,"_jetpack_newsletter_tier_id":0,"_jetpack_memberships_contains_paywalled_content":false,"_jetpack_feature_clip_id":0,"_jetpack_memberships_contains_paid_content":false,"footnotes":"","jetpack_publicize_message":"","jetpack_publicize_feature_enabled":true,"jetpack_social_post_already_shared":true,"jetpack_social_options":{"image_generator_settings":{"template":"highway","default_image_id":0,"font":"","enabled":false},"version":2},"jetpack_post_was_ever_published":false},"categories":[3],"tags":[],"class_list":["post-781","post","type-post","status-publish","format-standard","has-post-thumbnail","hentry","category-baten-pa-land"],"jetpack_publicize_connections":[],"jetpack_featured_media_url":"https:\/\/i0.wp.com\/www.ellensailing.se\/wp-content\/uploads\/2016\/03\/IMG_5072.jpg?fit=1632%2C1224&ssl=1","jetpack_sharing_enabled":true,"jetpack_shortlink":"https:\/\/wp.me\/p5G68R-cB","jetpack-related-posts":[{"id":658,"url":"https:\/\/www.ellensailing.se\/?p=658","url_meta":{"origin":781,"position":0},"title":"Vilken augusti vi har, \u00e4nnu en fantastisk helg!","author":"peter@ellensailing.se","date":"24 augusti, 2015","format":false,"excerpt":"I helgen hade vi finbes\u00f6k av Philip och Anna. Vi seglade ut p\u00e5 l\u00f6rdagen vid 10.45 i mycket fint v\u00e4der men v\u00e4ldigt lite vind. Vi kryssade mot M\u00f6ja och ankrade upp i en liten fin vik d\u00e4r vi tog en liten lunch. Efter lunchen hade det b\u00f6rjat bl\u00e5sa lite. Kryssen\u2026","rel":"","context":"I \u201dSommar 2015\u201d","block_context":{"text":"Sommar 2015","link":"https:\/\/www.ellensailing.se\/?cat=4"},"img":{"alt_text":"","src":"https:\/\/i0.wp.com\/www.ellensailing.se\/wp-content\/uploads\/2015\/08\/DSC_0147.jpg?fit=1200%2C797&ssl=1&resize=350%2C200","width":350,"height":200,"srcset":"https:\/\/i0.wp.com\/www.ellensailing.se\/wp-content\/uploads\/2015\/08\/DSC_0147.jpg?fit=1200%2C797&ssl=1&resize=350%2C200 1x, https:\/\/i0.wp.com\/www.ellensailing.se\/wp-content\/uploads\/2015\/08\/DSC_0147.jpg?fit=1200%2C797&ssl=1&resize=525%2C300 1.5x, https:\/\/i0.wp.com\/www.ellensailing.se\/wp-content\/uploads\/2015\/08\/DSC_0147.jpg?fit=1200%2C797&ssl=1&resize=700%2C400 2x, https:\/\/i0.wp.com\/www.ellensailing.se\/wp-content\/uploads\/2015\/08\/DSC_0147.jpg?fit=1200%2C797&ssl=1&resize=1050%2C600 3x"},"classes":[]},{"id":649,"url":"https:\/\/www.ellensailing.se\/?p=649","url_meta":{"origin":781,"position":1},"title":"Fantastik trevlig OSK tr\u00e4ff i helgen!","author":"peter@ellensailing.se","date":"16 augusti, 2015","format":false,"excerpt":"I helgen har vi haft f\u00f6rm\u00e5nen att vara hemma hos Christer och Annika och haft Oceanseglarnas sensommartr\u00e4ff. De \u00e4r s\u00e5 gener\u00f6sa att de st\u00e4ller upp med sitt fina hus och allt jobb som de l\u00e4gger ner med mat etc. Det \u00e4r s\u00e5 kul att tr\u00e4ffa likasinnade som har eller skall\u2026","rel":"","context":"I \u201dSommar 2015\u201d","block_context":{"text":"Sommar 2015","link":"https:\/\/www.ellensailing.se\/?cat=4"},"img":{"alt_text":"","src":"https:\/\/i0.wp.com\/www.ellensailing.se\/wp-content\/uploads\/2015\/08\/DSC_0119.jpg?fit=1200%2C797&ssl=1&resize=350%2C200","width":350,"height":200,"srcset":"https:\/\/i0.wp.com\/www.ellensailing.se\/wp-content\/uploads\/2015\/08\/DSC_0119.jpg?fit=1200%2C797&ssl=1&resize=350%2C200 1x, https:\/\/i0.wp.com\/www.ellensailing.se\/wp-content\/uploads\/2015\/08\/DSC_0119.jpg?fit=1200%2C797&ssl=1&resize=525%2C300 1.5x, https:\/\/i0.wp.com\/www.ellensailing.se\/wp-content\/uploads\/2015\/08\/DSC_0119.jpg?fit=1200%2C797&ssl=1&resize=700%2C400 2x, https:\/\/i0.wp.com\/www.ellensailing.se\/wp-content\/uploads\/2015\/08\/DSC_0119.jpg?fit=1200%2C797&ssl=1&resize=1050%2C600 3x"},"classes":[]},{"id":3332,"url":"https:\/\/www.ellensailing.se\/?p=3332","url_meta":{"origin":781,"position":2},"title":"F\u00f6rsta seglingen efter operation","author":"peter@ellensailing.se","date":"19 juni, 2023","format":false,"excerpt":"Nu i helgen var det f\u00f6rsta g\u00e5ngen sedan min h\u00f6ftoperation som vi provade att segla. Det var en underbar helg och vi kryssade ut till Sand\u00f6n och v\u00e5r klubbholme. Det \u00e4r ganska bra d\u00e4r med bryggor och n\u00f6dv\u00e4ndiga faciliteter. Sand\u00f6n var n\u00e4stan helt belagt med b\u00e5tar, gissar att det var\u2026","rel":"","context":"I \u201dSegling 2023\u201d","block_context":{"text":"Segling 2023","link":"https:\/\/www.ellensailing.se\/?cat=31"},"img":{"alt_text":"","src":"https:\/\/i0.wp.com\/www.ellensailing.se\/wp-content\/uploads\/2023\/06\/IMG_2688-scaled.jpg?fit=1200%2C900&ssl=1&resize=350%2C200","width":350,"height":200,"srcset":"https:\/\/i0.wp.com\/www.ellensailing.se\/wp-content\/uploads\/2023\/06\/IMG_2688-scaled.jpg?fit=1200%2C900&ssl=1&resize=350%2C200 1x, https:\/\/i0.wp.com\/www.ellensailing.se\/wp-content\/uploads\/2023\/06\/IMG_2688-scaled.jpg?fit=1200%2C900&ssl=1&resize=525%2C300 1.5x, https:\/\/i0.wp.com\/www.ellensailing.se\/wp-content\/uploads\/2023\/06\/IMG_2688-scaled.jpg?fit=1200%2C900&ssl=1&resize=700%2C400 2x, https:\/\/i0.wp.com\/www.ellensailing.se\/wp-content\/uploads\/2023\/06\/IMG_2688-scaled.jpg?fit=1200%2C900&ssl=1&resize=1050%2C600 3x"},"classes":[]},{"id":59,"url":"https:\/\/www.ellensailing.se\/?p=59","url_meta":{"origin":781,"position":3},"title":"B\u00e5tmeckande i Januari","author":"peter@ellensailing.se","date":"18 januari, 2015","format":false,"excerpt":"Har varit en sk\u00f6n helg p\u00e5 landet med en del meckande med b\u00e5ten. SSB och Pactor modemet \u00e4r monterad av frun. Sj\u00e4lv har jag jobbat med genomf\u00f6ringarna och provmonterat alla genomf\u00f6ringar. Ser mycket bra ut tycker jag. Skall topcoata n\u00e4sta vecka s\u00e5 det blir bra. Vissa slangar var inte avsedda\u2026","rel":"","context":"I \u201dB\u00e5ten p\u00e5 land\u201d","block_context":{"text":"B\u00e5ten p\u00e5 land","link":"https:\/\/www.ellensailing.se\/?cat=3"},"img":{"alt_text":"Nya toan","src":"https:\/\/i0.wp.com\/www.ellensailing.se\/wp-content\/uploads\/2015\/01\/IMG_3798-e1421595522288-768x1024.jpg?resize=350%2C200&ssl=1","width":350,"height":200},"classes":[]},{"id":105,"url":"https:\/\/www.ellensailing.se\/?p=105","url_meta":{"origin":781,"position":4},"title":"Iskallt uppdrag!","author":"peter@ellensailing.se","date":"25 januari, 2015","format":false,"excerpt":"Har i helgen b\u00f6rjat g\u00f6ra iordning ankarboxen och f\u00f6rd\u00e4clsluckan. Det var rej\u00e4lt skitigt och lite topcoat kommer g\u00f6ra susen. s\u00e5 h\u00e4r kan det se ut efter 4 \u00e5r n\u00e4r kedjan blir lite rostig. Det \u00e4r kallt s\u00e5 bilfl\u00e4ktar och element f\u00e5r v\u00e4rma upp b\u00e5ten. \u00c4ven under handfaten kommer det bli\u2026","rel":"","context":"I \u201dB\u00e5ten p\u00e5 land\u201d","block_context":{"text":"B\u00e5ten p\u00e5 land","link":"https:\/\/www.ellensailing.se\/?cat=3"},"img":{"alt_text":"Ankarboxen","src":"https:\/\/i0.wp.com\/www.ellensailing.se\/wp-content\/uploads\/2015\/01\/image-e1422224551733-768x1024.jpg?resize=350%2C200&ssl=1","width":350,"height":200,"srcset":"https:\/\/i0.wp.com\/www.ellensailing.se\/wp-content\/uploads\/2015\/01\/image-e1422224551733-768x1024.jpg?resize=350%2C200&ssl=1 1x, https:\/\/i0.wp.com\/www.ellensailing.se\/wp-content\/uploads\/2015\/01\/image-e1422224551733-768x1024.jpg?resize=525%2C300&ssl=1 1.5x"},"classes":[]},{"id":353,"url":"https:\/\/www.ellensailing.se\/?p=353","url_meta":{"origin":781,"position":5},"title":"F\u00f6rsta turen f\u00f6r \u00e5ret \u00e4r p\u00e5b\u00f6rjat!","author":"peter@ellensailing.se","date":"13 maj, 2015","format":false,"excerpt":"Vi har nu tagit det stora steget fr\u00e5n Grepen Marin till \u00d6regrund! Sk\u00f6nt att vara iv\u00e4g men vi snabbade oss f\u00f6r att slippa regnet. Det var l\u00e4nge sedan man var i \u00d6regrund och \u00f6vernattade, tror det var med Stortrissen sedan sist. I alla fall \u00e4r det sk\u00f6nt att vara p\u00e5\u2026","rel":"","context":"I \u201dSommar 2015\u201d","block_context":{"text":"Sommar 2015","link":"https:\/\/www.ellensailing.se\/?cat=4"},"img":{"alt_text":"","src":"https:\/\/i0.wp.com\/www.ellensailing.se\/wp-content\/uploads\/2015\/05\/Ellen-e1431544385563.jpg?fit=1200%2C900&ssl=1&resize=350%2C200","width":350,"height":200,"srcset":"https:\/\/i0.wp.com\/www.ellensailing.se\/wp-content\/uploads\/2015\/05\/Ellen-e1431544385563.jpg?fit=1200%2C900&ssl=1&resize=350%2C200 1x, https:\/\/i0.wp.com\/www.ellensailing.se\/wp-content\/uploads\/2015\/05\/Ellen-e1431544385563.jpg?fit=1200%2C900&ssl=1&resize=525%2C300 1.5x, https:\/\/i0.wp.com\/www.ellensailing.se\/wp-content\/uploads\/2015\/05\/Ellen-e1431544385563.jpg?fit=1200%2C900&ssl=1&resize=700%2C400 2x, https:\/\/i0.wp.com\/www.ellensailing.se\/wp-content\/uploads\/2015\/05\/Ellen-e1431544385563.jpg?fit=1200%2C900&ssl=1&resize=1050%2C600 3x"},"classes":[]}],"jetpack_likes_enabled":false,"_links":{"self":[{"href":"https:\/\/www.ellensailing.se\/index.php?rest_route=\/wp\/v2\/posts\/781","targetHints":{"allow":["GET"]}}],"collection":[{"href":"https:\/\/www.ellensailing.se\/index.php?rest_route=\/wp\/v2\/posts"}],"about":[{"href":"https:\/\/www.ellensailing.se\/index.php?rest_route=\/wp\/v2\/types\/post"}],"author":[{"embeddable":true,"href":"https:\/\/www.ellensailing.se\/index.php?rest_route=\/wp\/v2\/users\/1"}],"replies":[{"embeddable":true,"href":"https:\/\/www.ellensailing.se\/index.php?rest_route=%2Fwp%2Fv2%2Fcomments&post=781"}],"version-history":[{"count":1,"href":"https:\/\/www.ellensailing.se\/index.php?rest_route=\/wp\/v2\/posts\/781\/revisions"}],"predecessor-version":[{"id":785,"href":"https:\/\/www.ellensailing.se\/index.php?rest_route=\/wp\/v2\/posts\/781\/revisions\/785"}],"wp:featuredmedia":[{"embeddable":true,"href":"https:\/\/www.ellensailing.se\/index.php?rest_route=\/wp\/v2\/media\/783"}],"wp:attachment":[{"href":"https:\/\/www.ellensailing.se\/index.php?rest_route=%2Fwp%2Fv2%2Fmedia&parent=781"}],"wp:term":[{"taxonomy":"category","embeddable":true,"href":"https:\/\/www.ellensailing.se\/index.php?rest_route=%2Fwp%2Fv2%2Fcategories&post=781"},{"taxonomy":"post_tag","embeddable":true,"href":"https:\/\/www.ellensailing.se\/index.php?rest_route=%2Fwp%2Fv2%2Ftags&post=781"}],"curies":[{"name":"wp","href":"https:\/\/api.w.org\/{rel}","templated":true}]}}