{"id":775,"date":"2016-03-07T18:00:19","date_gmt":"2016-03-07T17:00:19","guid":{"rendered":"https:\/\/www.ellensailing.se\/?p=775"},"modified":"2016-03-07T18:00:19","modified_gmt":"2016-03-07T17:00:19","slug":"gissa-ratt-flagga","status":"publish","type":"post","link":"https:\/\/www.ellensailing.se\/?p=775","title":{"rendered":"Gissa r\u00e4tt flagga!"},"content":{"rendered":"<p><a href=\"https:\/\/i0.wp.com\/www.ellensailing.se\/wp-content\/uploads\/2016\/03\/IMG_5065-1-e1457369671452.jpg?ssl=1\" rel=\"attachment wp-att-778\"><img data-recalc-dims=\"1\" fetchpriority=\"high\" decoding=\"async\" class=\"aligncenter size-full wp-image-778\" src=\"https:\/\/i0.wp.com\/www.ellensailing.se\/wp-content\/uploads\/2016\/03\/IMG_5065-1-e1457369671452.jpg?resize=480%2C640&#038;ssl=1\" alt=\"IMG_5065\" width=\"480\" height=\"640\" srcset=\"https:\/\/i0.wp.com\/www.ellensailing.se\/wp-content\/uploads\/2016\/03\/IMG_5065-1-e1457369671452.jpg?w=480&amp;ssl=1 480w, https:\/\/i0.wp.com\/www.ellensailing.se\/wp-content\/uploads\/2016\/03\/IMG_5065-1-e1457369671452.jpg?resize=225%2C300&amp;ssl=1 225w\" sizes=\"(max-width: 480px) 100vw, 480px\" \/><\/a>Har idag f\u00e5tt hem massor av g\u00e4stflaggor. Kan ni er geografi? Inte s\u00e5 l\u00e4tt vad g\u00e4ller de Karibiska \u00f6arna m\u00e5 jag s\u00e4ga. M\u00e5nga av de \u00e4r v\u00e4ldigt fina. Jackline t\u00e4nkte sy flaggorna men ser p\u00e5 alla detaljer s\u00e5 \u00e4r det n\u00e4sta om\u00f6jligt.<\/p>\n<p>F\u00f6r alla l\u00e5ngseglare kan vi rekommendera <a href=\"http:\/\/www.best-buy-flags.co.uk\">http:\/\/www.best-buy-flags.co.uk<\/a> Vi betalade p\u00e5 3.95 \u20ac per flagga och de har m\u00e5tten 45X30. Det man m\u00e5ste g\u00f6ra \u00e4r att sy in ett sn\u00f6re i varje flagga. Det \u00e4r dock sydda kanaler redan men det f\u00e5r man v\u00e4l st\u00e5 ut med.<span id=\"transmark\"><\/span><\/p>\n<p>Det h\u00f6r ju ocks\u00e5 till att varje b\u00e5t skall ha sin egen st\u00e4mpel. Den har vi ocks\u00e5 f\u00e5tt hem fr\u00e5n St\u00e4mpelfabriken.<\/p>\n<p><a href=\"https:\/\/i0.wp.com\/www.ellensailing.se\/wp-content\/uploads\/2016\/03\/Sta%CC%88mpel.jpg?ssl=1\" rel=\"attachment wp-att-777\"><img data-recalc-dims=\"1\" decoding=\"async\" class=\"aligncenter size-large wp-image-777\" src=\"https:\/\/i0.wp.com\/www.ellensailing.se\/wp-content\/uploads\/2016\/03\/Sta%CC%88mpel.jpg?resize=640%2C480&#038;ssl=1\" alt=\"Sta\u0308mpel\" width=\"640\" height=\"480\" srcset=\"https:\/\/i0.wp.com\/www.ellensailing.se\/wp-content\/uploads\/2016\/03\/Sta%CC%88mpel.jpg?resize=1024%2C768&amp;ssl=1 1024w, https:\/\/i0.wp.com\/www.ellensailing.se\/wp-content\/uploads\/2016\/03\/Sta%CC%88mpel.jpg?resize=300%2C225&amp;ssl=1 300w, https:\/\/i0.wp.com\/www.ellensailing.se\/wp-content\/uploads\/2016\/03\/Sta%CC%88mpel.jpg?resize=768%2C576&amp;ssl=1 768w, https:\/\/i0.wp.com\/www.ellensailing.se\/wp-content\/uploads\/2016\/03\/Sta%CC%88mpel.jpg?resize=320%2C240&amp;ssl=1 320w, https:\/\/i0.wp.com\/www.ellensailing.se\/wp-content\/uploads\/2016\/03\/Sta%CC%88mpel.jpg?w=1632&amp;ssl=1 1632w\" sizes=\"(max-width: 640px) 100vw, 640px\" \/><\/a><\/p>\n","protected":false},"excerpt":{"rendered":"<p>Har idag f\u00e5tt hem massor av g\u00e4stflaggor. Kan ni er geografi? Inte s\u00e5 l\u00e4tt vad g\u00e4ller de Karibiska \u00f6arna m\u00e5[&#8230;]<\/p>\n","protected":false},"author":1,"featured_media":778,"comment_status":"open","ping_status":"open","sticky":false,"template":"","format":"standard","meta":{"_jetpack_newsletter_access":"","_jetpack_dont_email_post_to_subs":false,"_jetpack_newsletter_tier_id":0,"_jetpack_memberships_contains_paywalled_content":false,"_jetpack_feature_clip_id":0,"_jetpack_memberships_contains_paid_content":false,"footnotes":"","jetpack_publicize_message":"","jetpack_publicize_feature_enabled":true,"jetpack_social_post_already_shared":true,"jetpack_social_options":{"image_generator_settings":{"template":"highway","default_image_id":0,"font":"","enabled":false},"version":2},"jetpack_post_was_ever_published":false},"categories":[3],"tags":[],"class_list":["post-775","post","type-post","status-publish","format-standard","has-post-thumbnail","hentry","category-baten-pa-land"],"jetpack_publicize_connections":[],"jetpack_featured_media_url":"https:\/\/i0.wp.com\/www.ellensailing.se\/wp-content\/uploads\/2016\/03\/IMG_5065-1-e1457369671452.jpg?fit=480%2C640&ssl=1","jetpack_sharing_enabled":true,"jetpack_shortlink":"https:\/\/wp.me\/p5G68R-cv","jetpack-related-posts":[{"id":1536,"url":"https:\/\/www.ellensailing.se\/?p=1536","url_meta":{"origin":775,"position":0},"title":"F\u00f6rberedelser inf\u00f6r ARCen","author":"peter@ellensailing.se","date":"12 november, 2017","format":false,"excerpt":"Nu har vi varit i Las Palmas en vecka f\u00f6r att f\u00f6rbereda oss inf\u00f6r starten p\u00e5 \u00e5rets ARC (Atlantic Rally for Cruisers). Vi kollade f\u00f6rst p\u00e5 starten p\u00e5 ARC+ som g\u00e5r via Cap Verde \u00f6arna. Det var 79 b\u00e5tar som gick iv\u00e4g i moderat vind. F\u00f6rst startade katamaranerna och sedan\u2026","rel":"","context":"I \u201dARC 2017\u201d","block_context":{"text":"ARC 2017","link":"https:\/\/www.ellensailing.se\/?cat=23"},"img":{"alt_text":"","src":"https:\/\/i0.wp.com\/www.ellensailing.se\/wp-content\/uploads\/2017\/11\/DSC4721.jpg?fit=1200%2C802&ssl=1&resize=350%2C200","width":350,"height":200,"srcset":"https:\/\/i0.wp.com\/www.ellensailing.se\/wp-content\/uploads\/2017\/11\/DSC4721.jpg?fit=1200%2C802&ssl=1&resize=350%2C200 1x, https:\/\/i0.wp.com\/www.ellensailing.se\/wp-content\/uploads\/2017\/11\/DSC4721.jpg?fit=1200%2C802&ssl=1&resize=525%2C300 1.5x, https:\/\/i0.wp.com\/www.ellensailing.se\/wp-content\/uploads\/2017\/11\/DSC4721.jpg?fit=1200%2C802&ssl=1&resize=700%2C400 2x, https:\/\/i0.wp.com\/www.ellensailing.se\/wp-content\/uploads\/2017\/11\/DSC4721.jpg?fit=1200%2C802&ssl=1&resize=1050%2C600 3x"},"classes":[]},{"id":1036,"url":"https:\/\/www.ellensailing.se\/?p=1036","url_meta":{"origin":775,"position":1},"title":"Ny flagga och nytt land igen!","author":"peter@ellensailing.se","date":"6 juli, 2016","format":false,"excerpt":"Idag har vi haft den b\u00e4sta dagen med fantastisk segling fr\u00e5n Zeebrugge till Dunkerque. Str\u00e4ckbog mellan sandbankarna och ganska n\u00e4ra land. Idag var det mycket segelb\u00e5tar som vi kunde segla ifr\u00e5n. Ig\u00e5r m\u00f6tte vi bara ett kylsk\u00e5p p\u00e5 Nordsj\u00f6n. Solsken och mysigt. Vi hittade en stor b\u00e5ttillbeh\u00f6rsaff\u00e4r som hade j\u00e4tte\u2026","rel":"","context":"I \u201dSommar 2016\u201d","block_context":{"text":"Sommar 2016","link":"https:\/\/www.ellensailing.se\/?cat=20"},"img":{"alt_text":"","src":"https:\/\/i0.wp.com\/www.ellensailing.se\/wp-content\/uploads\/2016\/07\/DSC_0812.jpg?fit=1200%2C797&ssl=1&resize=350%2C200","width":350,"height":200,"srcset":"https:\/\/i0.wp.com\/www.ellensailing.se\/wp-content\/uploads\/2016\/07\/DSC_0812.jpg?fit=1200%2C797&ssl=1&resize=350%2C200 1x, https:\/\/i0.wp.com\/www.ellensailing.se\/wp-content\/uploads\/2016\/07\/DSC_0812.jpg?fit=1200%2C797&ssl=1&resize=525%2C300 1.5x, https:\/\/i0.wp.com\/www.ellensailing.se\/wp-content\/uploads\/2016\/07\/DSC_0812.jpg?fit=1200%2C797&ssl=1&resize=700%2C400 2x, https:\/\/i0.wp.com\/www.ellensailing.se\/wp-content\/uploads\/2016\/07\/DSC_0812.jpg?fit=1200%2C797&ssl=1&resize=1050%2C600 3x"},"classes":[]},{"id":1030,"url":"https:\/\/www.ellensailing.se\/?p=1030","url_meta":{"origin":775,"position":2},"title":"Nytt land ny flagga!","author":"peter@ellensailing.se","date":"5 juli, 2016","format":false,"excerpt":"Vi har \u00e4ntrat ett nytt land. Fr\u00e5n Holland till Belgien n\u00e4rmare best\u00e4mt Zeebrugge. Vi gick ut fr\u00e5n Stelledam, det var riktigt grunt i och med att vi gick ut vid l\u00e5gvatten efter en massa missf\u00f6rst\u00e5nd med slussvakten. Vi hade t\u00e4nkt g\u00e5 5 p\u00e5 morgonen f\u00f6r att f\u00e5 hj\u00e4lp av tidvattnet\u2026","rel":"","context":"I \u201dSommar 2016\u201d","block_context":{"text":"Sommar 2016","link":"https:\/\/www.ellensailing.se\/?cat=20"},"img":{"alt_text":"","src":"https:\/\/i0.wp.com\/www.ellensailing.se\/wp-content\/uploads\/2016\/07\/DSC_0795.jpg?fit=1200%2C797&ssl=1&resize=350%2C200","width":350,"height":200,"srcset":"https:\/\/i0.wp.com\/www.ellensailing.se\/wp-content\/uploads\/2016\/07\/DSC_0795.jpg?fit=1200%2C797&ssl=1&resize=350%2C200 1x, https:\/\/i0.wp.com\/www.ellensailing.se\/wp-content\/uploads\/2016\/07\/DSC_0795.jpg?fit=1200%2C797&ssl=1&resize=525%2C300 1.5x, https:\/\/i0.wp.com\/www.ellensailing.se\/wp-content\/uploads\/2016\/07\/DSC_0795.jpg?fit=1200%2C797&ssl=1&resize=700%2C400 2x, https:\/\/i0.wp.com\/www.ellensailing.se\/wp-content\/uploads\/2016\/07\/DSC_0795.jpg?fit=1200%2C797&ssl=1&resize=1050%2C600 3x"},"classes":[]},{"id":1123,"url":"https:\/\/www.ellensailing.se\/?p=1123","url_meta":{"origin":775,"position":3},"title":"Rallyhandboken har anl\u00e4nt.","author":"peter@ellensailing.se","date":"23 april, 2017","format":false,"excerpt":"Idag h\u00e4mtade vi ut paketet fr\u00e5n posten som inneh\u00f6ll Rallyhandboken med alla instruktioner, s\u00e4kerhetsf\u00f6reskrifter och en massa tips. Blir mycket att l\u00e4sa fram\u00f6ver. Ficka ocks\u00e5 flagga som skall b\u00e4ras p\u00e5 v\u00e4gen ner som ger rabatter p\u00e5 hamnar och att man enkelt hittar andra b\u00e5tar som skall segla \u00f6ver Atlanten. I\u2026","rel":"","context":"I \u201dB\u00e5ten p\u00e5 land\u201d","block_context":{"text":"B\u00e5ten p\u00e5 land","link":"https:\/\/www.ellensailing.se\/?cat=3"},"img":{"alt_text":"","src":"https:\/\/i0.wp.com\/www.ellensailing.se\/wp-content\/uploads\/2017\/04\/IMG_5898-e1492972672894.jpg?fit=480%2C640&ssl=1&resize=350%2C200","width":350,"height":200},"classes":[]},{"id":1805,"url":"https:\/\/www.ellensailing.se\/?p=1805","url_meta":{"origin":775,"position":4},"title":"Dominica, \u00f6n med f\u00f6redetta regnskogar","author":"peter@ellensailing.se","date":"7 februari, 2018","format":false,"excerpt":"Dominica brukar kallas den gr\u00f6na \u00f6n f\u00f6r det regnar och man har en bra jord som n\u00e4stan allt v\u00e4xer p\u00e5. Dominica hetta fr\u00e5n b\u00f6rjan Kubuli innan Columbus anl\u00e4nde p\u00e5 sin andra segling. Han kom en s\u00f6ndag morgon och p\u00e5 latin heter s\u00f6ndag Dominica eller herrens dag, som blev det nya\u2026","rel":"","context":"I \u201dV\u00e4stindien 2017-2018\u201d","block_context":{"text":"V\u00e4stindien 2017-2018","link":"https:\/\/www.ellensailing.se\/?cat=24"},"img":{"alt_text":"","src":"https:\/\/i0.wp.com\/www.ellensailing.se\/wp-content\/uploads\/2018\/02\/51194068-9190-4FFE-8F6C-C476AFCF7C8A.jpeg?fit=1200%2C800&ssl=1&resize=350%2C200","width":350,"height":200,"srcset":"https:\/\/i0.wp.com\/www.ellensailing.se\/wp-content\/uploads\/2018\/02\/51194068-9190-4FFE-8F6C-C476AFCF7C8A.jpeg?fit=1200%2C800&ssl=1&resize=350%2C200 1x, https:\/\/i0.wp.com\/www.ellensailing.se\/wp-content\/uploads\/2018\/02\/51194068-9190-4FFE-8F6C-C476AFCF7C8A.jpeg?fit=1200%2C800&ssl=1&resize=525%2C300 1.5x, https:\/\/i0.wp.com\/www.ellensailing.se\/wp-content\/uploads\/2018\/02\/51194068-9190-4FFE-8F6C-C476AFCF7C8A.jpeg?fit=1200%2C800&ssl=1&resize=700%2C400 2x, https:\/\/i0.wp.com\/www.ellensailing.se\/wp-content\/uploads\/2018\/02\/51194068-9190-4FFE-8F6C-C476AFCF7C8A.jpeg?fit=1200%2C800&ssl=1&resize=1050%2C600 3x"},"classes":[]},{"id":1298,"url":"https:\/\/www.ellensailing.se\/?p=1298","url_meta":{"origin":775,"position":5},"title":"Sista utposten i Spanien blev Baiona, d\u00e4refter har vi g\u00e5tt till Portugal.","author":"peter@ellensailing.se","date":"18 september, 2017","format":false,"excerpt":"Efter helt underbara dagar p\u00e5 Isla Cies s\u00e5 seglade vi ner mot Baiona. Som vanligt ingen vind men vi hade i alla fall medvind. Vi kom in till Baiona p\u00e5 tidig eftermiddag vilket var planen. Vi har haft ett vattenl\u00e4ckage p\u00e5 s\u00f6tvatten s\u00e5 vi best\u00e4mde oss f\u00f6r att riva bort\u2026","rel":"","context":"I \u201dH\u00f6st 2017 till Grand Canrias.\u201d","block_context":{"text":"H\u00f6st 2017 till Grand Canrias.","link":"https:\/\/www.ellensailing.se\/?cat=22"},"img":{"alt_text":"","src":"https:\/\/i0.wp.com\/www.ellensailing.se\/wp-content\/uploads\/2017\/09\/DSC2681.jpg?fit=1200%2C802&ssl=1&resize=350%2C200","width":350,"height":200,"srcset":"https:\/\/i0.wp.com\/www.ellensailing.se\/wp-content\/uploads\/2017\/09\/DSC2681.jpg?fit=1200%2C802&ssl=1&resize=350%2C200 1x, https:\/\/i0.wp.com\/www.ellensailing.se\/wp-content\/uploads\/2017\/09\/DSC2681.jpg?fit=1200%2C802&ssl=1&resize=525%2C300 1.5x, https:\/\/i0.wp.com\/www.ellensailing.se\/wp-content\/uploads\/2017\/09\/DSC2681.jpg?fit=1200%2C802&ssl=1&resize=700%2C400 2x, https:\/\/i0.wp.com\/www.ellensailing.se\/wp-content\/uploads\/2017\/09\/DSC2681.jpg?fit=1200%2C802&ssl=1&resize=1050%2C600 3x"},"classes":[]}],"jetpack_likes_enabled":false,"_links":{"self":[{"href":"https:\/\/www.ellensailing.se\/index.php?rest_route=\/wp\/v2\/posts\/775","targetHints":{"allow":["GET"]}}],"collection":[{"href":"https:\/\/www.ellensailing.se\/index.php?rest_route=\/wp\/v2\/posts"}],"about":[{"href":"https:\/\/www.ellensailing.se\/index.php?rest_route=\/wp\/v2\/types\/post"}],"author":[{"embeddable":true,"href":"https:\/\/www.ellensailing.se\/index.php?rest_route=\/wp\/v2\/users\/1"}],"replies":[{"embeddable":true,"href":"https:\/\/www.ellensailing.se\/index.php?rest_route=%2Fwp%2Fv2%2Fcomments&post=775"}],"version-history":[{"count":1,"href":"https:\/\/www.ellensailing.se\/index.php?rest_route=\/wp\/v2\/posts\/775\/revisions"}],"predecessor-version":[{"id":779,"href":"https:\/\/www.ellensailing.se\/index.php?rest_route=\/wp\/v2\/posts\/775\/revisions\/779"}],"wp:featuredmedia":[{"embeddable":true,"href":"https:\/\/www.ellensailing.se\/index.php?rest_route=\/wp\/v2\/media\/778"}],"wp:attachment":[{"href":"https:\/\/www.ellensailing.se\/index.php?rest_route=%2Fwp%2Fv2%2Fmedia&parent=775"}],"wp:term":[{"taxonomy":"category","embeddable":true,"href":"https:\/\/www.ellensailing.se\/index.php?rest_route=%2Fwp%2Fv2%2Fcategories&post=775"},{"taxonomy":"post_tag","embeddable":true,"href":"https:\/\/www.ellensailing.se\/index.php?rest_route=%2Fwp%2Fv2%2Ftags&post=775"}],"curies":[{"name":"wp","href":"https:\/\/api.w.org\/{rel}","templated":true}]}}