{"id":696,"date":"2015-12-23T12:25:59","date_gmt":"2015-12-23T11:25:59","guid":{"rendered":"https:\/\/www.ellensailing.se\/?p=696"},"modified":"2015-12-23T12:25:59","modified_gmt":"2015-12-23T11:25:59","slug":"rostfritt-faste-for-watt-sea","status":"publish","type":"post","link":"https:\/\/www.ellensailing.se\/?p=696","title":{"rendered":"Rostfritt f\u00e4ste f\u00f6r Watt &#038; Sea"},"content":{"rendered":"<p>Nu \u00e4r det Jul igen. Har varit och h\u00e4mtat mitt f\u00e4ste f\u00f6r hydrogeneratorn Watt &amp; Sea. Om jag f\u00e5r s\u00e4ga det sj\u00e4lv s\u00e5 blev det j\u00e4kligt snyggt. Kommer pryda akterspegeln v\u00e4ldigt bra.<\/p>\n<p>Kul att jag \u00e4ven hittat ett f\u00f6retag som \u00e4r mycket trevliga och hj\u00e4lpsamma som jobbar i rostfritt. De har en mycket modern anl\u00e4ggning i Bromma som lasersk\u00e4r i rostfritt. Tack Sp\u00e5nga Allmontage AB. Det h\u00e4r gjorde ni bra, hoppas bara att det passar ocks\u00e5. F\u00f6r er som vill g\u00f6ra n\u00e5got i rostfritt kan jag rekomendra Sp\u00e5nga Allmontage. H\u00e4r \u00e4r deras webadress: www.samab.se.<\/p>\n<p>F\u00f6r er som undrar vad Watt &amp; Sea \u00e4r f\u00f6r n\u00e5got s\u00e5 \u00e4r det en rigg med en proppeller som laddar batterierna. Den kommer fr\u00e5n Frankrike och anv\u00e4nds av bland annat Vend\u00e9e Globe seglarna som seglade jorden runt. Mer finns att l\u00e4sa p\u00e5: www.wattandsea.com\/en\/cruising-hydrogenerator.<a href=\"https:\/\/i0.wp.com\/www.ellensailing.se\/wp-content\/uploads\/2015\/12\/F%C3%A4ste.jpg?ssl=1\" rel=\"attachment wp-att-697\"><img data-recalc-dims=\"1\" fetchpriority=\"high\" decoding=\"async\" class=\"aligncenter wp-image-697 size-large\" src=\"https:\/\/i0.wp.com\/www.ellensailing.se\/wp-content\/uploads\/2015\/12\/F%C3%A4ste-e1450869854343-768x1024.jpg?resize=768%2C1024&#038;ssl=1\" alt=\"F\u00e4ste\" width=\"768\" height=\"1024\" srcset=\"https:\/\/i0.wp.com\/www.ellensailing.se\/wp-content\/uploads\/2015\/12\/F%C3%A4ste-e1450869854343.jpg?resize=768%2C1024&amp;ssl=1 768w, https:\/\/i0.wp.com\/www.ellensailing.se\/wp-content\/uploads\/2015\/12\/F%C3%A4ste-e1450869854343.jpg?resize=225%2C300&amp;ssl=1 225w, https:\/\/i0.wp.com\/www.ellensailing.se\/wp-content\/uploads\/2015\/12\/F%C3%A4ste-e1450869854343.jpg?w=1680&amp;ssl=1 1680w\" sizes=\"(max-width: 768px) 100vw, 768px\" \/><\/a><\/p>\n<p>Det kommer nog bli en liten tur till b\u00e5ten ocks\u00e5 under Julhelgen<\/p>\n","protected":false},"excerpt":{"rendered":"<p>Nu \u00e4r det Jul igen. Har varit och h\u00e4mtat mitt f\u00e4ste f\u00f6r hydrogeneratorn Watt &amp; Sea. Om jag f\u00e5r s\u00e4ga[&#8230;]<\/p>\n","protected":false},"author":1,"featured_media":697,"comment_status":"open","ping_status":"open","sticky":false,"template":"","format":"standard","meta":{"_jetpack_newsletter_access":"","_jetpack_dont_email_post_to_subs":false,"_jetpack_newsletter_tier_id":0,"_jetpack_memberships_contains_paywalled_content":false,"_jetpack_feature_clip_id":0,"_jetpack_memberships_contains_paid_content":false,"footnotes":"","jetpack_publicize_message":"","jetpack_publicize_feature_enabled":true,"jetpack_social_post_already_shared":true,"jetpack_social_options":{"image_generator_settings":{"template":"highway","default_image_id":0,"font":"","enabled":false},"version":2},"jetpack_post_was_ever_published":false},"categories":[3],"tags":[],"class_list":["post-696","post","type-post","status-publish","format-standard","has-post-thumbnail","hentry","category-baten-pa-land"],"jetpack_publicize_connections":[],"jetpack_featured_media_url":"https:\/\/i0.wp.com\/www.ellensailing.se\/wp-content\/uploads\/2015\/12\/F%C3%A4ste-e1450869854343.jpg?fit=2448%2C3264&ssl=1","jetpack_sharing_enabled":true,"jetpack_shortlink":"https:\/\/wp.me\/p5G68R-be","jetpack-related-posts":[{"id":1583,"url":"https:\/\/www.ellensailing.se\/?p=1583","url_meta":{"origin":696,"position":0},"title":"Dygn 1. Fr\u00e5n Start","author":"peter@ellensailing.se","date":"20 november, 2017","format":false,"excerpt":"Snart \u00e4r f\u00f6rsta dygnet avklarat. En fin och lugn start med moderata vindar. Ganska snart s\u00e5 hissade vi Code1 och gick som attans. Riktigt kul. N\u00e4r vi n\u00e4rmade oss s\u00f6dra Gran Canaria gippade vi v\u00e4sterut. Vi gick riktigt bra. N\u00e4r solen b\u00f6rjade g\u00e5 ner s\u00e5 tog vi ner Code 1\u2026","rel":"","context":"I \u201dARC 2017\u201d","block_context":{"text":"ARC 2017","link":"https:\/\/www.ellensailing.se\/?cat=23"},"img":{"alt_text":"","src":"","width":0,"height":0},"classes":[]},{"id":334,"url":"https:\/\/www.ellensailing.se\/?p=334","url_meta":{"origin":696,"position":1},"title":"Nu \u00e4r det n\u00e4ra. Allt klart och p\u00e5 fredag \u00e5ker hon i!","author":"peter@ellensailing.se","date":"3 maj, 2015","format":false,"excerpt":"Efter mycket pyssel under hela vintern \u00e4r hon \u00e4ntligen klar f\u00f6r sj\u00f6s\u00e4ttning. Aprilv\u00e4der \u00e4r ingen h\u00f6jdare. Klart som tusen s\u00e5 skall det b\u00f6rja regna n\u00e4r man skall polera b\u00e5ten och dessutom 5 grader varmt och Nordavinden p\u00e5 det. Inte kul, men skam den som ger sig. Idag s\u00f6ndag var det\u2026","rel":"","context":"I \u201dB\u00e5ten p\u00e5 land\u201d","block_context":{"text":"B\u00e5ten p\u00e5 land","link":"https:\/\/www.ellensailing.se\/?cat=3"},"img":{"alt_text":"","src":"https:\/\/i0.wp.com\/www.ellensailing.se\/wp-content\/uploads\/2015\/05\/IMG_4146-e1430676168982.jpg?fit=900%2C1200&ssl=1&resize=350%2C200","width":350,"height":200,"srcset":"https:\/\/i0.wp.com\/www.ellensailing.se\/wp-content\/uploads\/2015\/05\/IMG_4146-e1430676168982.jpg?fit=900%2C1200&ssl=1&resize=350%2C200 1x, https:\/\/i0.wp.com\/www.ellensailing.se\/wp-content\/uploads\/2015\/05\/IMG_4146-e1430676168982.jpg?fit=900%2C1200&ssl=1&resize=525%2C300 1.5x, https:\/\/i0.wp.com\/www.ellensailing.se\/wp-content\/uploads\/2015\/05\/IMG_4146-e1430676168982.jpg?fit=900%2C1200&ssl=1&resize=700%2C400 2x"},"classes":[]},{"id":815,"url":"https:\/\/www.ellensailing.se\/?p=815","url_meta":{"origin":696,"position":2},"title":"Grepen Marin &#8211; vilka fullblodsproffs p\u00e5 rostfritt!","author":"peter@ellensailing.se","date":"6 maj, 2016","format":false,"excerpt":"\u00a0 \u00a0 Nu blir det lite reklam men det m\u00e5ste faktiskt till. Vi skulle bygga ny Bimitopp d\u00e5 den gamla var lite f\u00f6r liten och inte tillr\u00e4ckligt bred. Vi b\u00f6rjade med att s\u00e5ga av den gamla, testa, m\u00e4tte och fixade. Sedan skulle vi skruva ihop\u00a0 det men d\u00e5 satte Lelle\u2026","rel":"","context":"I \u201dSommar 2016\u201d","block_context":{"text":"Sommar 2016","link":"https:\/\/www.ellensailing.se\/?cat=20"},"img":{"alt_text":"","src":"https:\/\/i0.wp.com\/www.ellensailing.se\/wp-content\/uploads\/2016\/05\/IMG_5170.jpg?fit=640%2C480&ssl=1&resize=350%2C200","width":350,"height":200,"srcset":"https:\/\/i0.wp.com\/www.ellensailing.se\/wp-content\/uploads\/2016\/05\/IMG_5170.jpg?fit=640%2C480&ssl=1&resize=350%2C200 1x, https:\/\/i0.wp.com\/www.ellensailing.se\/wp-content\/uploads\/2016\/05\/IMG_5170.jpg?fit=640%2C480&ssl=1&resize=525%2C300 1.5x"},"classes":[]},{"id":1602,"url":"https:\/\/www.ellensailing.se\/?p=1602","url_meta":{"origin":696,"position":3},"title":"Dygn 16, Kanonv\u00e4der och varmt","author":"peter@ellensailing.se","date":"5 december, 2017","format":false,"excerpt":"Liver \u00e4r p\u00e5 topp n\u00e4r man f\u00e5r segla p\u00e5 detta viset. Bra med vind och h\u00e4rliga surfar. Att det dessutom \u00e4r lite av Count down g\u00f6r inte saken s\u00e4mre. Fisket har kommit av sig idag d\u00e5 vi har haft j\u00e4ttemycket bev\u00e4xningar i vattnet typ sl\u00e4ke. Draget blev igensatt och \u00e4ven\u2026","rel":"","context":"I \u201dARC 2017\u201d","block_context":{"text":"ARC 2017","link":"https:\/\/www.ellensailing.se\/?cat=23"},"img":{"alt_text":"","src":"","width":0,"height":0},"classes":[]},{"id":1584,"url":"https:\/\/www.ellensailing.se\/?p=1584","url_meta":{"origin":696,"position":4},"title":"Dygn 2 &#8211; Fina fisken och h\u00e4rlig segling","author":"peter@ellensailing.se","date":"21 november, 2017","format":false,"excerpt":"Ig\u00e5r efter blogginl\u00e4gget s\u00e5 fick vi upp en fin Maui-Maui p\u00e5 ca tre kilo. Den fick bli till lunch och fil\u00e9ades upp och stektes med ris och Canary Chili s\u00e5s. Mycket gott och f\u00e4rskare kan det inte bli. Vi har seglat SW med Code 1 hela dagen och hela natten.\u2026","rel":"","context":"I \u201dARC 2017\u201d","block_context":{"text":"ARC 2017","link":"https:\/\/www.ellensailing.se\/?cat=23"},"img":{"alt_text":"","src":"","width":0,"height":0},"classes":[]},{"id":1585,"url":"https:\/\/www.ellensailing.se\/?p=1585","url_meta":{"origin":696,"position":5},"title":"Dygn 2 Extra, St\u00f6rsta tonfisken hittils","author":"peter@ellensailing.se","date":"21 november, 2017","format":false,"excerpt":"Idag blir det ett extra inl\u00e4gg f\u00f6r alldeles nyss s\u00e5 tog Molle upp en tonfisk p\u00e5 8 kilo. Den \u00e4r fil\u00e9ad och klar s\u00e5 det \u00e4ndrade middagsplaner f\u00f6r ikv\u00e4ll. Watt & Sea \u00e4r nu p\u00e5 plats med nybyggt f\u00e4ste. Vinden \u00e4r tillbaka ca 60 grader in, kryss mot Karibien... Kallfronten\u2026","rel":"","context":"I \u201dARC 2017\u201d","block_context":{"text":"ARC 2017","link":"https:\/\/www.ellensailing.se\/?cat=23"},"img":{"alt_text":"","src":"","width":0,"height":0},"classes":[]}],"jetpack_likes_enabled":false,"_links":{"self":[{"href":"https:\/\/www.ellensailing.se\/index.php?rest_route=\/wp\/v2\/posts\/696","targetHints":{"allow":["GET"]}}],"collection":[{"href":"https:\/\/www.ellensailing.se\/index.php?rest_route=\/wp\/v2\/posts"}],"about":[{"href":"https:\/\/www.ellensailing.se\/index.php?rest_route=\/wp\/v2\/types\/post"}],"author":[{"embeddable":true,"href":"https:\/\/www.ellensailing.se\/index.php?rest_route=\/wp\/v2\/users\/1"}],"replies":[{"embeddable":true,"href":"https:\/\/www.ellensailing.se\/index.php?rest_route=%2Fwp%2Fv2%2Fcomments&post=696"}],"version-history":[{"count":1,"href":"https:\/\/www.ellensailing.se\/index.php?rest_route=\/wp\/v2\/posts\/696\/revisions"}],"predecessor-version":[{"id":698,"href":"https:\/\/www.ellensailing.se\/index.php?rest_route=\/wp\/v2\/posts\/696\/revisions\/698"}],"wp:featuredmedia":[{"embeddable":true,"href":"https:\/\/www.ellensailing.se\/index.php?rest_route=\/wp\/v2\/media\/697"}],"wp:attachment":[{"href":"https:\/\/www.ellensailing.se\/index.php?rest_route=%2Fwp%2Fv2%2Fmedia&parent=696"}],"wp:term":[{"taxonomy":"category","embeddable":true,"href":"https:\/\/www.ellensailing.se\/index.php?rest_route=%2Fwp%2Fv2%2Fcategories&post=696"},{"taxonomy":"post_tag","embeddable":true,"href":"https:\/\/www.ellensailing.se\/index.php?rest_route=%2Fwp%2Fv2%2Ftags&post=696"}],"curies":[{"name":"wp","href":"https:\/\/api.w.org\/{rel}","templated":true}]}}