{"id":680,"date":"2015-11-16T16:53:43","date_gmt":"2015-11-16T15:53:43","guid":{"rendered":"https:\/\/www.ellensailing.se\/?p=680"},"modified":"2015-11-16T16:53:43","modified_gmt":"2015-11-16T15:53:43","slug":"harliga-seglingsbilder-fran-i-somras","status":"publish","type":"post","link":"https:\/\/www.ellensailing.se\/?p=680","title":{"rendered":"H\u00e4rliga seglingsbilder fr\u00e5n i somras!"},"content":{"rendered":"<p>Tack Janne och Christina f\u00f6r den trevliga middagen i l\u00f6rdags! Kul att se och f\u00e5 bilder p\u00e5 den h\u00e4rliga tid vi hade tillsammans n\u00e4r vi seglade till Polen via Tyskland.<\/p>\n<p>Man blir glad att se s\u00e5 underbart vi hade det. Polen levererade verkligen. Ni som \u00e4nnu inte har seglat dit \u00e4nnu kan vi varmt rekommendera det.<\/p>\n<figure id=\"attachment_682\" aria-describedby=\"caption-attachment-682\" style=\"width: 1024px\" class=\"wp-caption aligncenter\"><a href=\"https:\/\/i0.wp.com\/www.ellensailing.se\/wp-content\/uploads\/2015\/11\/DSC02044.jpg?ssl=1\"><img data-recalc-dims=\"1\" fetchpriority=\"high\" decoding=\"async\" class=\"wp-image-682 size-large\" src=\"https:\/\/i0.wp.com\/www.ellensailing.se\/wp-content\/uploads\/2015\/11\/DSC02044.jpg?resize=840%2C560&#038;ssl=1\" alt=\"DSC02044\" width=\"840\" height=\"560\" srcset=\"https:\/\/i0.wp.com\/www.ellensailing.se\/wp-content\/uploads\/2015\/11\/DSC02044.jpg?resize=1024%2C683&amp;ssl=1 1024w, https:\/\/i0.wp.com\/www.ellensailing.se\/wp-content\/uploads\/2015\/11\/DSC02044.jpg?resize=300%2C200&amp;ssl=1 300w, https:\/\/i0.wp.com\/www.ellensailing.se\/wp-content\/uploads\/2015\/11\/DSC02044.jpg?w=1680&amp;ssl=1 1680w, https:\/\/i0.wp.com\/www.ellensailing.se\/wp-content\/uploads\/2015\/11\/DSC02044.jpg?w=2520&amp;ssl=1 2520w\" sizes=\"(max-width: 840px) 100vw, 840px\" \/><\/a><figcaption id=\"caption-attachment-682\" class=\"wp-caption-text\">Ellen med Code 1 p\u00e5 v\u00e4g Szczecin. Foto Glittra<\/figcaption><\/figure>\n<figure id=\"attachment_683\" aria-describedby=\"caption-attachment-683\" style=\"width: 1024px\" class=\"wp-caption aligncenter\"><a href=\"https:\/\/i0.wp.com\/www.ellensailing.se\/wp-content\/uploads\/2015\/11\/DSC02049.jpg?ssl=1\"><img data-recalc-dims=\"1\" decoding=\"async\" class=\"wp-image-683 size-large\" src=\"https:\/\/i0.wp.com\/www.ellensailing.se\/wp-content\/uploads\/2015\/11\/DSC02049.jpg?resize=840%2C560&#038;ssl=1\" alt=\"Ellen passerar Glittra\" width=\"840\" height=\"560\" srcset=\"https:\/\/i0.wp.com\/www.ellensailing.se\/wp-content\/uploads\/2015\/11\/DSC02049.jpg?resize=1024%2C683&amp;ssl=1 1024w, https:\/\/i0.wp.com\/www.ellensailing.se\/wp-content\/uploads\/2015\/11\/DSC02049.jpg?resize=300%2C200&amp;ssl=1 300w, https:\/\/i0.wp.com\/www.ellensailing.se\/wp-content\/uploads\/2015\/11\/DSC02049.jpg?w=1680&amp;ssl=1 1680w, https:\/\/i0.wp.com\/www.ellensailing.se\/wp-content\/uploads\/2015\/11\/DSC02049.jpg?w=2520&amp;ssl=1 2520w\" sizes=\"(max-width: 840px) 100vw, 840px\" \/><\/a><figcaption id=\"caption-attachment-683\" class=\"wp-caption-text\">Ellen passerar Glittra. Foto Glittra<\/figcaption><\/figure>\n<figure id=\"attachment_685\" aria-describedby=\"caption-attachment-685\" style=\"width: 1024px\" class=\"wp-caption aligncenter\"><a href=\"https:\/\/i0.wp.com\/www.ellensailing.se\/wp-content\/uploads\/2015\/11\/DSC02141.jpg?ssl=1\"><img data-recalc-dims=\"1\" decoding=\"async\" class=\"wp-image-685 size-large\" src=\"https:\/\/i0.wp.com\/www.ellensailing.se\/wp-content\/uploads\/2015\/11\/DSC02141.jpg?resize=840%2C560&#038;ssl=1\" alt=\"DSC02141\" width=\"840\" height=\"560\" srcset=\"https:\/\/i0.wp.com\/www.ellensailing.se\/wp-content\/uploads\/2015\/11\/DSC02141.jpg?resize=1024%2C683&amp;ssl=1 1024w, https:\/\/i0.wp.com\/www.ellensailing.se\/wp-content\/uploads\/2015\/11\/DSC02141.jpg?resize=300%2C200&amp;ssl=1 300w, https:\/\/i0.wp.com\/www.ellensailing.se\/wp-content\/uploads\/2015\/11\/DSC02141.jpg?w=1680&amp;ssl=1 1680w, https:\/\/i0.wp.com\/www.ellensailing.se\/wp-content\/uploads\/2015\/11\/DSC02141.jpg?w=2520&amp;ssl=1 2520w\" sizes=\"(max-width: 840px) 100vw, 840px\" \/><\/a><figcaption id=\"caption-attachment-685\" class=\"wp-caption-text\">Glittra i Kolobrzeg. Foto Glittra<\/dd>\n<dd class=\"wp-caption-dd\"><\/figcaption><\/figure>\n<figure id=\"attachment_686\" aria-describedby=\"caption-attachment-686\" style=\"width: 1024px\" class=\"wp-caption aligncenter\"><a href=\"https:\/\/i0.wp.com\/www.ellensailing.se\/wp-content\/uploads\/2015\/11\/DSC02165.jpg?ssl=1\"><img data-recalc-dims=\"1\" loading=\"lazy\" decoding=\"async\" class=\"wp-image-686 size-large\" src=\"https:\/\/i0.wp.com\/www.ellensailing.se\/wp-content\/uploads\/2015\/11\/DSC02165.jpg?resize=840%2C560&#038;ssl=1\" alt=\"DSC02165\" width=\"840\" height=\"560\" srcset=\"https:\/\/i0.wp.com\/www.ellensailing.se\/wp-content\/uploads\/2015\/11\/DSC02165.jpg?resize=1024%2C683&amp;ssl=1 1024w, https:\/\/i0.wp.com\/www.ellensailing.se\/wp-content\/uploads\/2015\/11\/DSC02165.jpg?resize=300%2C200&amp;ssl=1 300w, https:\/\/i0.wp.com\/www.ellensailing.se\/wp-content\/uploads\/2015\/11\/DSC02165.jpg?w=1680&amp;ssl=1 1680w, https:\/\/i0.wp.com\/www.ellensailing.se\/wp-content\/uploads\/2015\/11\/DSC02165.jpg?w=2520&amp;ssl=1 2520w\" sizes=\"(max-width: 840px) 100vw, 840px\" \/><\/a><figcaption id=\"caption-attachment-686\" class=\"wp-caption-text\">Helt r\u00e4tt att segla mot \u00f6ster. Ingen motvind alls. Foto Glittra<\/dd>\n<dd class=\"wp-caption-dd\"><\/figcaption><\/figure>\n<figure id=\"attachment_687\" aria-describedby=\"caption-attachment-687\" style=\"width: 1024px\" class=\"wp-caption aligncenter\"><a href=\"https:\/\/i0.wp.com\/www.ellensailing.se\/wp-content\/uploads\/2015\/11\/DSC02245.jpg?ssl=1\"><img data-recalc-dims=\"1\" loading=\"lazy\" decoding=\"async\" class=\"wp-image-687 size-large\" src=\"https:\/\/i0.wp.com\/www.ellensailing.se\/wp-content\/uploads\/2015\/11\/DSC02245.jpg?resize=840%2C560&#038;ssl=1\" alt=\"DSC02245\" width=\"840\" height=\"560\" srcset=\"https:\/\/i0.wp.com\/www.ellensailing.se\/wp-content\/uploads\/2015\/11\/DSC02245.jpg?resize=1024%2C683&amp;ssl=1 1024w, https:\/\/i0.wp.com\/www.ellensailing.se\/wp-content\/uploads\/2015\/11\/DSC02245.jpg?resize=300%2C200&amp;ssl=1 300w, https:\/\/i0.wp.com\/www.ellensailing.se\/wp-content\/uploads\/2015\/11\/DSC02245.jpg?w=1680&amp;ssl=1 1680w, https:\/\/i0.wp.com\/www.ellensailing.se\/wp-content\/uploads\/2015\/11\/DSC02245.jpg?w=2520&amp;ssl=1 2520w\" sizes=\"(max-width: 840px) 100vw, 840px\" \/><\/a><figcaption id=\"caption-attachment-687\" class=\"wp-caption-text\">Skepparen p\u00e5 Ellen sitter i kl\u00e4m!<\/dd>\n<dd class=\"wp-caption-dd\"><\/figcaption><\/figure>\n<figure id=\"attachment_684\" aria-describedby=\"caption-attachment-684\" style=\"width: 1024px\" class=\"wp-caption aligncenter\"><a href=\"https:\/\/i0.wp.com\/www.ellensailing.se\/wp-content\/uploads\/2015\/11\/DSC02077.jpg?ssl=1\"><img data-recalc-dims=\"1\" loading=\"lazy\" decoding=\"async\" class=\"wp-image-684 size-large\" src=\"https:\/\/i0.wp.com\/www.ellensailing.se\/wp-content\/uploads\/2015\/11\/DSC02077.jpg?resize=840%2C560&#038;ssl=1\" alt=\"DSC02077\" width=\"840\" height=\"560\" srcset=\"https:\/\/i0.wp.com\/www.ellensailing.se\/wp-content\/uploads\/2015\/11\/DSC02077.jpg?resize=1024%2C683&amp;ssl=1 1024w, https:\/\/i0.wp.com\/www.ellensailing.se\/wp-content\/uploads\/2015\/11\/DSC02077.jpg?resize=300%2C200&amp;ssl=1 300w, https:\/\/i0.wp.com\/www.ellensailing.se\/wp-content\/uploads\/2015\/11\/DSC02077.jpg?w=1680&amp;ssl=1 1680w, https:\/\/i0.wp.com\/www.ellensailing.se\/wp-content\/uploads\/2015\/11\/DSC02077.jpg?w=2520&amp;ssl=1 2520w\" sizes=\"(max-width: 840px) 100vw, 840px\" \/><\/a><figcaption id=\"caption-attachment-684\" class=\"wp-caption-text\">Lunch i Szczecin. Vi gjorde stadsvandring l\u00e4ngs de r\u00f6da linjerna. Tur att de gick in i olika barer ocks\u00e5&#8230;<\/dd>\n<dd class=\"wp-caption-dd\"><\/figcaption><\/figure>\n<figure id=\"attachment_688\" aria-describedby=\"caption-attachment-688\" style=\"width: 1024px\" class=\"wp-caption aligncenter\"><a href=\"https:\/\/i0.wp.com\/www.ellensailing.se\/wp-content\/uploads\/2015\/11\/DSC_0855.jpg?ssl=1\"><img data-recalc-dims=\"1\" loading=\"lazy\" decoding=\"async\" class=\"wp-image-688 size-large\" src=\"https:\/\/i0.wp.com\/www.ellensailing.se\/wp-content\/uploads\/2015\/11\/DSC_0855.jpg?resize=840%2C558&#038;ssl=1\" alt=\"DSC_0855\" width=\"840\" height=\"558\" srcset=\"https:\/\/i0.wp.com\/www.ellensailing.se\/wp-content\/uploads\/2015\/11\/DSC_0855.jpg?resize=1024%2C680&amp;ssl=1 1024w, https:\/\/i0.wp.com\/www.ellensailing.se\/wp-content\/uploads\/2015\/11\/DSC_0855.jpg?resize=300%2C200&amp;ssl=1 300w, https:\/\/i0.wp.com\/www.ellensailing.se\/wp-content\/uploads\/2015\/11\/DSC_0855.jpg?w=1680&amp;ssl=1 1680w, https:\/\/i0.wp.com\/www.ellensailing.se\/wp-content\/uploads\/2015\/11\/DSC_0855.jpg?w=2520&amp;ssl=1 2520w\" sizes=\"(max-width: 840px) 100vw, 840px\" \/><\/a><figcaption id=\"caption-attachment-688\" class=\"wp-caption-text\">M\u00e4ktig soluppg\u00e5ng n\u00e4r vi seglade fr\u00e5n Bornholm till Hidensee.<\/figcaption><\/figure>\n<figure id=\"attachment_469\" aria-describedby=\"caption-attachment-469\" style=\"width: 680px\" class=\"wp-caption aligncenter\"><a href=\"https:\/\/i0.wp.com\/www.ellensailing.se\/wp-content\/uploads\/2015\/07\/DSC_0894-e1436269722706.jpg?ssl=1\"><img data-recalc-dims=\"1\" loading=\"lazy\" decoding=\"async\" class=\"wp-image-469 size-large\" src=\"https:\/\/i0.wp.com\/www.ellensailing.se\/wp-content\/uploads\/2015\/07\/DSC_0894-e1436269722706-680x1024.jpg?resize=680%2C1024&#038;ssl=1\" alt=\"DSC_0894\" width=\"680\" height=\"1024\" srcset=\"https:\/\/i0.wp.com\/www.ellensailing.se\/wp-content\/uploads\/2015\/07\/DSC_0894-e1436269722706.jpg?resize=680%2C1024&amp;ssl=1 680w, https:\/\/i0.wp.com\/www.ellensailing.se\/wp-content\/uploads\/2015\/07\/DSC_0894-e1436269722706.jpg?resize=199%2C300&amp;ssl=1 199w, https:\/\/i0.wp.com\/www.ellensailing.se\/wp-content\/uploads\/2015\/07\/DSC_0894-e1436269722706.jpg?w=1680&amp;ssl=1 1680w, https:\/\/i0.wp.com\/www.ellensailing.se\/wp-content\/uploads\/2015\/07\/DSC_0894-e1436269722706.jpg?w=2520&amp;ssl=1 2520w\" sizes=\"(max-width: 680px) 100vw, 680px\" \/><figcaption id=\"caption-attachment-469\" class=\"wp-caption-text\"><span id=\"transmark\"><\/span><\/a> Think Twice hissar sin nya Gennaker!<\/figcaption><\/figure>\n","protected":false},"excerpt":{"rendered":"<p>Tack Janne och Christina f\u00f6r den trevliga middagen i l\u00f6rdags! Kul att se och f\u00e5 bilder p\u00e5 den h\u00e4rliga tid[&#8230;]<\/p>\n","protected":false},"author":1,"featured_media":682,"comment_status":"open","ping_status":"open","sticky":false,"template":"","format":"standard","meta":{"_jetpack_newsletter_access":"","_jetpack_dont_email_post_to_subs":false,"_jetpack_newsletter_tier_id":0,"_jetpack_memberships_contains_paywalled_content":false,"_jetpack_feature_clip_id":0,"_jetpack_memberships_contains_paid_content":false,"footnotes":"","jetpack_publicize_message":"","jetpack_publicize_feature_enabled":true,"jetpack_social_post_already_shared":true,"jetpack_social_options":{"image_generator_settings":{"template":"highway","default_image_id":0,"font":"","enabled":false},"version":2},"jetpack_post_was_ever_published":false},"categories":[4],"tags":[],"class_list":["post-680","post","type-post","status-publish","format-standard","has-post-thumbnail","hentry","category-sommar-2015"],"jetpack_publicize_connections":[],"jetpack_featured_media_url":"https:\/\/i0.wp.com\/www.ellensailing.se\/wp-content\/uploads\/2015\/11\/DSC02044.jpg?fit=5472%2C3648&ssl=1","jetpack_sharing_enabled":true,"jetpack_shortlink":"https:\/\/wp.me\/p5G68R-aY","jetpack-related-posts":[{"id":429,"url":"https:\/\/www.ellensailing.se\/?p=429","url_meta":{"origin":680,"position":0},"title":"Ett bl\u00e5sigt utklippan!","author":"peter@ellensailing.se","date":"30 juni, 2015","format":false,"excerpt":"Vi har idag seglat 53 distans fr\u00e5n Kalmar till Utklippan. Fr\u00e5n b\u00f6rjan var seglingen helt underbar. \u00c4ntligen streckbog mot utklippan. Vi hade blivit lovade det fr\u00e5n v\u00e4dergudarna med. Men n\u00e5gon Gud gick hem och motvridet och \u00f6kande vind gjorde att vi fick b\u00f6rja kryssa igen.\u00a0 Det var konstigt v\u00e4der med\u2026","rel":"","context":"I \u201dSommar 2015\u201d","block_context":{"text":"Sommar 2015","link":"https:\/\/www.ellensailing.se\/?cat=4"},"img":{"alt_text":"","src":"https:\/\/i0.wp.com\/www.ellensailing.se\/wp-content\/uploads\/2015\/06\/DSC_0176-e1435683498795.jpg?fit=797%2C1200&ssl=1&resize=350%2C200","width":350,"height":200,"srcset":"https:\/\/i0.wp.com\/www.ellensailing.se\/wp-content\/uploads\/2015\/06\/DSC_0176-e1435683498795.jpg?fit=797%2C1200&ssl=1&resize=350%2C200 1x, https:\/\/i0.wp.com\/www.ellensailing.se\/wp-content\/uploads\/2015\/06\/DSC_0176-e1435683498795.jpg?fit=797%2C1200&ssl=1&resize=525%2C300 1.5x, https:\/\/i0.wp.com\/www.ellensailing.se\/wp-content\/uploads\/2015\/06\/DSC_0176-e1435683498795.jpg?fit=797%2C1200&ssl=1&resize=700%2C400 2x"},"classes":[]},{"id":499,"url":"https:\/\/www.ellensailing.se\/?p=499","url_meta":{"origin":680,"position":1},"title":"Stillaliggardag i Darlowo","author":"peter@ellensailing.se","date":"13 juli, 2015","format":false,"excerpt":"Det var ett tag sedan vi bloggade men det har varit full rulle. Vi seglade fr\u00e5n Swinoujscie till Kolberg! Inte s\u00e4rkilt mycket vind men det puffade p\u00e5 en d\u00e5. Det var ca 30 Nm dit. N\u00e4r vi kom dit s\u00e5 ins\u00e5g vi att hamnen var mycket tr\u00e5ng. Ellen hittade d\u00e5\u2026","rel":"","context":"I \u201dSommar 2015\u201d","block_context":{"text":"Sommar 2015","link":"https:\/\/www.ellensailing.se\/?cat=4"},"img":{"alt_text":"","src":"https:\/\/i0.wp.com\/www.ellensailing.se\/wp-content\/uploads\/2015\/07\/DSC_0109-e1436803049868.jpg?fit=797%2C1200&ssl=1&resize=350%2C200","width":350,"height":200,"srcset":"https:\/\/i0.wp.com\/www.ellensailing.se\/wp-content\/uploads\/2015\/07\/DSC_0109-e1436803049868.jpg?fit=797%2C1200&ssl=1&resize=350%2C200 1x, https:\/\/i0.wp.com\/www.ellensailing.se\/wp-content\/uploads\/2015\/07\/DSC_0109-e1436803049868.jpg?fit=797%2C1200&ssl=1&resize=525%2C300 1.5x, https:\/\/i0.wp.com\/www.ellensailing.se\/wp-content\/uploads\/2015\/07\/DSC_0109-e1436803049868.jpg?fit=797%2C1200&ssl=1&resize=700%2C400 2x"},"classes":[]},{"id":508,"url":"https:\/\/www.ellensailing.se\/?p=508","url_meta":{"origin":680,"position":2},"title":"Alla bra hamnar har priatskepp, fr\u00e5gan \u00e4r bara hur m\u00e5nga&#8230;","author":"peter@ellensailing.se","date":"16 juli, 2015","format":false,"excerpt":"Man kan skoja om mycket men jag m\u00e5ste s\u00e4ga att Polen \u00e4r helt fantastiskt. Billigt och trevliga m\u00e4nniskor.\u00a0 Det \u00e4r dock inte alltid man f\u00f6rst\u00e5r varandra. Det som \u00e4r konstigt \u00e4r att det inte \u00e4r fler turister h\u00e4r som har f\u00f6rmodligen v\u00e4rldens st\u00f6rsta plaja. Det \u00e4r n\u00e4stan inga fr\u00e5n utlandet\u2026","rel":"","context":"I \u201dSommar 2015\u201d","block_context":{"text":"Sommar 2015","link":"https:\/\/www.ellensailing.se\/?cat=4"},"img":{"alt_text":"","src":"https:\/\/i0.wp.com\/www.ellensailing.se\/wp-content\/uploads\/2015\/07\/DSC_0199.jpg?fit=1200%2C797&ssl=1&resize=350%2C200","width":350,"height":200,"srcset":"https:\/\/i0.wp.com\/www.ellensailing.se\/wp-content\/uploads\/2015\/07\/DSC_0199.jpg?fit=1200%2C797&ssl=1&resize=350%2C200 1x, https:\/\/i0.wp.com\/www.ellensailing.se\/wp-content\/uploads\/2015\/07\/DSC_0199.jpg?fit=1200%2C797&ssl=1&resize=525%2C300 1.5x, https:\/\/i0.wp.com\/www.ellensailing.se\/wp-content\/uploads\/2015\/07\/DSC_0199.jpg?fit=1200%2C797&ssl=1&resize=700%2C400 2x, https:\/\/i0.wp.com\/www.ellensailing.se\/wp-content\/uploads\/2015\/07\/DSC_0199.jpg?fit=1200%2C797&ssl=1&resize=1050%2C600 3x"},"classes":[]},{"id":552,"url":"https:\/\/www.ellensailing.se\/?p=552","url_meta":{"origin":680,"position":3},"title":"Tillbaka till Sverige och Kalmar!","author":"peter@ellensailing.se","date":"18 juli, 2015","format":false,"excerpt":"Efter en del funderande och studerande av Gribfiler s\u00e5 beslutade vi oss f\u00f6r att l\u00e4mna eskadern f\u00f6r denna g\u00e5ng. Vi s\u00e5g en bra lucka att segla fr\u00e5n Leba till Kalmar. Think Twice och Glittra forts\u00e4tter vidare till Gdansk. De stack p\u00e5 fredag morgon redan vid 7 tiden. Tror de hade\u2026","rel":"","context":"I \u201dSommar 2015\u201d","block_context":{"text":"Sommar 2015","link":"https:\/\/www.ellensailing.se\/?cat=4"},"img":{"alt_text":"","src":"https:\/\/i0.wp.com\/www.ellensailing.se\/wp-content\/uploads\/2015\/07\/DSC_0270.jpg?fit=1200%2C797&ssl=1&resize=350%2C200","width":350,"height":200,"srcset":"https:\/\/i0.wp.com\/www.ellensailing.se\/wp-content\/uploads\/2015\/07\/DSC_0270.jpg?fit=1200%2C797&ssl=1&resize=350%2C200 1x, https:\/\/i0.wp.com\/www.ellensailing.se\/wp-content\/uploads\/2015\/07\/DSC_0270.jpg?fit=1200%2C797&ssl=1&resize=525%2C300 1.5x, https:\/\/i0.wp.com\/www.ellensailing.se\/wp-content\/uploads\/2015\/07\/DSC_0270.jpg?fit=1200%2C797&ssl=1&resize=700%2C400 2x, https:\/\/i0.wp.com\/www.ellensailing.se\/wp-content\/uploads\/2015\/07\/DSC_0270.jpg?fit=1200%2C797&ssl=1&resize=1050%2C600 3x"},"classes":[]},{"id":543,"url":"https:\/\/www.ellensailing.se\/?p=543","url_meta":{"origin":680,"position":4},"title":"En sk\u00f6n dag i Leba!","author":"peter@ellensailing.se","date":"16 juli, 2015","format":false,"excerpt":"Vi best\u00e4mde oss ig\u00e5r f\u00f6r att ligga kvar i Leba idag. Det g\u00f6r \u00e4ven Think Twice och Glittra. Christina blev magsjuk ig\u00e5r s\u00e5 hon tappade alla krafter. Vi kommer imorgon f\u00f6rhoppningsvis f\u00e5 bra v\u00e4der f\u00f6r \u00f6versegling fr\u00e5n Leba i Polen till Kalmar i Sverige. Det har bl\u00e5st ganska ordentligt de\u2026","rel":"","context":"I \u201dSommar 2015\u201d","block_context":{"text":"Sommar 2015","link":"https:\/\/www.ellensailing.se\/?cat=4"},"img":{"alt_text":"","src":"https:\/\/i0.wp.com\/www.ellensailing.se\/wp-content\/uploads\/2015\/07\/IMG_4385.jpg?fit=480%2C640&ssl=1&resize=350%2C200","width":350,"height":200},"classes":[]},{"id":2612,"url":"https:\/\/www.ellensailing.se\/?p=2612","url_meta":{"origin":680,"position":5},"title":"Ellen lastad och klar!","author":"peter@ellensailing.se","date":"9 maj, 2019","format":false,"excerpt":"Ig\u00e5r s\u00e5 lyftes Ellen upp fr\u00e5n de Karibiska havet upp p\u00e5 lastfartyget Arubaborg. Kess och Anne som bott p\u00e5 Ellen de senaste dagarna v\u00e4cktes av att jag ringde stup i kvarten. Meddelandet att Ellen skulle lyftas som andra b\u00e5t kom v\u00e4ldigt sent men s\u00e5 \u00e4r det i livet. Skepparen Ian.\u2026","rel":"","context":"I \u201dV\u00e4stindien 2019\u201d","block_context":{"text":"V\u00e4stindien 2019","link":"https:\/\/www.ellensailing.se\/?cat=25"},"img":{"alt_text":"","src":"https:\/\/i0.wp.com\/www.ellensailing.se\/wp-content\/uploads\/2019\/05\/99916737-E266-441D-8613-A22282E13198.jpeg?fit=1200%2C900&ssl=1&resize=350%2C200","width":350,"height":200,"srcset":"https:\/\/i0.wp.com\/www.ellensailing.se\/wp-content\/uploads\/2019\/05\/99916737-E266-441D-8613-A22282E13198.jpeg?fit=1200%2C900&ssl=1&resize=350%2C200 1x, https:\/\/i0.wp.com\/www.ellensailing.se\/wp-content\/uploads\/2019\/05\/99916737-E266-441D-8613-A22282E13198.jpeg?fit=1200%2C900&ssl=1&resize=525%2C300 1.5x, https:\/\/i0.wp.com\/www.ellensailing.se\/wp-content\/uploads\/2019\/05\/99916737-E266-441D-8613-A22282E13198.jpeg?fit=1200%2C900&ssl=1&resize=700%2C400 2x, https:\/\/i0.wp.com\/www.ellensailing.se\/wp-content\/uploads\/2019\/05\/99916737-E266-441D-8613-A22282E13198.jpeg?fit=1200%2C900&ssl=1&resize=1050%2C600 3x"},"classes":[]}],"jetpack_likes_enabled":false,"_links":{"self":[{"href":"https:\/\/www.ellensailing.se\/index.php?rest_route=\/wp\/v2\/posts\/680","targetHints":{"allow":["GET"]}}],"collection":[{"href":"https:\/\/www.ellensailing.se\/index.php?rest_route=\/wp\/v2\/posts"}],"about":[{"href":"https:\/\/www.ellensailing.se\/index.php?rest_route=\/wp\/v2\/types\/post"}],"author":[{"embeddable":true,"href":"https:\/\/www.ellensailing.se\/index.php?rest_route=\/wp\/v2\/users\/1"}],"replies":[{"embeddable":true,"href":"https:\/\/www.ellensailing.se\/index.php?rest_route=%2Fwp%2Fv2%2Fcomments&post=680"}],"version-history":[{"count":3,"href":"https:\/\/www.ellensailing.se\/index.php?rest_route=\/wp\/v2\/posts\/680\/revisions"}],"predecessor-version":[{"id":691,"href":"https:\/\/www.ellensailing.se\/index.php?rest_route=\/wp\/v2\/posts\/680\/revisions\/691"}],"wp:featuredmedia":[{"embeddable":true,"href":"https:\/\/www.ellensailing.se\/index.php?rest_route=\/wp\/v2\/media\/682"}],"wp:attachment":[{"href":"https:\/\/www.ellensailing.se\/index.php?rest_route=%2Fwp%2Fv2%2Fmedia&parent=680"}],"wp:term":[{"taxonomy":"category","embeddable":true,"href":"https:\/\/www.ellensailing.se\/index.php?rest_route=%2Fwp%2Fv2%2Fcategories&post=680"},{"taxonomy":"post_tag","embeddable":true,"href":"https:\/\/www.ellensailing.se\/index.php?rest_route=%2Fwp%2Fv2%2Ftags&post=680"}],"curies":[{"name":"wp","href":"https:\/\/api.w.org\/{rel}","templated":true}]}}