{"id":668,"date":"2015-08-30T21:13:29","date_gmt":"2015-08-30T19:13:29","guid":{"rendered":"https:\/\/www.ellensailing.se\/?p=668"},"modified":"2015-08-30T21:13:29","modified_gmt":"2015-08-30T19:13:29","slug":"arconatraff-i-norrviken","status":"publish","type":"post","link":"https:\/\/www.ellensailing.se\/?p=668","title":{"rendered":"Arconatr\u00e4ff i Norrviken!"},"content":{"rendered":"<figure id=\"attachment_670\" aria-describedby=\"caption-attachment-670\" style=\"width: 640px\" class=\"wp-caption aligncenter\"><a href=\"https:\/\/i0.wp.com\/www.ellensailing.se\/wp-content\/uploads\/2015\/08\/IMG_4478.jpg?ssl=1\"><img data-recalc-dims=\"1\" fetchpriority=\"high\" decoding=\"async\" class=\"wp-image-670 size-full\" src=\"https:\/\/i0.wp.com\/www.ellensailing.se\/wp-content\/uploads\/2015\/08\/IMG_4478.jpg?resize=640%2C480&#038;ssl=1\" alt=\"IMG_4478\" width=\"640\" height=\"480\" srcset=\"https:\/\/i0.wp.com\/www.ellensailing.se\/wp-content\/uploads\/2015\/08\/IMG_4478.jpg?w=640&amp;ssl=1 640w, https:\/\/i0.wp.com\/www.ellensailing.se\/wp-content\/uploads\/2015\/08\/IMG_4478.jpg?resize=300%2C225&amp;ssl=1 300w\" sizes=\"(max-width: 640px) 100vw, 640px\" \/><\/a><figcaption id=\"caption-attachment-670\" class=\"wp-caption-text\">M\u00e5nga fina Arconor!<\/figcaption><\/figure>\n<p>I helgen s\u00e5 var det d\u00e5 dags f\u00f6r den \u00e5rliga Arcona tr\u00e4ffen. Alltid lika kul att tr\u00e4ffa s\u00e5 h\u00e4rliga m\u00e4nniskor som \u00e4lskar att segla och \u00e4ven p\u00e5 de b\u00e4sta b\u00e5tarna. Vi m\u00f6ttes upp p\u00e5 fredag kv\u00e4ll f\u00f6r att p\u00e5 l\u00f6rdagen avg\u00f6ra vem som seglar snabbast med sin Arcona. Det \u00e4r bara vita segel och det skall vara p\u00e5 skoj, men jag tror hornen v\u00e4xer ut p\u00e5 alla. Seglingarna bj\u00f6d p\u00e5 bra vind och vi seglade en bana p\u00e5 15 distans p\u00e5 Kanan. Vi har \u00e5tersk\u00e4nt det tidigare vandringspriset <span id=\"transmark\"><\/span>till Arcona klubben men vi fick det med oss hem igen. Robin och Marie seglade med oss. Robin fick styra d\u00e5 hans avskalade finger inte till\u00e4t n\u00e5gra tyngre sysslor (det \u00e4r dumt att ha fingrarna i ankark\u00e4ttingen).<\/p>\n<figure id=\"attachment_673\" aria-describedby=\"caption-attachment-673\" style=\"width: 480px\" class=\"wp-caption aligncenter\"><a href=\"https:\/\/i0.wp.com\/www.ellensailing.se\/wp-content\/uploads\/2015\/08\/IMG_4489.jpg?ssl=1\"><img data-recalc-dims=\"1\" decoding=\"async\" class=\"wp-image-673 size-full\" src=\"https:\/\/i0.wp.com\/www.ellensailing.se\/wp-content\/uploads\/2015\/08\/IMG_4489-e1440961432792.jpg?resize=480%2C640&#038;ssl=1\" alt=\"IMG_4489\" width=\"480\" height=\"640\" srcset=\"https:\/\/i0.wp.com\/www.ellensailing.se\/wp-content\/uploads\/2015\/08\/IMG_4489-e1440961432792.jpg?w=480&amp;ssl=1 480w, https:\/\/i0.wp.com\/www.ellensailing.se\/wp-content\/uploads\/2015\/08\/IMG_4489-e1440961432792.jpg?resize=225%2C300&amp;ssl=1 225w\" sizes=\"(max-width: 480px) 100vw, 480px\" \/><\/a><figcaption id=\"caption-attachment-673\" class=\"wp-caption-text\">Andr\u00e9 vann pinninsamlingen.<\/figcaption><\/figure>\n<p>Olle p\u00e5 Daisy hade den stora \u00e4ran att ordna tipspromenad. Det blev en lite annorlunda tipspromenad som alla trodde vi skulle g\u00e5. Ist\u00e4llet gick det ut p\u00e5 att samla s\u00e5 m\u00e5nga pinnar som m\u00f6jligt. F\u00e5nga in ryggradsl\u00f6sa djur (de sl\u00e4pptes ut sedan), samla s\u00e5 m\u00e5nga olika blommor som m\u00f6jligt och att samla in s\u00e5 m\u00e5nga olika blad som m\u00f6jligt.<\/p>\n<p>D\u00e4refter var det en ny gren f\u00f6r mig och det var att spruta tomatpure s\u00e5 l\u00e5ngt som m\u00f6jligt. Blev en geggig historia. Man skulle kunna tro att det vilt till n\u00e4r man s\u00e5g vissa ben.<\/p>\n<figure id=\"attachment_672\" aria-describedby=\"caption-attachment-672\" style=\"width: 640px\" class=\"wp-caption aligncenter\"><a href=\"https:\/\/i0.wp.com\/www.ellensailing.se\/wp-content\/uploads\/2015\/08\/IMG_4493.jpg?ssl=1\"><img data-recalc-dims=\"1\" decoding=\"async\" class=\"size-full wp-image-672\" src=\"https:\/\/i0.wp.com\/www.ellensailing.se\/wp-content\/uploads\/2015\/08\/IMG_4493.jpg?resize=640%2C480&#038;ssl=1\" alt=\"Robin skall snart hoppa p\u00e5 puretuben.\" width=\"640\" height=\"480\" srcset=\"https:\/\/i0.wp.com\/www.ellensailing.se\/wp-content\/uploads\/2015\/08\/IMG_4493.jpg?w=640&amp;ssl=1 640w, https:\/\/i0.wp.com\/www.ellensailing.se\/wp-content\/uploads\/2015\/08\/IMG_4493.jpg?resize=300%2C225&amp;ssl=1 300w\" sizes=\"(max-width: 640px) 100vw, 640px\" \/><\/a><figcaption id=\"caption-attachment-672\" class=\"wp-caption-text\">Robin skall snart hoppa p\u00e5 puretuben.<\/figcaption><\/figure>\n<p>Under midsommar har vi alltid p\u00e5 landet kast med \u00e4gg. Vi kollade tekniken p\u00e5 de \u00f6vriga och ins\u00e5g att de inte har n\u00e5gon koll p\u00e5 denna gren. Jag och Jackline backade l\u00e5ngt direkt och vann \u00f6verl\u00e4gset med 17,78 meter. Tv\u00e5an var p\u00e5 14 meter. Det \u00e4r bra att tr\u00e4na ibland.<\/p>\n<figure id=\"attachment_671\" aria-describedby=\"caption-attachment-671\" style=\"width: 480px\" class=\"wp-caption aligncenter\"><a href=\"https:\/\/i0.wp.com\/www.ellensailing.se\/wp-content\/uploads\/2015\/08\/IMG_4484.jpg?ssl=1\"><img data-recalc-dims=\"1\" loading=\"lazy\" decoding=\"async\" class=\"wp-image-671 size-full\" src=\"https:\/\/i0.wp.com\/www.ellensailing.se\/wp-content\/uploads\/2015\/08\/IMG_4484-e1440961713247.jpg?resize=480%2C640&#038;ssl=1\" alt=\"IMG_4484\" width=\"480\" height=\"640\" srcset=\"https:\/\/i0.wp.com\/www.ellensailing.se\/wp-content\/uploads\/2015\/08\/IMG_4484-e1440961713247.jpg?w=480&amp;ssl=1 480w, https:\/\/i0.wp.com\/www.ellensailing.se\/wp-content\/uploads\/2015\/08\/IMG_4484-e1440961713247.jpg?resize=225%2C300&amp;ssl=1 225w\" sizes=\"(max-width: 480px) 100vw, 480px\" \/><\/a><figcaption id=\"caption-attachment-671\" class=\"wp-caption-text\">Eventansvariga Britt Marie \u00e4r djupt koncentrerad.<\/figcaption><\/figure>\n<p>Norrviken \u00e4r ett fantastisk liten p\u00e4rla p\u00e5 Runmar\u00f6 som drivs av Svenska kryssarklubben. De har st\u00e4llt upp en bastu p\u00e5 en flotte som vi idag har provat. Mycket mysigt i det fina v\u00e4dret. Det var sk\u00f6nt att vara kvar d\u00e4r idag tillsammans med Andr\u00e9, Britt Marie och Axel.<\/p>\n<p>&nbsp;<\/p>\n<p>&nbsp;<\/p>\n<p>&nbsp;<\/p>\n","protected":false},"excerpt":{"rendered":"<p>I helgen s\u00e5 var det d\u00e5 dags f\u00f6r den \u00e5rliga Arcona tr\u00e4ffen. Alltid lika kul att tr\u00e4ffa s\u00e5 h\u00e4rliga m\u00e4nniskor[&#8230;]<\/p>\n","protected":false},"author":1,"featured_media":670,"comment_status":"open","ping_status":"open","sticky":false,"template":"","format":"standard","meta":{"_jetpack_newsletter_access":"","_jetpack_dont_email_post_to_subs":false,"_jetpack_newsletter_tier_id":0,"_jetpack_memberships_contains_paywalled_content":false,"_jetpack_feature_clip_id":0,"_jetpack_memberships_contains_paid_content":false,"footnotes":"","jetpack_publicize_message":"","jetpack_publicize_feature_enabled":true,"jetpack_social_post_already_shared":true,"jetpack_social_options":{"image_generator_settings":{"template":"highway","default_image_id":0,"font":"","enabled":false},"version":2},"jetpack_post_was_ever_published":false},"categories":[4],"tags":[],"class_list":["post-668","post","type-post","status-publish","format-standard","has-post-thumbnail","hentry","category-sommar-2015"],"jetpack_publicize_connections":[],"jetpack_featured_media_url":"https:\/\/i0.wp.com\/www.ellensailing.se\/wp-content\/uploads\/2015\/08\/IMG_4478.jpg?fit=640%2C480&ssl=1","jetpack_sharing_enabled":true,"jetpack_shortlink":"https:\/\/wp.me\/p5G68R-aM","jetpack-related-posts":[{"id":2823,"url":"https:\/\/www.ellensailing.se\/?p=2823","url_meta":{"origin":668,"position":0},"title":"Segling i \u00d6stersj\u00f6n","author":"peter@ellensailing.se","date":"18 juli, 2020","format":false,"excerpt":"Efter v\u00e5r lilla tour i M\u00e4laren som slussade vi ut p\u00e5 tisdagen. Vi fick v\u00e4nta en hel del i S\u00f6dert\u00e4lje kanal d\u00e5 tv\u00e5 stora b\u00e5tar skulle komma in. Slussen blev helt full s\u00e5 det tog lite tid innan alla kunde checka in. Ellen i slussen, Rolf Gr\u00f6nmark har tagit bilden.\u2026","rel":"","context":"I \u201dSegling 2020\u201d","block_context":{"text":"Segling 2020","link":"https:\/\/www.ellensailing.se\/?cat=27"},"img":{"alt_text":"","src":"https:\/\/i0.wp.com\/www.ellensailing.se\/wp-content\/uploads\/2020\/07\/IMG_0251-scaled.jpg?fit=1200%2C900&ssl=1&resize=350%2C200","width":350,"height":200,"srcset":"https:\/\/i0.wp.com\/www.ellensailing.se\/wp-content\/uploads\/2020\/07\/IMG_0251-scaled.jpg?fit=1200%2C900&ssl=1&resize=350%2C200 1x, https:\/\/i0.wp.com\/www.ellensailing.se\/wp-content\/uploads\/2020\/07\/IMG_0251-scaled.jpg?fit=1200%2C900&ssl=1&resize=525%2C300 1.5x, https:\/\/i0.wp.com\/www.ellensailing.se\/wp-content\/uploads\/2020\/07\/IMG_0251-scaled.jpg?fit=1200%2C900&ssl=1&resize=700%2C400 2x, https:\/\/i0.wp.com\/www.ellensailing.se\/wp-content\/uploads\/2020\/07\/IMG_0251-scaled.jpg?fit=1200%2C900&ssl=1&resize=1050%2C600 3x"},"classes":[]},{"id":881,"url":"https:\/\/www.ellensailing.se\/?p=881","url_meta":{"origin":668,"position":1},"title":"Nya Oceanseglar tidningen har kommit","author":"peter@ellensailing.se","date":"16 juni, 2016","format":false,"excerpt":"Nya tidningen av Oceanseglaren har kommit ut och d\u00e4r alla b\u00e5tar som \u00e5ker iv\u00e4g skriver lite. H\u00e4r kommer Ellen text. Dr\u00f6mmen om att segla \u00f6ver Atlanten har jag haft sedan jag var sju \u00e5r gammal och jag \u00e4r uppvuxen p\u00e5 en segleb\u00e5t sedan jag var tre dagar gammal. Jag heter\u2026","rel":"","context":"I \u201dSommar 2016\u201d","block_context":{"text":"Sommar 2016","link":"https:\/\/www.ellensailing.se\/?cat=20"},"img":{"alt_text":"","src":"https:\/\/i0.wp.com\/www.ellensailing.se\/wp-content\/uploads\/2016\/06\/OCEAN-e1466066977587.jpg?fit=900%2C1200&ssl=1&resize=350%2C200","width":350,"height":200,"srcset":"https:\/\/i0.wp.com\/www.ellensailing.se\/wp-content\/uploads\/2016\/06\/OCEAN-e1466066977587.jpg?fit=900%2C1200&ssl=1&resize=350%2C200 1x, https:\/\/i0.wp.com\/www.ellensailing.se\/wp-content\/uploads\/2016\/06\/OCEAN-e1466066977587.jpg?fit=900%2C1200&ssl=1&resize=525%2C300 1.5x, https:\/\/i0.wp.com\/www.ellensailing.se\/wp-content\/uploads\/2016\/06\/OCEAN-e1466066977587.jpg?fit=900%2C1200&ssl=1&resize=700%2C400 2x"},"classes":[]},{"id":2594,"url":"https:\/\/www.ellensailing.se\/?p=2594","url_meta":{"origin":668,"position":2},"title":"Det dr\u00e4ller av Arconor i Antiqua!","author":"peter@ellensailing.se","date":"4 maj, 2019","format":false,"excerpt":"Kanske inte d\u00e5 men i allafall tv\u00e5 stycken. Kul att se Grace 2 igen. De \u00e4r ute p\u00e5 sin sista vecka av segling f\u00f6r denna s\u00e4song. F\u00f6r oss ocks\u00e5 s\u00e5 \u00e4r det packning som g\u00e4ller idag. Vi har varit i Antiqua sedan den 23 april och det \u00e4r v\u00e4ldigt fint\u2026","rel":"","context":"I \u201dV\u00e4stindien 2019\u201d","block_context":{"text":"V\u00e4stindien 2019","link":"https:\/\/www.ellensailing.se\/?cat=25"},"img":{"alt_text":"","src":"https:\/\/i0.wp.com\/www.ellensailing.se\/wp-content\/uploads\/2019\/05\/49AC9354-0A0F-4E92-806A-D880CF291EA8.jpeg?fit=1200%2C900&ssl=1&resize=350%2C200","width":350,"height":200,"srcset":"https:\/\/i0.wp.com\/www.ellensailing.se\/wp-content\/uploads\/2019\/05\/49AC9354-0A0F-4E92-806A-D880CF291EA8.jpeg?fit=1200%2C900&ssl=1&resize=350%2C200 1x, https:\/\/i0.wp.com\/www.ellensailing.se\/wp-content\/uploads\/2019\/05\/49AC9354-0A0F-4E92-806A-D880CF291EA8.jpeg?fit=1200%2C900&ssl=1&resize=525%2C300 1.5x, https:\/\/i0.wp.com\/www.ellensailing.se\/wp-content\/uploads\/2019\/05\/49AC9354-0A0F-4E92-806A-D880CF291EA8.jpeg?fit=1200%2C900&ssl=1&resize=700%2C400 2x, https:\/\/i0.wp.com\/www.ellensailing.se\/wp-content\/uploads\/2019\/05\/49AC9354-0A0F-4E92-806A-D880CF291EA8.jpeg?fit=1200%2C900&ssl=1&resize=1050%2C600 3x"},"classes":[]},{"id":3312,"url":"https:\/\/www.ellensailing.se\/?p=3312","url_meta":{"origin":668,"position":3},"title":"Sista april i Sandhamn","author":"peter@ellensailing.se","date":"1 maj, 2023","format":false,"excerpt":"H\u00e4rligt med en l\u00e5nghelg p\u00e5 Ellen. Helgen b\u00f6rjade med att vi gick ut till Sand\u00f6n. Vad k\u00e4kade middag i klubbhuset cg d\u00e4r var det livat! Dagen efter seglade vi ut till Sandhamn. Blev en fin str\u00e4cksegling \u00f6ver Kanan. K\u00e4ndes n\u00e4stan som en Arconatr\u00e4ff f\u00f6r det var 5 Arconor i hamnen.\u2026","rel":"","context":"I \u201dSegling 2023\u201d","block_context":{"text":"Segling 2023","link":"https:\/\/www.ellensailing.se\/?cat=31"},"img":{"alt_text":"","src":"https:\/\/i0.wp.com\/www.ellensailing.se\/wp-content\/uploads\/2023\/05\/img_2598-scaled.jpg?fit=1200%2C900&ssl=1&resize=350%2C200","width":350,"height":200,"srcset":"https:\/\/i0.wp.com\/www.ellensailing.se\/wp-content\/uploads\/2023\/05\/img_2598-scaled.jpg?fit=1200%2C900&ssl=1&resize=350%2C200 1x, https:\/\/i0.wp.com\/www.ellensailing.se\/wp-content\/uploads\/2023\/05\/img_2598-scaled.jpg?fit=1200%2C900&ssl=1&resize=525%2C300 1.5x, https:\/\/i0.wp.com\/www.ellensailing.se\/wp-content\/uploads\/2023\/05\/img_2598-scaled.jpg?fit=1200%2C900&ssl=1&resize=700%2C400 2x, https:\/\/i0.wp.com\/www.ellensailing.se\/wp-content\/uploads\/2023\/05\/img_2598-scaled.jpg?fit=1200%2C900&ssl=1&resize=1050%2C600 3x"},"classes":[]},{"id":3401,"url":"https:\/\/www.ellensailing.se\/?p=3401","url_meta":{"origin":668,"position":4},"title":"Tillbaka i Sverige via \u00c5land.","author":"peter@ellensailing.se","date":"26 juli, 2023","format":false,"excerpt":"Nu b\u00f6rjar det lida mot sitt slut f\u00f6r segelsemestern. Vi gick \u00f6ver till Dag\u00f6, f\u00f6rst till Heltermaa-K\u00e4rdla-Luidja och sedan till K\u00e4rdla Marina. Fr\u00e5n K\u00e4rdla som skota vi f\u00f6r kryss och str\u00e4ckte upp till K\u00f6kar. Det blev en fin dag med ganska j\u00e4mna vindar p\u00e5 ca 11-17 knop. Helt perfekt! Det\u2026","rel":"","context":"I \u201dSegling 2023\u201d","block_context":{"text":"Segling 2023","link":"https:\/\/www.ellensailing.se\/?cat=31"},"img":{"alt_text":"","src":"https:\/\/i0.wp.com\/www.ellensailing.se\/wp-content\/uploads\/2023\/07\/img_1148-scaled.jpg?fit=900%2C1200&ssl=1&resize=350%2C200","width":350,"height":200,"srcset":"https:\/\/i0.wp.com\/www.ellensailing.se\/wp-content\/uploads\/2023\/07\/img_1148-scaled.jpg?fit=900%2C1200&ssl=1&resize=350%2C200 1x, https:\/\/i0.wp.com\/www.ellensailing.se\/wp-content\/uploads\/2023\/07\/img_1148-scaled.jpg?fit=900%2C1200&ssl=1&resize=525%2C300 1.5x, https:\/\/i0.wp.com\/www.ellensailing.se\/wp-content\/uploads\/2023\/07\/img_1148-scaled.jpg?fit=900%2C1200&ssl=1&resize=700%2C400 2x"},"classes":[]},{"id":3275,"url":"https:\/\/www.ellensailing.se\/?p=3275","url_meta":{"origin":668,"position":5},"title":"Summering 2022","author":"peter@ellensailing.se","date":"4 april, 2023","format":false,"excerpt":"Usch och fy vad d\u00e5liga vi varit p\u00e5 att uppdatera v\u00e5r blogg. H\u00e4r kommer i alla fall en summering av sommarseglingen f\u00f6rra \u00e5ret. Vi b\u00f6rjade v\u00e5r semester den 8 juli och tog oss ut till Bj\u00f6rksk\u00e4r d\u00e4r allt b\u00f6rjade. Vi tr\u00e4ffad Lasse och Helene med sin Ella (Omega 42). Hade\u2026","rel":"","context":"I \u201dSommar 2022\u201d","block_context":{"text":"Sommar 2022","link":"https:\/\/www.ellensailing.se\/?cat=30"},"img":{"alt_text":"","src":"https:\/\/i0.wp.com\/www.ellensailing.se\/wp-content\/uploads\/2023\/04\/IMG_1721-scaled.jpg?fit=1200%2C900&ssl=1&resize=350%2C200","width":350,"height":200,"srcset":"https:\/\/i0.wp.com\/www.ellensailing.se\/wp-content\/uploads\/2023\/04\/IMG_1721-scaled.jpg?fit=1200%2C900&ssl=1&resize=350%2C200 1x, https:\/\/i0.wp.com\/www.ellensailing.se\/wp-content\/uploads\/2023\/04\/IMG_1721-scaled.jpg?fit=1200%2C900&ssl=1&resize=525%2C300 1.5x, https:\/\/i0.wp.com\/www.ellensailing.se\/wp-content\/uploads\/2023\/04\/IMG_1721-scaled.jpg?fit=1200%2C900&ssl=1&resize=700%2C400 2x, https:\/\/i0.wp.com\/www.ellensailing.se\/wp-content\/uploads\/2023\/04\/IMG_1721-scaled.jpg?fit=1200%2C900&ssl=1&resize=1050%2C600 3x"},"classes":[]}],"jetpack_likes_enabled":false,"_links":{"self":[{"href":"https:\/\/www.ellensailing.se\/index.php?rest_route=\/wp\/v2\/posts\/668","targetHints":{"allow":["GET"]}}],"collection":[{"href":"https:\/\/www.ellensailing.se\/index.php?rest_route=\/wp\/v2\/posts"}],"about":[{"href":"https:\/\/www.ellensailing.se\/index.php?rest_route=\/wp\/v2\/types\/post"}],"author":[{"embeddable":true,"href":"https:\/\/www.ellensailing.se\/index.php?rest_route=\/wp\/v2\/users\/1"}],"replies":[{"embeddable":true,"href":"https:\/\/www.ellensailing.se\/index.php?rest_route=%2Fwp%2Fv2%2Fcomments&post=668"}],"version-history":[{"count":2,"href":"https:\/\/www.ellensailing.se\/index.php?rest_route=\/wp\/v2\/posts\/668\/revisions"}],"predecessor-version":[{"id":675,"href":"https:\/\/www.ellensailing.se\/index.php?rest_route=\/wp\/v2\/posts\/668\/revisions\/675"}],"wp:featuredmedia":[{"embeddable":true,"href":"https:\/\/www.ellensailing.se\/index.php?rest_route=\/wp\/v2\/media\/670"}],"wp:attachment":[{"href":"https:\/\/www.ellensailing.se\/index.php?rest_route=%2Fwp%2Fv2%2Fmedia&parent=668"}],"wp:term":[{"taxonomy":"category","embeddable":true,"href":"https:\/\/www.ellensailing.se\/index.php?rest_route=%2Fwp%2Fv2%2Fcategories&post=668"},{"taxonomy":"post_tag","embeddable":true,"href":"https:\/\/www.ellensailing.se\/index.php?rest_route=%2Fwp%2Fv2%2Ftags&post=668"}],"curies":[{"name":"wp","href":"https:\/\/api.w.org\/{rel}","templated":true}]}}