{"id":649,"date":"2015-08-16T21:40:59","date_gmt":"2015-08-16T19:40:59","guid":{"rendered":"https:\/\/www.ellensailing.se\/?p=649"},"modified":"2015-08-16T21:40:59","modified_gmt":"2015-08-16T19:40:59","slug":"fantastik-trevlig-osk-traff-i-helgen","status":"publish","type":"post","link":"https:\/\/www.ellensailing.se\/?p=649","title":{"rendered":"Fantastik trevlig OSK tr\u00e4ff i helgen!"},"content":{"rendered":"<figure id=\"attachment_652\" aria-describedby=\"caption-attachment-652\" style=\"width: 1024px\" class=\"wp-caption aligncenter\"><a href=\"https:\/\/i0.wp.com\/www.ellensailing.se\/wp-content\/uploads\/2015\/08\/DSC_0119.jpg?ssl=1\"><img data-recalc-dims=\"1\" fetchpriority=\"high\" decoding=\"async\" class=\"wp-image-652 size-large\" src=\"https:\/\/i0.wp.com\/www.ellensailing.se\/wp-content\/uploads\/2015\/08\/DSC_0119.jpg?resize=840%2C558&#038;ssl=1\" alt=\"DSC_0119\" width=\"840\" height=\"558\" srcset=\"https:\/\/i0.wp.com\/www.ellensailing.se\/wp-content\/uploads\/2015\/08\/DSC_0119.jpg?resize=1024%2C680&amp;ssl=1 1024w, https:\/\/i0.wp.com\/www.ellensailing.se\/wp-content\/uploads\/2015\/08\/DSC_0119.jpg?resize=300%2C200&amp;ssl=1 300w, https:\/\/i0.wp.com\/www.ellensailing.se\/wp-content\/uploads\/2015\/08\/DSC_0119.jpg?w=1680&amp;ssl=1 1680w, https:\/\/i0.wp.com\/www.ellensailing.se\/wp-content\/uploads\/2015\/08\/DSC_0119.jpg?w=2520&amp;ssl=1 2520w\" sizes=\"(max-width: 840px) 100vw, 840px\" \/><\/a><figcaption id=\"caption-attachment-652\" class=\"wp-caption-text\">Christer och Annikas brygga rymmer minst 20 b\u00e5tar!<\/figcaption><\/figure>\n<p>I helgen har vi haft f\u00f6rm\u00e5nen att vara hemma hos Christer och Annika och haft Oceanseglarnas sensommartr\u00e4ff. De \u00e4r s\u00e5 gener\u00f6sa att de st\u00e4ller upp med sitt fina hus och allt jobb som de l\u00e4gger ner med mat etc. Det \u00e4r s\u00e5 kul att tr\u00e4ffa likasinnade som har eller skall ge sig i v\u00e4g p\u00e5 sina dr\u00f6mmars resa.<span id=\"transmark\"><\/span><\/p>\n<p>Det \u00e4r ett v\u00e4ldigt spring mellan b\u00e5tarna och mycket snack om hur man si eller s\u00e5. Lite meckande blir det ocks\u00e5. Vi hade \u00e4ven i \u00e5r ett fantastiskt v\u00e4der vilket g\u00f6r kalaset lite b\u00e4ttre.<\/p>\n<p>Idag seglade vi mot v\u00e5r hemmahamn men vi gick in i en liten fin vik och svajade och badade. Vilken helg det varit. I fredags k\u00f6rde vi lite skaldjursplat\u00e5 i L\u00e5dna viken.<\/p>\n<figure id=\"attachment_650\" aria-describedby=\"caption-attachment-650\" style=\"width: 1024px\" class=\"wp-caption aligncenter\"><a href=\"https:\/\/i0.wp.com\/www.ellensailing.se\/wp-content\/uploads\/2015\/08\/DSC_0105.jpg?ssl=1\"><img data-recalc-dims=\"1\" decoding=\"async\" class=\"size-large wp-image-650\" src=\"https:\/\/i0.wp.com\/www.ellensailing.se\/wp-content\/uploads\/2015\/08\/DSC_0105.jpg?resize=840%2C558&#038;ssl=1\" alt=\"Solnedg\u00e5ng i L\u00e5dna\" width=\"840\" height=\"558\" srcset=\"https:\/\/i0.wp.com\/www.ellensailing.se\/wp-content\/uploads\/2015\/08\/DSC_0105.jpg?resize=1024%2C680&amp;ssl=1 1024w, https:\/\/i0.wp.com\/www.ellensailing.se\/wp-content\/uploads\/2015\/08\/DSC_0105.jpg?resize=300%2C200&amp;ssl=1 300w, https:\/\/i0.wp.com\/www.ellensailing.se\/wp-content\/uploads\/2015\/08\/DSC_0105.jpg?w=1680&amp;ssl=1 1680w, https:\/\/i0.wp.com\/www.ellensailing.se\/wp-content\/uploads\/2015\/08\/DSC_0105.jpg?w=2520&amp;ssl=1 2520w\" sizes=\"(max-width: 840px) 100vw, 840px\" \/><\/a><figcaption id=\"caption-attachment-650\" class=\"wp-caption-text\">Solnedg\u00e5ng i L\u00e5dna<\/figcaption><\/figure>\n<figure id=\"attachment_651\" aria-describedby=\"caption-attachment-651\" style=\"width: 1024px\" class=\"wp-caption aligncenter\"><a href=\"https:\/\/i0.wp.com\/www.ellensailing.se\/wp-content\/uploads\/2015\/08\/DSC_0106.jpg?ssl=1\"><img data-recalc-dims=\"1\" decoding=\"async\" class=\"size-large wp-image-651\" src=\"https:\/\/i0.wp.com\/www.ellensailing.se\/wp-content\/uploads\/2015\/08\/DSC_0106.jpg?resize=840%2C558&#038;ssl=1\" alt=\"Lite vind men det g\u00e5r fram\u00e5t!\" width=\"840\" height=\"558\" srcset=\"https:\/\/i0.wp.com\/www.ellensailing.se\/wp-content\/uploads\/2015\/08\/DSC_0106.jpg?resize=1024%2C680&amp;ssl=1 1024w, https:\/\/i0.wp.com\/www.ellensailing.se\/wp-content\/uploads\/2015\/08\/DSC_0106.jpg?resize=300%2C200&amp;ssl=1 300w, https:\/\/i0.wp.com\/www.ellensailing.se\/wp-content\/uploads\/2015\/08\/DSC_0106.jpg?w=1680&amp;ssl=1 1680w, https:\/\/i0.wp.com\/www.ellensailing.se\/wp-content\/uploads\/2015\/08\/DSC_0106.jpg?w=2520&amp;ssl=1 2520w\" sizes=\"(max-width: 840px) 100vw, 840px\" \/><\/a><figcaption id=\"caption-attachment-651\" class=\"wp-caption-text\">Lite vind men det g\u00e5r fram\u00e5t!<\/figcaption><\/figure>\n","protected":false},"excerpt":{"rendered":"<p>I helgen har vi haft f\u00f6rm\u00e5nen att vara hemma hos Christer och Annika och haft Oceanseglarnas sensommartr\u00e4ff. De \u00e4r s\u00e5[&#8230;]<\/p>\n","protected":false},"author":1,"featured_media":652,"comment_status":"open","ping_status":"open","sticky":false,"template":"","format":"standard","meta":{"_jetpack_newsletter_access":"","_jetpack_dont_email_post_to_subs":false,"_jetpack_newsletter_tier_id":0,"_jetpack_memberships_contains_paywalled_content":false,"_jetpack_feature_clip_id":0,"_jetpack_memberships_contains_paid_content":false,"footnotes":"","jetpack_publicize_message":"","jetpack_publicize_feature_enabled":true,"jetpack_social_post_already_shared":true,"jetpack_social_options":{"image_generator_settings":{"template":"highway","default_image_id":0,"font":"","enabled":false},"version":2},"jetpack_post_was_ever_published":false},"categories":[4],"tags":[],"class_list":["post-649","post","type-post","status-publish","format-standard","has-post-thumbnail","hentry","category-sommar-2015"],"jetpack_publicize_connections":[],"jetpack_featured_media_url":"https:\/\/i0.wp.com\/www.ellensailing.se\/wp-content\/uploads\/2015\/08\/DSC_0119.jpg?fit=4288%2C2848&ssl=1","jetpack_sharing_enabled":true,"jetpack_shortlink":"https:\/\/wp.me\/p5G68R-at","jetpack-related-posts":[{"id":658,"url":"https:\/\/www.ellensailing.se\/?p=658","url_meta":{"origin":649,"position":0},"title":"Vilken augusti vi har, \u00e4nnu en fantastisk helg!","author":"peter@ellensailing.se","date":"24 augusti, 2015","format":false,"excerpt":"I helgen hade vi finbes\u00f6k av Philip och Anna. Vi seglade ut p\u00e5 l\u00f6rdagen vid 10.45 i mycket fint v\u00e4der men v\u00e4ldigt lite vind. Vi kryssade mot M\u00f6ja och ankrade upp i en liten fin vik d\u00e4r vi tog en liten lunch. Efter lunchen hade det b\u00f6rjat bl\u00e5sa lite. Kryssen\u2026","rel":"","context":"I \u201dSommar 2015\u201d","block_context":{"text":"Sommar 2015","link":"https:\/\/www.ellensailing.se\/?cat=4"},"img":{"alt_text":"","src":"https:\/\/i0.wp.com\/www.ellensailing.se\/wp-content\/uploads\/2015\/08\/DSC_0147.jpg?fit=1200%2C797&ssl=1&resize=350%2C200","width":350,"height":200,"srcset":"https:\/\/i0.wp.com\/www.ellensailing.se\/wp-content\/uploads\/2015\/08\/DSC_0147.jpg?fit=1200%2C797&ssl=1&resize=350%2C200 1x, https:\/\/i0.wp.com\/www.ellensailing.se\/wp-content\/uploads\/2015\/08\/DSC_0147.jpg?fit=1200%2C797&ssl=1&resize=525%2C300 1.5x, https:\/\/i0.wp.com\/www.ellensailing.se\/wp-content\/uploads\/2015\/08\/DSC_0147.jpg?fit=1200%2C797&ssl=1&resize=700%2C400 2x, https:\/\/i0.wp.com\/www.ellensailing.se\/wp-content\/uploads\/2015\/08\/DSC_0147.jpg?fit=1200%2C797&ssl=1&resize=1050%2C600 3x"},"classes":[]},{"id":2495,"url":"https:\/\/www.ellensailing.se\/?p=2495","url_meta":{"origin":649,"position":1},"title":"St: Barth, lyx\u00f6n i Karibien","author":"peter@ellensailing.se","date":"9 april, 2019","format":false,"excerpt":"Det var l\u00e4nge sedan vi skrev n\u00e5got inl\u00e4gg, har varit lite d\u00e5 med n\u00e4t ett tag, eller s\u00e5 har vi haft f\u00f6r mycket att g\u00f6ra. Efter Barbuda hade vi en fin segling till St: Barth. V\u00e4l d\u00e4r kommer Mike fr\u00e5n Chasseur och har fixat en moring f\u00f6r oss. V\u00e4ldigt gener\u00f6st\u2026","rel":"","context":"I \u201dV\u00e4stindien 2017-2018\u201d","block_context":{"text":"V\u00e4stindien 2017-2018","link":"https:\/\/www.ellensailing.se\/?cat=24"},"img":{"alt_text":"","src":"https:\/\/i0.wp.com\/www.ellensailing.se\/wp-content\/uploads\/2019\/04\/31EB608B-37E0-4081-A954-0FCB4E4801E2.jpeg?fit=1200%2C900&ssl=1&resize=350%2C200","width":350,"height":200,"srcset":"https:\/\/i0.wp.com\/www.ellensailing.se\/wp-content\/uploads\/2019\/04\/31EB608B-37E0-4081-A954-0FCB4E4801E2.jpeg?fit=1200%2C900&ssl=1&resize=350%2C200 1x, https:\/\/i0.wp.com\/www.ellensailing.se\/wp-content\/uploads\/2019\/04\/31EB608B-37E0-4081-A954-0FCB4E4801E2.jpeg?fit=1200%2C900&ssl=1&resize=525%2C300 1.5x, https:\/\/i0.wp.com\/www.ellensailing.se\/wp-content\/uploads\/2019\/04\/31EB608B-37E0-4081-A954-0FCB4E4801E2.jpeg?fit=1200%2C900&ssl=1&resize=700%2C400 2x, https:\/\/i0.wp.com\/www.ellensailing.se\/wp-content\/uploads\/2019\/04\/31EB608B-37E0-4081-A954-0FCB4E4801E2.jpeg?fit=1200%2C900&ssl=1&resize=1050%2C600 3x"},"classes":[]},{"id":1211,"url":"https:\/\/www.ellensailing.se\/?p=1211","url_meta":{"origin":649,"position":2},"title":"Nu har vi l\u00e4mnat A Coruna och ligger p\u00e5 svaj i en liten fiskeby!","author":"peter@ellensailing.se","date":"9 september, 2017","format":false,"excerpt":"Vi har haft n\u00e5gra sk\u00f6na dagar i A Coruna som \u00e4r en helt underbar liten stad, stor men liten. Finns s\u00e5 mycket att se och de har helt underbara ytor f\u00f6r folk att r\u00f6ra sig p\u00e5, och folk \u00e4r verkligen ute och r\u00f6r sig. Fina cykelv\u00e4gar runt hela staden, g\u00e5ngpromenader,\u2026","rel":"","context":"I \u201dH\u00f6st 2017 till Grand Canrias.\u201d","block_context":{"text":"H\u00f6st 2017 till Grand Canrias.","link":"https:\/\/www.ellensailing.se\/?cat=22"},"img":{"alt_text":"","src":"https:\/\/i0.wp.com\/www.ellensailing.se\/wp-content\/uploads\/2017\/09\/DSC2328.jpg?fit=1200%2C802&ssl=1&resize=350%2C200","width":350,"height":200,"srcset":"https:\/\/i0.wp.com\/www.ellensailing.se\/wp-content\/uploads\/2017\/09\/DSC2328.jpg?fit=1200%2C802&ssl=1&resize=350%2C200 1x, https:\/\/i0.wp.com\/www.ellensailing.se\/wp-content\/uploads\/2017\/09\/DSC2328.jpg?fit=1200%2C802&ssl=1&resize=525%2C300 1.5x, https:\/\/i0.wp.com\/www.ellensailing.se\/wp-content\/uploads\/2017\/09\/DSC2328.jpg?fit=1200%2C802&ssl=1&resize=700%2C400 2x, https:\/\/i0.wp.com\/www.ellensailing.se\/wp-content\/uploads\/2017\/09\/DSC2328.jpg?fit=1200%2C802&ssl=1&resize=1050%2C600 3x"},"classes":[]},{"id":3128,"url":"https:\/\/www.ellensailing.se\/?p=3128","url_meta":{"origin":649,"position":3},"title":"Mj\u00e4lt\u00f6n, Sveriges h\u00f6gsta \u00f6!","author":"peter@ellensailing.se","date":"12 juli, 2021","format":false,"excerpt":"P\u00e5 fredagen s\u00e5 seglade vi iv\u00e4g tidigt p\u00e5 morgonen. Vi vill se s\u00e5 mycket som m\u00f6jligt s\u00e5 det blir inte s\u00e5 l\u00e5nga seglingar. Vi b\u00f6rjade med att segla till Mj\u00e4lt\u00f6n, Sveriges h\u00f6gsta \u00f6 som m\u00e4ter 235m\u00f6h. Det \u00e4r mycket fint v\u00e4der och det \u00e4r en otroligt fin liten vik som\u2026","rel":"","context":"I \u201dSegling 2021\u201d","block_context":{"text":"Segling 2021","link":"https:\/\/www.ellensailing.se\/?cat=28"},"img":{"alt_text":"","src":"https:\/\/i0.wp.com\/www.ellensailing.se\/wp-content\/uploads\/2021\/07\/Mjalton3.jpg?fit=640%2C428&ssl=1&resize=350%2C200","width":350,"height":200,"srcset":"https:\/\/i0.wp.com\/www.ellensailing.se\/wp-content\/uploads\/2021\/07\/Mjalton3.jpg?fit=640%2C428&ssl=1&resize=350%2C200 1x, https:\/\/i0.wp.com\/www.ellensailing.se\/wp-content\/uploads\/2021\/07\/Mjalton3.jpg?fit=640%2C428&ssl=1&resize=525%2C300 1.5x"},"classes":[]},{"id":1490,"url":"https:\/\/www.ellensailing.se\/?p=1490","url_meta":{"origin":649,"position":4},"title":"La Palma, \u00f6n l\u00e4ngst v\u00e4sterut.","author":"peter@ellensailing.se","date":"29 oktober, 2017","format":false,"excerpt":"N\u00e4r vi l\u00e4mnat Anders s\u00e5 seglade vi direkt till La Palma och till huvudstaden som heter Santa Cruz. F\u00f6rsta dygnet gick bra att ligga i hamnen men dag tv\u00e5 gungade det alldeles f\u00f6rf\u00e4rligt. Vi tr\u00e4ffade en fransman som legat h\u00e4r ett tag och f\u00f6rra veckan hade han ramlat ur s\u00e4ngen\u2026","rel":"","context":"I \u201dH\u00f6st 2017 till Grand Canrias.\u201d","block_context":{"text":"H\u00f6st 2017 till Grand Canrias.","link":"https:\/\/www.ellensailing.se\/?cat=22"},"img":{"alt_text":"","src":"https:\/\/i0.wp.com\/www.ellensailing.se\/wp-content\/uploads\/2017\/10\/DJI_0229.jpg?fit=1200%2C900&ssl=1&resize=350%2C200","width":350,"height":200,"srcset":"https:\/\/i0.wp.com\/www.ellensailing.se\/wp-content\/uploads\/2017\/10\/DJI_0229.jpg?fit=1200%2C900&ssl=1&resize=350%2C200 1x, https:\/\/i0.wp.com\/www.ellensailing.se\/wp-content\/uploads\/2017\/10\/DJI_0229.jpg?fit=1200%2C900&ssl=1&resize=525%2C300 1.5x, https:\/\/i0.wp.com\/www.ellensailing.se\/wp-content\/uploads\/2017\/10\/DJI_0229.jpg?fit=1200%2C900&ssl=1&resize=700%2C400 2x, https:\/\/i0.wp.com\/www.ellensailing.se\/wp-content\/uploads\/2017\/10\/DJI_0229.jpg?fit=1200%2C900&ssl=1&resize=1050%2C600 3x"},"classes":[]},{"id":3332,"url":"https:\/\/www.ellensailing.se\/?p=3332","url_meta":{"origin":649,"position":5},"title":"F\u00f6rsta seglingen efter operation","author":"peter@ellensailing.se","date":"19 juni, 2023","format":false,"excerpt":"Nu i helgen var det f\u00f6rsta g\u00e5ngen sedan min h\u00f6ftoperation som vi provade att segla. Det var en underbar helg och vi kryssade ut till Sand\u00f6n och v\u00e5r klubbholme. Det \u00e4r ganska bra d\u00e4r med bryggor och n\u00f6dv\u00e4ndiga faciliteter. Sand\u00f6n var n\u00e4stan helt belagt med b\u00e5tar, gissar att det var\u2026","rel":"","context":"I \u201dSegling 2023\u201d","block_context":{"text":"Segling 2023","link":"https:\/\/www.ellensailing.se\/?cat=31"},"img":{"alt_text":"","src":"https:\/\/i0.wp.com\/www.ellensailing.se\/wp-content\/uploads\/2023\/06\/IMG_2688-scaled.jpg?fit=1200%2C900&ssl=1&resize=350%2C200","width":350,"height":200,"srcset":"https:\/\/i0.wp.com\/www.ellensailing.se\/wp-content\/uploads\/2023\/06\/IMG_2688-scaled.jpg?fit=1200%2C900&ssl=1&resize=350%2C200 1x, https:\/\/i0.wp.com\/www.ellensailing.se\/wp-content\/uploads\/2023\/06\/IMG_2688-scaled.jpg?fit=1200%2C900&ssl=1&resize=525%2C300 1.5x, https:\/\/i0.wp.com\/www.ellensailing.se\/wp-content\/uploads\/2023\/06\/IMG_2688-scaled.jpg?fit=1200%2C900&ssl=1&resize=700%2C400 2x, https:\/\/i0.wp.com\/www.ellensailing.se\/wp-content\/uploads\/2023\/06\/IMG_2688-scaled.jpg?fit=1200%2C900&ssl=1&resize=1050%2C600 3x"},"classes":[]}],"jetpack_likes_enabled":true,"_links":{"self":[{"href":"https:\/\/www.ellensailing.se\/index.php?rest_route=\/wp\/v2\/posts\/649","targetHints":{"allow":["GET"]}}],"collection":[{"href":"https:\/\/www.ellensailing.se\/index.php?rest_route=\/wp\/v2\/posts"}],"about":[{"href":"https:\/\/www.ellensailing.se\/index.php?rest_route=\/wp\/v2\/types\/post"}],"author":[{"embeddable":true,"href":"https:\/\/www.ellensailing.se\/index.php?rest_route=\/wp\/v2\/users\/1"}],"replies":[{"embeddable":true,"href":"https:\/\/www.ellensailing.se\/index.php?rest_route=%2Fwp%2Fv2%2Fcomments&post=649"}],"version-history":[{"count":1,"href":"https:\/\/www.ellensailing.se\/index.php?rest_route=\/wp\/v2\/posts\/649\/revisions"}],"predecessor-version":[{"id":653,"href":"https:\/\/www.ellensailing.se\/index.php?rest_route=\/wp\/v2\/posts\/649\/revisions\/653"}],"wp:featuredmedia":[{"embeddable":true,"href":"https:\/\/www.ellensailing.se\/index.php?rest_route=\/wp\/v2\/media\/652"}],"wp:attachment":[{"href":"https:\/\/www.ellensailing.se\/index.php?rest_route=%2Fwp%2Fv2%2Fmedia&parent=649"}],"wp:term":[{"taxonomy":"category","embeddable":true,"href":"https:\/\/www.ellensailing.se\/index.php?rest_route=%2Fwp%2Fv2%2Fcategories&post=649"},{"taxonomy":"post_tag","embeddable":true,"href":"https:\/\/www.ellensailing.se\/index.php?rest_route=%2Fwp%2Fv2%2Ftags&post=649"}],"curies":[{"name":"wp","href":"https:\/\/api.w.org\/{rel}","templated":true}]}}