{"id":59,"date":"2015-01-18T16:45:41","date_gmt":"2015-01-18T15:45:41","guid":{"rendered":"https:\/\/www.ellensailing.se\/?p=59"},"modified":"2015-01-18T18:32:41","modified_gmt":"2015-01-18T17:32:41","slug":"bat-meckande-i-januari","status":"publish","type":"post","link":"https:\/\/www.ellensailing.se\/?p=59","title":{"rendered":"B\u00e5tmeckande i Januari"},"content":{"rendered":"<p>Har varit en sk\u00f6n helg p\u00e5 landet med en del meckande med b\u00e5ten. SSB och Pactor modemet \u00e4r monterad av frun. Sj\u00e4lv har jag jobbat med genomf\u00f6ringarna och provmonterat alla genomf\u00f6ringar. Ser mycket bra ut tycker jag. Skall topcoata n\u00e4sta vecka s\u00e5 det blir bra. Vissa slangar var inte avsedda f\u00f6r toan. Inte undra p\u00e5 att det luktat i fr\u00e4mre toan. Ny toan \u00e4r ocks\u00e5 monterad<\/p>\n<p>&nbsp;<\/p>\n<figure id=\"attachment_55\" aria-describedby=\"caption-attachment-55\" style=\"width: 474px\" class=\"wp-caption alignnone\"><a href=\"https:\/\/i0.wp.com\/www.ellensailing.se\/wp-content\/uploads\/2015\/01\/IMG_3798-e1421595522288.jpg?ssl=1\"><img data-recalc-dims=\"1\" fetchpriority=\"high\" decoding=\"async\" class=\"size-large wp-image-55\" src=\"https:\/\/i0.wp.com\/www.ellensailing.se\/wp-content\/uploads\/2015\/01\/IMG_3798-e1421595522288-768x1024.jpg?resize=474%2C632&#038;ssl=1\" alt=\"Nya toan\" width=\"474\" height=\"632\" srcset=\"https:\/\/i0.wp.com\/www.ellensailing.se\/wp-content\/uploads\/2015\/01\/IMG_3798-e1421595522288.jpg?resize=768%2C1024&amp;ssl=1 768w, https:\/\/i0.wp.com\/www.ellensailing.se\/wp-content\/uploads\/2015\/01\/IMG_3798-e1421595522288.jpg?resize=225%2C300&amp;ssl=1 225w, https:\/\/i0.wp.com\/www.ellensailing.se\/wp-content\/uploads\/2015\/01\/IMG_3798-e1421595522288.jpg?w=1680&amp;ssl=1 1680w\" sizes=\"(max-width: 474px) 100vw, 474px\" \/><\/a><figcaption id=\"caption-attachment-55\" class=\"wp-caption-text\">Nya toan<\/figcaption><\/figure>\n","protected":false},"excerpt":{"rendered":"<p>Har varit en sk\u00f6n helg p\u00e5 landet med en del meckande med b\u00e5ten. SSB och Pactor modemet \u00e4r monterad av[&#8230;]<\/p>\n","protected":false},"author":1,"featured_media":0,"comment_status":"open","ping_status":"open","sticky":false,"template":"","format":"standard","meta":{"_jetpack_newsletter_access":"","_jetpack_dont_email_post_to_subs":false,"_jetpack_newsletter_tier_id":0,"_jetpack_memberships_contains_paywalled_content":false,"_jetpack_feature_clip_id":0,"_jetpack_memberships_contains_paid_content":false,"footnotes":"","jetpack_publicize_message":"","jetpack_publicize_feature_enabled":true,"jetpack_social_post_already_shared":false,"jetpack_social_options":{"image_generator_settings":{"template":"highway","default_image_id":0,"font":"","enabled":false},"version":2},"jetpack_post_was_ever_published":false},"categories":[3],"tags":[],"class_list":["post-59","post","type-post","status-publish","format-standard","hentry","category-baten-pa-land"],"jetpack_publicize_connections":[],"jetpack_featured_media_url":"","jetpack_sharing_enabled":true,"jetpack_shortlink":"https:\/\/wp.me\/p5G68R-X","jetpack-related-posts":[{"id":190,"url":"https:\/\/www.ellensailing.se\/?p=190","url_meta":{"origin":59,"position":0},"title":"Nya toaslangar \u00e4r monterade","author":"peter@ellensailing.se","date":"31 januari, 2015","format":false,"excerpt":"Nu har jag m\u00e5lat med topcoat s\u00e5 det skall vara fr\u00e4scht under vasken. Monterat nya slangar till toan som \u00e4ven de \u00e4r nya. True Design kommer vi montera som genomf\u00f6ringar. Kommer nog bli ganska bra. Man blir bla bl\u00f6t n\u00e4r sn\u00f6n faller tungt och vinden viner i riggen. Man blir\u2026","rel":"","context":"I \u201dB\u00e5ten p\u00e5 land\u201d","block_context":{"text":"B\u00e5ten p\u00e5 land","link":"https:\/\/www.ellensailing.se\/?cat=3"},"img":{"alt_text":"","src":"https:\/\/i0.wp.com\/www.ellensailing.se\/wp-content\/uploads\/2015\/01\/IMG_3823-e1422716284549.jpg?fit=900%2C1200&ssl=1&resize=350%2C200","width":350,"height":200,"srcset":"https:\/\/i0.wp.com\/www.ellensailing.se\/wp-content\/uploads\/2015\/01\/IMG_3823-e1422716284549.jpg?fit=900%2C1200&ssl=1&resize=350%2C200 1x, https:\/\/i0.wp.com\/www.ellensailing.se\/wp-content\/uploads\/2015\/01\/IMG_3823-e1422716284549.jpg?fit=900%2C1200&ssl=1&resize=525%2C300 1.5x, https:\/\/i0.wp.com\/www.ellensailing.se\/wp-content\/uploads\/2015\/01\/IMG_3823-e1422716284549.jpg?fit=900%2C1200&ssl=1&resize=700%2C400 2x"},"classes":[]},{"id":280,"url":"https:\/\/www.ellensailing.se\/?p=280","url_meta":{"origin":59,"position":1},"title":"\u00c4ntligen har monteringen p\u00e5b\u00f6rjats","author":"peter@ellensailing.se","date":"15 mars, 2015","format":false,"excerpt":"Efter mycket inpassande har vi b\u00f6rjat att montera tillbaka alla genomf\u00f6ringar. I helgen har vi monterat 7 stycken\u00a0och f\u00e5tt p\u00e5 massa med nya slangar. Nu kommer det lukta lite godare i b\u00e5ten framf\u00f6rallt i fr\u00e4mre toan som inte hade gast\u00e4ta slangar. Vi trodde det l\u00e5g en d\u00f6d r\u00e5tta d\u00e4r framme\u2026","rel":"","context":"I \u201dB\u00e5ten p\u00e5 land\u201d","block_context":{"text":"B\u00e5ten p\u00e5 land","link":"https:\/\/www.ellensailing.se\/?cat=3"},"img":{"alt_text":"","src":"https:\/\/i0.wp.com\/www.ellensailing.se\/wp-content\/uploads\/2015\/03\/IMG_3912-e1426454852837.jpg?fit=1200%2C963&ssl=1&resize=350%2C200","width":350,"height":200,"srcset":"https:\/\/i0.wp.com\/www.ellensailing.se\/wp-content\/uploads\/2015\/03\/IMG_3912-e1426454852837.jpg?fit=1200%2C963&ssl=1&resize=350%2C200 1x, https:\/\/i0.wp.com\/www.ellensailing.se\/wp-content\/uploads\/2015\/03\/IMG_3912-e1426454852837.jpg?fit=1200%2C963&ssl=1&resize=525%2C300 1.5x, https:\/\/i0.wp.com\/www.ellensailing.se\/wp-content\/uploads\/2015\/03\/IMG_3912-e1426454852837.jpg?fit=1200%2C963&ssl=1&resize=700%2C400 2x, https:\/\/i0.wp.com\/www.ellensailing.se\/wp-content\/uploads\/2015\/03\/IMG_3912-e1426454852837.jpg?fit=1200%2C963&ssl=1&resize=1050%2C600 3x"},"classes":[]},{"id":284,"url":"https:\/\/www.ellensailing.se\/?p=284","url_meta":{"origin":59,"position":2},"title":"Budda \u00e4r med oss!","author":"peter@ellensailing.se","date":"15 mars, 2015","format":false,"excerpt":"Jackline k\u00f6pte en Budda amulett i Thailnad p\u00e5 templet i Phuket. I och med att vi g\u00f6r genomf\u00f6ringarna tycker hon det \u00e4r viktigt att de skall h\u00e5lla och Budda skall \u00e4ven skydda oss fr\u00e5n att \"sjunka\". Det b\u00f6rjar bli mycket udda saker i v\u00e5r b\u00e5t nu...","rel":"","context":"I \u201dB\u00e5ten p\u00e5 land\u201d","block_context":{"text":"B\u00e5ten p\u00e5 land","link":"https:\/\/www.ellensailing.se\/?cat=3"},"img":{"alt_text":"","src":"https:\/\/i0.wp.com\/www.ellensailing.se\/wp-content\/uploads\/2015\/03\/image1-e1426455496281.jpg?fit=901%2C1200&ssl=1&resize=350%2C200","width":350,"height":200,"srcset":"https:\/\/i0.wp.com\/www.ellensailing.se\/wp-content\/uploads\/2015\/03\/image1-e1426455496281.jpg?fit=901%2C1200&ssl=1&resize=350%2C200 1x, https:\/\/i0.wp.com\/www.ellensailing.se\/wp-content\/uploads\/2015\/03\/image1-e1426455496281.jpg?fit=901%2C1200&ssl=1&resize=525%2C300 1.5x, https:\/\/i0.wp.com\/www.ellensailing.se\/wp-content\/uploads\/2015\/03\/image1-e1426455496281.jpg?fit=901%2C1200&ssl=1&resize=700%2C400 2x"},"classes":[]},{"id":105,"url":"https:\/\/www.ellensailing.se\/?p=105","url_meta":{"origin":59,"position":3},"title":"Iskallt uppdrag!","author":"peter@ellensailing.se","date":"25 januari, 2015","format":false,"excerpt":"Har i helgen b\u00f6rjat g\u00f6ra iordning ankarboxen och f\u00f6rd\u00e4clsluckan. Det var rej\u00e4lt skitigt och lite topcoat kommer g\u00f6ra susen. s\u00e5 h\u00e4r kan det se ut efter 4 \u00e5r n\u00e4r kedjan blir lite rostig. Det \u00e4r kallt s\u00e5 bilfl\u00e4ktar och element f\u00e5r v\u00e4rma upp b\u00e5ten. \u00c4ven under handfaten kommer det bli\u2026","rel":"","context":"I \u201dB\u00e5ten p\u00e5 land\u201d","block_context":{"text":"B\u00e5ten p\u00e5 land","link":"https:\/\/www.ellensailing.se\/?cat=3"},"img":{"alt_text":"Ankarboxen","src":"https:\/\/i0.wp.com\/www.ellensailing.se\/wp-content\/uploads\/2015\/01\/image-e1422224551733-768x1024.jpg?resize=350%2C200&ssl=1","width":350,"height":200,"srcset":"https:\/\/i0.wp.com\/www.ellensailing.se\/wp-content\/uploads\/2015\/01\/image-e1422224551733-768x1024.jpg?resize=350%2C200&ssl=1 1x, https:\/\/i0.wp.com\/www.ellensailing.se\/wp-content\/uploads\/2015\/01\/image-e1422224551733-768x1024.jpg?resize=525%2C300&ssl=1 1.5x"},"classes":[]},{"id":218,"url":"https:\/\/www.ellensailing.se\/?p=218","url_meta":{"origin":59,"position":4},"title":"2 dm bl\u00f6tsn\u00f6 och stark vind!","author":"peter@ellensailing.se","date":"1 februari, 2015","format":false,"excerpt":"Gjorde att meckandet idag inte alls var kul. Inspirationen saknades totalt. Att bara tas sig upp i b\u00e5ten gjorde att man var dyngsur. N\u00e4r man dessutom f\u00f6r tredje g\u00e5ngen inte f\u00e5r bort de aktre genomf\u00f6ringen, d\u00e5 l\u00e4gger man av. Ellen f\u00e5r nog st\u00e5 ett tag tills det blir varmare.","rel":"","context":"I \u201dB\u00e5ten p\u00e5 land\u201d","block_context":{"text":"B\u00e5ten p\u00e5 land","link":"https:\/\/www.ellensailing.se\/?cat=3"},"img":{"alt_text":"","src":"","width":0,"height":0},"classes":[]},{"id":315,"url":"https:\/\/www.ellensailing.se\/?p=315","url_meta":{"origin":59,"position":5},"title":"Avt\u00e4ckning av b\u00e5t!","author":"peter@ellensailing.se","date":"6 april, 2015","format":false,"excerpt":"N\u00e4r det \u00e4r dags att ta bort pressen fr\u00e5n b\u00e5ten d\u00e5 sl\u00e5r det aldrig fel. I g\u00e5r morse b\u00f6rjade det sn\u00f6a och regna som bara den. 2 grader varmt och 9 sekundmeter. Det \u00e4r som n\u00e5gon d\u00e4ruppe s\u00e4ger till en att man \u00e4r f\u00f6r tidig, tror aldrig att det sl\u00e5r\u2026","rel":"","context":"I \u201dB\u00e5ten p\u00e5 land\u201d","block_context":{"text":"B\u00e5ten p\u00e5 land","link":"https:\/\/www.ellensailing.se\/?cat=3"},"img":{"alt_text":"","src":"https:\/\/i0.wp.com\/www.ellensailing.se\/wp-content\/uploads\/2015\/04\/IMG_3954.jpg?fit=1200%2C900&ssl=1&resize=350%2C200","width":350,"height":200,"srcset":"https:\/\/i0.wp.com\/www.ellensailing.se\/wp-content\/uploads\/2015\/04\/IMG_3954.jpg?fit=1200%2C900&ssl=1&resize=350%2C200 1x, https:\/\/i0.wp.com\/www.ellensailing.se\/wp-content\/uploads\/2015\/04\/IMG_3954.jpg?fit=1200%2C900&ssl=1&resize=525%2C300 1.5x, https:\/\/i0.wp.com\/www.ellensailing.se\/wp-content\/uploads\/2015\/04\/IMG_3954.jpg?fit=1200%2C900&ssl=1&resize=700%2C400 2x, https:\/\/i0.wp.com\/www.ellensailing.se\/wp-content\/uploads\/2015\/04\/IMG_3954.jpg?fit=1200%2C900&ssl=1&resize=1050%2C600 3x"},"classes":[]}],"jetpack_likes_enabled":false,"_links":{"self":[{"href":"https:\/\/www.ellensailing.se\/index.php?rest_route=\/wp\/v2\/posts\/59","targetHints":{"allow":["GET"]}}],"collection":[{"href":"https:\/\/www.ellensailing.se\/index.php?rest_route=\/wp\/v2\/posts"}],"about":[{"href":"https:\/\/www.ellensailing.se\/index.php?rest_route=\/wp\/v2\/types\/post"}],"author":[{"embeddable":true,"href":"https:\/\/www.ellensailing.se\/index.php?rest_route=\/wp\/v2\/users\/1"}],"replies":[{"embeddable":true,"href":"https:\/\/www.ellensailing.se\/index.php?rest_route=%2Fwp%2Fv2%2Fcomments&post=59"}],"version-history":[{"count":4,"href":"https:\/\/www.ellensailing.se\/index.php?rest_route=\/wp\/v2\/posts\/59\/revisions"}],"predecessor-version":[{"id":63,"href":"https:\/\/www.ellensailing.se\/index.php?rest_route=\/wp\/v2\/posts\/59\/revisions\/63"}],"wp:attachment":[{"href":"https:\/\/www.ellensailing.se\/index.php?rest_route=%2Fwp%2Fv2%2Fmedia&parent=59"}],"wp:term":[{"taxonomy":"category","embeddable":true,"href":"https:\/\/www.ellensailing.se\/index.php?rest_route=%2Fwp%2Fv2%2Fcategories&post=59"},{"taxonomy":"post_tag","embeddable":true,"href":"https:\/\/www.ellensailing.se\/index.php?rest_route=%2Fwp%2Fv2%2Ftags&post=59"}],"curies":[{"name":"wp","href":"https:\/\/api.w.org\/{rel}","templated":true}]}}