{"id":576,"date":"2015-07-25T02:47:37","date_gmt":"2015-07-25T00:47:37","guid":{"rendered":"https:\/\/www.ellensailing.se\/?p=576"},"modified":"2015-12-30T11:47:58","modified_gmt":"2015-12-30T10:47:58","slug":"mitt-pa-havet-och-mitt-i-natten","status":"publish","type":"post","link":"https:\/\/www.ellensailing.se\/?p=576","title":{"rendered":"Mitt p\u00e5 havet och mitt i natten!"},"content":{"rendered":"<p><a href=\"https:\/\/i0.wp.com\/www.ellensailing.se\/wp-content\/uploads\/2015\/07\/IMG_4950.jpg?ssl=1\"><img data-recalc-dims=\"1\" fetchpriority=\"high\" decoding=\"async\" class=\"aligncenter size-full wp-image-573\" src=\"https:\/\/i0.wp.com\/www.ellensailing.se\/wp-content\/uploads\/2015\/07\/IMG_4950.jpg?resize=640%2C480&#038;ssl=1\" alt=\"IMG_4950\" width=\"640\" height=\"480\" srcset=\"https:\/\/i0.wp.com\/www.ellensailing.se\/wp-content\/uploads\/2015\/07\/IMG_4950.jpg?w=640&amp;ssl=1 640w, https:\/\/i0.wp.com\/www.ellensailing.se\/wp-content\/uploads\/2015\/07\/IMG_4950.jpg?resize=300%2C225&amp;ssl=1 300w\" sizes=\"(max-width: 640px) 100vw, 640px\" \/><\/a><\/p>\n<p>Det g\u00e5r som bara den med Spinnakern satt mitt i natten. Skall prova att l\u00e4gga ut ett blogginlg via SSB radion och Pactor modemet. Det blir inga bilder, de f\u00e5r komma sedan. Det blir v\u00e4l ungef\u00e4r som rapporterna kommer\u00a0se ut n\u00e4r\u00a0vi seglar\u00a0p\u00e5 Atlanten.<\/p>\n","protected":false},"excerpt":{"rendered":"<p>Det g\u00e5r som bara den med Spinnakern satt mitt i natten. Skall prova att l\u00e4gga ut ett blogginlg via SSB[&#8230;]<\/p>\n","protected":false},"author":1,"featured_media":573,"comment_status":"open","ping_status":"open","sticky":false,"template":"","format":"standard","meta":{"_jetpack_newsletter_access":"","_jetpack_dont_email_post_to_subs":false,"_jetpack_newsletter_tier_id":0,"_jetpack_memberships_contains_paywalled_content":false,"_jetpack_feature_clip_id":0,"_jetpack_memberships_contains_paid_content":false,"footnotes":"","jetpack_publicize_message":"","jetpack_publicize_feature_enabled":true,"jetpack_social_post_already_shared":true,"jetpack_social_options":{"image_generator_settings":{"template":"highway","default_image_id":0,"font":"","enabled":false},"version":2},"jetpack_post_was_ever_published":false},"categories":[4],"tags":[],"class_list":["post-576","post","type-post","status-publish","format-standard","has-post-thumbnail","hentry","category-sommar-2015"],"jetpack_publicize_connections":[],"jetpack_featured_media_url":"https:\/\/i0.wp.com\/www.ellensailing.se\/wp-content\/uploads\/2015\/07\/IMG_4950.jpg?fit=640%2C480&ssl=1","jetpack_sharing_enabled":true,"jetpack_shortlink":"https:\/\/wp.me\/p5G68R-9i","jetpack-related-posts":[{"id":1597,"url":"https:\/\/www.ellensailing.se\/?p=1597","url_meta":{"origin":576,"position":0},"title":"Dygn 11, Varmt och sk\u00f6nt","author":"peter@ellensailing.se","date":"30 november, 2017","format":false,"excerpt":"Men med v\u00e4ldigt lite vind. Det bl\u00e5ser ca 8 knop rakt bakifr\u00e5n. Vi seglar med enbart spinnaker s\u00e5 vi kan g\u00e5 s\u00e5 r\u00e4tt p\u00e5 m\u00e5let som m\u00f6jligt. Ikv\u00e4ll skall vinden komma och fylla p\u00e5 lite mer ett antal dagar fram\u00e5t. Skall bli sk\u00f6nt att f\u00e5 str\u00e4cka ut lite. Natten var\u2026","rel":"","context":"I \u201dARC 2017\u201d","block_context":{"text":"ARC 2017","link":"https:\/\/www.ellensailing.se\/?cat=23"},"img":{"alt_text":"","src":"","width":0,"height":0},"classes":[]},{"id":1371,"url":"https:\/\/www.ellensailing.se\/?p=1371","url_meta":{"origin":576,"position":1},"title":"Natt1, \u00f6verfart fr\u00e5n Lagos till Isla Graciosa","author":"peter@ellensailing.se","date":"6 oktober, 2017","format":false,"excerpt":"Vinden har fortsatt att vara v\u00e4nlig mot oss i natt. Det vred dock lite f\u00f6r mycket till NO s\u00e5 vi fick sk\u00e4ra n\u00e5gon timme lite mot NW. Vi har stadigt legat p\u00e5 7,5-8,5 med toppar p\u00e5 9,8 knop. Helt underbar segling. M\u00e5nen var n\u00e4stan full i natt s\u00e5 vi har\u2026","rel":"","context":"I \u201dH\u00f6st 2017 till Grand Canrias.\u201d","block_context":{"text":"H\u00f6st 2017 till Grand Canrias.","link":"https:\/\/www.ellensailing.se\/?cat=22"},"img":{"alt_text":"","src":"","width":0,"height":0},"classes":[]},{"id":1329,"url":"https:\/\/www.ellensailing.se\/?p=1329","url_meta":{"origin":576,"position":2},"title":"Vilken mareld vi haft i natt!","author":"peter@ellensailing.se","date":"23 september, 2017","format":false,"excerpt":"Mareld i kombination med delfiner \u00e4r s\u00e5 h\u00e4ftigt. Vet inte om delfinerna gillar ljudet av v\u00e5r Watt&Sea men de har f\u00f6ljt oss hela natten. De har hoppat, varit bakom, framf\u00f6r och \u00f6verallt och de har varit som streck med hj\u00e4lp av marelden. S\u00e5 himla h\u00e4ftigt. Tyv\u00e4rr har jag f\u00f6rs\u00f6kt fota\u2026","rel":"","context":"I \u201dH\u00f6st 2017 till Grand Canrias.\u201d","block_context":{"text":"H\u00f6st 2017 till Grand Canrias.","link":"https:\/\/www.ellensailing.se\/?cat=22"},"img":{"alt_text":"","src":"https:\/\/i0.wp.com\/www.ellensailing.se\/wp-content\/uploads\/2017\/09\/DSC2916.jpg?fit=1200%2C802&ssl=1&resize=350%2C200","width":350,"height":200,"srcset":"https:\/\/i0.wp.com\/www.ellensailing.se\/wp-content\/uploads\/2017\/09\/DSC2916.jpg?fit=1200%2C802&ssl=1&resize=350%2C200 1x, https:\/\/i0.wp.com\/www.ellensailing.se\/wp-content\/uploads\/2017\/09\/DSC2916.jpg?fit=1200%2C802&ssl=1&resize=525%2C300 1.5x, https:\/\/i0.wp.com\/www.ellensailing.se\/wp-content\/uploads\/2017\/09\/DSC2916.jpg?fit=1200%2C802&ssl=1&resize=700%2C400 2x, https:\/\/i0.wp.com\/www.ellensailing.se\/wp-content\/uploads\/2017\/09\/DSC2916.jpg?fit=1200%2C802&ssl=1&resize=1050%2C600 3x"},"classes":[]},{"id":1376,"url":"https:\/\/www.ellensailing.se\/?p=1376","url_meta":{"origin":576,"position":3},"title":"Natt 3, \u00f6verfart fr\u00e5n Lagos till Isla Graciosa","author":"peter@ellensailing.se","date":"8 oktober, 2017","format":false,"excerpt":"Natten har varit lugn. Vinden var j\u00e4ttebra fram till klockan 2 d\u00e5 dog den ut. Vinden var d\u00e5 60 grader in och det var nog tur det f\u00f6r annars hade vi inte r\u00f6rt oss. Vi loggade 7 knop fram till 2. Yalle fick ta \u00f6ver skiftet fr\u00e5n 2 och den\u2026","rel":"","context":"I \u201dH\u00f6st 2017 till Grand Canrias.\u201d","block_context":{"text":"H\u00f6st 2017 till Grand Canrias.","link":"https:\/\/www.ellensailing.se\/?cat=22"},"img":{"alt_text":"","src":"","width":0,"height":0},"classes":[]},{"id":1373,"url":"https:\/\/www.ellensailing.se\/?p=1373","url_meta":{"origin":576,"position":4},"title":"Natt1, \u00f6verfart fr\u00e5n Lagos till Isla Graciosa","author":"peter@ellensailing.se","date":"7 oktober, 2017","format":false,"excerpt":"I natt blev det verkligen lugnt. Det bl\u00e5ste ibland bara 3 m\/s vilket inte \u00e4r mycket n\u00e4r man har l\u00e4ns. Men d\u00e4remellan kommer det vind och v loggar 5-6,5 knop. Har varit mulet i natt s\u00e5 vi har inte f\u00e5tt se s\u00e5 mycket av fullm\u00e5nen, bara lite nu p\u00e5 morgonkvisten.\u2026","rel":"","context":"I \u201dH\u00f6st 2017 till Grand Canrias.\u201d","block_context":{"text":"H\u00f6st 2017 till Grand Canrias.","link":"https:\/\/www.ellensailing.se\/?cat=22"},"img":{"alt_text":"","src":"","width":0,"height":0},"classes":[]},{"id":1374,"url":"https:\/\/www.ellensailing.se\/?p=1374","url_meta":{"origin":576,"position":5},"title":"Natt2, \u00f6verfart fr\u00e5n Lagos till Isla Graciosa","author":"peter@ellensailing.se","date":"7 oktober, 2017","format":false,"excerpt":"I natt blev det verkligen lugnt. Det bl\u00e5ste ibland bara 3 m\/s vilket inte \u00e4r mycket n\u00e4r man har l\u00e4ns. Men d\u00e4remellan kommer det vind och v loggar 5-6,5 knop. Har varit mulet i natt s\u00e5 vi har inte f\u00e5tt se s\u00e5 mycket av fullm\u00e5nen, bara lite nu p\u00e5 morgonkvisten.\u2026","rel":"","context":"I \u201dH\u00f6st 2017 till Grand Canrias.\u201d","block_context":{"text":"H\u00f6st 2017 till Grand Canrias.","link":"https:\/\/www.ellensailing.se\/?cat=22"},"img":{"alt_text":"","src":"","width":0,"height":0},"classes":[]}],"jetpack_likes_enabled":false,"_links":{"self":[{"href":"https:\/\/www.ellensailing.se\/index.php?rest_route=\/wp\/v2\/posts\/576","targetHints":{"allow":["GET"]}}],"collection":[{"href":"https:\/\/www.ellensailing.se\/index.php?rest_route=\/wp\/v2\/posts"}],"about":[{"href":"https:\/\/www.ellensailing.se\/index.php?rest_route=\/wp\/v2\/types\/post"}],"author":[{"embeddable":true,"href":"https:\/\/www.ellensailing.se\/index.php?rest_route=\/wp\/v2\/users\/1"}],"replies":[{"embeddable":true,"href":"https:\/\/www.ellensailing.se\/index.php?rest_route=%2Fwp%2Fv2%2Fcomments&post=576"}],"version-history":[{"count":3,"href":"https:\/\/www.ellensailing.se\/index.php?rest_route=\/wp\/v2\/posts\/576\/revisions"}],"predecessor-version":[{"id":707,"href":"https:\/\/www.ellensailing.se\/index.php?rest_route=\/wp\/v2\/posts\/576\/revisions\/707"}],"wp:featuredmedia":[{"embeddable":true,"href":"https:\/\/www.ellensailing.se\/index.php?rest_route=\/wp\/v2\/media\/573"}],"wp:attachment":[{"href":"https:\/\/www.ellensailing.se\/index.php?rest_route=%2Fwp%2Fv2%2Fmedia&parent=576"}],"wp:term":[{"taxonomy":"category","embeddable":true,"href":"https:\/\/www.ellensailing.se\/index.php?rest_route=%2Fwp%2Fv2%2Fcategories&post=576"},{"taxonomy":"post_tag","embeddable":true,"href":"https:\/\/www.ellensailing.se\/index.php?rest_route=%2Fwp%2Fv2%2Ftags&post=576"}],"curies":[{"name":"wp","href":"https:\/\/api.w.org\/{rel}","templated":true}]}}