{"id":552,"date":"2015-07-18T13:01:11","date_gmt":"2015-07-18T11:01:11","guid":{"rendered":"https:\/\/www.ellensailing.se\/?p=552"},"modified":"2017-06-26T11:20:03","modified_gmt":"2017-06-26T09:20:03","slug":"tillbaka-till-sverige-och-kalmar","status":"publish","type":"post","link":"https:\/\/www.ellensailing.se\/?p=552","title":{"rendered":"Tillbaka till Sverige och Kalmar!"},"content":{"rendered":"<figure id=\"attachment_553\" aria-describedby=\"caption-attachment-553\" style=\"width: 1024px\" class=\"wp-caption aligncenter\"><a href=\"https:\/\/i0.wp.com\/www.ellensailing.se\/wp-content\/uploads\/2015\/07\/DSC_0270.jpg?ssl=1\"><img data-recalc-dims=\"1\" fetchpriority=\"high\" decoding=\"async\" class=\"wp-image-553 size-large\" src=\"https:\/\/i0.wp.com\/www.ellensailing.se\/wp-content\/uploads\/2015\/07\/DSC_0270.jpg?resize=840%2C558&#038;ssl=1\" alt=\"Sanddynorna i Leba\" width=\"840\" height=\"558\" srcset=\"https:\/\/i0.wp.com\/www.ellensailing.se\/wp-content\/uploads\/2015\/07\/DSC_0270.jpg?resize=1024%2C680&amp;ssl=1 1024w, https:\/\/i0.wp.com\/www.ellensailing.se\/wp-content\/uploads\/2015\/07\/DSC_0270.jpg?resize=300%2C199&amp;ssl=1 300w, https:\/\/i0.wp.com\/www.ellensailing.se\/wp-content\/uploads\/2015\/07\/DSC_0270.jpg?w=1680&amp;ssl=1 1680w, https:\/\/i0.wp.com\/www.ellensailing.se\/wp-content\/uploads\/2015\/07\/DSC_0270.jpg?w=2520&amp;ssl=1 2520w\" sizes=\"(max-width: 840px) 100vw, 840px\" \/><\/a><figcaption id=\"caption-attachment-553\" class=\"wp-caption-text\">Sanddynorna i Leba<\/figcaption><\/figure>\n<p>Efter en del funderande och studerande av Gribfiler s\u00e5 beslutade vi oss f\u00f6r att l\u00e4mna eskadern f\u00f6r denna g\u00e5ng. Vi s\u00e5g en bra lucka att segla fr\u00e5n Leba till Kalmar. Think Twice och Glittra forts\u00e4tter vidare till Gdansk. De stack p\u00e5 fredag morgon redan vid 7 tiden. Tror de hade ungef\u00e4r 70Nm till Gdansk.<\/p>\n<p>Sj\u00e4lva tog vi det lugnt f\u00f6r att sedan sticka vid 10.30 tiden. Vi skulle enligt plan ha en streckbog till och med lite kryss vilket st\u00e4mde bra. D\u00e4refter kom vindvridet vi v\u00e4ntat p\u00e5 och kunde segla med vinden med bra fart till Kalmar. Nu kommer vi ligga i Kalmar i veckan f\u00f6r att med grabbarna segla upp n\u00e4sta fredag till hemmahamnen. Det blir en lugn L\u00f6rdag, Lite sega i och med att vi kom in i morse vid 6.15.<\/p>\n<p>[Spider_Video_Player id=&#8221;1&#8243;]<\/p>\n<p>&nbsp;<\/p>\n","protected":false},"excerpt":{"rendered":"<p>Efter en del funderande och studerande av Gribfiler s\u00e5 beslutade vi oss f\u00f6r att l\u00e4mna eskadern f\u00f6r denna g\u00e5ng. Vi[&#8230;]<\/p>\n","protected":false},"author":1,"featured_media":553,"comment_status":"open","ping_status":"open","sticky":false,"template":"","format":"standard","meta":{"_jetpack_newsletter_access":"","_jetpack_dont_email_post_to_subs":false,"_jetpack_newsletter_tier_id":0,"_jetpack_memberships_contains_paywalled_content":false,"_jetpack_feature_clip_id":0,"_jetpack_memberships_contains_paid_content":false,"footnotes":"","jetpack_publicize_message":"","jetpack_publicize_feature_enabled":true,"jetpack_social_post_already_shared":true,"jetpack_social_options":{"image_generator_settings":{"template":"highway","default_image_id":0,"font":"","enabled":false},"version":2},"jetpack_post_was_ever_published":false},"categories":[4],"tags":[],"class_list":["post-552","post","type-post","status-publish","format-standard","has-post-thumbnail","hentry","category-sommar-2015"],"jetpack_publicize_connections":[],"jetpack_featured_media_url":"https:\/\/i0.wp.com\/www.ellensailing.se\/wp-content\/uploads\/2015\/07\/DSC_0270.jpg?fit=4288%2C2848&ssl=1","jetpack_sharing_enabled":true,"jetpack_shortlink":"https:\/\/wp.me\/p5G68R-8U","jetpack-related-posts":[{"id":508,"url":"https:\/\/www.ellensailing.se\/?p=508","url_meta":{"origin":552,"position":0},"title":"Alla bra hamnar har priatskepp, fr\u00e5gan \u00e4r bara hur m\u00e5nga&#8230;","author":"peter@ellensailing.se","date":"16 juli, 2015","format":false,"excerpt":"Man kan skoja om mycket men jag m\u00e5ste s\u00e4ga att Polen \u00e4r helt fantastiskt. Billigt och trevliga m\u00e4nniskor.\u00a0 Det \u00e4r dock inte alltid man f\u00f6rst\u00e5r varandra. Det som \u00e4r konstigt \u00e4r att det inte \u00e4r fler turister h\u00e4r som har f\u00f6rmodligen v\u00e4rldens st\u00f6rsta plaja. Det \u00e4r n\u00e4stan inga fr\u00e5n utlandet\u2026","rel":"","context":"I \u201dSommar 2015\u201d","block_context":{"text":"Sommar 2015","link":"https:\/\/www.ellensailing.se\/?cat=4"},"img":{"alt_text":"","src":"https:\/\/i0.wp.com\/www.ellensailing.se\/wp-content\/uploads\/2015\/07\/DSC_0199.jpg?fit=1200%2C797&ssl=1&resize=350%2C200","width":350,"height":200,"srcset":"https:\/\/i0.wp.com\/www.ellensailing.se\/wp-content\/uploads\/2015\/07\/DSC_0199.jpg?fit=1200%2C797&ssl=1&resize=350%2C200 1x, https:\/\/i0.wp.com\/www.ellensailing.se\/wp-content\/uploads\/2015\/07\/DSC_0199.jpg?fit=1200%2C797&ssl=1&resize=525%2C300 1.5x, https:\/\/i0.wp.com\/www.ellensailing.se\/wp-content\/uploads\/2015\/07\/DSC_0199.jpg?fit=1200%2C797&ssl=1&resize=700%2C400 2x, https:\/\/i0.wp.com\/www.ellensailing.se\/wp-content\/uploads\/2015\/07\/DSC_0199.jpg?fit=1200%2C797&ssl=1&resize=1050%2C600 3x"},"classes":[]},{"id":583,"url":"https:\/\/www.ellensailing.se\/?p=583","url_meta":{"origin":552,"position":1},"title":"En otroligt kul helg med g\u00e4nget!","author":"peter@ellensailing.se","date":"27 juli, 2015","format":false,"excerpt":"\u00a0 Nu kan man s\u00e4ga att semestern \u00e4r slut p\u00e5 riktigt f\u00f6r denna g\u00e5ng. Trots att vi hunnit jobba en vecka s\u00e5 har b\u00e5ten varit kvar p\u00e5 semester i Kalmar. I fredags s\u00e5 fl\u00f6g vi ner till Kalmar f\u00f6r att segla hem. Prognoserna som varit f\u00f6r veckan har verkligen sett\u2026","rel":"","context":"I \u201dSommar 2015\u201d","block_context":{"text":"Sommar 2015","link":"https:\/\/www.ellensailing.se\/?cat=4"},"img":{"alt_text":"","src":"https:\/\/i0.wp.com\/www.ellensailing.se\/wp-content\/uploads\/2015\/07\/DSC_0033.jpg?fit=1200%2C797&ssl=1&resize=350%2C200","width":350,"height":200,"srcset":"https:\/\/i0.wp.com\/www.ellensailing.se\/wp-content\/uploads\/2015\/07\/DSC_0033.jpg?fit=1200%2C797&ssl=1&resize=350%2C200 1x, https:\/\/i0.wp.com\/www.ellensailing.se\/wp-content\/uploads\/2015\/07\/DSC_0033.jpg?fit=1200%2C797&ssl=1&resize=525%2C300 1.5x, https:\/\/i0.wp.com\/www.ellensailing.se\/wp-content\/uploads\/2015\/07\/DSC_0033.jpg?fit=1200%2C797&ssl=1&resize=700%2C400 2x, https:\/\/i0.wp.com\/www.ellensailing.se\/wp-content\/uploads\/2015\/07\/DSC_0033.jpg?fit=1200%2C797&ssl=1&resize=1050%2C600 3x"},"classes":[]},{"id":429,"url":"https:\/\/www.ellensailing.se\/?p=429","url_meta":{"origin":552,"position":2},"title":"Ett bl\u00e5sigt utklippan!","author":"peter@ellensailing.se","date":"30 juni, 2015","format":false,"excerpt":"Vi har idag seglat 53 distans fr\u00e5n Kalmar till Utklippan. Fr\u00e5n b\u00f6rjan var seglingen helt underbar. \u00c4ntligen streckbog mot utklippan. Vi hade blivit lovade det fr\u00e5n v\u00e4dergudarna med. Men n\u00e5gon Gud gick hem och motvridet och \u00f6kande vind gjorde att vi fick b\u00f6rja kryssa igen.\u00a0 Det var konstigt v\u00e4der med\u2026","rel":"","context":"I \u201dSommar 2015\u201d","block_context":{"text":"Sommar 2015","link":"https:\/\/www.ellensailing.se\/?cat=4"},"img":{"alt_text":"","src":"https:\/\/i0.wp.com\/www.ellensailing.se\/wp-content\/uploads\/2015\/06\/DSC_0176-e1435683498795.jpg?fit=797%2C1200&ssl=1&resize=350%2C200","width":350,"height":200,"srcset":"https:\/\/i0.wp.com\/www.ellensailing.se\/wp-content\/uploads\/2015\/06\/DSC_0176-e1435683498795.jpg?fit=797%2C1200&ssl=1&resize=350%2C200 1x, https:\/\/i0.wp.com\/www.ellensailing.se\/wp-content\/uploads\/2015\/06\/DSC_0176-e1435683498795.jpg?fit=797%2C1200&ssl=1&resize=525%2C300 1.5x, https:\/\/i0.wp.com\/www.ellensailing.se\/wp-content\/uploads\/2015\/06\/DSC_0176-e1435683498795.jpg?fit=797%2C1200&ssl=1&resize=700%2C400 2x"},"classes":[]},{"id":2875,"url":"https:\/\/www.ellensailing.se\/?p=2875","url_meta":{"origin":552,"position":3},"title":"\u00d6land och Kalmar","author":"peter@ellensailing.se","date":"23 juli, 2020","format":false,"excerpt":"Vi fortsatte efter Harstena ner till Bok\u00f6. Ganska kort bit men k\u00e4nde att det var dags att r\u00f6ra oss. Det var lite v\u00e4l mycket b\u00e5tar d\u00e4r. P\u00e5 M\u00f6rk\u00f6 s\u00e5 var det inte m\u00e5nga b\u00e5tar, vilket var sk\u00f6nt. Efter M\u00f6rk\u00f6 s\u00e5 kryssade vi ut p\u00e5 havet och hade en makal\u00f6s fin\u2026","rel":"","context":"I \u201dSegling 2020\u201d","block_context":{"text":"Segling 2020","link":"https:\/\/www.ellensailing.se\/?cat=27"},"img":{"alt_text":"","src":"https:\/\/i0.wp.com\/www.ellensailing.se\/wp-content\/uploads\/2020\/07\/img_0278-13-scaled.jpg?fit=1200%2C900&ssl=1&resize=350%2C200","width":350,"height":200,"srcset":"https:\/\/i0.wp.com\/www.ellensailing.se\/wp-content\/uploads\/2020\/07\/img_0278-13-scaled.jpg?fit=1200%2C900&ssl=1&resize=350%2C200 1x, https:\/\/i0.wp.com\/www.ellensailing.se\/wp-content\/uploads\/2020\/07\/img_0278-13-scaled.jpg?fit=1200%2C900&ssl=1&resize=525%2C300 1.5x, https:\/\/i0.wp.com\/www.ellensailing.se\/wp-content\/uploads\/2020\/07\/img_0278-13-scaled.jpg?fit=1200%2C900&ssl=1&resize=700%2C400 2x, https:\/\/i0.wp.com\/www.ellensailing.se\/wp-content\/uploads\/2020\/07\/img_0278-13-scaled.jpg?fit=1200%2C900&ssl=1&resize=1050%2C600 3x"},"classes":[]},{"id":543,"url":"https:\/\/www.ellensailing.se\/?p=543","url_meta":{"origin":552,"position":4},"title":"En sk\u00f6n dag i Leba!","author":"peter@ellensailing.se","date":"16 juli, 2015","format":false,"excerpt":"Vi best\u00e4mde oss ig\u00e5r f\u00f6r att ligga kvar i Leba idag. Det g\u00f6r \u00e4ven Think Twice och Glittra. Christina blev magsjuk ig\u00e5r s\u00e5 hon tappade alla krafter. Vi kommer imorgon f\u00f6rhoppningsvis f\u00e5 bra v\u00e4der f\u00f6r \u00f6versegling fr\u00e5n Leba i Polen till Kalmar i Sverige. Det har bl\u00e5st ganska ordentligt de\u2026","rel":"","context":"I \u201dSommar 2015\u201d","block_context":{"text":"Sommar 2015","link":"https:\/\/www.ellensailing.se\/?cat=4"},"img":{"alt_text":"","src":"https:\/\/i0.wp.com\/www.ellensailing.se\/wp-content\/uploads\/2015\/07\/IMG_4385.jpg?fit=480%2C640&ssl=1&resize=350%2C200","width":350,"height":200},"classes":[]},{"id":2913,"url":"https:\/\/www.ellensailing.se\/?p=2913","url_meta":{"origin":552,"position":5},"title":"Rycka loss!","author":"peter@ellensailing.se","date":"30 juli, 2020","format":false,"excerpt":"Segla ifr\u00e5n Visby i morse d\u00e5 v\u00e5r tamp i land, en 18 mm Liros ryckts av klockan 5 p\u00e5 morgonen. Det var sydv\u00e4st rakt in i hamnen och sj\u00f6n var brutal. Vi hade redan best\u00e4mt oss f\u00f6r att segla upp till F\u00e5r\u00f6sund idag f\u00f6r att det var bra vindar fr\u00e5n\u2026","rel":"","context":"I \u201dSegling 2020\u201d","block_context":{"text":"Segling 2020","link":"https:\/\/www.ellensailing.se\/?cat=27"},"img":{"alt_text":"","src":"https:\/\/i0.wp.com\/www.ellensailing.se\/wp-content\/uploads\/2020\/07\/A6B8C97B-663E-405D-8EB2-8D1EF46384E5-scaled.jpeg?fit=900%2C1200&ssl=1&resize=350%2C200","width":350,"height":200,"srcset":"https:\/\/i0.wp.com\/www.ellensailing.se\/wp-content\/uploads\/2020\/07\/A6B8C97B-663E-405D-8EB2-8D1EF46384E5-scaled.jpeg?fit=900%2C1200&ssl=1&resize=350%2C200 1x, https:\/\/i0.wp.com\/www.ellensailing.se\/wp-content\/uploads\/2020\/07\/A6B8C97B-663E-405D-8EB2-8D1EF46384E5-scaled.jpeg?fit=900%2C1200&ssl=1&resize=525%2C300 1.5x, https:\/\/i0.wp.com\/www.ellensailing.se\/wp-content\/uploads\/2020\/07\/A6B8C97B-663E-405D-8EB2-8D1EF46384E5-scaled.jpeg?fit=900%2C1200&ssl=1&resize=700%2C400 2x"},"classes":[]}],"jetpack_likes_enabled":true,"_links":{"self":[{"href":"https:\/\/www.ellensailing.se\/index.php?rest_route=\/wp\/v2\/posts\/552","targetHints":{"allow":["GET"]}}],"collection":[{"href":"https:\/\/www.ellensailing.se\/index.php?rest_route=\/wp\/v2\/posts"}],"about":[{"href":"https:\/\/www.ellensailing.se\/index.php?rest_route=\/wp\/v2\/types\/post"}],"author":[{"embeddable":true,"href":"https:\/\/www.ellensailing.se\/index.php?rest_route=\/wp\/v2\/users\/1"}],"replies":[{"embeddable":true,"href":"https:\/\/www.ellensailing.se\/index.php?rest_route=%2Fwp%2Fv2%2Fcomments&post=552"}],"version-history":[{"count":5,"href":"https:\/\/www.ellensailing.se\/index.php?rest_route=\/wp\/v2\/posts\/552\/revisions"}],"predecessor-version":[{"id":1140,"href":"https:\/\/www.ellensailing.se\/index.php?rest_route=\/wp\/v2\/posts\/552\/revisions\/1140"}],"wp:featuredmedia":[{"embeddable":true,"href":"https:\/\/www.ellensailing.se\/index.php?rest_route=\/wp\/v2\/media\/553"}],"wp:attachment":[{"href":"https:\/\/www.ellensailing.se\/index.php?rest_route=%2Fwp%2Fv2%2Fmedia&parent=552"}],"wp:term":[{"taxonomy":"category","embeddable":true,"href":"https:\/\/www.ellensailing.se\/index.php?rest_route=%2Fwp%2Fv2%2Fcategories&post=552"},{"taxonomy":"post_tag","embeddable":true,"href":"https:\/\/www.ellensailing.se\/index.php?rest_route=%2Fwp%2Fv2%2Ftags&post=552"}],"curies":[{"name":"wp","href":"https:\/\/api.w.org\/{rel}","templated":true}]}}