{"id":508,"date":"2015-07-16T00:27:38","date_gmt":"2015-07-15T22:27:38","guid":{"rendered":"https:\/\/www.ellensailing.se\/?p=508"},"modified":"2015-07-16T00:29:07","modified_gmt":"2015-07-15T22:29:07","slug":"alla-bra-hamnar-har-priatskepp-fragan-ar-bara-hur-manga","status":"publish","type":"post","link":"https:\/\/www.ellensailing.se\/?p=508","title":{"rendered":"Alla bra hamnar har priatskepp, fr\u00e5gan \u00e4r bara hur m\u00e5nga&#8230;"},"content":{"rendered":"<p>Man kan skoja om mycket men jag m\u00e5ste s\u00e4ga att Polen \u00e4r helt fantastiskt. Billigt och trevliga m\u00e4nniskor.\u00a0 Det \u00e4r dock inte alltid man f\u00f6rst\u00e5r varandra. Det som \u00e4r konstigt \u00e4r att det inte \u00e4r fler turister h\u00e4r som har f\u00f6rmodligen v\u00e4rldens st\u00f6rsta plaja. Det \u00e4r n\u00e4stan inga fr\u00e5n utlandet h\u00e4r, bara polacker, n\u00e5gra seglande tyskar och en enstaka dansk och svensk.<\/p>\n<p>Bara sandstrand s\u00e5 l\u00e5ngt \u00f6gat kan n\u00e5. Att Polackerna \u00e5ker hit och har kul kan man f\u00f6rst\u00e5 f\u00f6r finare g\u00e5r det inte att f\u00e5. Alla har dock som skydd f\u00f6r att inte sanden skall bl\u00e5sa in i n\u00e4san och \u00f6rat.<\/p>\n<p>Vi har nu seglat via Swinoujice till Kolberg till Utska som var en fantastiks fin stad men lite gubbig i hamnen d\u00e5 hela \u00d6stersj\u00f6n l\u00e5g p\u00e5. Idag har vi seglat till Leba som har en av de finaste sanddynerna som kan uppn\u00e5s. De syns j\u00e4ttel\u00e5ngt fr\u00e5n havet. Vi v\u00e4ntar nu p\u00e5 bra v\u00e4der f\u00f6r att segla tillbaka till Kalmar. F\u00e5 se n\u00e4r det blir&#8230;<\/p>\n<p>&nbsp;<\/p>\n<figure id=\"attachment_509\" aria-describedby=\"caption-attachment-509\" style=\"width: 680px\" class=\"wp-caption aligncenter\"><a href=\"https:\/\/i0.wp.com\/www.ellensailing.se\/wp-content\/uploads\/2015\/07\/DSC_0171.jpg?ssl=1\"><img data-recalc-dims=\"1\" fetchpriority=\"high\" decoding=\"async\" class=\"size-large wp-image-509\" src=\"https:\/\/i0.wp.com\/www.ellensailing.se\/wp-content\/uploads\/2015\/07\/DSC_0171.jpg?resize=680%2C452&#038;ssl=1\" alt=\"Glittra framf\u00f6r Think Twice\" width=\"680\" height=\"452\" srcset=\"https:\/\/i0.wp.com\/www.ellensailing.se\/wp-content\/uploads\/2015\/07\/DSC_0171.jpg?resize=1024%2C680&amp;ssl=1 1024w, https:\/\/i0.wp.com\/www.ellensailing.se\/wp-content\/uploads\/2015\/07\/DSC_0171.jpg?resize=300%2C199&amp;ssl=1 300w, https:\/\/i0.wp.com\/www.ellensailing.se\/wp-content\/uploads\/2015\/07\/DSC_0171.jpg?w=1680&amp;ssl=1 1680w, https:\/\/i0.wp.com\/www.ellensailing.se\/wp-content\/uploads\/2015\/07\/DSC_0171.jpg?w=2520&amp;ssl=1 2520w\" sizes=\"(max-width: 680px) 100vw, 680px\" \/><\/a><figcaption id=\"caption-attachment-509\" class=\"wp-caption-text\">Glittra framf\u00f6r Think Twice<\/figcaption><\/figure>\n<figure id=\"attachment_538\" aria-describedby=\"caption-attachment-538\" style=\"width: 680px\" class=\"wp-caption aligncenter\"><a href=\"https:\/\/i0.wp.com\/www.ellensailing.se\/wp-content\/uploads\/2015\/07\/DSC_02451.jpg?ssl=1\"><img data-recalc-dims=\"1\" decoding=\"async\" class=\"wp-image-538 size-large\" src=\"https:\/\/i0.wp.com\/www.ellensailing.se\/wp-content\/uploads\/2015\/07\/DSC_02451.jpg?resize=680%2C452&#038;ssl=1\" alt=\"DSC_0245\" width=\"680\" height=\"452\" srcset=\"https:\/\/i0.wp.com\/www.ellensailing.se\/wp-content\/uploads\/2015\/07\/DSC_02451.jpg?resize=1024%2C680&amp;ssl=1 1024w, https:\/\/i0.wp.com\/www.ellensailing.se\/wp-content\/uploads\/2015\/07\/DSC_02451.jpg?resize=300%2C199&amp;ssl=1 300w, https:\/\/i0.wp.com\/www.ellensailing.se\/wp-content\/uploads\/2015\/07\/DSC_02451.jpg?w=1680&amp;ssl=1 1680w, https:\/\/i0.wp.com\/www.ellensailing.se\/wp-content\/uploads\/2015\/07\/DSC_02451.jpg?w=2520&amp;ssl=1 2520w\" sizes=\"(max-width: 680px) 100vw, 680px\" \/><\/a><figcaption id=\"caption-attachment-538\" class=\"wp-caption-text\">Hade lite sellis itag med en Dufour 40e, men de gick till Leba och vi till Uskta.<\/figcaption><\/figure>\n","protected":false},"excerpt":{"rendered":"<p>Man kan skoja om mycket men jag m\u00e5ste s\u00e4ga att Polen \u00e4r helt fantastiskt. Billigt och trevliga m\u00e4nniskor.\u00a0 Det \u00e4r[&#8230;]<\/p>\n","protected":false},"author":1,"featured_media":537,"comment_status":"open","ping_status":"open","sticky":false,"template":"","format":"standard","meta":{"_jetpack_newsletter_access":"","_jetpack_dont_email_post_to_subs":false,"_jetpack_newsletter_tier_id":0,"_jetpack_memberships_contains_paywalled_content":false,"_jetpack_feature_clip_id":0,"_jetpack_memberships_contains_paid_content":false,"footnotes":"","jetpack_publicize_message":"","jetpack_publicize_feature_enabled":true,"jetpack_social_post_already_shared":true,"jetpack_social_options":{"image_generator_settings":{"template":"highway","default_image_id":0,"font":"","enabled":false},"version":2},"jetpack_post_was_ever_published":false},"categories":[4],"tags":[],"class_list":["post-508","post","type-post","status-publish","format-standard","has-post-thumbnail","hentry","category-sommar-2015"],"jetpack_publicize_connections":[],"jetpack_featured_media_url":"https:\/\/i0.wp.com\/www.ellensailing.se\/wp-content\/uploads\/2015\/07\/DSC_0199.jpg?fit=4288%2C2848&ssl=1","jetpack_sharing_enabled":true,"jetpack_shortlink":"https:\/\/wp.me\/p5G68R-8c","jetpack-related-posts":[{"id":3275,"url":"https:\/\/www.ellensailing.se\/?p=3275","url_meta":{"origin":508,"position":0},"title":"Summering 2022","author":"peter@ellensailing.se","date":"4 april, 2023","format":false,"excerpt":"Usch och fy vad d\u00e5liga vi varit p\u00e5 att uppdatera v\u00e5r blogg. H\u00e4r kommer i alla fall en summering av sommarseglingen f\u00f6rra \u00e5ret. Vi b\u00f6rjade v\u00e5r semester den 8 juli och tog oss ut till Bj\u00f6rksk\u00e4r d\u00e4r allt b\u00f6rjade. Vi tr\u00e4ffad Lasse och Helene med sin Ella (Omega 42). Hade\u2026","rel":"","context":"I \u201dSommar 2022\u201d","block_context":{"text":"Sommar 2022","link":"https:\/\/www.ellensailing.se\/?cat=30"},"img":{"alt_text":"","src":"https:\/\/i0.wp.com\/www.ellensailing.se\/wp-content\/uploads\/2023\/04\/IMG_1721-scaled.jpg?fit=1200%2C900&ssl=1&resize=350%2C200","width":350,"height":200,"srcset":"https:\/\/i0.wp.com\/www.ellensailing.se\/wp-content\/uploads\/2023\/04\/IMG_1721-scaled.jpg?fit=1200%2C900&ssl=1&resize=350%2C200 1x, https:\/\/i0.wp.com\/www.ellensailing.se\/wp-content\/uploads\/2023\/04\/IMG_1721-scaled.jpg?fit=1200%2C900&ssl=1&resize=525%2C300 1.5x, https:\/\/i0.wp.com\/www.ellensailing.se\/wp-content\/uploads\/2023\/04\/IMG_1721-scaled.jpg?fit=1200%2C900&ssl=1&resize=700%2C400 2x, https:\/\/i0.wp.com\/www.ellensailing.se\/wp-content\/uploads\/2023\/04\/IMG_1721-scaled.jpg?fit=1200%2C900&ssl=1&resize=1050%2C600 3x"},"classes":[]},{"id":3932,"url":"https:\/\/www.ellensailing.se\/?p=3932","url_meta":{"origin":508,"position":1},"title":"Lokal Gin fr\u00e5n Run\u00f6!","author":"peter@ellensailing.se","date":"1 augusti, 2026","format":false,"excerpt":"Idag har vi seglat till Rhunu fr\u00e5n M\u00f6nt\u00f6. Fin segling med 120 grader in. Fr\u00e5n b\u00f6rjarann s\u00e5 var det bra vind men det blekte ut erfter ett tag. Vi gick 40 NM idag och kom till en fantaskik \u00f6 mitt i Riga bukten, dock lite dyr hamnavgift men man ligger\u2026","rel":"","context":"I \u201dSegling 2026\u201d","block_context":{"text":"Segling 2026","link":"https:\/\/www.ellensailing.se\/?cat=35"},"img":{"alt_text":"","src":"https:\/\/i0.wp.com\/www.ellensailing.se\/wp-content\/uploads\/2026\/08\/img_3504.jpg?fit=1200%2C900&ssl=1&resize=350%2C200","width":350,"height":200,"srcset":"https:\/\/i0.wp.com\/www.ellensailing.se\/wp-content\/uploads\/2026\/08\/img_3504.jpg?fit=1200%2C900&ssl=1&resize=350%2C200 1x, https:\/\/i0.wp.com\/www.ellensailing.se\/wp-content\/uploads\/2026\/08\/img_3504.jpg?fit=1200%2C900&ssl=1&resize=525%2C300 1.5x, https:\/\/i0.wp.com\/www.ellensailing.se\/wp-content\/uploads\/2026\/08\/img_3504.jpg?fit=1200%2C900&ssl=1&resize=700%2C400 2x, https:\/\/i0.wp.com\/www.ellensailing.se\/wp-content\/uploads\/2026\/08\/img_3504.jpg?fit=1200%2C900&ssl=1&resize=1050%2C600 3x"},"classes":[]},{"id":3162,"url":"https:\/\/www.ellensailing.se\/?p=3162","url_meta":{"origin":508,"position":2},"title":"Ag\u00f6n, \u00d6regrund och Arholma","author":"peter@ellensailing.se","date":"20 juli, 2021","format":false,"excerpt":"Allt s\u00e5g perfekt ut, en perfekt plan men det \u00e4r inte alltid det blir som man planerat. Efter Mellanfj\u00e4rd seglade vi ner till Ag\u00f6n som skulle vara v\u00e5r utg\u00e5ngsplats f\u00f6r seglingen ner till \u00d6regrund. Ag\u00f6n ligger utanf\u00f6r Hudiksvall och det var h\u00e4r v\u00e5rt drev pajade. Mellanfj\u00e4rd Seglingen ditner var som\u2026","rel":"","context":"I \u201dSegling 2021\u201d","block_context":{"text":"Segling 2021","link":"https:\/\/www.ellensailing.se\/?cat=28"},"img":{"alt_text":"","src":"https:\/\/i0.wp.com\/www.ellensailing.se\/wp-content\/uploads\/2021\/07\/img_0379-1-scaled.jpg?fit=1200%2C900&ssl=1&resize=350%2C200","width":350,"height":200,"srcset":"https:\/\/i0.wp.com\/www.ellensailing.se\/wp-content\/uploads\/2021\/07\/img_0379-1-scaled.jpg?fit=1200%2C900&ssl=1&resize=350%2C200 1x, https:\/\/i0.wp.com\/www.ellensailing.se\/wp-content\/uploads\/2021\/07\/img_0379-1-scaled.jpg?fit=1200%2C900&ssl=1&resize=525%2C300 1.5x, https:\/\/i0.wp.com\/www.ellensailing.se\/wp-content\/uploads\/2021\/07\/img_0379-1-scaled.jpg?fit=1200%2C900&ssl=1&resize=700%2C400 2x, https:\/\/i0.wp.com\/www.ellensailing.se\/wp-content\/uploads\/2021\/07\/img_0379-1-scaled.jpg?fit=1200%2C900&ssl=1&resize=1050%2C600 3x"},"classes":[]},{"id":1211,"url":"https:\/\/www.ellensailing.se\/?p=1211","url_meta":{"origin":508,"position":3},"title":"Nu har vi l\u00e4mnat A Coruna och ligger p\u00e5 svaj i en liten fiskeby!","author":"peter@ellensailing.se","date":"9 september, 2017","format":false,"excerpt":"Vi har haft n\u00e5gra sk\u00f6na dagar i A Coruna som \u00e4r en helt underbar liten stad, stor men liten. Finns s\u00e5 mycket att se och de har helt underbara ytor f\u00f6r folk att r\u00f6ra sig p\u00e5, och folk \u00e4r verkligen ute och r\u00f6r sig. Fina cykelv\u00e4gar runt hela staden, g\u00e5ngpromenader,\u2026","rel":"","context":"I \u201dH\u00f6st 2017 till Grand Canrias.\u201d","block_context":{"text":"H\u00f6st 2017 till Grand Canrias.","link":"https:\/\/www.ellensailing.se\/?cat=22"},"img":{"alt_text":"","src":"https:\/\/i0.wp.com\/www.ellensailing.se\/wp-content\/uploads\/2017\/09\/DSC2328.jpg?fit=1200%2C802&ssl=1&resize=350%2C200","width":350,"height":200,"srcset":"https:\/\/i0.wp.com\/www.ellensailing.se\/wp-content\/uploads\/2017\/09\/DSC2328.jpg?fit=1200%2C802&ssl=1&resize=350%2C200 1x, https:\/\/i0.wp.com\/www.ellensailing.se\/wp-content\/uploads\/2017\/09\/DSC2328.jpg?fit=1200%2C802&ssl=1&resize=525%2C300 1.5x, https:\/\/i0.wp.com\/www.ellensailing.se\/wp-content\/uploads\/2017\/09\/DSC2328.jpg?fit=1200%2C802&ssl=1&resize=700%2C400 2x, https:\/\/i0.wp.com\/www.ellensailing.se\/wp-content\/uploads\/2017\/09\/DSC2328.jpg?fit=1200%2C802&ssl=1&resize=1050%2C600 3x"},"classes":[]},{"id":2169,"url":"https:\/\/www.ellensailing.se\/?p=2169","url_meta":{"origin":508,"position":4},"title":"Tagit oss \u00f6ver viken till Petit Martinique.","author":"peter@ellensailing.se","date":"13 april, 2018","format":false,"excerpt":"Vilken skillnad det \u00e4r bara ett stenkast h\u00e4rifr\u00e5n. H\u00e4r p\u00e5 Petit Martinique som tillh\u00f6r Grenada \u00e4r det inga b\u00e5tar alls. Det \u00e4r vi och en Kanadensare som \u00e4r h\u00e4r. Vi \u00e4r troligtvis de enda turisterna h\u00e4r. Ser vi \u00f6ver viken s\u00e5 \u00e4r det 10 katamaraner och en monohull. Det verkar\u2026","rel":"","context":"I \u201dV\u00e4stindien 2017-2018\u201d","block_context":{"text":"V\u00e4stindien 2017-2018","link":"https:\/\/www.ellensailing.se\/?cat=24"},"img":{"alt_text":"","src":"https:\/\/i0.wp.com\/www.ellensailing.se\/wp-content\/uploads\/2018\/04\/7B9987C3-807E-42FD-B417-7FED6ECDDF14.jpeg?fit=1200%2C900&ssl=1&resize=350%2C200","width":350,"height":200,"srcset":"https:\/\/i0.wp.com\/www.ellensailing.se\/wp-content\/uploads\/2018\/04\/7B9987C3-807E-42FD-B417-7FED6ECDDF14.jpeg?fit=1200%2C900&ssl=1&resize=350%2C200 1x, https:\/\/i0.wp.com\/www.ellensailing.se\/wp-content\/uploads\/2018\/04\/7B9987C3-807E-42FD-B417-7FED6ECDDF14.jpeg?fit=1200%2C900&ssl=1&resize=525%2C300 1.5x, https:\/\/i0.wp.com\/www.ellensailing.se\/wp-content\/uploads\/2018\/04\/7B9987C3-807E-42FD-B417-7FED6ECDDF14.jpeg?fit=1200%2C900&ssl=1&resize=700%2C400 2x, https:\/\/i0.wp.com\/www.ellensailing.se\/wp-content\/uploads\/2018\/04\/7B9987C3-807E-42FD-B417-7FED6ECDDF14.jpeg?fit=1200%2C900&ssl=1&resize=1050%2C600 3x"},"classes":[]},{"id":3128,"url":"https:\/\/www.ellensailing.se\/?p=3128","url_meta":{"origin":508,"position":5},"title":"Mj\u00e4lt\u00f6n, Sveriges h\u00f6gsta \u00f6!","author":"peter@ellensailing.se","date":"12 juli, 2021","format":false,"excerpt":"P\u00e5 fredagen s\u00e5 seglade vi iv\u00e4g tidigt p\u00e5 morgonen. Vi vill se s\u00e5 mycket som m\u00f6jligt s\u00e5 det blir inte s\u00e5 l\u00e5nga seglingar. Vi b\u00f6rjade med att segla till Mj\u00e4lt\u00f6n, Sveriges h\u00f6gsta \u00f6 som m\u00e4ter 235m\u00f6h. Det \u00e4r mycket fint v\u00e4der och det \u00e4r en otroligt fin liten vik som\u2026","rel":"","context":"I \u201dSegling 2021\u201d","block_context":{"text":"Segling 2021","link":"https:\/\/www.ellensailing.se\/?cat=28"},"img":{"alt_text":"","src":"https:\/\/i0.wp.com\/www.ellensailing.se\/wp-content\/uploads\/2021\/07\/Mjalton3.jpg?fit=640%2C428&ssl=1&resize=350%2C200","width":350,"height":200,"srcset":"https:\/\/i0.wp.com\/www.ellensailing.se\/wp-content\/uploads\/2021\/07\/Mjalton3.jpg?fit=640%2C428&ssl=1&resize=350%2C200 1x, https:\/\/i0.wp.com\/www.ellensailing.se\/wp-content\/uploads\/2021\/07\/Mjalton3.jpg?fit=640%2C428&ssl=1&resize=525%2C300 1.5x"},"classes":[]}],"jetpack_likes_enabled":true,"_links":{"self":[{"href":"https:\/\/www.ellensailing.se\/index.php?rest_route=\/wp\/v2\/posts\/508","targetHints":{"allow":["GET"]}}],"collection":[{"href":"https:\/\/www.ellensailing.se\/index.php?rest_route=\/wp\/v2\/posts"}],"about":[{"href":"https:\/\/www.ellensailing.se\/index.php?rest_route=\/wp\/v2\/types\/post"}],"author":[{"embeddable":true,"href":"https:\/\/www.ellensailing.se\/index.php?rest_route=\/wp\/v2\/users\/1"}],"replies":[{"embeddable":true,"href":"https:\/\/www.ellensailing.se\/index.php?rest_route=%2Fwp%2Fv2%2Fcomments&post=508"}],"version-history":[{"count":4,"href":"https:\/\/www.ellensailing.se\/index.php?rest_route=\/wp\/v2\/posts\/508\/revisions"}],"predecessor-version":[{"id":542,"href":"https:\/\/www.ellensailing.se\/index.php?rest_route=\/wp\/v2\/posts\/508\/revisions\/542"}],"wp:featuredmedia":[{"embeddable":true,"href":"https:\/\/www.ellensailing.se\/index.php?rest_route=\/wp\/v2\/media\/537"}],"wp:attachment":[{"href":"https:\/\/www.ellensailing.se\/index.php?rest_route=%2Fwp%2Fv2%2Fmedia&parent=508"}],"wp:term":[{"taxonomy":"category","embeddable":true,"href":"https:\/\/www.ellensailing.se\/index.php?rest_route=%2Fwp%2Fv2%2Fcategories&post=508"},{"taxonomy":"post_tag","embeddable":true,"href":"https:\/\/www.ellensailing.se\/index.php?rest_route=%2Fwp%2Fv2%2Ftags&post=508"}],"curies":[{"name":"wp","href":"https:\/\/api.w.org\/{rel}","templated":true}]}}