{"id":490,"date":"2015-07-10T19:37:29","date_gmt":"2015-07-10T17:37:29","guid":{"rendered":"https:\/\/www.ellensailing.se\/?p=490"},"modified":"2015-08-07T08:49:37","modified_gmt":"2015-08-07T06:49:37","slug":"idag-blev-det-en-blot-historia","status":"publish","type":"post","link":"https:\/\/www.ellensailing.se\/?p=490","title":{"rendered":"Idag blev det en bl\u00f6t historia!"},"content":{"rendered":"<figure id=\"attachment_493\" aria-describedby=\"caption-attachment-493\" style=\"width: 1024px\" class=\"wp-caption aligncenter\"><a href=\"https:\/\/i0.wp.com\/www.ellensailing.se\/wp-content\/uploads\/2015\/07\/DSC_0095.jpg?ssl=1\"><img data-recalc-dims=\"1\" fetchpriority=\"high\" decoding=\"async\" class=\"size-large wp-image-493\" src=\"https:\/\/i0.wp.com\/www.ellensailing.se\/wp-content\/uploads\/2015\/07\/DSC_0095.jpg?resize=840%2C558&#038;ssl=1\" alt=\"Jackline b\u00e4rgar f\u00f6rseglet\" width=\"840\" height=\"558\" srcset=\"https:\/\/i0.wp.com\/www.ellensailing.se\/wp-content\/uploads\/2015\/07\/DSC_0095.jpg?resize=1024%2C680&amp;ssl=1 1024w, https:\/\/i0.wp.com\/www.ellensailing.se\/wp-content\/uploads\/2015\/07\/DSC_0095.jpg?resize=300%2C199&amp;ssl=1 300w, https:\/\/i0.wp.com\/www.ellensailing.se\/wp-content\/uploads\/2015\/07\/DSC_0095.jpg?w=1680&amp;ssl=1 1680w, https:\/\/i0.wp.com\/www.ellensailing.se\/wp-content\/uploads\/2015\/07\/DSC_0095.jpg?w=2520&amp;ssl=1 2520w\" sizes=\"(max-width: 840px) 100vw, 840px\" \/><\/a><figcaption id=\"caption-attachment-493\" class=\"wp-caption-text\">Jackline b\u00e4rgar f\u00f6rseglet<\/figcaption><\/figure>\n<p>Vi gick fr\u00e5n Trzebiez till Swinoujscie igen. Skulle regna i morse men det kom inte mycket. Ist\u00e4llet var insj\u00f6n Wielki Zalew j\u00e4kligt elak med en mycket krabb sj\u00f6. Djupet \u00e4r bara sex meter. B\u00f6rjade segla men det var i n\u00e4bben. Revade d\u00e5 det bl\u00e5ste n\u00e4sta 17 meter i byarna. Seglade av furlexlinan s\u00e5 det har varit massa meck i eftermiddag. Har lagat den provisoriskt. Inte l\u00e4tt att komma \u00e5t men Christina var mycket vig och \u00e5lade sig ner i ankarboxen.<\/p>\n<p>&nbsp;<\/p>\n<figure id=\"attachment_496\" aria-describedby=\"caption-attachment-496\" style=\"width: 680px\" class=\"wp-caption aligncenter\"><a href=\"https:\/\/i0.wp.com\/www.ellensailing.se\/wp-content\/uploads\/2015\/07\/DSC_00921.jpg?ssl=1\"><img data-recalc-dims=\"1\" decoding=\"async\" class=\"wp-image-496 size-large\" src=\"https:\/\/i0.wp.com\/www.ellensailing.se\/wp-content\/uploads\/2015\/07\/DSC_00921.jpg?resize=680%2C452&#038;ssl=1\" alt=\"DSC_0092\" width=\"680\" height=\"452\" srcset=\"https:\/\/i0.wp.com\/www.ellensailing.se\/wp-content\/uploads\/2015\/07\/DSC_00921.jpg?resize=1024%2C680&amp;ssl=1 1024w, https:\/\/i0.wp.com\/www.ellensailing.se\/wp-content\/uploads\/2015\/07\/DSC_00921.jpg?resize=300%2C199&amp;ssl=1 300w, https:\/\/i0.wp.com\/www.ellensailing.se\/wp-content\/uploads\/2015\/07\/DSC_00921.jpg?w=1680&amp;ssl=1 1680w, https:\/\/i0.wp.com\/www.ellensailing.se\/wp-content\/uploads\/2015\/07\/DSC_00921.jpg?w=2520&amp;ssl=1 2520w\" sizes=\"(max-width: 680px) 100vw, 680px\" \/><\/a><figcaption id=\"caption-attachment-496\" class=\"wp-caption-text\">Jackie \u00e4r d\u00e4r framme under vattnet!<\/figcaption><\/figure>\n","protected":false},"excerpt":{"rendered":"<p>Vi gick fr\u00e5n Trzebiez till Swinoujscie igen. Skulle regna i morse men det kom inte mycket. Ist\u00e4llet var insj\u00f6n Wielki[&#8230;]<\/p>\n","protected":false},"author":1,"featured_media":493,"comment_status":"open","ping_status":"open","sticky":false,"template":"","format":"standard","meta":{"_jetpack_newsletter_access":"","_jetpack_dont_email_post_to_subs":false,"_jetpack_newsletter_tier_id":0,"_jetpack_memberships_contains_paywalled_content":false,"_jetpack_feature_clip_id":0,"_jetpack_memberships_contains_paid_content":false,"footnotes":"","jetpack_publicize_message":"","jetpack_publicize_feature_enabled":true,"jetpack_social_post_already_shared":true,"jetpack_social_options":{"image_generator_settings":{"template":"highway","default_image_id":0,"font":"","enabled":false},"version":2},"jetpack_post_was_ever_published":false},"categories":[4],"tags":[],"class_list":["post-490","post","type-post","status-publish","format-standard","has-post-thumbnail","hentry","category-sommar-2015"],"jetpack_publicize_connections":[],"jetpack_featured_media_url":"https:\/\/i0.wp.com\/www.ellensailing.se\/wp-content\/uploads\/2015\/07\/DSC_0095.jpg?fit=4288%2C2848&ssl=1","jetpack_sharing_enabled":true,"jetpack_shortlink":"https:\/\/wp.me\/p5G68R-7U","jetpack-related-posts":[{"id":1057,"url":"https:\/\/www.ellensailing.se\/?p=1057","url_meta":{"origin":490,"position":0},"title":"Eastbourne, Englands Hammarbysj\u00f6stad!","author":"peter@ellensailing.se","date":"12 juli, 2016","format":false,"excerpt":"\u00a0 Dover tyckte vi var en riktig sunkig stad med sunkiga m\u00e4nniskor. Det var nedg\u00e5nget som tusan s\u00e5 beslutat att segla vidare till Eastbourne var l\u00e4tt. Ett tips f\u00f6r alla l\u00e5ngseglare \u00e4r att g\u00e5 direkt fr\u00e5n Dunkerque till Eastbourne, \u00e4ven om det \u00e4r lite l\u00e4ngre. Seglingen till Eastbourne var som\u2026","rel":"","context":"I \u201dSommar 2016\u201d","block_context":{"text":"Sommar 2016","link":"https:\/\/www.ellensailing.se\/?cat=20"},"img":{"alt_text":"","src":"https:\/\/i0.wp.com\/www.ellensailing.se\/wp-content\/uploads\/2016\/07\/DSC_0893.jpg?fit=1200%2C797&ssl=1&resize=350%2C200","width":350,"height":200,"srcset":"https:\/\/i0.wp.com\/www.ellensailing.se\/wp-content\/uploads\/2016\/07\/DSC_0893.jpg?fit=1200%2C797&ssl=1&resize=350%2C200 1x, https:\/\/i0.wp.com\/www.ellensailing.se\/wp-content\/uploads\/2016\/07\/DSC_0893.jpg?fit=1200%2C797&ssl=1&resize=525%2C300 1.5x, https:\/\/i0.wp.com\/www.ellensailing.se\/wp-content\/uploads\/2016\/07\/DSC_0893.jpg?fit=1200%2C797&ssl=1&resize=700%2C400 2x, https:\/\/i0.wp.com\/www.ellensailing.se\/wp-content\/uploads\/2016\/07\/DSC_0893.jpg?fit=1200%2C797&ssl=1&resize=1050%2C600 3x"},"classes":[]},{"id":1895,"url":"https:\/\/www.ellensailing.se\/?p=1895","url_meta":{"origin":490,"position":1},"title":"M\u00e5nga jetsets i Antigua","author":"peter@ellensailing.se","date":"6 mars, 2018","format":false,"excerpt":"Vi har idag g\u00e5tt tillbaka till Falmouth Bay, grannviken med English Harbour. H\u00e4r \u00e4r det m\u00e5nga stora jakter. Bland annat ligger Svea som \u00e4r den nya J-Yachten som \u00e4r fr\u00e5n Tore Holms ritbord och troligtvis \u00e4gs av n\u00e5gra svenskar som \u00e4r anonyma. Det gick ut f\u00f6r att segla idag men\u2026","rel":"","context":"I \u201dV\u00e4stindien 2017-2018\u201d","block_context":{"text":"V\u00e4stindien 2017-2018","link":"https:\/\/www.ellensailing.se\/?cat=24"},"img":{"alt_text":"","src":"https:\/\/i0.wp.com\/www.ellensailing.se\/wp-content\/uploads\/2018\/03\/0DD3FD5A-FF91-4202-AFA0-454F3A20255A.jpeg?fit=1200%2C800&ssl=1&resize=350%2C200","width":350,"height":200,"srcset":"https:\/\/i0.wp.com\/www.ellensailing.se\/wp-content\/uploads\/2018\/03\/0DD3FD5A-FF91-4202-AFA0-454F3A20255A.jpeg?fit=1200%2C800&ssl=1&resize=350%2C200 1x, https:\/\/i0.wp.com\/www.ellensailing.se\/wp-content\/uploads\/2018\/03\/0DD3FD5A-FF91-4202-AFA0-454F3A20255A.jpeg?fit=1200%2C800&ssl=1&resize=525%2C300 1.5x, https:\/\/i0.wp.com\/www.ellensailing.se\/wp-content\/uploads\/2018\/03\/0DD3FD5A-FF91-4202-AFA0-454F3A20255A.jpeg?fit=1200%2C800&ssl=1&resize=700%2C400 2x, https:\/\/i0.wp.com\/www.ellensailing.se\/wp-content\/uploads\/2018\/03\/0DD3FD5A-FF91-4202-AFA0-454F3A20255A.jpeg?fit=1200%2C800&ssl=1&resize=1050%2C600 3x"},"classes":[]},{"id":668,"url":"https:\/\/www.ellensailing.se\/?p=668","url_meta":{"origin":490,"position":2},"title":"Arconatr\u00e4ff i Norrviken!","author":"peter@ellensailing.se","date":"30 augusti, 2015","format":false,"excerpt":"I helgen s\u00e5 var det d\u00e5 dags f\u00f6r den \u00e5rliga Arcona tr\u00e4ffen. Alltid lika kul att tr\u00e4ffa s\u00e5 h\u00e4rliga m\u00e4nniskor som \u00e4lskar att segla och \u00e4ven p\u00e5 de b\u00e4sta b\u00e5tarna. Vi m\u00f6ttes upp p\u00e5 fredag kv\u00e4ll f\u00f6r att p\u00e5 l\u00f6rdagen avg\u00f6ra vem som seglar snabbast med sin Arcona. Det \u00e4r\u2026","rel":"","context":"I \u201dSommar 2015\u201d","block_context":{"text":"Sommar 2015","link":"https:\/\/www.ellensailing.se\/?cat=4"},"img":{"alt_text":"","src":"https:\/\/i0.wp.com\/www.ellensailing.se\/wp-content\/uploads\/2015\/08\/IMG_4478.jpg?fit=640%2C480&ssl=1&resize=350%2C200","width":350,"height":200,"srcset":"https:\/\/i0.wp.com\/www.ellensailing.se\/wp-content\/uploads\/2015\/08\/IMG_4478.jpg?fit=640%2C480&ssl=1&resize=350%2C200 1x, https:\/\/i0.wp.com\/www.ellensailing.se\/wp-content\/uploads\/2015\/08\/IMG_4478.jpg?fit=640%2C480&ssl=1&resize=525%2C300 1.5x"},"classes":[]},{"id":356,"url":"https:\/\/www.ellensailing.se\/?p=356","url_meta":{"origin":490,"position":3},"title":"Underbar segling \u00f6ver \u00c5lands hav!","author":"peter@ellensailing.se","date":"16 maj, 2015","format":false,"excerpt":"Vi \u00e5kte f\u00f6rst fr\u00e5n \u00d6regrund till K\u00e4rringsund p\u00e5 Ecker\u00f6. Vi var helt ensamma d\u00e4r och kunde ligga l\u00e5ngsides. Inte dumt alls. Provade \u00e4ta mat p\u00e5 Bodegan, det var v\u00e4l helt okej efter en bastu. S\u00e4llskapet slocknade fort. D\u00e4refter s\u00e5 seglade vi ner till Mariehamn. 25 distans avverkades fort. N\u00e4r vi\u2026","rel":"","context":"I \u201dSommar 2015\u201d","block_context":{"text":"Sommar 2015","link":"https:\/\/www.ellensailing.se\/?cat=4"},"img":{"alt_text":"","src":"https:\/\/i0.wp.com\/www.ellensailing.se\/wp-content\/uploads\/2015\/05\/GOPR0250.jpg?fit=1200%2C900&ssl=1&resize=350%2C200","width":350,"height":200,"srcset":"https:\/\/i0.wp.com\/www.ellensailing.se\/wp-content\/uploads\/2015\/05\/GOPR0250.jpg?fit=1200%2C900&ssl=1&resize=350%2C200 1x, https:\/\/i0.wp.com\/www.ellensailing.se\/wp-content\/uploads\/2015\/05\/GOPR0250.jpg?fit=1200%2C900&ssl=1&resize=525%2C300 1.5x, https:\/\/i0.wp.com\/www.ellensailing.se\/wp-content\/uploads\/2015\/05\/GOPR0250.jpg?fit=1200%2C900&ssl=1&resize=700%2C400 2x, https:\/\/i0.wp.com\/www.ellensailing.se\/wp-content\/uploads\/2015\/05\/GOPR0250.jpg?fit=1200%2C900&ssl=1&resize=1050%2C600 3x"},"classes":[]},{"id":552,"url":"https:\/\/www.ellensailing.se\/?p=552","url_meta":{"origin":490,"position":4},"title":"Tillbaka till Sverige och Kalmar!","author":"peter@ellensailing.se","date":"18 juli, 2015","format":false,"excerpt":"Efter en del funderande och studerande av Gribfiler s\u00e5 beslutade vi oss f\u00f6r att l\u00e4mna eskadern f\u00f6r denna g\u00e5ng. Vi s\u00e5g en bra lucka att segla fr\u00e5n Leba till Kalmar. Think Twice och Glittra forts\u00e4tter vidare till Gdansk. De stack p\u00e5 fredag morgon redan vid 7 tiden. Tror de hade\u2026","rel":"","context":"I \u201dSommar 2015\u201d","block_context":{"text":"Sommar 2015","link":"https:\/\/www.ellensailing.se\/?cat=4"},"img":{"alt_text":"","src":"https:\/\/i0.wp.com\/www.ellensailing.se\/wp-content\/uploads\/2015\/07\/DSC_0270.jpg?fit=1200%2C797&ssl=1&resize=350%2C200","width":350,"height":200,"srcset":"https:\/\/i0.wp.com\/www.ellensailing.se\/wp-content\/uploads\/2015\/07\/DSC_0270.jpg?fit=1200%2C797&ssl=1&resize=350%2C200 1x, https:\/\/i0.wp.com\/www.ellensailing.se\/wp-content\/uploads\/2015\/07\/DSC_0270.jpg?fit=1200%2C797&ssl=1&resize=525%2C300 1.5x, https:\/\/i0.wp.com\/www.ellensailing.se\/wp-content\/uploads\/2015\/07\/DSC_0270.jpg?fit=1200%2C797&ssl=1&resize=700%2C400 2x, https:\/\/i0.wp.com\/www.ellensailing.se\/wp-content\/uploads\/2015\/07\/DSC_0270.jpg?fit=1200%2C797&ssl=1&resize=1050%2C600 3x"},"classes":[]},{"id":1600,"url":"https:\/\/www.ellensailing.se\/?p=1600","url_meta":{"origin":490,"position":5},"title":"Dygn 14, Glad Advent!","author":"peter@ellensailing.se","date":"3 december, 2017","format":false,"excerpt":"D\u00e5 har det g\u00e5tt fjorton dagar sedan vi startade. M\u00e5nga reflektioner man kan g\u00f6ra s\u00e5 h\u00e4r p\u00e5 havet. En hade vi i natt vid 03,30 d\u00e5 vi efter seglat 1800Nm hade en v\u00e4jningsituation d\u00e5 vi var tvungna p\u00e5 stora Atlanten v\u00e4ja f\u00f6r den andra Ellen (Najad 460) med G\u00f6ran och\u2026","rel":"","context":"I \u201dARC 2017\u201d","block_context":{"text":"ARC 2017","link":"https:\/\/www.ellensailing.se\/?cat=23"},"img":{"alt_text":"","src":"","width":0,"height":0},"classes":[]}],"jetpack_likes_enabled":true,"_links":{"self":[{"href":"https:\/\/www.ellensailing.se\/index.php?rest_route=\/wp\/v2\/posts\/490","targetHints":{"allow":["GET"]}}],"collection":[{"href":"https:\/\/www.ellensailing.se\/index.php?rest_route=\/wp\/v2\/posts"}],"about":[{"href":"https:\/\/www.ellensailing.se\/index.php?rest_route=\/wp\/v2\/types\/post"}],"author":[{"embeddable":true,"href":"https:\/\/www.ellensailing.se\/index.php?rest_route=\/wp\/v2\/users\/1"}],"replies":[{"embeddable":true,"href":"https:\/\/www.ellensailing.se\/index.php?rest_route=%2Fwp%2Fv2%2Fcomments&post=490"}],"version-history":[{"count":4,"href":"https:\/\/www.ellensailing.se\/index.php?rest_route=\/wp\/v2\/posts\/490\/revisions"}],"predecessor-version":[{"id":635,"href":"https:\/\/www.ellensailing.se\/index.php?rest_route=\/wp\/v2\/posts\/490\/revisions\/635"}],"wp:featuredmedia":[{"embeddable":true,"href":"https:\/\/www.ellensailing.se\/index.php?rest_route=\/wp\/v2\/media\/493"}],"wp:attachment":[{"href":"https:\/\/www.ellensailing.se\/index.php?rest_route=%2Fwp%2Fv2%2Fmedia&parent=490"}],"wp:term":[{"taxonomy":"category","embeddable":true,"href":"https:\/\/www.ellensailing.se\/index.php?rest_route=%2Fwp%2Fv2%2Fcategories&post=490"},{"taxonomy":"post_tag","embeddable":true,"href":"https:\/\/www.ellensailing.se\/index.php?rest_route=%2Fwp%2Fv2%2Ftags&post=490"}],"curies":[{"name":"wp","href":"https:\/\/api.w.org\/{rel}","templated":true}]}}