{"id":484,"date":"2015-07-08T18:56:26","date_gmt":"2015-07-08T16:56:26","guid":{"rendered":"https:\/\/www.ellensailing.se\/?p=484"},"modified":"2015-07-08T18:56:26","modified_gmt":"2015-07-08T16:56:26","slug":"red-lane-district","status":"publish","type":"post","link":"https:\/\/www.ellensailing.se\/?p=484","title":{"rendered":"Red Lane District"},"content":{"rendered":"<p>Idag har det varit en stillaliggar dag. B\u00f6rjade med lite sovmorgon f\u00f6r att sedan g\u00f6ra en stadsvandring i Szczecin. Det var ett mycket smart uppl\u00e4gg. Man f\u00f6ljer bara de r\u00f6da\u00a0 strecken s\u00e5 kommer man f\u00e5 se allt som \u00e4r n\u00e5got att se. I marken var det \u00e4ven ringar med nummer som man kunde l\u00e4sa vad det var f\u00f6r n\u00e5got. Som tur gick \u00e4ven strecken in i olika barer s\u00e5 vi kunde f\u00e5 lite f\u00f6rfriskningar.<\/p>\n<p>&nbsp;<\/p>\n<figure id=\"attachment_488\" aria-describedby=\"caption-attachment-488\" style=\"width: 680px\" class=\"wp-caption aligncenter\"><a href=\"https:\/\/i0.wp.com\/www.ellensailing.se\/wp-content\/uploads\/2015\/07\/DSC_0043.jpg?ssl=1\"><img data-recalc-dims=\"1\" fetchpriority=\"high\" decoding=\"async\" class=\"wp-image-488 size-large\" src=\"https:\/\/i0.wp.com\/www.ellensailing.se\/wp-content\/uploads\/2015\/07\/DSC_0043.jpg?resize=680%2C452&#038;ssl=1\" alt=\"DSC_0043\" width=\"680\" height=\"452\" srcset=\"https:\/\/i0.wp.com\/www.ellensailing.se\/wp-content\/uploads\/2015\/07\/DSC_0043.jpg?resize=1024%2C680&amp;ssl=1 1024w, https:\/\/i0.wp.com\/www.ellensailing.se\/wp-content\/uploads\/2015\/07\/DSC_0043.jpg?resize=300%2C199&amp;ssl=1 300w, https:\/\/i0.wp.com\/www.ellensailing.se\/wp-content\/uploads\/2015\/07\/DSC_0043.jpg?w=1680&amp;ssl=1 1680w, https:\/\/i0.wp.com\/www.ellensailing.se\/wp-content\/uploads\/2015\/07\/DSC_0043.jpg?w=2520&amp;ssl=1 2520w\" sizes=\"(max-width: 680px) 100vw, 680px\" \/><\/a><figcaption id=\"caption-attachment-488\" class=\"wp-caption-text\">Vy fr\u00e5n ett kyrktorn<\/figcaption><\/figure>\n<figure id=\"attachment_486\" aria-describedby=\"caption-attachment-486\" style=\"width: 680px\" class=\"wp-caption aligncenter\"><a href=\"https:\/\/i0.wp.com\/www.ellensailing.se\/wp-content\/uploads\/2015\/07\/DSC_0004.jpg?ssl=1\"><img data-recalc-dims=\"1\" decoding=\"async\" class=\"wp-image-486 size-large\" src=\"https:\/\/i0.wp.com\/www.ellensailing.se\/wp-content\/uploads\/2015\/07\/DSC_0004.jpg?resize=680%2C452&#038;ssl=1\" alt=\"Bj\u00f6rn k\u00f6r en bland\u00f6l\" width=\"680\" height=\"452\" srcset=\"https:\/\/i0.wp.com\/www.ellensailing.se\/wp-content\/uploads\/2015\/07\/DSC_0004.jpg?resize=1024%2C680&amp;ssl=1 1024w, https:\/\/i0.wp.com\/www.ellensailing.se\/wp-content\/uploads\/2015\/07\/DSC_0004.jpg?resize=300%2C199&amp;ssl=1 300w, https:\/\/i0.wp.com\/www.ellensailing.se\/wp-content\/uploads\/2015\/07\/DSC_0004.jpg?w=1680&amp;ssl=1 1680w, https:\/\/i0.wp.com\/www.ellensailing.se\/wp-content\/uploads\/2015\/07\/DSC_0004.jpg?w=2520&amp;ssl=1 2520w\" sizes=\"(max-width: 680px) 100vw, 680px\" \/><\/a><figcaption id=\"caption-attachment-486\" class=\"wp-caption-text\">Bj\u00f6rn k\u00f6r en bland\u00f6l<\/figcaption><\/figure>\n<figure id=\"attachment_487\" aria-describedby=\"caption-attachment-487\" style=\"width: 680px\" class=\"wp-caption aligncenter\"><a href=\"https:\/\/i0.wp.com\/www.ellensailing.se\/wp-content\/uploads\/2015\/07\/DSC_0027-e1436374294277.jpg?ssl=1\"><img data-recalc-dims=\"1\" decoding=\"async\" class=\"wp-image-487 size-large\" src=\"https:\/\/i0.wp.com\/www.ellensailing.se\/wp-content\/uploads\/2015\/07\/DSC_0027-e1436374294277-680x1024.jpg?resize=680%2C1024&#038;ssl=1\" alt=\"DSC_0027\" width=\"680\" height=\"1024\" srcset=\"https:\/\/i0.wp.com\/www.ellensailing.se\/wp-content\/uploads\/2015\/07\/DSC_0027-e1436374294277.jpg?resize=680%2C1024&amp;ssl=1 680w, https:\/\/i0.wp.com\/www.ellensailing.se\/wp-content\/uploads\/2015\/07\/DSC_0027-e1436374294277.jpg?resize=199%2C300&amp;ssl=1 199w, https:\/\/i0.wp.com\/www.ellensailing.se\/wp-content\/uploads\/2015\/07\/DSC_0027-e1436374294277.jpg?w=1680&amp;ssl=1 1680w, https:\/\/i0.wp.com\/www.ellensailing.se\/wp-content\/uploads\/2015\/07\/DSC_0027-e1436374294277.jpg?w=2520&amp;ssl=1 2520w\" sizes=\"(max-width: 680px) 100vw, 680px\" \/><\/a><figcaption id=\"caption-attachment-487\" class=\"wp-caption-text\">En kuslig bild!<\/figcaption><\/figure>\n<p>&nbsp;<\/p>\n<p>&nbsp;<\/p>\n","protected":false},"excerpt":{"rendered":"<p>Idag har det varit en stillaliggar dag. B\u00f6rjade med lite sovmorgon f\u00f6r att sedan g\u00f6ra en stadsvandring i Szczecin. Det[&#8230;]<\/p>\n","protected":false},"author":1,"featured_media":485,"comment_status":"open","ping_status":"open","sticky":false,"template":"","format":"standard","meta":{"_jetpack_newsletter_access":"","_jetpack_dont_email_post_to_subs":false,"_jetpack_newsletter_tier_id":0,"_jetpack_memberships_contains_paywalled_content":false,"_jetpack_feature_clip_id":0,"_jetpack_memberships_contains_paid_content":false,"footnotes":"","jetpack_publicize_message":"","jetpack_publicize_feature_enabled":true,"jetpack_social_post_already_shared":true,"jetpack_social_options":{"image_generator_settings":{"template":"highway","default_image_id":0,"font":"","enabled":false},"version":2},"jetpack_post_was_ever_published":false},"categories":[4],"tags":[],"class_list":["post-484","post","type-post","status-publish","format-standard","has-post-thumbnail","hentry","category-sommar-2015"],"jetpack_publicize_connections":[],"jetpack_featured_media_url":"https:\/\/i0.wp.com\/www.ellensailing.se\/wp-content\/uploads\/2015\/07\/DSC_1016-e1436374503479.jpg?fit=2848%2C4288&ssl=1","jetpack_sharing_enabled":true,"jetpack_shortlink":"https:\/\/wp.me\/p5G68R-7O","jetpack-related-posts":[{"id":1329,"url":"https:\/\/www.ellensailing.se\/?p=1329","url_meta":{"origin":484,"position":0},"title":"Vilken mareld vi haft i natt!","author":"peter@ellensailing.se","date":"23 september, 2017","format":false,"excerpt":"Mareld i kombination med delfiner \u00e4r s\u00e5 h\u00e4ftigt. Vet inte om delfinerna gillar ljudet av v\u00e5r Watt&Sea men de har f\u00f6ljt oss hela natten. De har hoppat, varit bakom, framf\u00f6r och \u00f6verallt och de har varit som streck med hj\u00e4lp av marelden. S\u00e5 himla h\u00e4ftigt. Tyv\u00e4rr har jag f\u00f6rs\u00f6kt fota\u2026","rel":"","context":"I \u201dH\u00f6st 2017 till Grand Canrias.\u201d","block_context":{"text":"H\u00f6st 2017 till Grand Canrias.","link":"https:\/\/www.ellensailing.se\/?cat=22"},"img":{"alt_text":"","src":"https:\/\/i0.wp.com\/www.ellensailing.se\/wp-content\/uploads\/2017\/09\/DSC2916.jpg?fit=1200%2C802&ssl=1&resize=350%2C200","width":350,"height":200,"srcset":"https:\/\/i0.wp.com\/www.ellensailing.se\/wp-content\/uploads\/2017\/09\/DSC2916.jpg?fit=1200%2C802&ssl=1&resize=350%2C200 1x, https:\/\/i0.wp.com\/www.ellensailing.se\/wp-content\/uploads\/2017\/09\/DSC2916.jpg?fit=1200%2C802&ssl=1&resize=525%2C300 1.5x, https:\/\/i0.wp.com\/www.ellensailing.se\/wp-content\/uploads\/2017\/09\/DSC2916.jpg?fit=1200%2C802&ssl=1&resize=700%2C400 2x, https:\/\/i0.wp.com\/www.ellensailing.se\/wp-content\/uploads\/2017\/09\/DSC2916.jpg?fit=1200%2C802&ssl=1&resize=1050%2C600 3x"},"classes":[]},{"id":1408,"url":"https:\/\/www.ellensailing.se\/?p=1408","url_meta":{"origin":484,"position":1},"title":"Fina dagar p\u00e5 Graciosa, nu v\u00e4ntar Arrecife","author":"peter@ellensailing.se","date":"11 oktober, 2017","format":false,"excerpt":"Det har har varit sk\u00f6na dagar p\u00e5 Isla Graciosa. Alla man pratat med tycker det \u00e4r en p\u00e4rla p\u00e5 jorden och det \u00e4r bara att inst\u00e4mma. Sk\u00f6n st\u00e4mning p\u00e5 \u00f6n mellan b\u00e5tarna. Synd bara att det kommer in b\u00e5tar med badande g\u00e4ster men som tur \u00e4r serveras lunch vid tv\u00e5\u2026","rel":"","context":"I \u201dH\u00f6st 2017 till Grand Canrias.\u201d","block_context":{"text":"H\u00f6st 2017 till Grand Canrias.","link":"https:\/\/www.ellensailing.se\/?cat=22"},"img":{"alt_text":"","src":"https:\/\/i0.wp.com\/www.ellensailing.se\/wp-content\/uploads\/2017\/10\/IMG_0110.jpg?fit=1200%2C900&ssl=1&resize=350%2C200","width":350,"height":200,"srcset":"https:\/\/i0.wp.com\/www.ellensailing.se\/wp-content\/uploads\/2017\/10\/IMG_0110.jpg?fit=1200%2C900&ssl=1&resize=350%2C200 1x, https:\/\/i0.wp.com\/www.ellensailing.se\/wp-content\/uploads\/2017\/10\/IMG_0110.jpg?fit=1200%2C900&ssl=1&resize=525%2C300 1.5x, https:\/\/i0.wp.com\/www.ellensailing.se\/wp-content\/uploads\/2017\/10\/IMG_0110.jpg?fit=1200%2C900&ssl=1&resize=700%2C400 2x, https:\/\/i0.wp.com\/www.ellensailing.se\/wp-content\/uploads\/2017\/10\/IMG_0110.jpg?fit=1200%2C900&ssl=1&resize=1050%2C600 3x"},"classes":[]},{"id":1454,"url":"https:\/\/www.ellensailing.se\/?p=1454","url_meta":{"origin":484,"position":2},"title":"Nytt bes\u00f6k p\u00e5 b\u00e5ten!","author":"peter@ellensailing.se","date":"20 oktober, 2017","format":false,"excerpt":"H\u00e4rom dagen fick vi bes\u00f6k av Anders S\u00f6derberg p\u00e5 b\u00e5ten. Han fl\u00f6g till Teneriffa och h\u00e4mtades upp i Santa Cruz. Det blev ett dygn i huvudstaden. Kul att tr\u00e4ffa Think Twice och Engla. Vi hade lite SOS i Think Twice och efter middag gick vi alla till en bar och\u2026","rel":"","context":"I \u201dH\u00f6st 2017 till Grand Canrias.\u201d","block_context":{"text":"H\u00f6st 2017 till Grand Canrias.","link":"https:\/\/www.ellensailing.se\/?cat=22"},"img":{"alt_text":"","src":"https:\/\/i0.wp.com\/www.ellensailing.se\/wp-content\/uploads\/2017\/10\/IMG_6197.jpg?fit=480%2C640&ssl=1&resize=350%2C200","width":350,"height":200},"classes":[]},{"id":1799,"url":"https:\/\/www.ellensailing.se\/?p=1799","url_meta":{"origin":484,"position":3},"title":"Video som kommer ge rysningar i kroppen f\u00f6r en del!","author":"peter@ellensailing.se","date":"28 januari, 2018","format":false,"excerpt":"Tack Conny och Carina f\u00f6r att ni spelat in v\u00e5ra samtal med finishline i Rodney Bay n\u00e4r vi gick i m\u00e5l f\u00f6r ARC. Det kommer ge st\u00e5p\u00e4ls f\u00f6r m\u00e5nga. Har klippt ihop lite bilder som h\u00f6r ihop med det. K\u00e4nns h\u00e4rligt efter 20 och en halv dag p\u00e5 havet att\u2026","rel":"","context":"I \u201dARC 2017\u201d","block_context":{"text":"ARC 2017","link":"https:\/\/www.ellensailing.se\/?cat=23"},"img":{"alt_text":"","src":"https:\/\/i0.wp.com\/www.ellensailing.se\/wp-content\/uploads\/2018\/01\/A4CF63C4-D430-4733-9B3C-12E204471ECA.jpeg?fit=1200%2C800&ssl=1&resize=350%2C200","width":350,"height":200,"srcset":"https:\/\/i0.wp.com\/www.ellensailing.se\/wp-content\/uploads\/2018\/01\/A4CF63C4-D430-4733-9B3C-12E204471ECA.jpeg?fit=1200%2C800&ssl=1&resize=350%2C200 1x, https:\/\/i0.wp.com\/www.ellensailing.se\/wp-content\/uploads\/2018\/01\/A4CF63C4-D430-4733-9B3C-12E204471ECA.jpeg?fit=1200%2C800&ssl=1&resize=525%2C300 1.5x, https:\/\/i0.wp.com\/www.ellensailing.se\/wp-content\/uploads\/2018\/01\/A4CF63C4-D430-4733-9B3C-12E204471ECA.jpeg?fit=1200%2C800&ssl=1&resize=700%2C400 2x, https:\/\/i0.wp.com\/www.ellensailing.se\/wp-content\/uploads\/2018\/01\/A4CF63C4-D430-4733-9B3C-12E204471ECA.jpeg?fit=1200%2C800&ssl=1&resize=1050%2C600 3x"},"classes":[]},{"id":1839,"url":"https:\/\/www.ellensailing.se\/?p=1839","url_meta":{"origin":484,"position":4},"title":"Karneval i Pointe a Pitre","author":"peter@ellensailing.se","date":"12 februari, 2018","format":false,"excerpt":"I en vecka har det varit karneval i Guadeloupe och ig\u00e5r var vi in och kikade. Mycket folk och h\u00f6g volym. Vi skall \u00e4ven in idag f\u00f6r att kika. Gjorde en liten film fr\u00e5n ig\u00e5r. [Spider_Video_Player id=\"11\"]","rel":"","context":"I \u201dV\u00e4stindien 2017-2018\u201d","block_context":{"text":"V\u00e4stindien 2017-2018","link":"https:\/\/www.ellensailing.se\/?cat=24"},"img":{"alt_text":"","src":"https:\/\/i0.wp.com\/www.ellensailing.se\/wp-content\/uploads\/2018\/02\/A7A54062-1AF6-41FA-9206-6E6A19313041.jpeg?fit=1200%2C900&ssl=1&resize=350%2C200","width":350,"height":200,"srcset":"https:\/\/i0.wp.com\/www.ellensailing.se\/wp-content\/uploads\/2018\/02\/A7A54062-1AF6-41FA-9206-6E6A19313041.jpeg?fit=1200%2C900&ssl=1&resize=350%2C200 1x, https:\/\/i0.wp.com\/www.ellensailing.se\/wp-content\/uploads\/2018\/02\/A7A54062-1AF6-41FA-9206-6E6A19313041.jpeg?fit=1200%2C900&ssl=1&resize=525%2C300 1.5x, https:\/\/i0.wp.com\/www.ellensailing.se\/wp-content\/uploads\/2018\/02\/A7A54062-1AF6-41FA-9206-6E6A19313041.jpeg?fit=1200%2C900&ssl=1&resize=700%2C400 2x, https:\/\/i0.wp.com\/www.ellensailing.se\/wp-content\/uploads\/2018\/02\/A7A54062-1AF6-41FA-9206-6E6A19313041.jpeg?fit=1200%2C900&ssl=1&resize=1050%2C600 3x"},"classes":[]},{"id":1144,"url":"https:\/\/www.ellensailing.se\/?p=1144","url_meta":{"origin":484,"position":5},"title":"Provat att g\u00f6ra en liten filmsnutt","author":"peter@ellensailing.se","date":"4 juli, 2017","format":false,"excerpt":"I Imovie. Det var l\u00e4nge sedan man gjorde n\u00e5got s\u00e5dant och d\u00e5 var det i ett enklare program. Men man m\u00e5ste ju l\u00e4ra sig iaf. [Spider_Video_Player id=\"3\"] \u00a0 \u00a0 \u00a0","rel":"","context":"I \u201dSommar 2017\u201d","block_context":{"text":"Sommar 2017","link":"https:\/\/www.ellensailing.se\/?cat=21"},"img":{"alt_text":"","src":"https:\/\/i0.wp.com\/www.ellensailing.se\/wp-content\/uploads\/2017\/07\/DSC2018-1.jpg?fit=1200%2C802&ssl=1&resize=350%2C200","width":350,"height":200,"srcset":"https:\/\/i0.wp.com\/www.ellensailing.se\/wp-content\/uploads\/2017\/07\/DSC2018-1.jpg?fit=1200%2C802&ssl=1&resize=350%2C200 1x, https:\/\/i0.wp.com\/www.ellensailing.se\/wp-content\/uploads\/2017\/07\/DSC2018-1.jpg?fit=1200%2C802&ssl=1&resize=525%2C300 1.5x, https:\/\/i0.wp.com\/www.ellensailing.se\/wp-content\/uploads\/2017\/07\/DSC2018-1.jpg?fit=1200%2C802&ssl=1&resize=700%2C400 2x, https:\/\/i0.wp.com\/www.ellensailing.se\/wp-content\/uploads\/2017\/07\/DSC2018-1.jpg?fit=1200%2C802&ssl=1&resize=1050%2C600 3x"},"classes":[]}],"jetpack_likes_enabled":true,"_links":{"self":[{"href":"https:\/\/www.ellensailing.se\/index.php?rest_route=\/wp\/v2\/posts\/484","targetHints":{"allow":["GET"]}}],"collection":[{"href":"https:\/\/www.ellensailing.se\/index.php?rest_route=\/wp\/v2\/posts"}],"about":[{"href":"https:\/\/www.ellensailing.se\/index.php?rest_route=\/wp\/v2\/types\/post"}],"author":[{"embeddable":true,"href":"https:\/\/www.ellensailing.se\/index.php?rest_route=\/wp\/v2\/users\/1"}],"replies":[{"embeddable":true,"href":"https:\/\/www.ellensailing.se\/index.php?rest_route=%2Fwp%2Fv2%2Fcomments&post=484"}],"version-history":[{"count":1,"href":"https:\/\/www.ellensailing.se\/index.php?rest_route=\/wp\/v2\/posts\/484\/revisions"}],"predecessor-version":[{"id":489,"href":"https:\/\/www.ellensailing.se\/index.php?rest_route=\/wp\/v2\/posts\/484\/revisions\/489"}],"wp:featuredmedia":[{"embeddable":true,"href":"https:\/\/www.ellensailing.se\/index.php?rest_route=\/wp\/v2\/media\/485"}],"wp:attachment":[{"href":"https:\/\/www.ellensailing.se\/index.php?rest_route=%2Fwp%2Fv2%2Fmedia&parent=484"}],"wp:term":[{"taxonomy":"category","embeddable":true,"href":"https:\/\/www.ellensailing.se\/index.php?rest_route=%2Fwp%2Fv2%2Fcategories&post=484"},{"taxonomy":"post_tag","embeddable":true,"href":"https:\/\/www.ellensailing.se\/index.php?rest_route=%2Fwp%2Fv2%2Ftags&post=484"}],"curies":[{"name":"wp","href":"https:\/\/api.w.org\/{rel}","templated":true}]}}