{"id":474,"date":"2015-07-07T14:06:35","date_gmt":"2015-07-07T12:06:35","guid":{"rendered":"https:\/\/www.ellensailing.se\/?p=474"},"modified":"2015-07-07T14:06:35","modified_gmt":"2015-07-07T12:06:35","slug":"swinoujscie-nu-har-vi-kommit-till-tredje-landet","status":"publish","type":"post","link":"https:\/\/www.ellensailing.se\/?p=474","title":{"rendered":"Swinoujscie, nu har vi kommit till tredje landet."},"content":{"rendered":"<p>Prognosen var ganska dyster n\u00e4r vi l\u00e5g p\u00e5 Ruden. Mitt p\u00e5 natten b\u00f6rjade det bl\u00e5sa utav h-vete. P\u00e5 morgonen s\u00e5 skulle det dessutom tillta. Riktiningen var det inget fel p\u00e5 n\u00e4r vi skulle till Polen. Vi best\u00e4mde att vi skulle dra iv\u00e4g f\u00f6r att inte ligga inbl\u00e5sta p\u00e5 en liten h\u00e5la. Sagt och gjort s\u00e5 gick vi iv\u00e4g. Bl\u00e5sten var nu mellan 11-14 m\/s men i ryggen. Det blev en j\u00e4tteh\u00e4rlig segling ner till Swinoujscie. Det \u00e4r inte mer \u00e4n 30 distans mellan Ruden och Swinoujscie. I hamnen var det v\u00e4ldigt v\u00e4lordnat och snyggt. Blir lite impad av Polen faktiskt.<\/p>\n<figure id=\"attachment_475\" aria-describedby=\"caption-attachment-475\" style=\"width: 680px\" class=\"wp-caption aligncenter\"><a href=\"https:\/\/i0.wp.com\/www.ellensailing.se\/wp-content\/uploads\/2015\/07\/DSC_09471.jpg?ssl=1\"><img data-recalc-dims=\"1\" fetchpriority=\"high\" decoding=\"async\" class=\"wp-image-475 size-large\" src=\"https:\/\/i0.wp.com\/www.ellensailing.se\/wp-content\/uploads\/2015\/07\/DSC_09471.jpg?resize=680%2C452&#038;ssl=1\" alt=\"DSC_0947\" width=\"680\" height=\"452\" srcset=\"https:\/\/i0.wp.com\/www.ellensailing.se\/wp-content\/uploads\/2015\/07\/DSC_09471.jpg?resize=1024%2C680&amp;ssl=1 1024w, https:\/\/i0.wp.com\/www.ellensailing.se\/wp-content\/uploads\/2015\/07\/DSC_09471.jpg?resize=300%2C199&amp;ssl=1 300w, https:\/\/i0.wp.com\/www.ellensailing.se\/wp-content\/uploads\/2015\/07\/DSC_09471.jpg?w=1680&amp;ssl=1 1680w, https:\/\/i0.wp.com\/www.ellensailing.se\/wp-content\/uploads\/2015\/07\/DSC_09471.jpg?w=2520&amp;ssl=1 2520w\" sizes=\"(max-width: 680px) 100vw, 680px\" \/><\/a><figcaption id=\"caption-attachment-475\" class=\"wp-caption-text\">Jackie vann dagens t\u00e4vling med 12,9 knop.<\/figcaption><\/figure>\n<figure id=\"attachment_476\" aria-describedby=\"caption-attachment-476\" style=\"width: 680px\" class=\"wp-caption aligncenter\"><a href=\"https:\/\/i0.wp.com\/www.ellensailing.se\/wp-content\/uploads\/2015\/07\/DSC_09521.jpg?ssl=1\"><img data-recalc-dims=\"1\" decoding=\"async\" class=\"wp-image-476 size-large\" src=\"https:\/\/i0.wp.com\/www.ellensailing.se\/wp-content\/uploads\/2015\/07\/DSC_09521.jpg?resize=680%2C452&#038;ssl=1\" alt=\"DSC_0952\" width=\"680\" height=\"452\" srcset=\"https:\/\/i0.wp.com\/www.ellensailing.se\/wp-content\/uploads\/2015\/07\/DSC_09521.jpg?resize=1024%2C680&amp;ssl=1 1024w, https:\/\/i0.wp.com\/www.ellensailing.se\/wp-content\/uploads\/2015\/07\/DSC_09521.jpg?resize=300%2C199&amp;ssl=1 300w, https:\/\/i0.wp.com\/www.ellensailing.se\/wp-content\/uploads\/2015\/07\/DSC_09521.jpg?w=1680&amp;ssl=1 1680w, https:\/\/i0.wp.com\/www.ellensailing.se\/wp-content\/uploads\/2015\/07\/DSC_09521.jpg?w=2520&amp;ssl=1 2520w\" sizes=\"(max-width: 680px) 100vw, 680px\" \/><\/a><figcaption id=\"caption-attachment-476\" class=\"wp-caption-text\">Jag kom bara upp i 12,4 knop&#8230;<\/figcaption><\/figure>\n","protected":false},"excerpt":{"rendered":"<p>Prognosen var ganska dyster n\u00e4r vi l\u00e5g p\u00e5 Ruden. Mitt p\u00e5 natten b\u00f6rjade det bl\u00e5sa utav h-vete. P\u00e5 morgonen s\u00e5[&#8230;]<\/p>\n","protected":false},"author":1,"featured_media":475,"comment_status":"open","ping_status":"open","sticky":false,"template":"","format":"standard","meta":{"_jetpack_newsletter_access":"","_jetpack_dont_email_post_to_subs":false,"_jetpack_newsletter_tier_id":0,"_jetpack_memberships_contains_paywalled_content":false,"_jetpack_feature_clip_id":0,"_jetpack_memberships_contains_paid_content":false,"footnotes":"","jetpack_publicize_message":"","jetpack_publicize_feature_enabled":true,"jetpack_social_post_already_shared":true,"jetpack_social_options":{"image_generator_settings":{"template":"highway","default_image_id":0,"font":"","enabled":false},"version":2},"jetpack_post_was_ever_published":false},"categories":[4],"tags":[],"class_list":["post-474","post","type-post","status-publish","format-standard","has-post-thumbnail","hentry","category-sommar-2015"],"jetpack_publicize_connections":[],"jetpack_featured_media_url":"https:\/\/i0.wp.com\/www.ellensailing.se\/wp-content\/uploads\/2015\/07\/DSC_09471.jpg?fit=4288%2C2848&ssl=1","jetpack_sharing_enabled":true,"jetpack_shortlink":"https:\/\/wp.me\/p5G68R-7E","jetpack-related-posts":[{"id":468,"url":"https:\/\/www.ellensailing.se\/?p=468","url_meta":{"origin":474,"position":0},"title":"Ruden, en liten \u00f6 som varit lotsstation och milit\u00e4rbas","author":"peter@ellensailing.se","date":"7 juli, 2015","format":false,"excerpt":"Det var h\u00e4ftigt efter Stralslund n\u00e4r vi g\u00e5tt genom bron. Alla satte n\u00e4stan segel och seglade p\u00e5 kanalen. En h\u00e4ftig syn d\u00e5 vi s\u00e4kert var trettio b\u00e5tar som gick igenom samtidigt. Think Twice k\u00f6rde h\u00e5rt direkt med genakern. Ruden ligger l\u00e4ngst ut i den \"insj\u00f6\" som \u00e4r s\u00f6der om R\u00fbggen.\u2026","rel":"","context":"I \u201dSommar 2015\u201d","block_context":{"text":"Sommar 2015","link":"https:\/\/www.ellensailing.se\/?cat=4"},"img":{"alt_text":"","src":"https:\/\/i0.wp.com\/www.ellensailing.se\/wp-content\/uploads\/2015\/07\/DSC_0935.jpg?fit=1200%2C797&ssl=1&resize=350%2C200","width":350,"height":200,"srcset":"https:\/\/i0.wp.com\/www.ellensailing.se\/wp-content\/uploads\/2015\/07\/DSC_0935.jpg?fit=1200%2C797&ssl=1&resize=350%2C200 1x, https:\/\/i0.wp.com\/www.ellensailing.se\/wp-content\/uploads\/2015\/07\/DSC_0935.jpg?fit=1200%2C797&ssl=1&resize=525%2C300 1.5x, https:\/\/i0.wp.com\/www.ellensailing.se\/wp-content\/uploads\/2015\/07\/DSC_0935.jpg?fit=1200%2C797&ssl=1&resize=700%2C400 2x, https:\/\/i0.wp.com\/www.ellensailing.se\/wp-content\/uploads\/2015\/07\/DSC_0935.jpg?fit=1200%2C797&ssl=1&resize=1050%2C600 3x"},"classes":[]},{"id":680,"url":"https:\/\/www.ellensailing.se\/?p=680","url_meta":{"origin":474,"position":1},"title":"H\u00e4rliga seglingsbilder fr\u00e5n i somras!","author":"peter@ellensailing.se","date":"16 november, 2015","format":false,"excerpt":"Tack Janne och Christina f\u00f6r den trevliga middagen i l\u00f6rdags! Kul att se och f\u00e5 bilder p\u00e5 den h\u00e4rliga tid vi hade tillsammans n\u00e4r vi seglade till Polen via Tyskland. Man blir glad att se s\u00e5 underbart vi hade det. Polen levererade verkligen. Ni som \u00e4nnu inte har seglat dit\u2026","rel":"","context":"I \u201dSommar 2015\u201d","block_context":{"text":"Sommar 2015","link":"https:\/\/www.ellensailing.se\/?cat=4"},"img":{"alt_text":"","src":"https:\/\/i0.wp.com\/www.ellensailing.se\/wp-content\/uploads\/2015\/11\/DSC02044.jpg?fit=1200%2C800&ssl=1&resize=350%2C200","width":350,"height":200,"srcset":"https:\/\/i0.wp.com\/www.ellensailing.se\/wp-content\/uploads\/2015\/11\/DSC02044.jpg?fit=1200%2C800&ssl=1&resize=350%2C200 1x, https:\/\/i0.wp.com\/www.ellensailing.se\/wp-content\/uploads\/2015\/11\/DSC02044.jpg?fit=1200%2C800&ssl=1&resize=525%2C300 1.5x, https:\/\/i0.wp.com\/www.ellensailing.se\/wp-content\/uploads\/2015\/11\/DSC02044.jpg?fit=1200%2C800&ssl=1&resize=700%2C400 2x, https:\/\/i0.wp.com\/www.ellensailing.se\/wp-content\/uploads\/2015\/11\/DSC02044.jpg?fit=1200%2C800&ssl=1&resize=1050%2C600 3x"},"classes":[]},{"id":499,"url":"https:\/\/www.ellensailing.se\/?p=499","url_meta":{"origin":474,"position":2},"title":"Stillaliggardag i Darlowo","author":"peter@ellensailing.se","date":"13 juli, 2015","format":false,"excerpt":"Det var ett tag sedan vi bloggade men det har varit full rulle. Vi seglade fr\u00e5n Swinoujscie till Kolberg! Inte s\u00e4rkilt mycket vind men det puffade p\u00e5 en d\u00e5. Det var ca 30 Nm dit. N\u00e4r vi kom dit s\u00e5 ins\u00e5g vi att hamnen var mycket tr\u00e5ng. Ellen hittade d\u00e5\u2026","rel":"","context":"I \u201dSommar 2015\u201d","block_context":{"text":"Sommar 2015","link":"https:\/\/www.ellensailing.se\/?cat=4"},"img":{"alt_text":"","src":"https:\/\/i0.wp.com\/www.ellensailing.se\/wp-content\/uploads\/2015\/07\/DSC_0109-e1436803049868.jpg?fit=797%2C1200&ssl=1&resize=350%2C200","width":350,"height":200,"srcset":"https:\/\/i0.wp.com\/www.ellensailing.se\/wp-content\/uploads\/2015\/07\/DSC_0109-e1436803049868.jpg?fit=797%2C1200&ssl=1&resize=350%2C200 1x, https:\/\/i0.wp.com\/www.ellensailing.se\/wp-content\/uploads\/2015\/07\/DSC_0109-e1436803049868.jpg?fit=797%2C1200&ssl=1&resize=525%2C300 1.5x, https:\/\/i0.wp.com\/www.ellensailing.se\/wp-content\/uploads\/2015\/07\/DSC_0109-e1436803049868.jpg?fit=797%2C1200&ssl=1&resize=700%2C400 2x"},"classes":[]},{"id":508,"url":"https:\/\/www.ellensailing.se\/?p=508","url_meta":{"origin":474,"position":3},"title":"Alla bra hamnar har priatskepp, fr\u00e5gan \u00e4r bara hur m\u00e5nga&#8230;","author":"peter@ellensailing.se","date":"16 juli, 2015","format":false,"excerpt":"Man kan skoja om mycket men jag m\u00e5ste s\u00e4ga att Polen \u00e4r helt fantastiskt. Billigt och trevliga m\u00e4nniskor.\u00a0 Det \u00e4r dock inte alltid man f\u00f6rst\u00e5r varandra. Det som \u00e4r konstigt \u00e4r att det inte \u00e4r fler turister h\u00e4r som har f\u00f6rmodligen v\u00e4rldens st\u00f6rsta plaja. Det \u00e4r n\u00e4stan inga fr\u00e5n utlandet\u2026","rel":"","context":"I \u201dSommar 2015\u201d","block_context":{"text":"Sommar 2015","link":"https:\/\/www.ellensailing.se\/?cat=4"},"img":{"alt_text":"","src":"https:\/\/i0.wp.com\/www.ellensailing.se\/wp-content\/uploads\/2015\/07\/DSC_0199.jpg?fit=1200%2C797&ssl=1&resize=350%2C200","width":350,"height":200,"srcset":"https:\/\/i0.wp.com\/www.ellensailing.se\/wp-content\/uploads\/2015\/07\/DSC_0199.jpg?fit=1200%2C797&ssl=1&resize=350%2C200 1x, https:\/\/i0.wp.com\/www.ellensailing.se\/wp-content\/uploads\/2015\/07\/DSC_0199.jpg?fit=1200%2C797&ssl=1&resize=525%2C300 1.5x, https:\/\/i0.wp.com\/www.ellensailing.se\/wp-content\/uploads\/2015\/07\/DSC_0199.jpg?fit=1200%2C797&ssl=1&resize=700%2C400 2x, https:\/\/i0.wp.com\/www.ellensailing.se\/wp-content\/uploads\/2015\/07\/DSC_0199.jpg?fit=1200%2C797&ssl=1&resize=1050%2C600 3x"},"classes":[]},{"id":1741,"url":"https:\/\/www.ellensailing.se\/?p=1741","url_meta":{"origin":474,"position":4},"title":"Martinique bjuder p\u00e5 mycket","author":"peter@ellensailing.se","date":"20 januari, 2018","format":false,"excerpt":"Vi seglade till Martinique efter vi vinkat av World ARC en. Det var en fin segling men inte s\u00e5 l\u00e5ngt. Vi har legat b\u00e5de i Le Marin och utanf\u00f6r p\u00e5 ett st\u00e4lle som heter St:Anne. Ute p\u00e5 St:Anne kan man bada och g\u00f6ra vatten s\u00e5 det \u00e4r bra. Vi hyrde\u2026","rel":"","context":"I \u201dV\u00e4stindien 2017-2018\u201d","block_context":{"text":"V\u00e4stindien 2017-2018","link":"https:\/\/www.ellensailing.se\/?cat=24"},"img":{"alt_text":"","src":"https:\/\/i0.wp.com\/www.ellensailing.se\/wp-content\/uploads\/2018\/01\/DSC6057.jpg?fit=1200%2C802&ssl=1&resize=350%2C200","width":350,"height":200,"srcset":"https:\/\/i0.wp.com\/www.ellensailing.se\/wp-content\/uploads\/2018\/01\/DSC6057.jpg?fit=1200%2C802&ssl=1&resize=350%2C200 1x, https:\/\/i0.wp.com\/www.ellensailing.se\/wp-content\/uploads\/2018\/01\/DSC6057.jpg?fit=1200%2C802&ssl=1&resize=525%2C300 1.5x, https:\/\/i0.wp.com\/www.ellensailing.se\/wp-content\/uploads\/2018\/01\/DSC6057.jpg?fit=1200%2C802&ssl=1&resize=700%2C400 2x, https:\/\/i0.wp.com\/www.ellensailing.se\/wp-content\/uploads\/2018\/01\/DSC6057.jpg?fit=1200%2C802&ssl=1&resize=1050%2C600 3x"},"classes":[]},{"id":3390,"url":"https:\/\/www.ellensailing.se\/?p=3390","url_meta":{"origin":474,"position":5},"title":"Forts\u00e4ttning p\u00e5 Estland","author":"peter@ellensailing.se","date":"17 juli, 2023","format":false,"excerpt":"P\u00e5 s\u00f6ndagen s\u00e5 seglade vi iv\u00e4g fr\u00e5n Tallin. Skulle vara lite mer SO vilket gjorde att vi kunde str\u00e4cka till Dirhami. Det \u00e4r en bit emellan s\u00e5 42 NM blev det. Vi m\u00f6tte Mats Victorin med familj med deras Pogo 36 Det var en fin marina Dirhami men n\u00e4r man\u2026","rel":"","context":"I \u201dSegling 2023\u201d","block_context":{"text":"Segling 2023","link":"https:\/\/www.ellensailing.se\/?cat=31"},"img":{"alt_text":"","src":"https:\/\/i0.wp.com\/www.ellensailing.se\/wp-content\/uploads\/2023\/07\/img_2889-scaled.jpg?fit=1200%2C900&ssl=1&resize=350%2C200","width":350,"height":200,"srcset":"https:\/\/i0.wp.com\/www.ellensailing.se\/wp-content\/uploads\/2023\/07\/img_2889-scaled.jpg?fit=1200%2C900&ssl=1&resize=350%2C200 1x, https:\/\/i0.wp.com\/www.ellensailing.se\/wp-content\/uploads\/2023\/07\/img_2889-scaled.jpg?fit=1200%2C900&ssl=1&resize=525%2C300 1.5x, https:\/\/i0.wp.com\/www.ellensailing.se\/wp-content\/uploads\/2023\/07\/img_2889-scaled.jpg?fit=1200%2C900&ssl=1&resize=700%2C400 2x, https:\/\/i0.wp.com\/www.ellensailing.se\/wp-content\/uploads\/2023\/07\/img_2889-scaled.jpg?fit=1200%2C900&ssl=1&resize=1050%2C600 3x"},"classes":[]}],"jetpack_likes_enabled":true,"_links":{"self":[{"href":"https:\/\/www.ellensailing.se\/index.php?rest_route=\/wp\/v2\/posts\/474","targetHints":{"allow":["GET"]}}],"collection":[{"href":"https:\/\/www.ellensailing.se\/index.php?rest_route=\/wp\/v2\/posts"}],"about":[{"href":"https:\/\/www.ellensailing.se\/index.php?rest_route=\/wp\/v2\/types\/post"}],"author":[{"embeddable":true,"href":"https:\/\/www.ellensailing.se\/index.php?rest_route=\/wp\/v2\/users\/1"}],"replies":[{"embeddable":true,"href":"https:\/\/www.ellensailing.se\/index.php?rest_route=%2Fwp%2Fv2%2Fcomments&post=474"}],"version-history":[{"count":1,"href":"https:\/\/www.ellensailing.se\/index.php?rest_route=\/wp\/v2\/posts\/474\/revisions"}],"predecessor-version":[{"id":477,"href":"https:\/\/www.ellensailing.se\/index.php?rest_route=\/wp\/v2\/posts\/474\/revisions\/477"}],"wp:featuredmedia":[{"embeddable":true,"href":"https:\/\/www.ellensailing.se\/index.php?rest_route=\/wp\/v2\/media\/475"}],"wp:attachment":[{"href":"https:\/\/www.ellensailing.se\/index.php?rest_route=%2Fwp%2Fv2%2Fmedia&parent=474"}],"wp:term":[{"taxonomy":"category","embeddable":true,"href":"https:\/\/www.ellensailing.se\/index.php?rest_route=%2Fwp%2Fv2%2Fcategories&post=474"},{"taxonomy":"post_tag","embeddable":true,"href":"https:\/\/www.ellensailing.se\/index.php?rest_route=%2Fwp%2Fv2%2Ftags&post=474"}],"curies":[{"name":"wp","href":"https:\/\/api.w.org\/{rel}","templated":true}]}}