{"id":468,"date":"2015-07-07T13:57:42","date_gmt":"2015-07-07T11:57:42","guid":{"rendered":"https:\/\/www.ellensailing.se\/?p=468"},"modified":"2015-08-07T09:05:36","modified_gmt":"2015-08-07T07:05:36","slug":"ruden-en-liten-o-som-varit-lotestation-och-militarbas","status":"publish","type":"post","link":"https:\/\/www.ellensailing.se\/?p=468","title":{"rendered":"Ruden, en liten \u00f6 som varit lotsstation och milit\u00e4rbas"},"content":{"rendered":"<figure id=\"attachment_470\" aria-describedby=\"caption-attachment-470\" style=\"width: 1024px\" class=\"wp-caption aligncenter\"><a href=\"https:\/\/i0.wp.com\/www.ellensailing.se\/wp-content\/uploads\/2015\/07\/DSC_0935.jpg?ssl=1\"><img data-recalc-dims=\"1\" fetchpriority=\"high\" decoding=\"async\" class=\"wp-image-470 size-large\" src=\"https:\/\/i0.wp.com\/www.ellensailing.se\/wp-content\/uploads\/2015\/07\/DSC_0935.jpg?resize=840%2C558&#038;ssl=1\" alt=\"DSC_0935\" width=\"840\" height=\"558\" srcset=\"https:\/\/i0.wp.com\/www.ellensailing.se\/wp-content\/uploads\/2015\/07\/DSC_0935.jpg?resize=1024%2C680&amp;ssl=1 1024w, https:\/\/i0.wp.com\/www.ellensailing.se\/wp-content\/uploads\/2015\/07\/DSC_0935.jpg?resize=300%2C199&amp;ssl=1 300w, https:\/\/i0.wp.com\/www.ellensailing.se\/wp-content\/uploads\/2015\/07\/DSC_0935.jpg?w=1680&amp;ssl=1 1680w, https:\/\/i0.wp.com\/www.ellensailing.se\/wp-content\/uploads\/2015\/07\/DSC_0935.jpg?w=2520&amp;ssl=1 2520w\" sizes=\"(max-width: 840px) 100vw, 840px\" \/><\/a><figcaption id=\"caption-attachment-470\" class=\"wp-caption-text\">Ingen tr\u00e4ngsel p\u00e5 Ruden, en gammal milit\u00e4rbas.<\/figcaption><\/figure>\n<p>Det var h\u00e4ftigt efter Stralslund n\u00e4r vi g\u00e5tt genom bron. Alla satte n\u00e4stan segel och seglade p\u00e5 kanalen. En h\u00e4ftig syn d\u00e5 vi s\u00e4kert var trettio b\u00e5tar som gick igenom samtidigt. Think Twice k\u00f6rde h\u00e5rt direkt med genakern.<\/p>\n<figure id=\"attachment_469\" aria-describedby=\"caption-attachment-469\" style=\"width: 680px\" class=\"wp-caption aligncenter\"><a href=\"https:\/\/i0.wp.com\/www.ellensailing.se\/wp-content\/uploads\/2015\/07\/DSC_0894.jpg?ssl=1\"><img data-recalc-dims=\"1\" decoding=\"async\" class=\"wp-image-469 size-large\" src=\"https:\/\/i0.wp.com\/www.ellensailing.se\/wp-content\/uploads\/2015\/07\/DSC_0894-e1436269722706-680x1024.jpg?resize=680%2C1024&#038;ssl=1\" alt=\"DSC_0894\" width=\"680\" height=\"1024\" srcset=\"https:\/\/i0.wp.com\/www.ellensailing.se\/wp-content\/uploads\/2015\/07\/DSC_0894-e1436269722706.jpg?resize=680%2C1024&amp;ssl=1 680w, https:\/\/i0.wp.com\/www.ellensailing.se\/wp-content\/uploads\/2015\/07\/DSC_0894-e1436269722706.jpg?resize=199%2C300&amp;ssl=1 199w, https:\/\/i0.wp.com\/www.ellensailing.se\/wp-content\/uploads\/2015\/07\/DSC_0894-e1436269722706.jpg?w=1680&amp;ssl=1 1680w, https:\/\/i0.wp.com\/www.ellensailing.se\/wp-content\/uploads\/2015\/07\/DSC_0894-e1436269722706.jpg?w=2520&amp;ssl=1 2520w\" sizes=\"(max-width: 680px) 100vw, 680px\" \/><\/a><figcaption id=\"caption-attachment-469\" class=\"wp-caption-text\">Nya genakern!<\/figcaption><\/figure>\n<p>Ruden ligger l\u00e4ngst ut i den &#8221;insj\u00f6&#8221; som \u00e4r s\u00f6der om R\u00fbggen. Riktigt skyddat hamn men v\u00e4ldigt rostig och charmig. En lite dam bor d\u00e4r och g\u00e5r och h\u00e4mtar upp hamnavgiften p\u00e5 7 Euro. Hon \u00f6ppnar museet kl 9 s\u00e5 det var bara att g\u00e5 dit. Inte mycket att se men \u00e4nd\u00e5 intressant med tanke p\u00e5 att det var en av Tyskland utposter och d\u00e4r i n\u00e4rheten tillverkade man raketer som var t\u00e4nkta att skjutas upp fr\u00e5n Ruden.<\/p>\n<figure id=\"attachment_470\" aria-describedby=\"caption-attachment-470\" style=\"width: 680px\" class=\"wp-caption aligncenter\"><a href=\"https:\/\/i0.wp.com\/www.ellensailing.se\/wp-content\/uploads\/2015\/07\/DSC_0935.jpg?ssl=1\"><img data-recalc-dims=\"1\" decoding=\"async\" class=\"wp-image-470 size-large\" src=\"https:\/\/i0.wp.com\/www.ellensailing.se\/wp-content\/uploads\/2015\/07\/DSC_0935.jpg?resize=680%2C452&#038;ssl=1\" alt=\"DSC_0935\" width=\"680\" height=\"452\" srcset=\"https:\/\/i0.wp.com\/www.ellensailing.se\/wp-content\/uploads\/2015\/07\/DSC_0935.jpg?resize=1024%2C680&amp;ssl=1 1024w, https:\/\/i0.wp.com\/www.ellensailing.se\/wp-content\/uploads\/2015\/07\/DSC_0935.jpg?resize=300%2C199&amp;ssl=1 300w, https:\/\/i0.wp.com\/www.ellensailing.se\/wp-content\/uploads\/2015\/07\/DSC_0935.jpg?w=1680&amp;ssl=1 1680w, https:\/\/i0.wp.com\/www.ellensailing.se\/wp-content\/uploads\/2015\/07\/DSC_0935.jpg?w=2520&amp;ssl=1 2520w\" sizes=\"(max-width: 680px) 100vw, 680px\" \/><\/a><figcaption id=\"caption-attachment-470\" class=\"wp-caption-text\">Skyddad hamn men v\u00e4ldigt sliten. Finns inget att f\u00e5 h\u00e4r&#8230;<\/figcaption><\/figure>\n<figure id=\"attachment_471\" aria-describedby=\"caption-attachment-471\" style=\"width: 680px\" class=\"wp-caption aligncenter\"><a href=\"https:\/\/i0.wp.com\/www.ellensailing.se\/wp-content\/uploads\/2015\/07\/DSC_09371.jpg?ssl=1\"><img data-recalc-dims=\"1\" loading=\"lazy\" decoding=\"async\" class=\"wp-image-471 size-large\" src=\"https:\/\/i0.wp.com\/www.ellensailing.se\/wp-content\/uploads\/2015\/07\/DSC_09371.jpg?resize=680%2C452&#038;ssl=1\" alt=\"DSC_0937\" width=\"680\" height=\"452\" srcset=\"https:\/\/i0.wp.com\/www.ellensailing.se\/wp-content\/uploads\/2015\/07\/DSC_09371.jpg?resize=1024%2C680&amp;ssl=1 1024w, https:\/\/i0.wp.com\/www.ellensailing.se\/wp-content\/uploads\/2015\/07\/DSC_09371.jpg?resize=300%2C199&amp;ssl=1 300w, https:\/\/i0.wp.com\/www.ellensailing.se\/wp-content\/uploads\/2015\/07\/DSC_09371.jpg?w=1680&amp;ssl=1 1680w, https:\/\/i0.wp.com\/www.ellensailing.se\/wp-content\/uploads\/2015\/07\/DSC_09371.jpg?w=2520&amp;ssl=1 2520w\" sizes=\"(max-width: 680px) 100vw, 680px\" \/><\/a><figcaption id=\"caption-attachment-471\" class=\"wp-caption-text\">Utsikt fr\u00e5n tornet norrut. \u00d6n har blivit skyddad av sten f\u00f6r annars skulle den f\u00f6rsvinna.<\/figcaption><\/figure>\n<figure id=\"attachment_472\" aria-describedby=\"caption-attachment-472\" style=\"width: 680px\" class=\"wp-caption aligncenter\"><a href=\"https:\/\/i0.wp.com\/www.ellensailing.se\/wp-content\/uploads\/2015\/07\/DSC_0940.jpg?ssl=1\"><img data-recalc-dims=\"1\" loading=\"lazy\" decoding=\"async\" class=\"wp-image-472 size-large\" src=\"https:\/\/i0.wp.com\/www.ellensailing.se\/wp-content\/uploads\/2015\/07\/DSC_0940.jpg?resize=680%2C452&#038;ssl=1\" alt=\"DSC_0940\" width=\"680\" height=\"452\" srcset=\"https:\/\/i0.wp.com\/www.ellensailing.se\/wp-content\/uploads\/2015\/07\/DSC_0940.jpg?resize=1024%2C680&amp;ssl=1 1024w, https:\/\/i0.wp.com\/www.ellensailing.se\/wp-content\/uploads\/2015\/07\/DSC_0940.jpg?resize=300%2C199&amp;ssl=1 300w, https:\/\/i0.wp.com\/www.ellensailing.se\/wp-content\/uploads\/2015\/07\/DSC_0940.jpg?w=1680&amp;ssl=1 1680w, https:\/\/i0.wp.com\/www.ellensailing.se\/wp-content\/uploads\/2015\/07\/DSC_0940.jpg?w=2520&amp;ssl=1 2520w\" sizes=\"(max-width: 680px) 100vw, 680px\" \/><\/a><figcaption id=\"caption-attachment-472\" class=\"wp-caption-text\">Det \u00e4r h\u00e4r skarvarna kommer i fr\u00e5n. Helt otorligt vad m\u00e5nga det \u00e4r. De tycker nog det \u00e4r f\u00f6r tr\u00e5ngt h\u00e4r s\u00e5 de flyttar till Sverige.<\/figcaption><\/figure>\n","protected":false},"excerpt":{"rendered":"<p>Det var h\u00e4ftigt efter Stralslund n\u00e4r vi g\u00e5tt genom bron. Alla satte n\u00e4stan segel och seglade p\u00e5 kanalen. En h\u00e4ftig[&#8230;]<\/p>\n","protected":false},"author":1,"featured_media":470,"comment_status":"open","ping_status":"open","sticky":false,"template":"","format":"standard","meta":{"_jetpack_newsletter_access":"","_jetpack_dont_email_post_to_subs":false,"_jetpack_newsletter_tier_id":0,"_jetpack_memberships_contains_paywalled_content":false,"_jetpack_feature_clip_id":0,"_jetpack_memberships_contains_paid_content":false,"footnotes":"","jetpack_publicize_message":"","jetpack_publicize_feature_enabled":true,"jetpack_social_post_already_shared":true,"jetpack_social_options":{"image_generator_settings":{"template":"highway","default_image_id":0,"font":"","enabled":false},"version":2},"jetpack_post_was_ever_published":false},"categories":[4],"tags":[],"class_list":["post-468","post","type-post","status-publish","format-standard","has-post-thumbnail","hentry","category-sommar-2015"],"jetpack_publicize_connections":[],"jetpack_featured_media_url":"https:\/\/i0.wp.com\/www.ellensailing.se\/wp-content\/uploads\/2015\/07\/DSC_0935.jpg?fit=4288%2C2848&ssl=1","jetpack_sharing_enabled":true,"jetpack_shortlink":"https:\/\/wp.me\/p5G68R-7y","jetpack-related-posts":[{"id":474,"url":"https:\/\/www.ellensailing.se\/?p=474","url_meta":{"origin":468,"position":0},"title":"Swinoujscie, nu har vi kommit till tredje landet.","author":"peter@ellensailing.se","date":"7 juli, 2015","format":false,"excerpt":"Prognosen var ganska dyster n\u00e4r vi l\u00e5g p\u00e5 Ruden. Mitt p\u00e5 natten b\u00f6rjade det bl\u00e5sa utav h-vete. P\u00e5 morgonen s\u00e5 skulle det dessutom tillta. Riktiningen var det inget fel p\u00e5 n\u00e4r vi skulle till Polen. Vi best\u00e4mde att vi skulle dra iv\u00e4g f\u00f6r att inte ligga inbl\u00e5sta p\u00e5 en liten\u2026","rel":"","context":"I \u201dSommar 2015\u201d","block_context":{"text":"Sommar 2015","link":"https:\/\/www.ellensailing.se\/?cat=4"},"img":{"alt_text":"","src":"https:\/\/i0.wp.com\/www.ellensailing.se\/wp-content\/uploads\/2015\/07\/DSC_09471.jpg?fit=1200%2C797&ssl=1&resize=350%2C200","width":350,"height":200,"srcset":"https:\/\/i0.wp.com\/www.ellensailing.se\/wp-content\/uploads\/2015\/07\/DSC_09471.jpg?fit=1200%2C797&ssl=1&resize=350%2C200 1x, https:\/\/i0.wp.com\/www.ellensailing.se\/wp-content\/uploads\/2015\/07\/DSC_09471.jpg?fit=1200%2C797&ssl=1&resize=525%2C300 1.5x, https:\/\/i0.wp.com\/www.ellensailing.se\/wp-content\/uploads\/2015\/07\/DSC_09471.jpg?fit=1200%2C797&ssl=1&resize=700%2C400 2x, https:\/\/i0.wp.com\/www.ellensailing.se\/wp-content\/uploads\/2015\/07\/DSC_09471.jpg?fit=1200%2C797&ssl=1&resize=1050%2C600 3x"},"classes":[]},{"id":1490,"url":"https:\/\/www.ellensailing.se\/?p=1490","url_meta":{"origin":468,"position":1},"title":"La Palma, \u00f6n l\u00e4ngst v\u00e4sterut.","author":"peter@ellensailing.se","date":"29 oktober, 2017","format":false,"excerpt":"N\u00e4r vi l\u00e4mnat Anders s\u00e5 seglade vi direkt till La Palma och till huvudstaden som heter Santa Cruz. F\u00f6rsta dygnet gick bra att ligga i hamnen men dag tv\u00e5 gungade det alldeles f\u00f6rf\u00e4rligt. Vi tr\u00e4ffade en fransman som legat h\u00e4r ett tag och f\u00f6rra veckan hade han ramlat ur s\u00e4ngen\u2026","rel":"","context":"I \u201dH\u00f6st 2017 till Grand Canrias.\u201d","block_context":{"text":"H\u00f6st 2017 till Grand Canrias.","link":"https:\/\/www.ellensailing.se\/?cat=22"},"img":{"alt_text":"","src":"https:\/\/i0.wp.com\/www.ellensailing.se\/wp-content\/uploads\/2017\/10\/DJI_0229.jpg?fit=1200%2C900&ssl=1&resize=350%2C200","width":350,"height":200,"srcset":"https:\/\/i0.wp.com\/www.ellensailing.se\/wp-content\/uploads\/2017\/10\/DJI_0229.jpg?fit=1200%2C900&ssl=1&resize=350%2C200 1x, https:\/\/i0.wp.com\/www.ellensailing.se\/wp-content\/uploads\/2017\/10\/DJI_0229.jpg?fit=1200%2C900&ssl=1&resize=525%2C300 1.5x, https:\/\/i0.wp.com\/www.ellensailing.se\/wp-content\/uploads\/2017\/10\/DJI_0229.jpg?fit=1200%2C900&ssl=1&resize=700%2C400 2x, https:\/\/i0.wp.com\/www.ellensailing.se\/wp-content\/uploads\/2017\/10\/DJI_0229.jpg?fit=1200%2C900&ssl=1&resize=1050%2C600 3x"},"classes":[]},{"id":1288,"url":"https:\/\/www.ellensailing.se\/?p=1288","url_meta":{"origin":468,"position":2},"title":"En underbar morgon p\u00e5 \u00f6n, h\u00e4r kommer fler bilder.","author":"peter@ellensailing.se","date":"16 september, 2017","format":false,"excerpt":"Det har varit lite guppigt i natt fram till klockan 2 d\u00e5 det mojnade. Sedan har det varit lugnt. Vi har legat fast som mot ett berg med v\u00e5rt Roccna ankare. Nu p\u00e5 morgonen \u00e4r det helt stilla och jag har k\u00f6rt lite dr\u00f6nare. Lite film och fler bilder. [Spider_Video_Player\u2026","rel":"","context":"I \u201dH\u00f6st 2017 till Grand Canrias.\u201d","block_context":{"text":"H\u00f6st 2017 till Grand Canrias.","link":"https:\/\/www.ellensailing.se\/?cat=22"},"img":{"alt_text":"","src":"https:\/\/i0.wp.com\/www.ellensailing.se\/wp-content\/uploads\/2017\/09\/DJI_0137.jpg?fit=1200%2C900&ssl=1&resize=350%2C200","width":350,"height":200,"srcset":"https:\/\/i0.wp.com\/www.ellensailing.se\/wp-content\/uploads\/2017\/09\/DJI_0137.jpg?fit=1200%2C900&ssl=1&resize=350%2C200 1x, https:\/\/i0.wp.com\/www.ellensailing.se\/wp-content\/uploads\/2017\/09\/DJI_0137.jpg?fit=1200%2C900&ssl=1&resize=525%2C300 1.5x, https:\/\/i0.wp.com\/www.ellensailing.se\/wp-content\/uploads\/2017\/09\/DJI_0137.jpg?fit=1200%2C900&ssl=1&resize=700%2C400 2x, https:\/\/i0.wp.com\/www.ellensailing.se\/wp-content\/uploads\/2017\/09\/DJI_0137.jpg?fit=1200%2C900&ssl=1&resize=1050%2C600 3x"},"classes":[]},{"id":1144,"url":"https:\/\/www.ellensailing.se\/?p=1144","url_meta":{"origin":468,"position":3},"title":"Provat att g\u00f6ra en liten filmsnutt","author":"peter@ellensailing.se","date":"4 juli, 2017","format":false,"excerpt":"I Imovie. Det var l\u00e4nge sedan man gjorde n\u00e5got s\u00e5dant och d\u00e5 var det i ett enklare program. Men man m\u00e5ste ju l\u00e4ra sig iaf. [Spider_Video_Player id=\"3\"] \u00a0 \u00a0 \u00a0","rel":"","context":"I \u201dSommar 2017\u201d","block_context":{"text":"Sommar 2017","link":"https:\/\/www.ellensailing.se\/?cat=21"},"img":{"alt_text":"","src":"https:\/\/i0.wp.com\/www.ellensailing.se\/wp-content\/uploads\/2017\/07\/DSC2018-1.jpg?fit=1200%2C802&ssl=1&resize=350%2C200","width":350,"height":200,"srcset":"https:\/\/i0.wp.com\/www.ellensailing.se\/wp-content\/uploads\/2017\/07\/DSC2018-1.jpg?fit=1200%2C802&ssl=1&resize=350%2C200 1x, https:\/\/i0.wp.com\/www.ellensailing.se\/wp-content\/uploads\/2017\/07\/DSC2018-1.jpg?fit=1200%2C802&ssl=1&resize=525%2C300 1.5x, https:\/\/i0.wp.com\/www.ellensailing.se\/wp-content\/uploads\/2017\/07\/DSC2018-1.jpg?fit=1200%2C802&ssl=1&resize=700%2C400 2x, https:\/\/i0.wp.com\/www.ellensailing.se\/wp-content\/uploads\/2017\/07\/DSC2018-1.jpg?fit=1200%2C802&ssl=1&resize=1050%2C600 3x"},"classes":[]},{"id":1839,"url":"https:\/\/www.ellensailing.se\/?p=1839","url_meta":{"origin":468,"position":4},"title":"Karneval i Pointe a Pitre","author":"peter@ellensailing.se","date":"12 februari, 2018","format":false,"excerpt":"I en vecka har det varit karneval i Guadeloupe och ig\u00e5r var vi in och kikade. Mycket folk och h\u00f6g volym. Vi skall \u00e4ven in idag f\u00f6r att kika. Gjorde en liten film fr\u00e5n ig\u00e5r. [Spider_Video_Player id=\"11\"]","rel":"","context":"I \u201dV\u00e4stindien 2017-2018\u201d","block_context":{"text":"V\u00e4stindien 2017-2018","link":"https:\/\/www.ellensailing.se\/?cat=24"},"img":{"alt_text":"","src":"https:\/\/i0.wp.com\/www.ellensailing.se\/wp-content\/uploads\/2018\/02\/A7A54062-1AF6-41FA-9206-6E6A19313041.jpeg?fit=1200%2C900&ssl=1&resize=350%2C200","width":350,"height":200,"srcset":"https:\/\/i0.wp.com\/www.ellensailing.se\/wp-content\/uploads\/2018\/02\/A7A54062-1AF6-41FA-9206-6E6A19313041.jpeg?fit=1200%2C900&ssl=1&resize=350%2C200 1x, https:\/\/i0.wp.com\/www.ellensailing.se\/wp-content\/uploads\/2018\/02\/A7A54062-1AF6-41FA-9206-6E6A19313041.jpeg?fit=1200%2C900&ssl=1&resize=525%2C300 1.5x, https:\/\/i0.wp.com\/www.ellensailing.se\/wp-content\/uploads\/2018\/02\/A7A54062-1AF6-41FA-9206-6E6A19313041.jpeg?fit=1200%2C900&ssl=1&resize=700%2C400 2x, https:\/\/i0.wp.com\/www.ellensailing.se\/wp-content\/uploads\/2018\/02\/A7A54062-1AF6-41FA-9206-6E6A19313041.jpeg?fit=1200%2C900&ssl=1&resize=1050%2C600 3x"},"classes":[]},{"id":1799,"url":"https:\/\/www.ellensailing.se\/?p=1799","url_meta":{"origin":468,"position":5},"title":"Video som kommer ge rysningar i kroppen f\u00f6r en del!","author":"peter@ellensailing.se","date":"28 januari, 2018","format":false,"excerpt":"Tack Conny och Carina f\u00f6r att ni spelat in v\u00e5ra samtal med finishline i Rodney Bay n\u00e4r vi gick i m\u00e5l f\u00f6r ARC. Det kommer ge st\u00e5p\u00e4ls f\u00f6r m\u00e5nga. Har klippt ihop lite bilder som h\u00f6r ihop med det. K\u00e4nns h\u00e4rligt efter 20 och en halv dag p\u00e5 havet att\u2026","rel":"","context":"I \u201dARC 2017\u201d","block_context":{"text":"ARC 2017","link":"https:\/\/www.ellensailing.se\/?cat=23"},"img":{"alt_text":"","src":"https:\/\/i0.wp.com\/www.ellensailing.se\/wp-content\/uploads\/2018\/01\/A4CF63C4-D430-4733-9B3C-12E204471ECA.jpeg?fit=1200%2C800&ssl=1&resize=350%2C200","width":350,"height":200,"srcset":"https:\/\/i0.wp.com\/www.ellensailing.se\/wp-content\/uploads\/2018\/01\/A4CF63C4-D430-4733-9B3C-12E204471ECA.jpeg?fit=1200%2C800&ssl=1&resize=350%2C200 1x, https:\/\/i0.wp.com\/www.ellensailing.se\/wp-content\/uploads\/2018\/01\/A4CF63C4-D430-4733-9B3C-12E204471ECA.jpeg?fit=1200%2C800&ssl=1&resize=525%2C300 1.5x, https:\/\/i0.wp.com\/www.ellensailing.se\/wp-content\/uploads\/2018\/01\/A4CF63C4-D430-4733-9B3C-12E204471ECA.jpeg?fit=1200%2C800&ssl=1&resize=700%2C400 2x, https:\/\/i0.wp.com\/www.ellensailing.se\/wp-content\/uploads\/2018\/01\/A4CF63C4-D430-4733-9B3C-12E204471ECA.jpeg?fit=1200%2C800&ssl=1&resize=1050%2C600 3x"},"classes":[]}],"jetpack_likes_enabled":true,"_links":{"self":[{"href":"https:\/\/www.ellensailing.se\/index.php?rest_route=\/wp\/v2\/posts\/468","targetHints":{"allow":["GET"]}}],"collection":[{"href":"https:\/\/www.ellensailing.se\/index.php?rest_route=\/wp\/v2\/posts"}],"about":[{"href":"https:\/\/www.ellensailing.se\/index.php?rest_route=\/wp\/v2\/types\/post"}],"author":[{"embeddable":true,"href":"https:\/\/www.ellensailing.se\/index.php?rest_route=\/wp\/v2\/users\/1"}],"replies":[{"embeddable":true,"href":"https:\/\/www.ellensailing.se\/index.php?rest_route=%2Fwp%2Fv2%2Fcomments&post=468"}],"version-history":[{"count":4,"href":"https:\/\/www.ellensailing.se\/index.php?rest_route=\/wp\/v2\/posts\/468\/revisions"}],"predecessor-version":[{"id":639,"href":"https:\/\/www.ellensailing.se\/index.php?rest_route=\/wp\/v2\/posts\/468\/revisions\/639"}],"wp:featuredmedia":[{"embeddable":true,"href":"https:\/\/www.ellensailing.se\/index.php?rest_route=\/wp\/v2\/media\/470"}],"wp:attachment":[{"href":"https:\/\/www.ellensailing.se\/index.php?rest_route=%2Fwp%2Fv2%2Fmedia&parent=468"}],"wp:term":[{"taxonomy":"category","embeddable":true,"href":"https:\/\/www.ellensailing.se\/index.php?rest_route=%2Fwp%2Fv2%2Fcategories&post=468"},{"taxonomy":"post_tag","embeddable":true,"href":"https:\/\/www.ellensailing.se\/index.php?rest_route=%2Fwp%2Fv2%2Ftags&post=468"}],"curies":[{"name":"wp","href":"https:\/\/api.w.org\/{rel}","templated":true}]}}