{"id":455,"date":"2015-07-07T13:33:08","date_gmt":"2015-07-07T11:33:08","guid":{"rendered":"https:\/\/www.ellensailing.se\/?p=455"},"modified":"2015-07-07T13:33:08","modified_gmt":"2015-07-07T11:33:08","slug":"vitte-pa-hiddensee-fredag-den-3-juli","status":"publish","type":"post","link":"https:\/\/www.ellensailing.se\/?p=455","title":{"rendered":"Vitte p\u00e5 Hiddensee, fredag den 3 juli"},"content":{"rendered":"<p>Nu har det ordnat sig s\u00e5 vi har Wifi igen, f\u00e5 se hur l\u00e4nge det h\u00e5ller denna g\u00e5ng. Vi hade en kanonsegling fr\u00e5n Bornholm till Hiddensee i Tyskland. Bl\u00e5ste runt 10 m\/s och hade vinden snett bakifr\u00e5n. Fullm\u00e5ne ganska varmt och helt underbart. Vi kom till Vitte vid 6.30 p\u00e5 morgonen. Lite frukost sedan ett par timmars powernap. Vi hyrde cyklar och cyklade runt f\u00f6rst norrut till Kloster. Jackline trodde det var ett Kloster men det var det inte, en liten by d\u00e4r vi kunde f\u00e5 lite v\u00e4tskep\u00e5fyllning. V\u00e4ldigt vackert och fantastiksa cykelv\u00e4gar. Jag och Jackline provade bada p\u00e5 utsidan av Hiddensee men det var bara 10 grader varmt.<\/p>\n<figure id=\"attachment_459\" aria-describedby=\"caption-attachment-459\" style=\"width: 680px\" class=\"wp-caption aligncenter\"><a href=\"https:\/\/i0.wp.com\/www.ellensailing.se\/wp-content\/uploads\/2015\/07\/DSC_0856.jpg?ssl=1\"><img data-recalc-dims=\"1\" fetchpriority=\"high\" decoding=\"async\" class=\"wp-image-459 size-large\" src=\"https:\/\/i0.wp.com\/www.ellensailing.se\/wp-content\/uploads\/2015\/07\/DSC_0856.jpg?resize=680%2C452&#038;ssl=1\" alt=\"DSC_0856\" width=\"680\" height=\"452\" srcset=\"https:\/\/i0.wp.com\/www.ellensailing.se\/wp-content\/uploads\/2015\/07\/DSC_0856.jpg?resize=1024%2C680&amp;ssl=1 1024w, https:\/\/i0.wp.com\/www.ellensailing.se\/wp-content\/uploads\/2015\/07\/DSC_0856.jpg?resize=300%2C199&amp;ssl=1 300w, https:\/\/i0.wp.com\/www.ellensailing.se\/wp-content\/uploads\/2015\/07\/DSC_0856.jpg?w=1680&amp;ssl=1 1680w, https:\/\/i0.wp.com\/www.ellensailing.se\/wp-content\/uploads\/2015\/07\/DSC_0856.jpg?w=2520&amp;ssl=1 2520w\" sizes=\"(max-width: 680px) 100vw, 680px\" \/><\/a><figcaption id=\"caption-attachment-459\" class=\"wp-caption-text\">Soluppg\u00e5ng n\u00e4r vi seglade till Hiddensee<\/figcaption><\/figure>\n<figure id=\"attachment_461\" aria-describedby=\"caption-attachment-461\" style=\"width: 680px\" class=\"wp-caption aligncenter\"><a href=\"https:\/\/i0.wp.com\/www.ellensailing.se\/wp-content\/uploads\/2015\/07\/P1020885.jpg?ssl=1\"><img data-recalc-dims=\"1\" decoding=\"async\" class=\"wp-image-461 size-large\" src=\"https:\/\/i0.wp.com\/www.ellensailing.se\/wp-content\/uploads\/2015\/07\/P1020885.jpg?resize=680%2C383&#038;ssl=1\" alt=\"Cykeltur p\u00e5 Hiddensee\" width=\"680\" height=\"383\" srcset=\"https:\/\/i0.wp.com\/www.ellensailing.se\/wp-content\/uploads\/2015\/07\/P1020885.jpg?resize=1024%2C576&amp;ssl=1 1024w, https:\/\/i0.wp.com\/www.ellensailing.se\/wp-content\/uploads\/2015\/07\/P1020885.jpg?resize=300%2C169&amp;ssl=1 300w, https:\/\/i0.wp.com\/www.ellensailing.se\/wp-content\/uploads\/2015\/07\/P1020885.jpg?w=1680&amp;ssl=1 1680w, https:\/\/i0.wp.com\/www.ellensailing.se\/wp-content\/uploads\/2015\/07\/P1020885.jpg?w=2520&amp;ssl=1 2520w\" sizes=\"(max-width: 680px) 100vw, 680px\" \/><\/a><figcaption id=\"caption-attachment-461\" class=\"wp-caption-text\">Cykeltur p\u00e5 Hiddensee<\/figcaption><\/figure>\n<figure id=\"attachment_460\" aria-describedby=\"caption-attachment-460\" style=\"width: 680px\" class=\"wp-caption aligncenter\"><a href=\"https:\/\/i0.wp.com\/www.ellensailing.se\/wp-content\/uploads\/2015\/07\/P1020856.jpg?ssl=1\"><img data-recalc-dims=\"1\" decoding=\"async\" class=\"wp-image-460 size-large\" src=\"https:\/\/i0.wp.com\/www.ellensailing.se\/wp-content\/uploads\/2015\/07\/P1020856.jpg?resize=680%2C510&#038;ssl=1\" alt=\"Fina st\u00e4nder p\u00e5 Hiddensee\" width=\"680\" height=\"510\" srcset=\"https:\/\/i0.wp.com\/www.ellensailing.se\/wp-content\/uploads\/2015\/07\/P1020856.jpg?resize=1024%2C768&amp;ssl=1 1024w, https:\/\/i0.wp.com\/www.ellensailing.se\/wp-content\/uploads\/2015\/07\/P1020856.jpg?resize=300%2C225&amp;ssl=1 300w, https:\/\/i0.wp.com\/www.ellensailing.se\/wp-content\/uploads\/2015\/07\/P1020856.jpg?w=1680&amp;ssl=1 1680w, https:\/\/i0.wp.com\/www.ellensailing.se\/wp-content\/uploads\/2015\/07\/P1020856.jpg?w=2520&amp;ssl=1 2520w\" sizes=\"(max-width: 680px) 100vw, 680px\" \/><\/a><figcaption id=\"caption-attachment-460\" class=\"wp-caption-text\">Fina st\u00e4nder p\u00e5 Hiddensee<\/figcaption><\/figure>\n","protected":false},"excerpt":{"rendered":"<p>Nu har det ordnat sig s\u00e5 vi har Wifi igen, f\u00e5 se hur l\u00e4nge det h\u00e5ller denna g\u00e5ng. Vi hade[&#8230;]<\/p>\n","protected":false},"author":1,"featured_media":459,"comment_status":"open","ping_status":"open","sticky":false,"template":"","format":"standard","meta":{"_jetpack_newsletter_access":"","_jetpack_dont_email_post_to_subs":false,"_jetpack_newsletter_tier_id":0,"_jetpack_memberships_contains_paywalled_content":false,"_jetpack_feature_clip_id":0,"_jetpack_memberships_contains_paid_content":false,"footnotes":"","jetpack_publicize_message":"","jetpack_publicize_feature_enabled":true,"jetpack_social_post_already_shared":true,"jetpack_social_options":{"image_generator_settings":{"template":"highway","default_image_id":0,"font":"","enabled":false},"version":2},"jetpack_post_was_ever_published":false},"categories":[4],"tags":[],"class_list":["post-455","post","type-post","status-publish","format-standard","has-post-thumbnail","hentry","category-sommar-2015"],"jetpack_publicize_connections":[],"jetpack_featured_media_url":"https:\/\/i0.wp.com\/www.ellensailing.se\/wp-content\/uploads\/2015\/07\/DSC_0856.jpg?fit=4288%2C2848&ssl=1","jetpack_sharing_enabled":true,"jetpack_shortlink":"https:\/\/wp.me\/p5G68R-7l","jetpack-related-posts":[{"id":3842,"url":"https:\/\/www.ellensailing.se\/?p=3842","url_meta":{"origin":455,"position":0},"title":"Semester igen","author":"peter@ellensailing.se","date":"14 juli, 2025","format":false,"excerpt":"Har varit d\u00e5lig p\u00e5 att l\u00e4gga ut men skall b\u00e4ttra oss. Vi har nu varit ute i en och en halv vecka. Vi gick \u00f6ver fr\u00e5n N\u00e5ttar\u00f6 f\u00f6rra torsdagen till Lickershamn. Vi hade det bl\u00e5sit d\u00e4r och l\u00e5g l\u00e5ngsides men det ryckte en del. J\u00e4tte h\u00e4rlig kv\u00e4ll med solnedg\u00e5ng i\u2026","rel":"","context":"I \u201dSegling 2025\u201d","block_context":{"text":"Segling 2025","link":"https:\/\/www.ellensailing.se\/?cat=34"},"img":{"alt_text":"","src":"https:\/\/i0.wp.com\/www.ellensailing.se\/wp-content\/uploads\/2025\/07\/IMG_1501-scaled.jpg?fit=1200%2C900&ssl=1&resize=350%2C200","width":350,"height":200,"srcset":"https:\/\/i0.wp.com\/www.ellensailing.se\/wp-content\/uploads\/2025\/07\/IMG_1501-scaled.jpg?fit=1200%2C900&ssl=1&resize=350%2C200 1x, https:\/\/i0.wp.com\/www.ellensailing.se\/wp-content\/uploads\/2025\/07\/IMG_1501-scaled.jpg?fit=1200%2C900&ssl=1&resize=525%2C300 1.5x, https:\/\/i0.wp.com\/www.ellensailing.se\/wp-content\/uploads\/2025\/07\/IMG_1501-scaled.jpg?fit=1200%2C900&ssl=1&resize=700%2C400 2x, https:\/\/i0.wp.com\/www.ellensailing.se\/wp-content\/uploads\/2025\/07\/IMG_1501-scaled.jpg?fit=1200%2C900&ssl=1&resize=1050%2C600 3x"},"classes":[]},{"id":315,"url":"https:\/\/www.ellensailing.se\/?p=315","url_meta":{"origin":455,"position":1},"title":"Avt\u00e4ckning av b\u00e5t!","author":"peter@ellensailing.se","date":"6 april, 2015","format":false,"excerpt":"N\u00e4r det \u00e4r dags att ta bort pressen fr\u00e5n b\u00e5ten d\u00e5 sl\u00e5r det aldrig fel. I g\u00e5r morse b\u00f6rjade det sn\u00f6a och regna som bara den. 2 grader varmt och 9 sekundmeter. Det \u00e4r som n\u00e5gon d\u00e4ruppe s\u00e4ger till en att man \u00e4r f\u00f6r tidig, tror aldrig att det sl\u00e5r\u2026","rel":"","context":"I \u201dB\u00e5ten p\u00e5 land\u201d","block_context":{"text":"B\u00e5ten p\u00e5 land","link":"https:\/\/www.ellensailing.se\/?cat=3"},"img":{"alt_text":"","src":"https:\/\/i0.wp.com\/www.ellensailing.se\/wp-content\/uploads\/2015\/04\/IMG_3954.jpg?fit=1200%2C900&ssl=1&resize=350%2C200","width":350,"height":200,"srcset":"https:\/\/i0.wp.com\/www.ellensailing.se\/wp-content\/uploads\/2015\/04\/IMG_3954.jpg?fit=1200%2C900&ssl=1&resize=350%2C200 1x, https:\/\/i0.wp.com\/www.ellensailing.se\/wp-content\/uploads\/2015\/04\/IMG_3954.jpg?fit=1200%2C900&ssl=1&resize=525%2C300 1.5x, https:\/\/i0.wp.com\/www.ellensailing.se\/wp-content\/uploads\/2015\/04\/IMG_3954.jpg?fit=1200%2C900&ssl=1&resize=700%2C400 2x, https:\/\/i0.wp.com\/www.ellensailing.se\/wp-content\/uploads\/2015\/04\/IMG_3954.jpg?fit=1200%2C900&ssl=1&resize=1050%2C600 3x"},"classes":[]},{"id":3275,"url":"https:\/\/www.ellensailing.se\/?p=3275","url_meta":{"origin":455,"position":2},"title":"Summering 2022","author":"peter@ellensailing.se","date":"4 april, 2023","format":false,"excerpt":"Usch och fy vad d\u00e5liga vi varit p\u00e5 att uppdatera v\u00e5r blogg. H\u00e4r kommer i alla fall en summering av sommarseglingen f\u00f6rra \u00e5ret. Vi b\u00f6rjade v\u00e5r semester den 8 juli och tog oss ut till Bj\u00f6rksk\u00e4r d\u00e4r allt b\u00f6rjade. Vi tr\u00e4ffad Lasse och Helene med sin Ella (Omega 42). Hade\u2026","rel":"","context":"I \u201dSommar 2022\u201d","block_context":{"text":"Sommar 2022","link":"https:\/\/www.ellensailing.se\/?cat=30"},"img":{"alt_text":"","src":"https:\/\/i0.wp.com\/www.ellensailing.se\/wp-content\/uploads\/2023\/04\/IMG_1721-scaled.jpg?fit=1200%2C900&ssl=1&resize=350%2C200","width":350,"height":200,"srcset":"https:\/\/i0.wp.com\/www.ellensailing.se\/wp-content\/uploads\/2023\/04\/IMG_1721-scaled.jpg?fit=1200%2C900&ssl=1&resize=350%2C200 1x, https:\/\/i0.wp.com\/www.ellensailing.se\/wp-content\/uploads\/2023\/04\/IMG_1721-scaled.jpg?fit=1200%2C900&ssl=1&resize=525%2C300 1.5x, https:\/\/i0.wp.com\/www.ellensailing.se\/wp-content\/uploads\/2023\/04\/IMG_1721-scaled.jpg?fit=1200%2C900&ssl=1&resize=700%2C400 2x, https:\/\/i0.wp.com\/www.ellensailing.se\/wp-content\/uploads\/2023\/04\/IMG_1721-scaled.jpg?fit=1200%2C900&ssl=1&resize=1050%2C600 3x"},"classes":[]},{"id":447,"url":"https:\/\/www.ellensailing.se\/?p=447","url_meta":{"origin":455,"position":3},"title":"Nattsegling till Tyskland, Vitte Insel Hiddensee","author":"peter@ellensailing.se","date":"2 juli, 2015","format":false,"excerpt":"Det har varit en fantastisk dag p\u00e5 HammerHavn idag. Klarbl\u00e5 himmel med massor med sol och lite ljuv bris. Vi har promenerat till lilla byn och \u00e4tit lite sm\u00f6rrebr\u00f6d och inhemsk \u00f6l. De \u00e4r duktiga p\u00e5 det danskarna, men man f\u00f6rst\u00e5r inte vad de s\u00e4ger. \u00a0 \u00a0 \u00a0 Prognos s\u00e4ger\u2026","rel":"","context":"I \u201dSommar 2015\u201d","block_context":{"text":"Sommar 2015","link":"https:\/\/www.ellensailing.se\/?cat=4"},"img":{"alt_text":"","src":"https:\/\/i0.wp.com\/www.ellensailing.se\/wp-content\/uploads\/2015\/07\/rutt.png?fit=768%2C1024&ssl=1&resize=350%2C200","width":350,"height":200,"srcset":"https:\/\/i0.wp.com\/www.ellensailing.se\/wp-content\/uploads\/2015\/07\/rutt.png?fit=768%2C1024&ssl=1&resize=350%2C200 1x, https:\/\/i0.wp.com\/www.ellensailing.se\/wp-content\/uploads\/2015\/07\/rutt.png?fit=768%2C1024&ssl=1&resize=525%2C300 1.5x, https:\/\/i0.wp.com\/www.ellensailing.se\/wp-content\/uploads\/2015\/07\/rutt.png?fit=768%2C1024&ssl=1&resize=700%2C400 2x"},"classes":[]},{"id":1938,"url":"https:\/\/www.ellensailing.se\/?p=1938","url_meta":{"origin":455,"position":4},"title":"Dominica f\u00f6r andra g\u00e5ngen","author":"peter@ellensailing.se","date":"19 mars, 2018","format":false,"excerpt":"Onsdagen den 14 mars s\u00e5 seglade vi ner fr\u00e5n Gudalope och Basse Terre till Dominica. I Basse Terre tr\u00e4ffade vi Indian Summer som vi inte s\u00e4tt sedan l\u00e4nge. Blev mycket utbyte av olika erfarenheter. Deras \u00e4ldsta son Hilmer tog dykcertifikat i Carriacou och det f\u00e5r nog bli d\u00e4r som jag\u2026","rel":"","context":"I \u201dV\u00e4stindien 2017-2018\u201d","block_context":{"text":"V\u00e4stindien 2017-2018","link":"https:\/\/www.ellensailing.se\/?cat=24"},"img":{"alt_text":"","src":"https:\/\/i0.wp.com\/www.ellensailing.se\/wp-content\/uploads\/2018\/03\/4989A253-81F2-4A41-9E8A-72CFABDAF6FD.jpeg?fit=1200%2C800&ssl=1&resize=350%2C200","width":350,"height":200,"srcset":"https:\/\/i0.wp.com\/www.ellensailing.se\/wp-content\/uploads\/2018\/03\/4989A253-81F2-4A41-9E8A-72CFABDAF6FD.jpeg?fit=1200%2C800&ssl=1&resize=350%2C200 1x, https:\/\/i0.wp.com\/www.ellensailing.se\/wp-content\/uploads\/2018\/03\/4989A253-81F2-4A41-9E8A-72CFABDAF6FD.jpeg?fit=1200%2C800&ssl=1&resize=525%2C300 1.5x, https:\/\/i0.wp.com\/www.ellensailing.se\/wp-content\/uploads\/2018\/03\/4989A253-81F2-4A41-9E8A-72CFABDAF6FD.jpeg?fit=1200%2C800&ssl=1&resize=700%2C400 2x, https:\/\/i0.wp.com\/www.ellensailing.se\/wp-content\/uploads\/2018\/03\/4989A253-81F2-4A41-9E8A-72CFABDAF6FD.jpeg?fit=1200%2C800&ssl=1&resize=1050%2C600 3x"},"classes":[]},{"id":2875,"url":"https:\/\/www.ellensailing.se\/?p=2875","url_meta":{"origin":455,"position":5},"title":"\u00d6land och Kalmar","author":"peter@ellensailing.se","date":"23 juli, 2020","format":false,"excerpt":"Vi fortsatte efter Harstena ner till Bok\u00f6. Ganska kort bit men k\u00e4nde att det var dags att r\u00f6ra oss. Det var lite v\u00e4l mycket b\u00e5tar d\u00e4r. P\u00e5 M\u00f6rk\u00f6 s\u00e5 var det inte m\u00e5nga b\u00e5tar, vilket var sk\u00f6nt. Efter M\u00f6rk\u00f6 s\u00e5 kryssade vi ut p\u00e5 havet och hade en makal\u00f6s fin\u2026","rel":"","context":"I \u201dSegling 2020\u201d","block_context":{"text":"Segling 2020","link":"https:\/\/www.ellensailing.se\/?cat=27"},"img":{"alt_text":"","src":"https:\/\/i0.wp.com\/www.ellensailing.se\/wp-content\/uploads\/2020\/07\/img_0278-13-scaled.jpg?fit=1200%2C900&ssl=1&resize=350%2C200","width":350,"height":200,"srcset":"https:\/\/i0.wp.com\/www.ellensailing.se\/wp-content\/uploads\/2020\/07\/img_0278-13-scaled.jpg?fit=1200%2C900&ssl=1&resize=350%2C200 1x, https:\/\/i0.wp.com\/www.ellensailing.se\/wp-content\/uploads\/2020\/07\/img_0278-13-scaled.jpg?fit=1200%2C900&ssl=1&resize=525%2C300 1.5x, https:\/\/i0.wp.com\/www.ellensailing.se\/wp-content\/uploads\/2020\/07\/img_0278-13-scaled.jpg?fit=1200%2C900&ssl=1&resize=700%2C400 2x, https:\/\/i0.wp.com\/www.ellensailing.se\/wp-content\/uploads\/2020\/07\/img_0278-13-scaled.jpg?fit=1200%2C900&ssl=1&resize=1050%2C600 3x"},"classes":[]}],"jetpack_likes_enabled":true,"_links":{"self":[{"href":"https:\/\/www.ellensailing.se\/index.php?rest_route=\/wp\/v2\/posts\/455","targetHints":{"allow":["GET"]}}],"collection":[{"href":"https:\/\/www.ellensailing.se\/index.php?rest_route=\/wp\/v2\/posts"}],"about":[{"href":"https:\/\/www.ellensailing.se\/index.php?rest_route=\/wp\/v2\/types\/post"}],"author":[{"embeddable":true,"href":"https:\/\/www.ellensailing.se\/index.php?rest_route=\/wp\/v2\/users\/1"}],"replies":[{"embeddable":true,"href":"https:\/\/www.ellensailing.se\/index.php?rest_route=%2Fwp%2Fv2%2Fcomments&post=455"}],"version-history":[{"count":1,"href":"https:\/\/www.ellensailing.se\/index.php?rest_route=\/wp\/v2\/posts\/455\/revisions"}],"predecessor-version":[{"id":462,"href":"https:\/\/www.ellensailing.se\/index.php?rest_route=\/wp\/v2\/posts\/455\/revisions\/462"}],"wp:featuredmedia":[{"embeddable":true,"href":"https:\/\/www.ellensailing.se\/index.php?rest_route=\/wp\/v2\/media\/459"}],"wp:attachment":[{"href":"https:\/\/www.ellensailing.se\/index.php?rest_route=%2Fwp%2Fv2%2Fmedia&parent=455"}],"wp:term":[{"taxonomy":"category","embeddable":true,"href":"https:\/\/www.ellensailing.se\/index.php?rest_route=%2Fwp%2Fv2%2Fcategories&post=455"},{"taxonomy":"post_tag","embeddable":true,"href":"https:\/\/www.ellensailing.se\/index.php?rest_route=%2Fwp%2Fv2%2Ftags&post=455"}],"curies":[{"name":"wp","href":"https:\/\/api.w.org\/{rel}","templated":true}]}}