{"id":419,"date":"2015-06-29T09:45:07","date_gmt":"2015-06-29T07:45:07","guid":{"rendered":"https:\/\/www.ellensailing.se\/?p=419"},"modified":"2015-08-07T09:03:33","modified_gmt":"2015-08-07T07:03:33","slug":"musko-kalmar-med-en-harlig-nattsegling","status":"publish","type":"post","link":"https:\/\/www.ellensailing.se\/?p=419","title":{"rendered":"Musk\u00f6 &#8211; Kalmar med en h\u00e4rlig nattsegling"},"content":{"rendered":"<figure id=\"attachment_422\" aria-describedby=\"caption-attachment-422\" style=\"width: 1024px\" class=\"wp-caption aligncenter\"><a href=\"https:\/\/i0.wp.com\/www.ellensailing.se\/wp-content\/uploads\/2015\/06\/DSC_0111.jpg?ssl=1\"><img data-recalc-dims=\"1\" fetchpriority=\"high\" decoding=\"async\" class=\"size-large wp-image-422\" src=\"https:\/\/i0.wp.com\/www.ellensailing.se\/wp-content\/uploads\/2015\/06\/DSC_0111.jpg?resize=840%2C558&#038;ssl=1\" alt=\"H\u00e4rlig morgonstund med vackra molnformationer\" width=\"840\" height=\"558\" srcset=\"https:\/\/i0.wp.com\/www.ellensailing.se\/wp-content\/uploads\/2015\/06\/DSC_0111.jpg?resize=1024%2C680&amp;ssl=1 1024w, https:\/\/i0.wp.com\/www.ellensailing.se\/wp-content\/uploads\/2015\/06\/DSC_0111.jpg?resize=300%2C199&amp;ssl=1 300w, https:\/\/i0.wp.com\/www.ellensailing.se\/wp-content\/uploads\/2015\/06\/DSC_0111.jpg?w=1680&amp;ssl=1 1680w, https:\/\/i0.wp.com\/www.ellensailing.se\/wp-content\/uploads\/2015\/06\/DSC_0111.jpg?w=2520&amp;ssl=1 2520w\" sizes=\"(max-width: 840px) 100vw, 840px\" \/><\/a><figcaption id=\"caption-attachment-422\" class=\"wp-caption-text\">H\u00e4rlig morgonstund med vackra molnformationer<\/figcaption><\/figure>\n<p>Nu passerar vi Borgholm p\u00e5 v\u00e4g ner till Kalmar. Det har varit en makal\u00f6st fin segling med lagom vindar. Ett tag i g\u00e5r kv\u00e4ll bl\u00e5ste det 11m\/s s\u00e5 d\u00e5 fick Ellen bek\u00e4nna f\u00e4rg. Har varit tokkryss hela v\u00e4gen ner men vi hade tur n\u00e4r vi slog vid H\u00e4radssk\u00e4r s\u00e5 vred vinden och vi kunde helt bl\u00f6tsligt str\u00e4cka och sl\u00e4ppa lite p\u00e5 t\u00f6jen. Loggade 8 knop. Fullm\u00e5ne och ganska ljust, s\u00e5dana kv\u00e4llar vi kan ha i Sverige. Det man kunde hade \u00f6nksat sig var lite v\u00e4rme.<\/p>\n<figure id=\"attachment_420\" aria-describedby=\"caption-attachment-420\" style=\"width: 680px\" class=\"wp-caption aligncenter\"><a href=\"https:\/\/i0.wp.com\/www.ellensailing.se\/wp-content\/uploads\/2015\/06\/DSC_0081.jpg?ssl=1\"><img data-recalc-dims=\"1\" decoding=\"async\" class=\"wp-image-420 size-large\" src=\"https:\/\/i0.wp.com\/www.ellensailing.se\/wp-content\/uploads\/2015\/06\/DSC_0081.jpg?resize=680%2C452&#038;ssl=1\" alt=\"DSC_0081\" width=\"680\" height=\"452\" srcset=\"https:\/\/i0.wp.com\/www.ellensailing.se\/wp-content\/uploads\/2015\/06\/DSC_0081.jpg?resize=1024%2C680&amp;ssl=1 1024w, https:\/\/i0.wp.com\/www.ellensailing.se\/wp-content\/uploads\/2015\/06\/DSC_0081.jpg?resize=300%2C199&amp;ssl=1 300w, https:\/\/i0.wp.com\/www.ellensailing.se\/wp-content\/uploads\/2015\/06\/DSC_0081.jpg?w=1680&amp;ssl=1 1680w, https:\/\/i0.wp.com\/www.ellensailing.se\/wp-content\/uploads\/2015\/06\/DSC_0081.jpg?w=2520&amp;ssl=1 2520w\" sizes=\"(max-width: 680px) 100vw, 680px\" \/><\/a><figcaption id=\"caption-attachment-420\" class=\"wp-caption-text\">Think Twice inkl\u00e4md av tv\u00e5 Arcona 430.<\/figcaption><\/figure>\n<figure id=\"attachment_421\" aria-describedby=\"caption-attachment-421\" style=\"width: 680px\" class=\"wp-caption aligncenter\"><a href=\"https:\/\/i0.wp.com\/www.ellensailing.se\/wp-content\/uploads\/2015\/06\/DSC_0101.jpg?ssl=1\"><img data-recalc-dims=\"1\" decoding=\"async\" class=\"wp-image-421 size-large\" src=\"https:\/\/i0.wp.com\/www.ellensailing.se\/wp-content\/uploads\/2015\/06\/DSC_0101-e1435563794201-680x1024.jpg?resize=680%2C1024&#038;ssl=1\" alt=\"DSC_0101\" width=\"680\" height=\"1024\" srcset=\"https:\/\/i0.wp.com\/www.ellensailing.se\/wp-content\/uploads\/2015\/06\/DSC_0101-e1435563794201.jpg?resize=680%2C1024&amp;ssl=1 680w, https:\/\/i0.wp.com\/www.ellensailing.se\/wp-content\/uploads\/2015\/06\/DSC_0101-e1435563794201.jpg?resize=199%2C300&amp;ssl=1 199w, https:\/\/i0.wp.com\/www.ellensailing.se\/wp-content\/uploads\/2015\/06\/DSC_0101-e1435563794201.jpg?w=1680&amp;ssl=1 1680w, https:\/\/i0.wp.com\/www.ellensailing.se\/wp-content\/uploads\/2015\/06\/DSC_0101-e1435563794201.jpg?w=2520&amp;ssl=1 2520w\" sizes=\"(max-width: 680px) 100vw, 680px\" \/><\/a><figcaption id=\"caption-attachment-421\" class=\"wp-caption-text\">Think Twice s\u00e4tter segel.<\/figcaption><\/figure>\n<p>&nbsp;<\/p>\n<figure id=\"attachment_423\" aria-describedby=\"caption-attachment-423\" style=\"width: 680px\" class=\"wp-caption aligncenter\"><a href=\"https:\/\/i0.wp.com\/www.ellensailing.se\/wp-content\/uploads\/2015\/06\/DSC_0072.jpg?ssl=1\"><img data-recalc-dims=\"1\" loading=\"lazy\" decoding=\"async\" class=\"wp-image-423 size-large\" src=\"https:\/\/i0.wp.com\/www.ellensailing.se\/wp-content\/uploads\/2015\/06\/DSC_0072.jpg?resize=680%2C452&#038;ssl=1\" alt=\"Loupan p\u00e5 v\u00e4g in p\u00e5 Musk\u00f6. P\u00e5 v\u00e4g Jorden Runt. Andra dagen p\u00e5 turen.\" width=\"680\" height=\"452\" srcset=\"https:\/\/i0.wp.com\/www.ellensailing.se\/wp-content\/uploads\/2015\/06\/DSC_0072.jpg?resize=1024%2C680&amp;ssl=1 1024w, https:\/\/i0.wp.com\/www.ellensailing.se\/wp-content\/uploads\/2015\/06\/DSC_0072.jpg?resize=300%2C199&amp;ssl=1 300w, https:\/\/i0.wp.com\/www.ellensailing.se\/wp-content\/uploads\/2015\/06\/DSC_0072.jpg?w=1680&amp;ssl=1 1680w, https:\/\/i0.wp.com\/www.ellensailing.se\/wp-content\/uploads\/2015\/06\/DSC_0072.jpg?w=2520&amp;ssl=1 2520w\" sizes=\"(max-width: 680px) 100vw, 680px\" \/><\/a><figcaption id=\"caption-attachment-423\" class=\"wp-caption-text\">Loupan p\u00e5 v\u00e4g in p\u00e5 Musk\u00f6. P\u00e5 v\u00e4g Jorden Runt. Andra dagen p\u00e5 turen.<\/figcaption><\/figure>\n","protected":false},"excerpt":{"rendered":"<p>Nu passerar vi Borgholm p\u00e5 v\u00e4g ner till Kalmar. Det har varit en makal\u00f6st fin segling med lagom vindar. Ett[&#8230;]<\/p>\n","protected":false},"author":1,"featured_media":422,"comment_status":"open","ping_status":"open","sticky":false,"template":"","format":"standard","meta":{"_jetpack_newsletter_access":"","_jetpack_dont_email_post_to_subs":false,"_jetpack_newsletter_tier_id":0,"_jetpack_memberships_contains_paywalled_content":false,"_jetpack_feature_clip_id":0,"_jetpack_memberships_contains_paid_content":false,"footnotes":"","jetpack_publicize_message":"","jetpack_publicize_feature_enabled":true,"jetpack_social_post_already_shared":true,"jetpack_social_options":{"image_generator_settings":{"template":"highway","default_image_id":0,"font":"","enabled":false},"version":2},"jetpack_post_was_ever_published":false},"categories":[4],"tags":[],"class_list":["post-419","post","type-post","status-publish","format-standard","has-post-thumbnail","hentry","category-sommar-2015"],"jetpack_publicize_connections":[],"jetpack_featured_media_url":"https:\/\/i0.wp.com\/www.ellensailing.se\/wp-content\/uploads\/2015\/06\/DSC_0111.jpg?fit=4288%2C2848&ssl=1","jetpack_sharing_enabled":true,"jetpack_shortlink":"https:\/\/wp.me\/p5G68R-6L","jetpack-related-posts":[{"id":569,"url":"https:\/\/www.ellensailing.se\/?p=569","url_meta":{"origin":419,"position":0},"title":"Atlantg\u00e4nget \u00e4r p\u00e5 G, Kalmar &#8211; Ljuster\u00f6 nonstop.","author":"peter@ellensailing.se","date":"24 juli, 2015","format":false,"excerpt":"Nu \u00e4r vi \u00e4ntligen p\u00e5 v\u00e4g. Har g\u00e5tt smidigt att ta sig ner. Lite sm\u00e5meck och handling innan vi kom iv\u00e4g kl 17,38. Vi har vinden r\u00e4tt i rumpan s\u00e5 nu f\u00f6rbereder vi f\u00f6r Spinnaker. Kommer nog bli en h\u00e4rlig segling med mycket av allt. \u00a0","rel":"","context":"I \u201dSommar 2015\u201d","block_context":{"text":"Sommar 2015","link":"https:\/\/www.ellensailing.se\/?cat=4"},"img":{"alt_text":"","src":"https:\/\/i0.wp.com\/www.ellensailing.se\/wp-content\/uploads\/2015\/07\/DSC_0008.jpg?fit=1200%2C797&ssl=1&resize=350%2C200","width":350,"height":200,"srcset":"https:\/\/i0.wp.com\/www.ellensailing.se\/wp-content\/uploads\/2015\/07\/DSC_0008.jpg?fit=1200%2C797&ssl=1&resize=350%2C200 1x, https:\/\/i0.wp.com\/www.ellensailing.se\/wp-content\/uploads\/2015\/07\/DSC_0008.jpg?fit=1200%2C797&ssl=1&resize=525%2C300 1.5x, https:\/\/i0.wp.com\/www.ellensailing.se\/wp-content\/uploads\/2015\/07\/DSC_0008.jpg?fit=1200%2C797&ssl=1&resize=700%2C400 2x, https:\/\/i0.wp.com\/www.ellensailing.se\/wp-content\/uploads\/2015\/07\/DSC_0008.jpg?fit=1200%2C797&ssl=1&resize=1050%2C600 3x"},"classes":[]},{"id":552,"url":"https:\/\/www.ellensailing.se\/?p=552","url_meta":{"origin":419,"position":1},"title":"Tillbaka till Sverige och Kalmar!","author":"peter@ellensailing.se","date":"18 juli, 2015","format":false,"excerpt":"Efter en del funderande och studerande av Gribfiler s\u00e5 beslutade vi oss f\u00f6r att l\u00e4mna eskadern f\u00f6r denna g\u00e5ng. Vi s\u00e5g en bra lucka att segla fr\u00e5n Leba till Kalmar. Think Twice och Glittra forts\u00e4tter vidare till Gdansk. De stack p\u00e5 fredag morgon redan vid 7 tiden. Tror de hade\u2026","rel":"","context":"I \u201dSommar 2015\u201d","block_context":{"text":"Sommar 2015","link":"https:\/\/www.ellensailing.se\/?cat=4"},"img":{"alt_text":"","src":"https:\/\/i0.wp.com\/www.ellensailing.se\/wp-content\/uploads\/2015\/07\/DSC_0270.jpg?fit=1200%2C797&ssl=1&resize=350%2C200","width":350,"height":200,"srcset":"https:\/\/i0.wp.com\/www.ellensailing.se\/wp-content\/uploads\/2015\/07\/DSC_0270.jpg?fit=1200%2C797&ssl=1&resize=350%2C200 1x, https:\/\/i0.wp.com\/www.ellensailing.se\/wp-content\/uploads\/2015\/07\/DSC_0270.jpg?fit=1200%2C797&ssl=1&resize=525%2C300 1.5x, https:\/\/i0.wp.com\/www.ellensailing.se\/wp-content\/uploads\/2015\/07\/DSC_0270.jpg?fit=1200%2C797&ssl=1&resize=700%2C400 2x, https:\/\/i0.wp.com\/www.ellensailing.se\/wp-content\/uploads\/2015\/07\/DSC_0270.jpg?fit=1200%2C797&ssl=1&resize=1050%2C600 3x"},"classes":[]},{"id":583,"url":"https:\/\/www.ellensailing.se\/?p=583","url_meta":{"origin":419,"position":2},"title":"En otroligt kul helg med g\u00e4nget!","author":"peter@ellensailing.se","date":"27 juli, 2015","format":false,"excerpt":"\u00a0 Nu kan man s\u00e4ga att semestern \u00e4r slut p\u00e5 riktigt f\u00f6r denna g\u00e5ng. Trots att vi hunnit jobba en vecka s\u00e5 har b\u00e5ten varit kvar p\u00e5 semester i Kalmar. I fredags s\u00e5 fl\u00f6g vi ner till Kalmar f\u00f6r att segla hem. Prognoserna som varit f\u00f6r veckan har verkligen sett\u2026","rel":"","context":"I \u201dSommar 2015\u201d","block_context":{"text":"Sommar 2015","link":"https:\/\/www.ellensailing.se\/?cat=4"},"img":{"alt_text":"","src":"https:\/\/i0.wp.com\/www.ellensailing.se\/wp-content\/uploads\/2015\/07\/DSC_0033.jpg?fit=1200%2C797&ssl=1&resize=350%2C200","width":350,"height":200,"srcset":"https:\/\/i0.wp.com\/www.ellensailing.se\/wp-content\/uploads\/2015\/07\/DSC_0033.jpg?fit=1200%2C797&ssl=1&resize=350%2C200 1x, https:\/\/i0.wp.com\/www.ellensailing.se\/wp-content\/uploads\/2015\/07\/DSC_0033.jpg?fit=1200%2C797&ssl=1&resize=525%2C300 1.5x, https:\/\/i0.wp.com\/www.ellensailing.se\/wp-content\/uploads\/2015\/07\/DSC_0033.jpg?fit=1200%2C797&ssl=1&resize=700%2C400 2x, https:\/\/i0.wp.com\/www.ellensailing.se\/wp-content\/uploads\/2015\/07\/DSC_0033.jpg?fit=1200%2C797&ssl=1&resize=1050%2C600 3x"},"classes":[]},{"id":429,"url":"https:\/\/www.ellensailing.se\/?p=429","url_meta":{"origin":419,"position":3},"title":"Ett bl\u00e5sigt utklippan!","author":"peter@ellensailing.se","date":"30 juni, 2015","format":false,"excerpt":"Vi har idag seglat 53 distans fr\u00e5n Kalmar till Utklippan. Fr\u00e5n b\u00f6rjan var seglingen helt underbar. \u00c4ntligen streckbog mot utklippan. Vi hade blivit lovade det fr\u00e5n v\u00e4dergudarna med. Men n\u00e5gon Gud gick hem och motvridet och \u00f6kande vind gjorde att vi fick b\u00f6rja kryssa igen.\u00a0 Det var konstigt v\u00e4der med\u2026","rel":"","context":"I \u201dSommar 2015\u201d","block_context":{"text":"Sommar 2015","link":"https:\/\/www.ellensailing.se\/?cat=4"},"img":{"alt_text":"","src":"https:\/\/i0.wp.com\/www.ellensailing.se\/wp-content\/uploads\/2015\/06\/DSC_0176-e1435683498795.jpg?fit=797%2C1200&ssl=1&resize=350%2C200","width":350,"height":200,"srcset":"https:\/\/i0.wp.com\/www.ellensailing.se\/wp-content\/uploads\/2015\/06\/DSC_0176-e1435683498795.jpg?fit=797%2C1200&ssl=1&resize=350%2C200 1x, https:\/\/i0.wp.com\/www.ellensailing.se\/wp-content\/uploads\/2015\/06\/DSC_0176-e1435683498795.jpg?fit=797%2C1200&ssl=1&resize=525%2C300 1.5x, https:\/\/i0.wp.com\/www.ellensailing.se\/wp-content\/uploads\/2015\/06\/DSC_0176-e1435683498795.jpg?fit=797%2C1200&ssl=1&resize=700%2C400 2x"},"classes":[]},{"id":2913,"url":"https:\/\/www.ellensailing.se\/?p=2913","url_meta":{"origin":419,"position":4},"title":"Rycka loss!","author":"peter@ellensailing.se","date":"30 juli, 2020","format":false,"excerpt":"Segla ifr\u00e5n Visby i morse d\u00e5 v\u00e5r tamp i land, en 18 mm Liros ryckts av klockan 5 p\u00e5 morgonen. Det var sydv\u00e4st rakt in i hamnen och sj\u00f6n var brutal. Vi hade redan best\u00e4mt oss f\u00f6r att segla upp till F\u00e5r\u00f6sund idag f\u00f6r att det var bra vindar fr\u00e5n\u2026","rel":"","context":"I \u201dSegling 2020\u201d","block_context":{"text":"Segling 2020","link":"https:\/\/www.ellensailing.se\/?cat=27"},"img":{"alt_text":"","src":"https:\/\/i0.wp.com\/www.ellensailing.se\/wp-content\/uploads\/2020\/07\/A6B8C97B-663E-405D-8EB2-8D1EF46384E5-scaled.jpeg?fit=900%2C1200&ssl=1&resize=350%2C200","width":350,"height":200,"srcset":"https:\/\/i0.wp.com\/www.ellensailing.se\/wp-content\/uploads\/2020\/07\/A6B8C97B-663E-405D-8EB2-8D1EF46384E5-scaled.jpeg?fit=900%2C1200&ssl=1&resize=350%2C200 1x, https:\/\/i0.wp.com\/www.ellensailing.se\/wp-content\/uploads\/2020\/07\/A6B8C97B-663E-405D-8EB2-8D1EF46384E5-scaled.jpeg?fit=900%2C1200&ssl=1&resize=525%2C300 1.5x, https:\/\/i0.wp.com\/www.ellensailing.se\/wp-content\/uploads\/2020\/07\/A6B8C97B-663E-405D-8EB2-8D1EF46384E5-scaled.jpeg?fit=900%2C1200&ssl=1&resize=700%2C400 2x"},"classes":[]},{"id":434,"url":"https:\/\/www.ellensailing.se\/?p=434","url_meta":{"origin":419,"position":5},"title":"\u00c4nnu mera s\u00e4lar och nu Bornhom!","author":"peter@ellensailing.se","date":"2 juli, 2015","format":false,"excerpt":"Idag blev det tidig avg\u00e5ngt fr\u00e5n Utklippan. Fint v\u00e4der var f\u00f6rutsp\u00e5tt men lite vind. Vi stack fr\u00e5n Utklippan vid 7- tiden och Disel Doris har f\u00e5tt bek\u00e4nna f\u00e4rg idag. Ingen vind \u00f6verhuvudtaget. Kom lite vind n\u00e4r det var 2,6 distans kvar. Sk\u00f6nt och ett otroligt fint v\u00e4der har det varit\u2026","rel":"","context":"I \u201dSommar 2015\u201d","block_context":{"text":"Sommar 2015","link":"https:\/\/www.ellensailing.se\/?cat=4"},"img":{"alt_text":"","src":"https:\/\/i0.wp.com\/www.ellensailing.se\/wp-content\/uploads\/2015\/07\/DSC_02161.jpg?fit=1200%2C797&ssl=1&resize=350%2C200","width":350,"height":200,"srcset":"https:\/\/i0.wp.com\/www.ellensailing.se\/wp-content\/uploads\/2015\/07\/DSC_02161.jpg?fit=1200%2C797&ssl=1&resize=350%2C200 1x, https:\/\/i0.wp.com\/www.ellensailing.se\/wp-content\/uploads\/2015\/07\/DSC_02161.jpg?fit=1200%2C797&ssl=1&resize=525%2C300 1.5x, https:\/\/i0.wp.com\/www.ellensailing.se\/wp-content\/uploads\/2015\/07\/DSC_02161.jpg?fit=1200%2C797&ssl=1&resize=700%2C400 2x, https:\/\/i0.wp.com\/www.ellensailing.se\/wp-content\/uploads\/2015\/07\/DSC_02161.jpg?fit=1200%2C797&ssl=1&resize=1050%2C600 3x"},"classes":[]}],"jetpack_likes_enabled":true,"_links":{"self":[{"href":"https:\/\/www.ellensailing.se\/index.php?rest_route=\/wp\/v2\/posts\/419","targetHints":{"allow":["GET"]}}],"collection":[{"href":"https:\/\/www.ellensailing.se\/index.php?rest_route=\/wp\/v2\/posts"}],"about":[{"href":"https:\/\/www.ellensailing.se\/index.php?rest_route=\/wp\/v2\/types\/post"}],"author":[{"embeddable":true,"href":"https:\/\/www.ellensailing.se\/index.php?rest_route=\/wp\/v2\/users\/1"}],"replies":[{"embeddable":true,"href":"https:\/\/www.ellensailing.se\/index.php?rest_route=%2Fwp%2Fv2%2Fcomments&post=419"}],"version-history":[{"count":2,"href":"https:\/\/www.ellensailing.se\/index.php?rest_route=\/wp\/v2\/posts\/419\/revisions"}],"predecessor-version":[{"id":646,"href":"https:\/\/www.ellensailing.se\/index.php?rest_route=\/wp\/v2\/posts\/419\/revisions\/646"}],"wp:featuredmedia":[{"embeddable":true,"href":"https:\/\/www.ellensailing.se\/index.php?rest_route=\/wp\/v2\/media\/422"}],"wp:attachment":[{"href":"https:\/\/www.ellensailing.se\/index.php?rest_route=%2Fwp%2Fv2%2Fmedia&parent=419"}],"wp:term":[{"taxonomy":"category","embeddable":true,"href":"https:\/\/www.ellensailing.se\/index.php?rest_route=%2Fwp%2Fv2%2Fcategories&post=419"},{"taxonomy":"post_tag","embeddable":true,"href":"https:\/\/www.ellensailing.se\/index.php?rest_route=%2Fwp%2Fv2%2Ftags&post=419"}],"curies":[{"name":"wp","href":"https:\/\/api.w.org\/{rel}","templated":true}]}}