{"id":414,"date":"2015-06-27T14:28:14","date_gmt":"2015-06-27T12:28:14","guid":{"rendered":"https:\/\/www.ellensailing.se\/?p=414"},"modified":"2015-08-07T09:04:18","modified_gmt":"2015-08-07T07:04:18","slug":"vi-och-8-salar","status":"publish","type":"post","link":"https:\/\/www.ellensailing.se\/?p=414","title":{"rendered":"Vi och 8 s\u00e4lar!"},"content":{"rendered":"<figure id=\"attachment_415\" aria-describedby=\"caption-attachment-415\" style=\"width: 1024px\" class=\"wp-caption aligncenter\"><a href=\"https:\/\/i0.wp.com\/www.ellensailing.se\/wp-content\/uploads\/2015\/06\/DSC_0026.jpg?ssl=1\"><img data-recalc-dims=\"1\" fetchpriority=\"high\" decoding=\"async\" class=\"size-large wp-image-415\" src=\"https:\/\/i0.wp.com\/www.ellensailing.se\/wp-content\/uploads\/2015\/06\/DSC_0026.jpg?resize=840%2C558&#038;ssl=1\" alt=\"S\u00e4lar p\u00e5 n\u00e4md\u00f6fj\u00e4rden\" width=\"840\" height=\"558\" srcset=\"https:\/\/i0.wp.com\/www.ellensailing.se\/wp-content\/uploads\/2015\/06\/DSC_0026.jpg?resize=1024%2C680&amp;ssl=1 1024w, https:\/\/i0.wp.com\/www.ellensailing.se\/wp-content\/uploads\/2015\/06\/DSC_0026.jpg?resize=300%2C199&amp;ssl=1 300w, https:\/\/i0.wp.com\/www.ellensailing.se\/wp-content\/uploads\/2015\/06\/DSC_0026.jpg?w=1680&amp;ssl=1 1680w, https:\/\/i0.wp.com\/www.ellensailing.se\/wp-content\/uploads\/2015\/06\/DSC_0026.jpg?w=2520&amp;ssl=1 2520w\" sizes=\"(max-width: 840px) 100vw, 840px\" \/><\/a><figcaption id=\"caption-attachment-415\" class=\"wp-caption-text\">S\u00e4lar p\u00e5 n\u00e4md\u00f6fj\u00e4rden<\/figcaption><\/figure>\n<p>Helt otroligt! Semestertider och vi \u00e4r helt ensamma p\u00e5 hela N\u00e4mnd\u00f6fj\u00e4rden. Inte en b\u00e5t i sikte. Kryssar fram i 2,5-3 knop. N\u00e4r vi kryssar mellan kopparna f\u00e5r vi se 8 stycken s\u00e4lar som ligger och solar. Det var f\u00f6rsta g\u00e5ngen Jackie s\u00e5g en levande s\u00e4l (som \u00e4r i frihet allts\u00e5). J\u00e4ttekul.<\/p>\n<p>Vinden \u00f6kade och vi har kryssat ner till Musk\u00f6 och ligger nu j\u00e4mnte Think Twice! Blir lite snittar och skumpa har vi h\u00f6rt! Det l\u00e5ter som en bra b\u00f6rjan p\u00e5 semestern.<\/p>\n<figure id=\"attachment_416\" aria-describedby=\"caption-attachment-416\" style=\"width: 680px\" class=\"wp-caption aligncenter\"><a href=\"https:\/\/i0.wp.com\/www.ellensailing.se\/wp-content\/uploads\/2015\/06\/DSC_0035.jpg?ssl=1\"><img data-recalc-dims=\"1\" decoding=\"async\" class=\"wp-image-416 size-large\" src=\"https:\/\/i0.wp.com\/www.ellensailing.se\/wp-content\/uploads\/2015\/06\/DSC_0035.jpg?resize=680%2C452&#038;ssl=1\" alt=\"Helt ensamma p\u00e5 N\u00e4md\u00f6fj\u00e4rden.\" width=\"680\" height=\"452\" srcset=\"https:\/\/i0.wp.com\/www.ellensailing.se\/wp-content\/uploads\/2015\/06\/DSC_0035.jpg?resize=1024%2C680&amp;ssl=1 1024w, https:\/\/i0.wp.com\/www.ellensailing.se\/wp-content\/uploads\/2015\/06\/DSC_0035.jpg?resize=300%2C199&amp;ssl=1 300w, https:\/\/i0.wp.com\/www.ellensailing.se\/wp-content\/uploads\/2015\/06\/DSC_0035.jpg?w=1680&amp;ssl=1 1680w, https:\/\/i0.wp.com\/www.ellensailing.se\/wp-content\/uploads\/2015\/06\/DSC_0035.jpg?w=2520&amp;ssl=1 2520w\" sizes=\"(max-width: 680px) 100vw, 680px\" \/><\/a><figcaption id=\"caption-attachment-416\" class=\"wp-caption-text\">Helt ensamma p\u00e5 N\u00e4md\u00f6fj\u00e4rden.<\/figcaption><\/figure>\n<figure id=\"attachment_417\" aria-describedby=\"caption-attachment-417\" style=\"width: 680px\" class=\"wp-caption aligncenter\"><a href=\"https:\/\/i0.wp.com\/www.ellensailing.se\/wp-content\/uploads\/2015\/06\/DSC_0006.jpg?ssl=1\"><img data-recalc-dims=\"1\" decoding=\"async\" class=\"wp-image-417 size-large\" src=\"https:\/\/i0.wp.com\/www.ellensailing.se\/wp-content\/uploads\/2015\/06\/DSC_0006-e1435408016885-680x1024.jpg?resize=680%2C1024&#038;ssl=1\" alt=\"Knopdags\" width=\"680\" height=\"1024\" srcset=\"https:\/\/i0.wp.com\/www.ellensailing.se\/wp-content\/uploads\/2015\/06\/DSC_0006-e1435408016885.jpg?resize=680%2C1024&amp;ssl=1 680w, https:\/\/i0.wp.com\/www.ellensailing.se\/wp-content\/uploads\/2015\/06\/DSC_0006-e1435408016885.jpg?resize=199%2C300&amp;ssl=1 199w, https:\/\/i0.wp.com\/www.ellensailing.se\/wp-content\/uploads\/2015\/06\/DSC_0006-e1435408016885.jpg?w=1680&amp;ssl=1 1680w, https:\/\/i0.wp.com\/www.ellensailing.se\/wp-content\/uploads\/2015\/06\/DSC_0006-e1435408016885.jpg?w=2520&amp;ssl=1 2520w\" sizes=\"(max-width: 680px) 100vw, 680px\" \/><\/a><figcaption id=\"caption-attachment-417\" class=\"wp-caption-text\">Knopdags<\/figcaption><\/figure>\n","protected":false},"excerpt":{"rendered":"<p>Helt otroligt! Semestertider och vi \u00e4r helt ensamma p\u00e5 hela N\u00e4mnd\u00f6fj\u00e4rden. Inte en b\u00e5t i sikte. Kryssar fram i 2,5-3[&#8230;]<\/p>\n","protected":false},"author":1,"featured_media":415,"comment_status":"open","ping_status":"open","sticky":false,"template":"","format":"standard","meta":{"_jetpack_newsletter_access":"","_jetpack_dont_email_post_to_subs":false,"_jetpack_newsletter_tier_id":0,"_jetpack_memberships_contains_paywalled_content":false,"_jetpack_feature_clip_id":0,"_jetpack_memberships_contains_paid_content":false,"footnotes":"","jetpack_publicize_message":"","jetpack_publicize_feature_enabled":true,"jetpack_social_post_already_shared":true,"jetpack_social_options":{"image_generator_settings":{"template":"highway","default_image_id":0,"font":"","enabled":false},"version":2},"jetpack_post_was_ever_published":false},"categories":[4],"tags":[],"class_list":["post-414","post","type-post","status-publish","format-standard","has-post-thumbnail","hentry","category-sommar-2015"],"jetpack_publicize_connections":[],"jetpack_featured_media_url":"https:\/\/i0.wp.com\/www.ellensailing.se\/wp-content\/uploads\/2015\/06\/DSC_0026.jpg?fit=4288%2C2848&ssl=1","jetpack_sharing_enabled":true,"jetpack_shortlink":"https:\/\/wp.me\/p5G68R-6G","jetpack-related-posts":[{"id":1594,"url":"https:\/\/www.ellensailing.se\/?p=1594","url_meta":{"origin":414,"position":0},"title":"Dygn 8, \u00c4ntligen!","author":"peter@ellensailing.se","date":"27 november, 2017","format":false,"excerpt":"Natten har varit j\u00e4ttelugnt, n\u00e4stan helt stiltje. Under g\u00e5rdagen s\u00e5 kryssade vi och slog p\u00e5 vindvriden f\u00f6r att optimera farten mot m\u00e5l. Det gick bra men ganska frustrerande i den l\u00e4tta vinden. Men innan det blev natt s\u00e5 s\u00e5g vi ett flytande tonfiskn\u00e4t, typ samma lika som Loupan fick runt\u2026","rel":"","context":"I \u201dARC 2017\u201d","block_context":{"text":"ARC 2017","link":"https:\/\/www.ellensailing.se\/?cat=23"},"img":{"alt_text":"","src":"","width":0,"height":0},"classes":[]},{"id":434,"url":"https:\/\/www.ellensailing.se\/?p=434","url_meta":{"origin":414,"position":1},"title":"\u00c4nnu mera s\u00e4lar och nu Bornhom!","author":"peter@ellensailing.se","date":"2 juli, 2015","format":false,"excerpt":"Idag blev det tidig avg\u00e5ngt fr\u00e5n Utklippan. Fint v\u00e4der var f\u00f6rutsp\u00e5tt men lite vind. Vi stack fr\u00e5n Utklippan vid 7- tiden och Disel Doris har f\u00e5tt bek\u00e4nna f\u00e4rg idag. Ingen vind \u00f6verhuvudtaget. Kom lite vind n\u00e4r det var 2,6 distans kvar. Sk\u00f6nt och ett otroligt fint v\u00e4der har det varit\u2026","rel":"","context":"I \u201dSommar 2015\u201d","block_context":{"text":"Sommar 2015","link":"https:\/\/www.ellensailing.se\/?cat=4"},"img":{"alt_text":"","src":"https:\/\/i0.wp.com\/www.ellensailing.se\/wp-content\/uploads\/2015\/07\/DSC_02161.jpg?fit=1200%2C797&ssl=1&resize=350%2C200","width":350,"height":200,"srcset":"https:\/\/i0.wp.com\/www.ellensailing.se\/wp-content\/uploads\/2015\/07\/DSC_02161.jpg?fit=1200%2C797&ssl=1&resize=350%2C200 1x, https:\/\/i0.wp.com\/www.ellensailing.se\/wp-content\/uploads\/2015\/07\/DSC_02161.jpg?fit=1200%2C797&ssl=1&resize=525%2C300 1.5x, https:\/\/i0.wp.com\/www.ellensailing.se\/wp-content\/uploads\/2015\/07\/DSC_02161.jpg?fit=1200%2C797&ssl=1&resize=700%2C400 2x, https:\/\/i0.wp.com\/www.ellensailing.se\/wp-content\/uploads\/2015\/07\/DSC_02161.jpg?fit=1200%2C797&ssl=1&resize=1050%2C600 3x"},"classes":[]},{"id":1586,"url":"https:\/\/www.ellensailing.se\/?p=1586","url_meta":{"origin":414,"position":2},"title":"Dygn 3, Varierande vindar","author":"peter@ellensailing.se","date":"22 november, 2017","format":false,"excerpt":"Vi \u00e5t en mycket f\u00e4rsk middag ig\u00e5r som bestod av tonfisk, ris, paprika och l\u00f6k. Smakade mycket bra. Natten har varit lugn med ca 8 knops vind. Dock \u00e4r den fr\u00e5n fel h\u00e5ll! Det jag har h\u00f6rt \u00e4r att n\u00e4r man seglar till Karibien s\u00e5 \u00e5ker man med vinden. Det\u2026","rel":"","context":"I \u201dARC 2017\u201d","block_context":{"text":"ARC 2017","link":"https:\/\/www.ellensailing.se\/?cat=23"},"img":{"alt_text":"","src":"","width":0,"height":0},"classes":[]},{"id":552,"url":"https:\/\/www.ellensailing.se\/?p=552","url_meta":{"origin":414,"position":3},"title":"Tillbaka till Sverige och Kalmar!","author":"peter@ellensailing.se","date":"18 juli, 2015","format":false,"excerpt":"Efter en del funderande och studerande av Gribfiler s\u00e5 beslutade vi oss f\u00f6r att l\u00e4mna eskadern f\u00f6r denna g\u00e5ng. Vi s\u00e5g en bra lucka att segla fr\u00e5n Leba till Kalmar. Think Twice och Glittra forts\u00e4tter vidare till Gdansk. De stack p\u00e5 fredag morgon redan vid 7 tiden. Tror de hade\u2026","rel":"","context":"I \u201dSommar 2015\u201d","block_context":{"text":"Sommar 2015","link":"https:\/\/www.ellensailing.se\/?cat=4"},"img":{"alt_text":"","src":"https:\/\/i0.wp.com\/www.ellensailing.se\/wp-content\/uploads\/2015\/07\/DSC_0270.jpg?fit=1200%2C797&ssl=1&resize=350%2C200","width":350,"height":200,"srcset":"https:\/\/i0.wp.com\/www.ellensailing.se\/wp-content\/uploads\/2015\/07\/DSC_0270.jpg?fit=1200%2C797&ssl=1&resize=350%2C200 1x, https:\/\/i0.wp.com\/www.ellensailing.se\/wp-content\/uploads\/2015\/07\/DSC_0270.jpg?fit=1200%2C797&ssl=1&resize=525%2C300 1.5x, https:\/\/i0.wp.com\/www.ellensailing.se\/wp-content\/uploads\/2015\/07\/DSC_0270.jpg?fit=1200%2C797&ssl=1&resize=700%2C400 2x, https:\/\/i0.wp.com\/www.ellensailing.se\/wp-content\/uploads\/2015\/07\/DSC_0270.jpg?fit=1200%2C797&ssl=1&resize=1050%2C600 3x"},"classes":[]},{"id":2018,"url":"https:\/\/www.ellensailing.se\/?p=2018","url_meta":{"origin":414,"position":4},"title":"En h\u00e4rlig kryss ut till Mustique","author":"peter@ellensailing.se","date":"28 mars, 2018","format":false,"excerpt":"Idag har vi kryssat fr\u00e5n Bequia till Mustique som ligger n\u00e4sta \u00f6sterut fr\u00e5n Bequia. Det bl\u00e5ste runt 13 knop och ingen sj\u00f6 alls, s\u00e5 det var som att segla hemma. Ikv\u00e4ll skall vi g\u00e5 musikkv\u00e4ll p\u00e5 Basil Bar eller som den heter nu New Basil Bar. Hela baren och restaurangen\u2026","rel":"","context":"I \u201dV\u00e4stindien 2017-2018\u201d","block_context":{"text":"V\u00e4stindien 2017-2018","link":"https:\/\/www.ellensailing.se\/?cat=24"},"img":{"alt_text":"","src":"https:\/\/i0.wp.com\/www.ellensailing.se\/wp-content\/uploads\/2018\/03\/DCD426E4-0C32-492D-BB53-E06E54C74D73.jpeg?fit=1200%2C900&ssl=1&resize=350%2C200","width":350,"height":200,"srcset":"https:\/\/i0.wp.com\/www.ellensailing.se\/wp-content\/uploads\/2018\/03\/DCD426E4-0C32-492D-BB53-E06E54C74D73.jpeg?fit=1200%2C900&ssl=1&resize=350%2C200 1x, https:\/\/i0.wp.com\/www.ellensailing.se\/wp-content\/uploads\/2018\/03\/DCD426E4-0C32-492D-BB53-E06E54C74D73.jpeg?fit=1200%2C900&ssl=1&resize=525%2C300 1.5x, https:\/\/i0.wp.com\/www.ellensailing.se\/wp-content\/uploads\/2018\/03\/DCD426E4-0C32-492D-BB53-E06E54C74D73.jpeg?fit=1200%2C900&ssl=1&resize=700%2C400 2x, https:\/\/i0.wp.com\/www.ellensailing.se\/wp-content\/uploads\/2018\/03\/DCD426E4-0C32-492D-BB53-E06E54C74D73.jpeg?fit=1200%2C900&ssl=1&resize=1050%2C600 3x"},"classes":[]},{"id":3066,"url":"https:\/\/www.ellensailing.se\/?p=3066","url_meta":{"origin":414,"position":5},"title":"Sk\u00f6nt att vara ig\u00e5ng!","author":"peter@ellensailing.se","date":"5 juli, 2021","format":false,"excerpt":"Det var helt otroligt sk\u00f6nt att l\u00e4mna Hudiksvall i morse men de har varit helt otroliga d\u00e4r. I g\u00e5r kv\u00e4ll s\u00e5 avslutade vi vistelsen i Hudiskvall med att g\u00e5 p\u00e5 Strandpiren och \u00e5t musslor, supertrevlig och v\u00e4ldigt gott. Musslor vid strandpiren. Vi vaknade v\u00e4ldigt tidigt och var iv\u00e4g innan klockan\u2026","rel":"","context":"I \u201dSegling 2021\u201d","block_context":{"text":"Segling 2021","link":"https:\/\/www.ellensailing.se\/?cat=28"},"img":{"alt_text":"","src":"https:\/\/i0.wp.com\/www.ellensailing.se\/wp-content\/uploads\/2021\/07\/Strandpiren-Hudik1.jpg?fit=480%2C640&ssl=1&resize=350%2C200","width":350,"height":200},"classes":[]}],"jetpack_likes_enabled":true,"_links":{"self":[{"href":"https:\/\/www.ellensailing.se\/index.php?rest_route=\/wp\/v2\/posts\/414","targetHints":{"allow":["GET"]}}],"collection":[{"href":"https:\/\/www.ellensailing.se\/index.php?rest_route=\/wp\/v2\/posts"}],"about":[{"href":"https:\/\/www.ellensailing.se\/index.php?rest_route=\/wp\/v2\/types\/post"}],"author":[{"embeddable":true,"href":"https:\/\/www.ellensailing.se\/index.php?rest_route=\/wp\/v2\/users\/1"}],"replies":[{"embeddable":true,"href":"https:\/\/www.ellensailing.se\/index.php?rest_route=%2Fwp%2Fv2%2Fcomments&post=414"}],"version-history":[{"count":2,"href":"https:\/\/www.ellensailing.se\/index.php?rest_route=\/wp\/v2\/posts\/414\/revisions"}],"predecessor-version":[{"id":647,"href":"https:\/\/www.ellensailing.se\/index.php?rest_route=\/wp\/v2\/posts\/414\/revisions\/647"}],"wp:featuredmedia":[{"embeddable":true,"href":"https:\/\/www.ellensailing.se\/index.php?rest_route=\/wp\/v2\/media\/415"}],"wp:attachment":[{"href":"https:\/\/www.ellensailing.se\/index.php?rest_route=%2Fwp%2Fv2%2Fmedia&parent=414"}],"wp:term":[{"taxonomy":"category","embeddable":true,"href":"https:\/\/www.ellensailing.se\/index.php?rest_route=%2Fwp%2Fv2%2Fcategories&post=414"},{"taxonomy":"post_tag","embeddable":true,"href":"https:\/\/www.ellensailing.se\/index.php?rest_route=%2Fwp%2Fv2%2Ftags&post=414"}],"curies":[{"name":"wp","href":"https:\/\/api.w.org\/{rel}","templated":true}]}}