{"id":3958,"date":"2026-08-04T15:25:36","date_gmt":"2026-08-04T13:25:36","guid":{"rendered":"https:\/\/www.ellensailing.se\/?p=3958"},"modified":"2026-08-04T15:31:21","modified_gmt":"2026-08-04T13:31:21","slug":"hoppade-direkt-till-riga","status":"publish","type":"post","link":"https:\/\/www.ellensailing.se\/?p=3958","title":{"rendered":"Hoppade direkt till Riga"},"content":{"rendered":"\n<p class=\"wp-block-paragraph\">N\u00e4r vi kastade loss fr\u00e5n Rojag s\u00e5 t\u00e4nkte vi g\u00e5 till Engure Marina men jag pratade med dem dagen innan och de hade s\u00e5 mycket problem. Stopp i avloppet, problem med sandbanker etc. N\u00e4r vi seglat i en timme s\u00e5 \u00e4ndrade vi beslut. Vi g\u00e5r direkt till Riga.<\/p>\n\n\n\n<figure class=\"wp-block-image size-large\"><img data-recalc-dims=\"1\" fetchpriority=\"high\" decoding=\"async\" width=\"840\" height=\"630\" src=\"https:\/\/i0.wp.com\/www.ellensailing.se\/wp-content\/uploads\/2026\/08\/img_3530.jpg?resize=840%2C630&#038;ssl=1\" class=\"wp-image-3974\" srcset=\"https:\/\/i0.wp.com\/www.ellensailing.se\/wp-content\/uploads\/2026\/08\/img_3530.jpg?resize=1024%2C768&amp;ssl=1 1024w, https:\/\/i0.wp.com\/www.ellensailing.se\/wp-content\/uploads\/2026\/08\/img_3530.jpg?resize=300%2C225&amp;ssl=1 300w, https:\/\/i0.wp.com\/www.ellensailing.se\/wp-content\/uploads\/2026\/08\/img_3530.jpg?resize=768%2C576&amp;ssl=1 768w, https:\/\/i0.wp.com\/www.ellensailing.se\/wp-content\/uploads\/2026\/08\/img_3530.jpg?resize=1536%2C1152&amp;ssl=1 1536w, https:\/\/i0.wp.com\/www.ellensailing.se\/wp-content\/uploads\/2026\/08\/img_3530.jpg?w=2000&amp;ssl=1 2000w, https:\/\/i0.wp.com\/www.ellensailing.se\/wp-content\/uploads\/2026\/08\/img_3530.jpg?w=1680&amp;ssl=1 1680w\" sizes=\"(max-width: 840px) 100vw, 840px\" \/><figcaption class=\"wp-element-caption\">Code 1 segling<\/figcaption><\/figure>\n\n\n\n<p class=\"wp-block-paragraph\">Kollade v\u00e4derprognoserna och det fanns risk att vinden skulle droppa. Vi k\u00f6rde med Code 1 och hade bra fart men s\u00e5 vred vind till med\u00e5ka till att g\u00e5 emot oss vilket var positivt. Vi skotade allt som f\u00f6r kryss och h\u00e4mtade vind sedan kunde vi falla av. Det bl\u00e5ste 2-3 knop och vi gjorde 5 knop. Tyv\u00e4rr blev det tv\u00e4rstopp n\u00e4r det gick ner till 1 knop. Blev en det motorrerande till Riga.<\/p>\n\n\n\n<figure class=\"wp-block-image size-large\"><img data-recalc-dims=\"1\" decoding=\"async\" width=\"840\" height=\"630\" src=\"https:\/\/i0.wp.com\/www.ellensailing.se\/wp-content\/uploads\/2026\/08\/img_3533.jpg?resize=840%2C630&#038;ssl=1\" alt=\"\" class=\"wp-image-3961\" srcset=\"https:\/\/i0.wp.com\/www.ellensailing.se\/wp-content\/uploads\/2026\/08\/img_3533.jpg?resize=1024%2C768&amp;ssl=1 1024w, https:\/\/i0.wp.com\/www.ellensailing.se\/wp-content\/uploads\/2026\/08\/img_3533.jpg?resize=300%2C225&amp;ssl=1 300w, https:\/\/i0.wp.com\/www.ellensailing.se\/wp-content\/uploads\/2026\/08\/img_3533.jpg?resize=768%2C576&amp;ssl=1 768w, https:\/\/i0.wp.com\/www.ellensailing.se\/wp-content\/uploads\/2026\/08\/img_3533.jpg?resize=1536%2C1152&amp;ssl=1 1536w, https:\/\/i0.wp.com\/www.ellensailing.se\/wp-content\/uploads\/2026\/08\/img_3533.jpg?w=2000&amp;ssl=1 2000w, https:\/\/i0.wp.com\/www.ellensailing.se\/wp-content\/uploads\/2026\/08\/img_3533.jpg?w=1680&amp;ssl=1 1680w\" sizes=\"(max-width: 840px) 100vw, 840px\" \/><figcaption class=\"wp-element-caption\">Infarten till Riga<\/figcaption><\/figure>\n\n\n\n<p class=\"wp-block-paragraph\">V\u00e4l i Riga s\u00e5 ligger i Andrejosta Marina som \u00e4r n\u00e4rmast Old Town. Det \u00e4r en bra bit ner hit men det verkar ingen ordning. Man tror och enligt pilot books s\u00e5 ska det finnas 150 platser. Problemet \u00e4r bara att alla \u00e4r upptagna av Letter som permanenta platser. Nu har iaf fr\u00f6ken hamnkapten kommit ner och vi f\u00e5r ligga kvar p\u00e5 v\u00e5r plats. <\/p>\n\n\n\n<p class=\"wp-block-paragraph\">I g\u00e5r kv\u00e4ll tog vi en l\u00e5ngpromenad upp till Old Town. Det \u00e4r v\u00e4ldigt fint med massor av kyrkor och st\u00e5tliga byggnader, s\u00e5 klart v\u00e4ldigt turisiskt.<\/p>\n\n\n\n<figure class=\"wp-block-image size-large\"><img data-recalc-dims=\"1\" decoding=\"async\" width=\"840\" height=\"630\" src=\"https:\/\/i0.wp.com\/www.ellensailing.se\/wp-content\/uploads\/2026\/08\/img_3535.jpg?resize=840%2C630&#038;ssl=1\" alt=\"\" class=\"wp-image-3962\" srcset=\"https:\/\/i0.wp.com\/www.ellensailing.se\/wp-content\/uploads\/2026\/08\/img_3535.jpg?resize=1024%2C768&amp;ssl=1 1024w, https:\/\/i0.wp.com\/www.ellensailing.se\/wp-content\/uploads\/2026\/08\/img_3535.jpg?resize=300%2C225&amp;ssl=1 300w, https:\/\/i0.wp.com\/www.ellensailing.se\/wp-content\/uploads\/2026\/08\/img_3535.jpg?resize=768%2C576&amp;ssl=1 768w, https:\/\/i0.wp.com\/www.ellensailing.se\/wp-content\/uploads\/2026\/08\/img_3535.jpg?resize=1536%2C1152&amp;ssl=1 1536w, https:\/\/i0.wp.com\/www.ellensailing.se\/wp-content\/uploads\/2026\/08\/img_3535.jpg?w=2000&amp;ssl=1 2000w, https:\/\/i0.wp.com\/www.ellensailing.se\/wp-content\/uploads\/2026\/08\/img_3535.jpg?w=1680&amp;ssl=1 1680w\" sizes=\"(max-width: 840px) 100vw, 840px\" \/><figcaption class=\"wp-element-caption\">Old town<\/figcaption><\/figure>\n\n\n\n<figure class=\"wp-block-image size-large\"><img data-recalc-dims=\"1\" loading=\"lazy\" decoding=\"async\" width=\"768\" height=\"1024\" src=\"https:\/\/i0.wp.com\/www.ellensailing.se\/wp-content\/uploads\/2026\/08\/img_3537.jpg?resize=768%2C1024&#038;ssl=1\" alt=\"\" class=\"wp-image-3964\" srcset=\"https:\/\/i0.wp.com\/www.ellensailing.se\/wp-content\/uploads\/2026\/08\/img_3537.jpg?resize=768%2C1024&amp;ssl=1 768w, https:\/\/i0.wp.com\/www.ellensailing.se\/wp-content\/uploads\/2026\/08\/img_3537.jpg?resize=225%2C300&amp;ssl=1 225w, https:\/\/i0.wp.com\/www.ellensailing.se\/wp-content\/uploads\/2026\/08\/img_3537.jpg?resize=1152%2C1536&amp;ssl=1 1152w, https:\/\/i0.wp.com\/www.ellensailing.se\/wp-content\/uploads\/2026\/08\/img_3537.jpg?w=1500&amp;ssl=1 1500w\" sizes=\"(max-width: 768px) 100vw, 768px\" \/><figcaption class=\"wp-element-caption\">H\u00e4rliga gr\u00e4nder<\/figcaption><\/figure>\n\n\n\n<p class=\"wp-block-paragraph\">Idag cyklade vi runt i Old Town och \u00e4ven bes\u00f6kte synagogan som \u00e4r kvar efter andra v\u00e4rldskriget. Blev renoverad 2007 efter att ryssarna har haft det som lagerlokal.<\/p>\n\n\n\n<figure class=\"wp-block-image size-large\"><img data-recalc-dims=\"1\" loading=\"lazy\" decoding=\"async\" width=\"768\" height=\"1024\" src=\"https:\/\/i0.wp.com\/www.ellensailing.se\/wp-content\/uploads\/2026\/08\/img_3538.jpg?resize=768%2C1024&#038;ssl=1\" alt=\"\" class=\"wp-image-3963\" srcset=\"https:\/\/i0.wp.com\/www.ellensailing.se\/wp-content\/uploads\/2026\/08\/img_3538.jpg?resize=768%2C1024&amp;ssl=1 768w, https:\/\/i0.wp.com\/www.ellensailing.se\/wp-content\/uploads\/2026\/08\/img_3538.jpg?resize=225%2C300&amp;ssl=1 225w, https:\/\/i0.wp.com\/www.ellensailing.se\/wp-content\/uploads\/2026\/08\/img_3538.jpg?resize=1152%2C1536&amp;ssl=1 1152w, https:\/\/i0.wp.com\/www.ellensailing.se\/wp-content\/uploads\/2026\/08\/img_3538.jpg?w=1500&amp;ssl=1 1500w\" sizes=\"(max-width: 768px) 100vw, 768px\" \/><\/figure>\n\n\n\n<figure class=\"wp-block-image size-large\"><img data-recalc-dims=\"1\" loading=\"lazy\" decoding=\"async\" width=\"768\" height=\"1024\" src=\"https:\/\/i0.wp.com\/www.ellensailing.se\/wp-content\/uploads\/2026\/08\/img_3539.jpg?resize=768%2C1024&#038;ssl=1\" alt=\"\" class=\"wp-image-3965\" srcset=\"https:\/\/i0.wp.com\/www.ellensailing.se\/wp-content\/uploads\/2026\/08\/img_3539.jpg?resize=768%2C1024&amp;ssl=1 768w, https:\/\/i0.wp.com\/www.ellensailing.se\/wp-content\/uploads\/2026\/08\/img_3539.jpg?resize=225%2C300&amp;ssl=1 225w, https:\/\/i0.wp.com\/www.ellensailing.se\/wp-content\/uploads\/2026\/08\/img_3539.jpg?resize=1152%2C1536&amp;ssl=1 1152w, https:\/\/i0.wp.com\/www.ellensailing.se\/wp-content\/uploads\/2026\/08\/img_3539.jpg?w=1500&amp;ssl=1 1500w\" sizes=\"(max-width: 768px) 100vw, 768px\" \/><figcaption class=\"wp-element-caption\">Fint renoverad<\/figcaption><\/figure>\n\n\n\n<figure class=\"wp-block-image size-large\"><img data-recalc-dims=\"1\" loading=\"lazy\" decoding=\"async\" width=\"768\" height=\"1024\" src=\"https:\/\/i0.wp.com\/www.ellensailing.se\/wp-content\/uploads\/2026\/08\/img_3541.jpg?resize=768%2C1024&#038;ssl=1\" alt=\"\" class=\"wp-image-3966\" srcset=\"https:\/\/i0.wp.com\/www.ellensailing.se\/wp-content\/uploads\/2026\/08\/img_3541.jpg?resize=768%2C1024&amp;ssl=1 768w, https:\/\/i0.wp.com\/www.ellensailing.se\/wp-content\/uploads\/2026\/08\/img_3541.jpg?resize=225%2C300&amp;ssl=1 225w, https:\/\/i0.wp.com\/www.ellensailing.se\/wp-content\/uploads\/2026\/08\/img_3541.jpg?resize=1152%2C1536&amp;ssl=1 1152w, https:\/\/i0.wp.com\/www.ellensailing.se\/wp-content\/uploads\/2026\/08\/img_3541.jpg?w=1500&amp;ssl=1 1500w\" sizes=\"(max-width: 768px) 100vw, 768px\" \/><figcaption class=\"wp-element-caption\">Vackra glad<\/figcaption><\/figure>\n\n\n\n<p class=\"wp-block-paragraph\">Bes\u00f6kte ocks\u00e5 marknaden som tydligen \u00e4r en av Europas st\u00f6rsta. De inrymmer i 3 stora Zeplinarhangar samt att de har massor utanf\u00f6r. Riktigt nice.<\/p>\n\n\n\n<figure class=\"wp-block-image size-large\"><img data-recalc-dims=\"1\" loading=\"lazy\" decoding=\"async\" width=\"840\" height=\"630\" src=\"https:\/\/i0.wp.com\/www.ellensailing.se\/wp-content\/uploads\/2026\/08\/img_3543.jpg?resize=840%2C630&#038;ssl=1\" alt=\"\" class=\"wp-image-3967\" srcset=\"https:\/\/i0.wp.com\/www.ellensailing.se\/wp-content\/uploads\/2026\/08\/img_3543.jpg?resize=1024%2C768&amp;ssl=1 1024w, https:\/\/i0.wp.com\/www.ellensailing.se\/wp-content\/uploads\/2026\/08\/img_3543.jpg?resize=300%2C225&amp;ssl=1 300w, https:\/\/i0.wp.com\/www.ellensailing.se\/wp-content\/uploads\/2026\/08\/img_3543.jpg?resize=768%2C576&amp;ssl=1 768w, https:\/\/i0.wp.com\/www.ellensailing.se\/wp-content\/uploads\/2026\/08\/img_3543.jpg?resize=1536%2C1152&amp;ssl=1 1536w, https:\/\/i0.wp.com\/www.ellensailing.se\/wp-content\/uploads\/2026\/08\/img_3543.jpg?w=2000&amp;ssl=1 2000w, https:\/\/i0.wp.com\/www.ellensailing.se\/wp-content\/uploads\/2026\/08\/img_3543.jpg?w=1680&amp;ssl=1 1680w\" sizes=\"(max-width: 840px) 100vw, 840px\" \/><figcaption class=\"wp-element-caption\">Stora hallar<\/figcaption><\/figure>\n\n\n\n<figure class=\"wp-block-image size-large\"><img data-recalc-dims=\"1\" loading=\"lazy\" decoding=\"async\" width=\"840\" height=\"630\" src=\"https:\/\/i0.wp.com\/www.ellensailing.se\/wp-content\/uploads\/2026\/08\/img_3545.jpg?resize=840%2C630&#038;ssl=1\" alt=\"\" class=\"wp-image-3968\" srcset=\"https:\/\/i0.wp.com\/www.ellensailing.se\/wp-content\/uploads\/2026\/08\/img_3545.jpg?resize=1024%2C768&amp;ssl=1 1024w, https:\/\/i0.wp.com\/www.ellensailing.se\/wp-content\/uploads\/2026\/08\/img_3545.jpg?resize=300%2C225&amp;ssl=1 300w, https:\/\/i0.wp.com\/www.ellensailing.se\/wp-content\/uploads\/2026\/08\/img_3545.jpg?resize=768%2C576&amp;ssl=1 768w, https:\/\/i0.wp.com\/www.ellensailing.se\/wp-content\/uploads\/2026\/08\/img_3545.jpg?resize=1536%2C1152&amp;ssl=1 1536w, https:\/\/i0.wp.com\/www.ellensailing.se\/wp-content\/uploads\/2026\/08\/img_3545.jpg?w=2000&amp;ssl=1 2000w, https:\/\/i0.wp.com\/www.ellensailing.se\/wp-content\/uploads\/2026\/08\/img_3545.jpg?w=1680&amp;ssl=1 1680w\" sizes=\"(max-width: 840px) 100vw, 840px\" \/><figcaption class=\"wp-element-caption\">De stora Zeppelin hangaren<\/figcaption><\/figure>\n\n\n\n<figure class=\"wp-block-image size-large\"><img data-recalc-dims=\"1\" loading=\"lazy\" decoding=\"async\" width=\"840\" height=\"630\" src=\"https:\/\/i0.wp.com\/www.ellensailing.se\/wp-content\/uploads\/2026\/08\/img_3547.jpg?resize=840%2C630&#038;ssl=1\" alt=\"\" class=\"wp-image-3969\" srcset=\"https:\/\/i0.wp.com\/www.ellensailing.se\/wp-content\/uploads\/2026\/08\/img_3547.jpg?resize=1024%2C768&amp;ssl=1 1024w, https:\/\/i0.wp.com\/www.ellensailing.se\/wp-content\/uploads\/2026\/08\/img_3547.jpg?resize=300%2C225&amp;ssl=1 300w, https:\/\/i0.wp.com\/www.ellensailing.se\/wp-content\/uploads\/2026\/08\/img_3547.jpg?resize=768%2C576&amp;ssl=1 768w, https:\/\/i0.wp.com\/www.ellensailing.se\/wp-content\/uploads\/2026\/08\/img_3547.jpg?resize=1536%2C1152&amp;ssl=1 1536w, https:\/\/i0.wp.com\/www.ellensailing.se\/wp-content\/uploads\/2026\/08\/img_3547.jpg?w=2000&amp;ssl=1 2000w, https:\/\/i0.wp.com\/www.ellensailing.se\/wp-content\/uploads\/2026\/08\/img_3547.jpg?w=1680&amp;ssl=1 1680w\" sizes=\"(max-width: 840px) 100vw, 840px\" \/><figcaption class=\"wp-element-caption\">Galet med frukt<\/figcaption><\/figure>\n\n\n\n<p class=\"wp-block-paragraph\">N\u00e4r vi cyklade p\u00e5 en gata s\u00e5 hittade vi en rolig figur av Putin. Det var byggnaden mittemot Ryska ambasaden, det roliga var att det d\u00f6pt om gata till Ukraina gatan. Tycker det \u00e4r kul iaf.<\/p>\n\n\n\n<figure class=\"wp-block-image size-large\"><img data-recalc-dims=\"1\" loading=\"lazy\" decoding=\"async\" width=\"768\" height=\"1024\" src=\"https:\/\/i0.wp.com\/www.ellensailing.se\/wp-content\/uploads\/2026\/08\/img_3550.jpg?resize=768%2C1024&#038;ssl=1\" alt=\"\" class=\"wp-image-3970\" srcset=\"https:\/\/i0.wp.com\/www.ellensailing.se\/wp-content\/uploads\/2026\/08\/img_3550.jpg?resize=768%2C1024&amp;ssl=1 768w, https:\/\/i0.wp.com\/www.ellensailing.se\/wp-content\/uploads\/2026\/08\/img_3550.jpg?resize=225%2C300&amp;ssl=1 225w, https:\/\/i0.wp.com\/www.ellensailing.se\/wp-content\/uploads\/2026\/08\/img_3550.jpg?resize=1152%2C1536&amp;ssl=1 1152w, https:\/\/i0.wp.com\/www.ellensailing.se\/wp-content\/uploads\/2026\/08\/img_3550.jpg?w=1500&amp;ssl=1 1500w\" sizes=\"(max-width: 768px) 100vw, 768px\" \/><figcaption class=\"wp-element-caption\">Mittemot Rysslands ambassad<\/figcaption><\/figure>\n\n\n\n<figure class=\"wp-block-image size-large\"><img data-recalc-dims=\"1\" loading=\"lazy\" decoding=\"async\" width=\"840\" height=\"630\" src=\"https:\/\/i0.wp.com\/www.ellensailing.se\/wp-content\/uploads\/2026\/08\/img_3551.jpg?resize=840%2C630&#038;ssl=1\" alt=\"\" class=\"wp-image-3971\" srcset=\"https:\/\/i0.wp.com\/www.ellensailing.se\/wp-content\/uploads\/2026\/08\/img_3551.jpg?resize=1024%2C768&amp;ssl=1 1024w, https:\/\/i0.wp.com\/www.ellensailing.se\/wp-content\/uploads\/2026\/08\/img_3551.jpg?resize=300%2C225&amp;ssl=1 300w, https:\/\/i0.wp.com\/www.ellensailing.se\/wp-content\/uploads\/2026\/08\/img_3551.jpg?resize=768%2C576&amp;ssl=1 768w, https:\/\/i0.wp.com\/www.ellensailing.se\/wp-content\/uploads\/2026\/08\/img_3551.jpg?resize=1536%2C1152&amp;ssl=1 1536w, https:\/\/i0.wp.com\/www.ellensailing.se\/wp-content\/uploads\/2026\/08\/img_3551.jpg?w=2000&amp;ssl=1 2000w, https:\/\/i0.wp.com\/www.ellensailing.se\/wp-content\/uploads\/2026\/08\/img_3551.jpg?w=1680&amp;ssl=1 1680w\" sizes=\"(max-width: 840px) 100vw, 840px\" \/><figcaption class=\"wp-element-caption\">Nya namnet p\u00e5 gatan, sitter p\u00e5 Rysslands ambassad <\/figcaption><\/figure>\n\n\n\n<figure class=\"wp-block-image size-large\"><img data-recalc-dims=\"1\" loading=\"lazy\" decoding=\"async\" width=\"768\" height=\"1024\" src=\"https:\/\/i0.wp.com\/www.ellensailing.se\/wp-content\/uploads\/2026\/08\/img_3549-1.jpg?resize=768%2C1024&#038;ssl=1\" class=\"wp-image-3975\" srcset=\"https:\/\/i0.wp.com\/www.ellensailing.se\/wp-content\/uploads\/2026\/08\/img_3549-1.jpg?resize=768%2C1024&amp;ssl=1 768w, https:\/\/i0.wp.com\/www.ellensailing.se\/wp-content\/uploads\/2026\/08\/img_3549-1.jpg?resize=225%2C300&amp;ssl=1 225w, https:\/\/i0.wp.com\/www.ellensailing.se\/wp-content\/uploads\/2026\/08\/img_3549-1.jpg?resize=1152%2C1536&amp;ssl=1 1152w, https:\/\/i0.wp.com\/www.ellensailing.se\/wp-content\/uploads\/2026\/08\/img_3549-1.jpg?w=1500&amp;ssl=1 1500w\" sizes=\"(max-width: 768px) 100vw, 768px\" \/><figcaption class=\"wp-element-caption\">Frihetens monument <\/figcaption><\/figure>\n\n\n\n<p class=\"wp-block-paragraph\">Ikv\u00e4ll blir det middag p\u00e5 stan och i morgon kommer f\u00f6rhoppningsvis Carl Mikael och Karin p\u00e5 fika. Carl Mikael och jag jobbade ihop tajt 1991 och fr\u00e5m\u00e5t n\u00e4r BiljettDirekt bildades&#8230;<\/p>\n","protected":false},"excerpt":{"rendered":"<p>N\u00e4r vi kastade loss fr\u00e5n Rojag s\u00e5 t\u00e4nkte vi g\u00e5 till Engure Marina men jag pratade med dem dagen innan[&#8230;]<\/p>\n","protected":false},"author":1,"featured_media":3972,"comment_status":"open","ping_status":"open","sticky":false,"template":"","format":"standard","meta":{"_jetpack_newsletter_access":"","_jetpack_dont_email_post_to_subs":false,"_jetpack_newsletter_tier_id":0,"_jetpack_memberships_contains_paywalled_content":false,"_jetpack_feature_clip_id":0,"_jetpack_memberships_contains_paid_content":false,"footnotes":"","jetpack_publicize_message":"","jetpack_publicize_feature_enabled":true,"jetpack_social_post_already_shared":true,"jetpack_social_options":{"image_generator_settings":{"template":"highway","default_image_id":0,"font":"","enabled":false},"version":2},"jetpack_post_was_ever_published":false},"categories":[35],"tags":[],"class_list":["post-3958","post","type-post","status-publish","format-standard","has-post-thumbnail","hentry","category-segling-2026"],"jetpack_publicize_connections":[],"jetpack_featured_media_url":"https:\/\/i0.wp.com\/www.ellensailing.se\/wp-content\/uploads\/2026\/08\/img_3549.jpg?fit=1500%2C2000&ssl=1","jetpack_sharing_enabled":true,"jetpack_shortlink":"https:\/\/wp.me\/p5G68R-11Q","jetpack-related-posts":[{"id":1583,"url":"https:\/\/www.ellensailing.se\/?p=1583","url_meta":{"origin":3958,"position":0},"title":"Dygn 1. Fr\u00e5n Start","author":"peter@ellensailing.se","date":"20 november, 2017","format":false,"excerpt":"Snart \u00e4r f\u00f6rsta dygnet avklarat. En fin och lugn start med moderata vindar. Ganska snart s\u00e5 hissade vi Code1 och gick som attans. Riktigt kul. N\u00e4r vi n\u00e4rmade oss s\u00f6dra Gran Canaria gippade vi v\u00e4sterut. Vi gick riktigt bra. N\u00e4r solen b\u00f6rjade g\u00e5 ner s\u00e5 tog vi ner Code 1\u2026","rel":"","context":"I \u201dARC 2017\u201d","block_context":{"text":"ARC 2017","link":"https:\/\/www.ellensailing.se\/?cat=23"},"img":{"alt_text":"","src":"","width":0,"height":0},"classes":[]},{"id":3993,"url":"https:\/\/www.ellensailing.se\/?p=3993","url_meta":{"origin":3958,"position":1},"title":"Riga till P\u00e4rnu med ett stopp i Skulte","author":"peter@ellensailing.se","date":"10 augusti, 2026","format":false,"excerpt":"Det blev fina dagar i Riga. Mycket cykel och kolla p\u00e5 olika saker. Vi hade en fika med Karl Mikael som ber\u00e4ttade sina historier fr\u00e5n Lettland. Kul att tr\u00e4ffas. Karl Mikael tipsade oss att g\u00e5 p\u00e5 ockupations museet. Det var riktigt bra och Ryssland \u00e4r inte ett land, det \u00e4r\u2026","rel":"","context":"I \u201dSegling 2026\u201d","block_context":{"text":"Segling 2026","link":"https:\/\/www.ellensailing.se\/?cat=35"},"img":{"alt_text":"","src":"https:\/\/i0.wp.com\/www.ellensailing.se\/wp-content\/uploads\/2026\/08\/img_3576-2.jpg?fit=1200%2C900&ssl=1&resize=350%2C200","width":350,"height":200,"srcset":"https:\/\/i0.wp.com\/www.ellensailing.se\/wp-content\/uploads\/2026\/08\/img_3576-2.jpg?fit=1200%2C900&ssl=1&resize=350%2C200 1x, https:\/\/i0.wp.com\/www.ellensailing.se\/wp-content\/uploads\/2026\/08\/img_3576-2.jpg?fit=1200%2C900&ssl=1&resize=525%2C300 1.5x, https:\/\/i0.wp.com\/www.ellensailing.se\/wp-content\/uploads\/2026\/08\/img_3576-2.jpg?fit=1200%2C900&ssl=1&resize=700%2C400 2x, https:\/\/i0.wp.com\/www.ellensailing.se\/wp-content\/uploads\/2026\/08\/img_3576-2.jpg?fit=1200%2C900&ssl=1&resize=1050%2C600 3x"},"classes":[]},{"id":3908,"url":"https:\/\/www.ellensailing.se\/?p=3908","url_meta":{"origin":3958,"position":2},"title":"Seglingssemester igen!","author":"peter@ellensailing.se","date":"29 juli, 2026","format":false,"excerpt":"Nu \u00e4r vi p\u00e5 G igen. Tredje dagen p\u00e5 semestern och vi g\u00e5r upp klockan 4. Vi \u00e4r i Lauterhorn och \u00e4r p\u00e5 v\u00e4g till Lettland. Ig\u00e5r gick vi \u00f6ver fr\u00e5n Nyn\u00e4shamn. Vi hade 22-25 knops vind och ganska h\u00f6g sj\u00f6 s\u00e5 det vara ganska tuffa f\u00f6rh\u00e5llanden men en v\u00e4ldigt\u2026","rel":"","context":"I \u201dSegling 2026\u201d","block_context":{"text":"Segling 2026","link":"https:\/\/www.ellensailing.se\/?cat=35"},"img":{"alt_text":"","src":"https:\/\/i0.wp.com\/www.ellensailing.se\/wp-content\/uploads\/2026\/07\/img_3463-1.jpg?fit=1200%2C900&ssl=1&resize=350%2C200","width":350,"height":200,"srcset":"https:\/\/i0.wp.com\/www.ellensailing.se\/wp-content\/uploads\/2026\/07\/img_3463-1.jpg?fit=1200%2C900&ssl=1&resize=350%2C200 1x, https:\/\/i0.wp.com\/www.ellensailing.se\/wp-content\/uploads\/2026\/07\/img_3463-1.jpg?fit=1200%2C900&ssl=1&resize=525%2C300 1.5x, https:\/\/i0.wp.com\/www.ellensailing.se\/wp-content\/uploads\/2026\/07\/img_3463-1.jpg?fit=1200%2C900&ssl=1&resize=700%2C400 2x, https:\/\/i0.wp.com\/www.ellensailing.se\/wp-content\/uploads\/2026\/07\/img_3463-1.jpg?fit=1200%2C900&ssl=1&resize=1050%2C600 3x"},"classes":[]},{"id":3932,"url":"https:\/\/www.ellensailing.se\/?p=3932","url_meta":{"origin":3958,"position":3},"title":"Lokal Gin fr\u00e5n Run\u00f6!","author":"peter@ellensailing.se","date":"1 augusti, 2026","format":false,"excerpt":"Idag har vi seglat till Rhunu fr\u00e5n M\u00f6nt\u00f6. Fin segling med 120 grader in. Fr\u00e5n b\u00f6rjarann s\u00e5 var det bra vind men det blekte ut erfter ett tag. Vi gick 40 NM idag och kom till en fantaskik \u00f6 mitt i Riga bukten, dock lite dyr hamnavgift men man ligger\u2026","rel":"","context":"I \u201dSegling 2026\u201d","block_context":{"text":"Segling 2026","link":"https:\/\/www.ellensailing.se\/?cat=35"},"img":{"alt_text":"","src":"https:\/\/i0.wp.com\/www.ellensailing.se\/wp-content\/uploads\/2026\/08\/img_3504.jpg?fit=1200%2C900&ssl=1&resize=350%2C200","width":350,"height":200,"srcset":"https:\/\/i0.wp.com\/www.ellensailing.se\/wp-content\/uploads\/2026\/08\/img_3504.jpg?fit=1200%2C900&ssl=1&resize=350%2C200 1x, https:\/\/i0.wp.com\/www.ellensailing.se\/wp-content\/uploads\/2026\/08\/img_3504.jpg?fit=1200%2C900&ssl=1&resize=525%2C300 1.5x, https:\/\/i0.wp.com\/www.ellensailing.se\/wp-content\/uploads\/2026\/08\/img_3504.jpg?fit=1200%2C900&ssl=1&resize=700%2C400 2x, https:\/\/i0.wp.com\/www.ellensailing.se\/wp-content\/uploads\/2026\/08\/img_3504.jpg?fit=1200%2C900&ssl=1&resize=1050%2C600 3x"},"classes":[]},{"id":2177,"url":"https:\/\/www.ellensailing.se\/?p=2177","url_meta":{"origin":3958,"position":4},"title":"Great Baracuda p\u00e5 v\u00e4g till Grenada","author":"peter@ellensailing.se","date":"15 april, 2018","format":false,"excerpt":"I morse seglade vi till Grenada och strax utanf\u00f6r Carriacou fick vi en mega Baracuda, s\u00e4kert 15 kg tung. Vi fick g\u00e5 upp i vind f\u00f6r att minska farten och trots det h\u00f6ll jag p\u00e5 en halvtimme innan vi fick upp den luringen. Vilka t\u00e4nder de har. Infinity B hade\u2026","rel":"","context":"I \u201dV\u00e4stindien 2017-2018\u201d","block_context":{"text":"V\u00e4stindien 2017-2018","link":"https:\/\/www.ellensailing.se\/?cat=24"},"img":{"alt_text":"","src":"https:\/\/i0.wp.com\/www.ellensailing.se\/wp-content\/uploads\/2018\/04\/05610405-3054-4843-A45E-BE0928EFAA7A.jpeg?fit=1200%2C800&ssl=1&resize=350%2C200","width":350,"height":200,"srcset":"https:\/\/i0.wp.com\/www.ellensailing.se\/wp-content\/uploads\/2018\/04\/05610405-3054-4843-A45E-BE0928EFAA7A.jpeg?fit=1200%2C800&ssl=1&resize=350%2C200 1x, https:\/\/i0.wp.com\/www.ellensailing.se\/wp-content\/uploads\/2018\/04\/05610405-3054-4843-A45E-BE0928EFAA7A.jpeg?fit=1200%2C800&ssl=1&resize=525%2C300 1.5x, https:\/\/i0.wp.com\/www.ellensailing.se\/wp-content\/uploads\/2018\/04\/05610405-3054-4843-A45E-BE0928EFAA7A.jpeg?fit=1200%2C800&ssl=1&resize=700%2C400 2x, https:\/\/i0.wp.com\/www.ellensailing.se\/wp-content\/uploads\/2018\/04\/05610405-3054-4843-A45E-BE0928EFAA7A.jpeg?fit=1200%2C800&ssl=1&resize=1050%2C600 3x"},"classes":[]},{"id":3162,"url":"https:\/\/www.ellensailing.se\/?p=3162","url_meta":{"origin":3958,"position":5},"title":"Ag\u00f6n, \u00d6regrund och Arholma","author":"peter@ellensailing.se","date":"20 juli, 2021","format":false,"excerpt":"Allt s\u00e5g perfekt ut, en perfekt plan men det \u00e4r inte alltid det blir som man planerat. Efter Mellanfj\u00e4rd seglade vi ner till Ag\u00f6n som skulle vara v\u00e5r utg\u00e5ngsplats f\u00f6r seglingen ner till \u00d6regrund. Ag\u00f6n ligger utanf\u00f6r Hudiksvall och det var h\u00e4r v\u00e5rt drev pajade. Mellanfj\u00e4rd Seglingen ditner var som\u2026","rel":"","context":"I \u201dSegling 2021\u201d","block_context":{"text":"Segling 2021","link":"https:\/\/www.ellensailing.se\/?cat=28"},"img":{"alt_text":"","src":"https:\/\/i0.wp.com\/www.ellensailing.se\/wp-content\/uploads\/2021\/07\/img_0379-1-scaled.jpg?fit=1200%2C900&ssl=1&resize=350%2C200","width":350,"height":200,"srcset":"https:\/\/i0.wp.com\/www.ellensailing.se\/wp-content\/uploads\/2021\/07\/img_0379-1-scaled.jpg?fit=1200%2C900&ssl=1&resize=350%2C200 1x, https:\/\/i0.wp.com\/www.ellensailing.se\/wp-content\/uploads\/2021\/07\/img_0379-1-scaled.jpg?fit=1200%2C900&ssl=1&resize=525%2C300 1.5x, https:\/\/i0.wp.com\/www.ellensailing.se\/wp-content\/uploads\/2021\/07\/img_0379-1-scaled.jpg?fit=1200%2C900&ssl=1&resize=700%2C400 2x, https:\/\/i0.wp.com\/www.ellensailing.se\/wp-content\/uploads\/2021\/07\/img_0379-1-scaled.jpg?fit=1200%2C900&ssl=1&resize=1050%2C600 3x"},"classes":[]}],"jetpack_likes_enabled":false,"_links":{"self":[{"href":"https:\/\/www.ellensailing.se\/index.php?rest_route=\/wp\/v2\/posts\/3958","targetHints":{"allow":["GET"]}}],"collection":[{"href":"https:\/\/www.ellensailing.se\/index.php?rest_route=\/wp\/v2\/posts"}],"about":[{"href":"https:\/\/www.ellensailing.se\/index.php?rest_route=\/wp\/v2\/types\/post"}],"author":[{"embeddable":true,"href":"https:\/\/www.ellensailing.se\/index.php?rest_route=\/wp\/v2\/users\/1"}],"replies":[{"embeddable":true,"href":"https:\/\/www.ellensailing.se\/index.php?rest_route=%2Fwp%2Fv2%2Fcomments&post=3958"}],"version-history":[{"count":4,"href":"https:\/\/www.ellensailing.se\/index.php?rest_route=\/wp\/v2\/posts\/3958\/revisions"}],"predecessor-version":[{"id":3976,"href":"https:\/\/www.ellensailing.se\/index.php?rest_route=\/wp\/v2\/posts\/3958\/revisions\/3976"}],"wp:featuredmedia":[{"embeddable":true,"href":"https:\/\/www.ellensailing.se\/index.php?rest_route=\/wp\/v2\/media\/3972"}],"wp:attachment":[{"href":"https:\/\/www.ellensailing.se\/index.php?rest_route=%2Fwp%2Fv2%2Fmedia&parent=3958"}],"wp:term":[{"taxonomy":"category","embeddable":true,"href":"https:\/\/www.ellensailing.se\/index.php?rest_route=%2Fwp%2Fv2%2Fcategories&post=3958"},{"taxonomy":"post_tag","embeddable":true,"href":"https:\/\/www.ellensailing.se\/index.php?rest_route=%2Fwp%2Fv2%2Ftags&post=3958"}],"curies":[{"name":"wp","href":"https:\/\/api.w.org\/{rel}","templated":true}]}}