{"id":3932,"date":"2026-08-01T21:02:03","date_gmt":"2026-08-01T19:02:03","guid":{"rendered":"https:\/\/www.ellensailing.se\/?p=3932"},"modified":"2026-08-01T21:02:03","modified_gmt":"2026-08-01T19:02:03","slug":"lokal-gin-fran-runo","status":"publish","type":"post","link":"https:\/\/www.ellensailing.se\/?p=3932","title":{"rendered":"Lokal Gin fr\u00e5n Run\u00f6!"},"content":{"rendered":"\n<p class=\"wp-block-paragraph\">Idag har vi seglat till Rhunu fr\u00e5n M\u00f6nt\u00f6. Fin segling med 120 grader in. Fr\u00e5n b\u00f6rjarann s\u00e5 var det bra vind men det blekte ut erfter ett tag. Vi gick 40 NM idag och kom till en fantaskik \u00f6 mitt i Riga bukten, dock lite dyr hamnavgift men man ligger bra h\u00e4r. M\u00e5nga tror att det \u00e4r grunt men det \u00e4r det inte, vi hade som l\u00e4gst 3,7 meter s\u00e5 det \u00e4r inga problem.<\/p>\n\n\n\n<p class=\"wp-block-paragraph\">Vi gick ig\u00e5r fr\u00e5n Ventspils till M\u00f6nt\u00f6, \u00e4ven det en fin segling men fick g\u00e5 f\u00f6r motor i b\u00f6rja d\u00e5 det inte bl\u00e5ste s\u00e5 mycket. Man kan undra varf\u00f6r vi gick fr\u00e5n Lettland till Estland men det \u00e4r fakiskt den n\u00e4rmaste hamnen. Det \u00e4r v\u00e4ldigt tr\u00e5ngt d\u00e4r men okej hamn. Dock finns det tv\u00e5 gr\u00f6na prickar d\u00e4r som man skall ha om barbord, finns ingen info om det.<\/p>\n\n\n\n<p class=\"wp-block-paragraph\">V\u00e4l d\u00e4r s\u00e5 \u00e4r det inte mycket, en stor gr\u00e4spl\u00e4tt med massa ljus och minneslunder, kanske har det varit en kampingplats tidigare. Vi hittade dock en minnessten fr\u00e5n ryssarna som vi l\u00e4t co polit overs\u00e4tta&#8230;<\/p>\n\n\n\n<blockquote class=\"wp-block-quote is-layout-flow wp-block-quote-is-layout-flow\">\n<figure class=\"wp-block-image size-large\"><img data-recalc-dims=\"1\" fetchpriority=\"high\" decoding=\"async\" width=\"768\" height=\"1024\" src=\"https:\/\/i0.wp.com\/www.ellensailing.se\/wp-content\/uploads\/2026\/08\/img_3503.jpg?resize=768%2C1024&#038;ssl=1\" alt=\"\" class=\"wp-image-3935\" srcset=\"https:\/\/i0.wp.com\/www.ellensailing.se\/wp-content\/uploads\/2026\/08\/img_3503.jpg?resize=768%2C1024&amp;ssl=1 768w, https:\/\/i0.wp.com\/www.ellensailing.se\/wp-content\/uploads\/2026\/08\/img_3503.jpg?resize=225%2C300&amp;ssl=1 225w, https:\/\/i0.wp.com\/www.ellensailing.se\/wp-content\/uploads\/2026\/08\/img_3503.jpg?resize=1152%2C1536&amp;ssl=1 1152w, https:\/\/i0.wp.com\/www.ellensailing.se\/wp-content\/uploads\/2026\/08\/img_3503.jpg?w=1500&amp;ssl=1 1500w\" sizes=\"(max-width: 768px) 100vw, 768px\" \/><\/figure>\n\n\n\n<p class=\"wp-block-paragraph\"><strong>Evigt minne \u00e5t hj\u00e4ltarna, torpedb\u00e5tsm\u00e4nnen, som stupade i striderna mot de tyska ockupanterna f\u00f6r v\u00e5rt fosterlands frihet och sj\u00e4lvst\u00e4ndighet. \u00c5r 1941.<\/strong><\/p>\n<\/blockquote>\n\n\n\n<p class=\"wp-block-paragraph\">P\u00e5 den nedre delen st\u00e5r namnen p\u00e5 de omkomna:<\/p>\n\n\n\n<ul class=\"wp-block-list\">\n<li>L\u00f6jtnant <strong>Bronitskij<\/strong> (\u0411\u0440\u043e\u043d\u0438\u0446\u043a\u0438\u0439)<\/li>\n\n\n\n<li>F\u00f6rste bef\u00e4l\/starshina <strong>Karelskij<\/strong> (\u041a\u0430\u0440\u0435\u043b\u044c\u0441\u043a\u0438\u0439)<\/li>\n\n\n\n<li>Starshina 1:a klass <strong>Kalyukin<\/strong> (\u041a\u0430\u043b\u044e\u043a\u0438\u043d)<\/li>\n\n\n\n<li>Starshina 2:a klass <strong>Yashin<\/strong> (\u042f\u0448\u0438\u043d)<\/li>\n\n\n\n<li>Matros <strong>Demidov<\/strong> (\u0414\u0435\u043c\u0438\u0434\u043e\u0432)<\/li>\n<\/ul>\n\n\n\n<p class=\"wp-block-paragraph\">L\u00e4ngst ned st\u00e5r <strong>1948<\/strong>, vilket sannolikt \u00e4r \u00e5ret d\u00e5 minnesstenen restes.<\/p>\n\n\n\n<p class=\"wp-block-paragraph\">Av milj\u00f6n att d\u00f6ma st\u00e5r monumentet vid kusten, troligen p\u00e5 en plats d\u00e4r en sovjetisk torpedb\u00e5t s\u00e4nktes eller d\u00e4r bes\u00e4ttningsm\u00e4nnen omkom under striderna i \u00d6stersj\u00f6n 1941.<\/p>\n\n\n\n<figure class=\"wp-block-image size-large\"><img data-recalc-dims=\"1\" decoding=\"async\" width=\"840\" height=\"630\" src=\"https:\/\/i0.wp.com\/www.ellensailing.se\/wp-content\/uploads\/2026\/08\/img_3507.jpg?resize=840%2C630&#038;ssl=1\" alt=\"\" class=\"wp-image-3936\" srcset=\"https:\/\/i0.wp.com\/www.ellensailing.se\/wp-content\/uploads\/2026\/08\/img_3507.jpg?resize=1024%2C768&amp;ssl=1 1024w, https:\/\/i0.wp.com\/www.ellensailing.se\/wp-content\/uploads\/2026\/08\/img_3507.jpg?resize=300%2C225&amp;ssl=1 300w, https:\/\/i0.wp.com\/www.ellensailing.se\/wp-content\/uploads\/2026\/08\/img_3507.jpg?resize=768%2C576&amp;ssl=1 768w, https:\/\/i0.wp.com\/www.ellensailing.se\/wp-content\/uploads\/2026\/08\/img_3507.jpg?resize=1536%2C1152&amp;ssl=1 1536w, https:\/\/i0.wp.com\/www.ellensailing.se\/wp-content\/uploads\/2026\/08\/img_3507.jpg?w=2000&amp;ssl=1 2000w, https:\/\/i0.wp.com\/www.ellensailing.se\/wp-content\/uploads\/2026\/08\/img_3507.jpg?w=1680&amp;ssl=1 1680w\" sizes=\"(max-width: 840px) 100vw, 840px\" \/><figcaption class=\"wp-element-caption\">Hamnen i Munt\u00f6<\/figcaption><\/figure>\n\n\n\n<figure class=\"wp-block-image size-large\"><img data-recalc-dims=\"1\" decoding=\"async\" width=\"840\" height=\"630\" src=\"https:\/\/i0.wp.com\/www.ellensailing.se\/wp-content\/uploads\/2026\/08\/img_3505.jpg?resize=840%2C630&#038;ssl=1\" alt=\"\" class=\"wp-image-3937\" srcset=\"https:\/\/i0.wp.com\/www.ellensailing.se\/wp-content\/uploads\/2026\/08\/img_3505.jpg?resize=1024%2C768&amp;ssl=1 1024w, https:\/\/i0.wp.com\/www.ellensailing.se\/wp-content\/uploads\/2026\/08\/img_3505.jpg?resize=300%2C225&amp;ssl=1 300w, https:\/\/i0.wp.com\/www.ellensailing.se\/wp-content\/uploads\/2026\/08\/img_3505.jpg?resize=768%2C576&amp;ssl=1 768w, https:\/\/i0.wp.com\/www.ellensailing.se\/wp-content\/uploads\/2026\/08\/img_3505.jpg?resize=1536%2C1152&amp;ssl=1 1536w, https:\/\/i0.wp.com\/www.ellensailing.se\/wp-content\/uploads\/2026\/08\/img_3505.jpg?w=2000&amp;ssl=1 2000w, https:\/\/i0.wp.com\/www.ellensailing.se\/wp-content\/uploads\/2026\/08\/img_3505.jpg?w=1680&amp;ssl=1 1680w\" sizes=\"(max-width: 840px) 100vw, 840px\" \/><figcaption class=\"wp-element-caption\">Fin b\u00e4nk efter en trubadur <\/figcaption><\/figure>\n\n\n\n<p class=\"wp-block-paragraph\">Nu p\u00e5 R\u00f6n\u00f6 har vi tagit en lokal Gin p\u00e5 den lokala krogen. V\u00e4ldigt god och det \u00e4r ett skodespel och se alla lokala m\u00e4nniskorna. De verkar inte ha n\u00e5gra promilleregler h\u00e4r i alla fall. M\u00e5nga sticker iv\u00e4g p\u00e5 kv\u00e4llen, glada i hatten. H\u00f6rs snart igen.<\/p>\n\n\n\n<figure class=\"wp-block-image size-large\"><img data-recalc-dims=\"1\" loading=\"lazy\" decoding=\"async\" width=\"840\" height=\"630\" src=\"https:\/\/i0.wp.com\/www.ellensailing.se\/wp-content\/uploads\/2026\/08\/img_3512.jpg?resize=840%2C630&#038;ssl=1\" alt=\"\" class=\"wp-image-3938\" srcset=\"https:\/\/i0.wp.com\/www.ellensailing.se\/wp-content\/uploads\/2026\/08\/img_3512.jpg?resize=1024%2C768&amp;ssl=1 1024w, https:\/\/i0.wp.com\/www.ellensailing.se\/wp-content\/uploads\/2026\/08\/img_3512.jpg?resize=300%2C225&amp;ssl=1 300w, https:\/\/i0.wp.com\/www.ellensailing.se\/wp-content\/uploads\/2026\/08\/img_3512.jpg?resize=768%2C576&amp;ssl=1 768w, https:\/\/i0.wp.com\/www.ellensailing.se\/wp-content\/uploads\/2026\/08\/img_3512.jpg?resize=1536%2C1152&amp;ssl=1 1536w, https:\/\/i0.wp.com\/www.ellensailing.se\/wp-content\/uploads\/2026\/08\/img_3512.jpg?w=2000&amp;ssl=1 2000w, https:\/\/i0.wp.com\/www.ellensailing.se\/wp-content\/uploads\/2026\/08\/img_3512.jpg?w=1680&amp;ssl=1 1680w\" sizes=\"(max-width: 840px) 100vw, 840px\" \/><figcaption class=\"wp-element-caption\">Gin p\u00e5 G<\/figcaption><\/figure>\n\n\n\n<figure class=\"wp-block-image size-large\"><img data-recalc-dims=\"1\" loading=\"lazy\" decoding=\"async\" width=\"840\" height=\"630\" src=\"https:\/\/i0.wp.com\/www.ellensailing.se\/wp-content\/uploads\/2026\/08\/img_3509.jpg?resize=840%2C630&#038;ssl=1\" class=\"wp-image-3940\" srcset=\"https:\/\/i0.wp.com\/www.ellensailing.se\/wp-content\/uploads\/2026\/08\/img_3509.jpg?resize=1024%2C768&amp;ssl=1 1024w, https:\/\/i0.wp.com\/www.ellensailing.se\/wp-content\/uploads\/2026\/08\/img_3509.jpg?resize=300%2C225&amp;ssl=1 300w, https:\/\/i0.wp.com\/www.ellensailing.se\/wp-content\/uploads\/2026\/08\/img_3509.jpg?resize=768%2C576&amp;ssl=1 768w, https:\/\/i0.wp.com\/www.ellensailing.se\/wp-content\/uploads\/2026\/08\/img_3509.jpg?resize=1536%2C1152&amp;ssl=1 1536w, https:\/\/i0.wp.com\/www.ellensailing.se\/wp-content\/uploads\/2026\/08\/img_3509.jpg?w=2000&amp;ssl=1 2000w, https:\/\/i0.wp.com\/www.ellensailing.se\/wp-content\/uploads\/2026\/08\/img_3509.jpg?w=1680&amp;ssl=1 1680w\" sizes=\"(max-width: 840px) 100vw, 840px\" \/><figcaption class=\"wp-element-caption\">Mycket fin hamn i Run\u00f6!<\/figcaption><\/figure>\n","protected":false},"excerpt":{"rendered":"<p>Idag har vi seglat till Rhunu fr\u00e5n M\u00f6nt\u00f6. Fin segling med 120 grader in. Fr\u00e5n b\u00f6rjarann s\u00e5 var det bra[&#8230;]<\/p>\n","protected":false},"author":1,"featured_media":3941,"comment_status":"open","ping_status":"open","sticky":false,"template":"","format":"standard","meta":{"_jetpack_newsletter_access":"","_jetpack_dont_email_post_to_subs":false,"_jetpack_newsletter_tier_id":0,"_jetpack_memberships_contains_paywalled_content":false,"_jetpack_feature_clip_id":0,"_jetpack_memberships_contains_paid_content":false,"footnotes":"","jetpack_publicize_message":"","jetpack_publicize_feature_enabled":true,"jetpack_social_post_already_shared":true,"jetpack_social_options":{"image_generator_settings":{"template":"highway","default_image_id":0,"font":"","enabled":false},"version":2},"jetpack_post_was_ever_published":false},"categories":[35],"tags":[],"class_list":["post-3932","post","type-post","status-publish","format-standard","has-post-thumbnail","hentry","category-segling-2026"],"jetpack_publicize_connections":[],"jetpack_featured_media_url":"https:\/\/i0.wp.com\/www.ellensailing.se\/wp-content\/uploads\/2026\/08\/img_3504.jpg?fit=2000%2C1500&ssl=1","jetpack_sharing_enabled":true,"jetpack_shortlink":"https:\/\/wp.me\/p5G68R-11q","jetpack-related-posts":[{"id":3337,"url":"https:\/\/www.ellensailing.se\/?p=3337","url_meta":{"origin":3932,"position":0},"title":"F\u00f6rsta veckan avklarad och nu \u00e4r vi i Hang\u00f6!","author":"peter@ellensailing.se","date":"10 juli, 2023","format":false,"excerpt":"F\u00f6rra l\u00f6rdagen p\u00e5b\u00f6rjade vi v\u00e5r sommarsegling. Det gick undan upp till Fejan och vi t\u00e4nkte n\u00e4stan forts\u00e4tta hela v\u00e4gen \u00f6ver till Mariehamn f\u00f6r det var s\u00e5 bra. Synd att vi inte gjorde det f\u00f6r p\u00e5 s\u00f6ndagen b\u00f6rjade det inte bl\u00e5sa f\u00f6rr\u00e4n vid tolvtiden. Under tiden speglarna hade det tufft under\u2026","rel":"","context":"I \u201dSegling 2023\u201d","block_context":{"text":"Segling 2023","link":"https:\/\/www.ellensailing.se\/?cat=31"},"img":{"alt_text":"","src":"https:\/\/i0.wp.com\/www.ellensailing.se\/wp-content\/uploads\/2023\/07\/img_2811-scaled.jpg?fit=900%2C1200&ssl=1&resize=350%2C200","width":350,"height":200,"srcset":"https:\/\/i0.wp.com\/www.ellensailing.se\/wp-content\/uploads\/2023\/07\/img_2811-scaled.jpg?fit=900%2C1200&ssl=1&resize=350%2C200 1x, https:\/\/i0.wp.com\/www.ellensailing.se\/wp-content\/uploads\/2023\/07\/img_2811-scaled.jpg?fit=900%2C1200&ssl=1&resize=525%2C300 1.5x, https:\/\/i0.wp.com\/www.ellensailing.se\/wp-content\/uploads\/2023\/07\/img_2811-scaled.jpg?fit=900%2C1200&ssl=1&resize=700%2C400 2x"},"classes":[]},{"id":3943,"url":"https:\/\/www.ellensailing.se\/?p=3943","url_meta":{"origin":3932,"position":1},"title":"Tillbaka i Lettland fr\u00e5n Ruhnu","author":"peter@ellensailing.se","date":"2 augusti, 2026","format":false,"excerpt":"Idag har vi seglat och kryssat fr\u00e5n Ruhnu till Roja som \u00e4r p\u00e5 fastlandet i Lettland. Ruhnu tillh\u00f6r Estland s\u00e5 det \u00e4r till att byta g\u00e4stflagga. I morse cyklade vi runt p\u00e5 Ruhnu och det \u00e4r v\u00e4ldigt gulligt, finns typ en v\u00e4g. Hamnen \u00e4r j\u00e4ttefin och alla \u00e4r s\u00e5 nerv\u00f6sa\u2026","rel":"","context":"I \u201dSegling 2026\u201d","block_context":{"text":"Segling 2026","link":"https:\/\/www.ellensailing.se\/?cat=35"},"img":{"alt_text":"","src":"https:\/\/i0.wp.com\/www.ellensailing.se\/wp-content\/uploads\/2026\/08\/img_3522-1.jpg?fit=1200%2C900&ssl=1&resize=350%2C200","width":350,"height":200,"srcset":"https:\/\/i0.wp.com\/www.ellensailing.se\/wp-content\/uploads\/2026\/08\/img_3522-1.jpg?fit=1200%2C900&ssl=1&resize=350%2C200 1x, https:\/\/i0.wp.com\/www.ellensailing.se\/wp-content\/uploads\/2026\/08\/img_3522-1.jpg?fit=1200%2C900&ssl=1&resize=525%2C300 1.5x, https:\/\/i0.wp.com\/www.ellensailing.se\/wp-content\/uploads\/2026\/08\/img_3522-1.jpg?fit=1200%2C900&ssl=1&resize=700%2C400 2x, https:\/\/i0.wp.com\/www.ellensailing.se\/wp-content\/uploads\/2026\/08\/img_3522-1.jpg?fit=1200%2C900&ssl=1&resize=1050%2C600 3x"},"classes":[]},{"id":3993,"url":"https:\/\/www.ellensailing.se\/?p=3993","url_meta":{"origin":3932,"position":2},"title":"Riga till P\u00e4rnu med ett stopp i Skulte","author":"peter@ellensailing.se","date":"10 augusti, 2026","format":false,"excerpt":"Det blev fina dagar i Riga. Mycket cykel och kolla p\u00e5 olika saker. Vi hade en fika med Karl Mikael som ber\u00e4ttade sina historier fr\u00e5n Lettland. Kul att tr\u00e4ffas. Karl Mikael tipsade oss att g\u00e5 p\u00e5 ockupations museet. Det var riktigt bra och Ryssland \u00e4r inte ett land, det \u00e4r\u2026","rel":"","context":"I \u201dSegling 2026\u201d","block_context":{"text":"Segling 2026","link":"https:\/\/www.ellensailing.se\/?cat=35"},"img":{"alt_text":"","src":"https:\/\/i0.wp.com\/www.ellensailing.se\/wp-content\/uploads\/2026\/08\/img_3576-2.jpg?fit=1200%2C900&ssl=1&resize=350%2C200","width":350,"height":200,"srcset":"https:\/\/i0.wp.com\/www.ellensailing.se\/wp-content\/uploads\/2026\/08\/img_3576-2.jpg?fit=1200%2C900&ssl=1&resize=350%2C200 1x, https:\/\/i0.wp.com\/www.ellensailing.se\/wp-content\/uploads\/2026\/08\/img_3576-2.jpg?fit=1200%2C900&ssl=1&resize=525%2C300 1.5x, https:\/\/i0.wp.com\/www.ellensailing.se\/wp-content\/uploads\/2026\/08\/img_3576-2.jpg?fit=1200%2C900&ssl=1&resize=700%2C400 2x, https:\/\/i0.wp.com\/www.ellensailing.se\/wp-content\/uploads\/2026\/08\/img_3576-2.jpg?fit=1200%2C900&ssl=1&resize=1050%2C600 3x"},"classes":[]},{"id":925,"url":"https:\/\/www.ellensailing.se\/?p=925","url_meta":{"origin":3932,"position":3},"title":"Mycket garv i Sandvig p\u00e5 Bornholm.","author":"peter@ellensailing.se","date":"23 juni, 2016","format":false,"excerpt":"Efter en fantastisk segling fr\u00e5n Kalmar hissar vi upp Danmarks g\u00e4stflagg. Vi kastade loss fr\u00e5n Kalmar vid 20 tiden efter vi \u00e4tit en god middag. Vi hann h\u00e4lsa p\u00e5 v\u00e5ra v\u00e4nner Rainer och\u00a0 Maritha fr\u00e5n avseglargruppen innan vi stack. Som vanligt b\u00f6rjade seglingen med kryss men den efterl\u00e4ngtade v\u00e4stan kom\u2026","rel":"","context":"I \u201dSommar 2016\u201d","block_context":{"text":"Sommar 2016","link":"https:\/\/www.ellensailing.se\/?cat=20"},"img":{"alt_text":"","src":"https:\/\/i0.wp.com\/www.ellensailing.se\/wp-content\/uploads\/2016\/06\/DSC_0221.jpg?fit=1200%2C797&ssl=1&resize=350%2C200","width":350,"height":200,"srcset":"https:\/\/i0.wp.com\/www.ellensailing.se\/wp-content\/uploads\/2016\/06\/DSC_0221.jpg?fit=1200%2C797&ssl=1&resize=350%2C200 1x, https:\/\/i0.wp.com\/www.ellensailing.se\/wp-content\/uploads\/2016\/06\/DSC_0221.jpg?fit=1200%2C797&ssl=1&resize=525%2C300 1.5x, https:\/\/i0.wp.com\/www.ellensailing.se\/wp-content\/uploads\/2016\/06\/DSC_0221.jpg?fit=1200%2C797&ssl=1&resize=700%2C400 2x, https:\/\/i0.wp.com\/www.ellensailing.se\/wp-content\/uploads\/2016\/06\/DSC_0221.jpg?fit=1200%2C797&ssl=1&resize=1050%2C600 3x"},"classes":[]},{"id":3162,"url":"https:\/\/www.ellensailing.se\/?p=3162","url_meta":{"origin":3932,"position":4},"title":"Ag\u00f6n, \u00d6regrund och Arholma","author":"peter@ellensailing.se","date":"20 juli, 2021","format":false,"excerpt":"Allt s\u00e5g perfekt ut, en perfekt plan men det \u00e4r inte alltid det blir som man planerat. Efter Mellanfj\u00e4rd seglade vi ner till Ag\u00f6n som skulle vara v\u00e5r utg\u00e5ngsplats f\u00f6r seglingen ner till \u00d6regrund. Ag\u00f6n ligger utanf\u00f6r Hudiksvall och det var h\u00e4r v\u00e5rt drev pajade. Mellanfj\u00e4rd Seglingen ditner var som\u2026","rel":"","context":"I \u201dSegling 2021\u201d","block_context":{"text":"Segling 2021","link":"https:\/\/www.ellensailing.se\/?cat=28"},"img":{"alt_text":"","src":"https:\/\/i0.wp.com\/www.ellensailing.se\/wp-content\/uploads\/2021\/07\/img_0379-1-scaled.jpg?fit=1200%2C900&ssl=1&resize=350%2C200","width":350,"height":200,"srcset":"https:\/\/i0.wp.com\/www.ellensailing.se\/wp-content\/uploads\/2021\/07\/img_0379-1-scaled.jpg?fit=1200%2C900&ssl=1&resize=350%2C200 1x, https:\/\/i0.wp.com\/www.ellensailing.se\/wp-content\/uploads\/2021\/07\/img_0379-1-scaled.jpg?fit=1200%2C900&ssl=1&resize=525%2C300 1.5x, https:\/\/i0.wp.com\/www.ellensailing.se\/wp-content\/uploads\/2021\/07\/img_0379-1-scaled.jpg?fit=1200%2C900&ssl=1&resize=700%2C400 2x, https:\/\/i0.wp.com\/www.ellensailing.se\/wp-content\/uploads\/2021\/07\/img_0379-1-scaled.jpg?fit=1200%2C900&ssl=1&resize=1050%2C600 3x"},"classes":[]},{"id":3128,"url":"https:\/\/www.ellensailing.se\/?p=3128","url_meta":{"origin":3932,"position":5},"title":"Mj\u00e4lt\u00f6n, Sveriges h\u00f6gsta \u00f6!","author":"peter@ellensailing.se","date":"12 juli, 2021","format":false,"excerpt":"P\u00e5 fredagen s\u00e5 seglade vi iv\u00e4g tidigt p\u00e5 morgonen. Vi vill se s\u00e5 mycket som m\u00f6jligt s\u00e5 det blir inte s\u00e5 l\u00e5nga seglingar. Vi b\u00f6rjade med att segla till Mj\u00e4lt\u00f6n, Sveriges h\u00f6gsta \u00f6 som m\u00e4ter 235m\u00f6h. Det \u00e4r mycket fint v\u00e4der och det \u00e4r en otroligt fin liten vik som\u2026","rel":"","context":"I \u201dSegling 2021\u201d","block_context":{"text":"Segling 2021","link":"https:\/\/www.ellensailing.se\/?cat=28"},"img":{"alt_text":"","src":"https:\/\/i0.wp.com\/www.ellensailing.se\/wp-content\/uploads\/2021\/07\/Mjalton3.jpg?fit=640%2C428&ssl=1&resize=350%2C200","width":350,"height":200,"srcset":"https:\/\/i0.wp.com\/www.ellensailing.se\/wp-content\/uploads\/2021\/07\/Mjalton3.jpg?fit=640%2C428&ssl=1&resize=350%2C200 1x, https:\/\/i0.wp.com\/www.ellensailing.se\/wp-content\/uploads\/2021\/07\/Mjalton3.jpg?fit=640%2C428&ssl=1&resize=525%2C300 1.5x"},"classes":[]}],"jetpack_likes_enabled":false,"_links":{"self":[{"href":"https:\/\/www.ellensailing.se\/index.php?rest_route=\/wp\/v2\/posts\/3932","targetHints":{"allow":["GET"]}}],"collection":[{"href":"https:\/\/www.ellensailing.se\/index.php?rest_route=\/wp\/v2\/posts"}],"about":[{"href":"https:\/\/www.ellensailing.se\/index.php?rest_route=\/wp\/v2\/types\/post"}],"author":[{"embeddable":true,"href":"https:\/\/www.ellensailing.se\/index.php?rest_route=\/wp\/v2\/users\/1"}],"replies":[{"embeddable":true,"href":"https:\/\/www.ellensailing.se\/index.php?rest_route=%2Fwp%2Fv2%2Fcomments&post=3932"}],"version-history":[{"count":3,"href":"https:\/\/www.ellensailing.se\/index.php?rest_route=\/wp\/v2\/posts\/3932\/revisions"}],"predecessor-version":[{"id":3942,"href":"https:\/\/www.ellensailing.se\/index.php?rest_route=\/wp\/v2\/posts\/3932\/revisions\/3942"}],"wp:featuredmedia":[{"embeddable":true,"href":"https:\/\/www.ellensailing.se\/index.php?rest_route=\/wp\/v2\/media\/3941"}],"wp:attachment":[{"href":"https:\/\/www.ellensailing.se\/index.php?rest_route=%2Fwp%2Fv2%2Fmedia&parent=3932"}],"wp:term":[{"taxonomy":"category","embeddable":true,"href":"https:\/\/www.ellensailing.se\/index.php?rest_route=%2Fwp%2Fv2%2Fcategories&post=3932"},{"taxonomy":"post_tag","embeddable":true,"href":"https:\/\/www.ellensailing.se\/index.php?rest_route=%2Fwp%2Fv2%2Ftags&post=3932"}],"curies":[{"name":"wp","href":"https:\/\/api.w.org\/{rel}","templated":true}]}}