{"id":3908,"date":"2026-07-29T06:11:26","date_gmt":"2026-07-29T04:11:26","guid":{"rendered":"https:\/\/www.ellensailing.se\/?p=3908"},"modified":"2026-07-29T06:12:09","modified_gmt":"2026-07-29T04:12:09","slug":"seglingssemester-igen","status":"publish","type":"post","link":"https:\/\/www.ellensailing.se\/?p=3908","title":{"rendered":"Seglingssemester igen!"},"content":{"rendered":"\n<p class=\"wp-block-paragraph\">Nu \u00e4r vi p\u00e5 G igen. Tredje dagen p\u00e5 semestern och vi g\u00e5r upp klockan 4. Vi \u00e4r i Lauterhorn och \u00e4r p\u00e5 v\u00e4g till Lettland. Ig\u00e5r gick vi \u00f6ver fr\u00e5n Nyn\u00e4shamn. Vi hade 22-25 knops vind och ganska h\u00f6g sj\u00f6 s\u00e5 det vara ganska tuffa f\u00f6rh\u00e5llanden men en v\u00e4ldigt fin segling. Toppfarten l\u00e5g p\u00e5 12,6 knop. <\/p>\n\n\n\n<p class=\"wp-block-paragraph\">F\u00f6rh\u00e5llandena ser bra ut f\u00f6r att g\u00e5 \u00f6ver till Ventspils idag och vi \u00e4r p\u00e5 v\u00e4g. Bl\u00e5ser 10 knop och havet \u00e4r lugnt. Tuffar p\u00e5 i 6 knop. Det \u00e4r n\u00e4stan 100 distans s\u00e5 det kommer ta lite tid. <\/p>\n\n\n\n<p class=\"wp-block-paragraph\">Vi h\u00f6rs senare<\/p>\n\n\n\n<figure class=\"wp-block-gallery has-nested-images columns-default is-cropped wp-block-gallery-1 is-layout-flex wp-block-gallery-is-layout-flex\">\n<figure class=\"wp-block-image size-large\"><img data-recalc-dims=\"1\" fetchpriority=\"high\" decoding=\"async\" width=\"768\" height=\"1024\" data-id=\"3905\" src=\"https:\/\/i0.wp.com\/www.ellensailing.se\/wp-content\/uploads\/2026\/07\/img_3461.jpg?resize=768%2C1024&#038;ssl=1\" alt=\"\" class=\"wp-image-3905\" srcset=\"https:\/\/i0.wp.com\/www.ellensailing.se\/wp-content\/uploads\/2026\/07\/img_3461.jpg?resize=768%2C1024&amp;ssl=1 768w, https:\/\/i0.wp.com\/www.ellensailing.se\/wp-content\/uploads\/2026\/07\/img_3461.jpg?resize=225%2C300&amp;ssl=1 225w, https:\/\/i0.wp.com\/www.ellensailing.se\/wp-content\/uploads\/2026\/07\/img_3461.jpg?resize=1152%2C1536&amp;ssl=1 1152w, https:\/\/i0.wp.com\/www.ellensailing.se\/wp-content\/uploads\/2026\/07\/img_3461.jpg?w=1500&amp;ssl=1 1500w\" sizes=\"(max-width: 768px) 100vw, 768px\" \/><\/figure>\n\n\n\n<figure class=\"wp-block-image size-large\"><img data-recalc-dims=\"1\" decoding=\"async\" width=\"840\" height=\"630\" data-id=\"3904\" src=\"https:\/\/i0.wp.com\/www.ellensailing.se\/wp-content\/uploads\/2026\/07\/img_3464.jpg?resize=840%2C630&#038;ssl=1\" alt=\"\" class=\"wp-image-3904\" srcset=\"https:\/\/i0.wp.com\/www.ellensailing.se\/wp-content\/uploads\/2026\/07\/img_3464.jpg?resize=1024%2C768&amp;ssl=1 1024w, https:\/\/i0.wp.com\/www.ellensailing.se\/wp-content\/uploads\/2026\/07\/img_3464.jpg?resize=300%2C225&amp;ssl=1 300w, https:\/\/i0.wp.com\/www.ellensailing.se\/wp-content\/uploads\/2026\/07\/img_3464.jpg?resize=768%2C576&amp;ssl=1 768w, https:\/\/i0.wp.com\/www.ellensailing.se\/wp-content\/uploads\/2026\/07\/img_3464.jpg?resize=1536%2C1152&amp;ssl=1 1536w, https:\/\/i0.wp.com\/www.ellensailing.se\/wp-content\/uploads\/2026\/07\/img_3464.jpg?w=2000&amp;ssl=1 2000w, https:\/\/i0.wp.com\/www.ellensailing.se\/wp-content\/uploads\/2026\/07\/img_3464.jpg?w=1680&amp;ssl=1 1680w\" sizes=\"(max-width: 840px) 100vw, 840px\" \/><\/figure>\n\n\n\n<figure class=\"wp-block-image size-large\"><img data-recalc-dims=\"1\" decoding=\"async\" width=\"840\" height=\"630\" data-id=\"3906\" src=\"https:\/\/i0.wp.com\/www.ellensailing.se\/wp-content\/uploads\/2026\/07\/img_3463.jpg?resize=840%2C630&#038;ssl=1\" alt=\"\" class=\"wp-image-3906\" srcset=\"https:\/\/i0.wp.com\/www.ellensailing.se\/wp-content\/uploads\/2026\/07\/img_3463.jpg?resize=1024%2C768&amp;ssl=1 1024w, https:\/\/i0.wp.com\/www.ellensailing.se\/wp-content\/uploads\/2026\/07\/img_3463.jpg?resize=300%2C225&amp;ssl=1 300w, https:\/\/i0.wp.com\/www.ellensailing.se\/wp-content\/uploads\/2026\/07\/img_3463.jpg?resize=768%2C576&amp;ssl=1 768w, https:\/\/i0.wp.com\/www.ellensailing.se\/wp-content\/uploads\/2026\/07\/img_3463.jpg?resize=1536%2C1152&amp;ssl=1 1536w, https:\/\/i0.wp.com\/www.ellensailing.se\/wp-content\/uploads\/2026\/07\/img_3463.jpg?w=2000&amp;ssl=1 2000w, https:\/\/i0.wp.com\/www.ellensailing.se\/wp-content\/uploads\/2026\/07\/img_3463.jpg?w=1680&amp;ssl=1 1680w\" sizes=\"(max-width: 840px) 100vw, 840px\" \/><\/figure>\n\n\n\n<figure class=\"wp-block-image size-large\"><img data-recalc-dims=\"1\" loading=\"lazy\" decoding=\"async\" width=\"840\" height=\"630\" data-id=\"3907\" src=\"https:\/\/i0.wp.com\/www.ellensailing.se\/wp-content\/uploads\/2026\/07\/img_3462.jpg?resize=840%2C630&#038;ssl=1\" alt=\"\" class=\"wp-image-3907\" srcset=\"https:\/\/i0.wp.com\/www.ellensailing.se\/wp-content\/uploads\/2026\/07\/img_3462.jpg?resize=1024%2C768&amp;ssl=1 1024w, https:\/\/i0.wp.com\/www.ellensailing.se\/wp-content\/uploads\/2026\/07\/img_3462.jpg?resize=300%2C225&amp;ssl=1 300w, https:\/\/i0.wp.com\/www.ellensailing.se\/wp-content\/uploads\/2026\/07\/img_3462.jpg?resize=768%2C576&amp;ssl=1 768w, https:\/\/i0.wp.com\/www.ellensailing.se\/wp-content\/uploads\/2026\/07\/img_3462.jpg?resize=1536%2C1152&amp;ssl=1 1536w, https:\/\/i0.wp.com\/www.ellensailing.se\/wp-content\/uploads\/2026\/07\/img_3462.jpg?w=2000&amp;ssl=1 2000w, https:\/\/i0.wp.com\/www.ellensailing.se\/wp-content\/uploads\/2026\/07\/img_3462.jpg?w=1680&amp;ssl=1 1680w\" sizes=\"(max-width: 840px) 100vw, 840px\" \/><\/figure>\n<\/figure>\n","protected":false},"excerpt":{"rendered":"<p>Nu \u00e4r vi p\u00e5 G igen. Tredje dagen p\u00e5 semestern och vi g\u00e5r upp klockan 4. Vi \u00e4r i Lauterhorn[&#8230;]<\/p>\n","protected":false},"author":1,"featured_media":3909,"comment_status":"open","ping_status":"open","sticky":false,"template":"","format":"standard","meta":{"_jetpack_newsletter_access":"","_jetpack_dont_email_post_to_subs":false,"_jetpack_newsletter_tier_id":0,"_jetpack_memberships_contains_paywalled_content":false,"_jetpack_feature_clip_id":0,"_jetpack_memberships_contains_paid_content":false,"footnotes":"","jetpack_publicize_message":"","jetpack_publicize_feature_enabled":true,"jetpack_social_post_already_shared":true,"jetpack_social_options":{"image_generator_settings":{"template":"highway","default_image_id":0,"font":"","enabled":false},"version":2},"jetpack_post_was_ever_published":false},"categories":[35],"tags":[],"class_list":["post-3908","post","type-post","status-publish","format-standard","has-post-thumbnail","hentry","category-segling-2026"],"jetpack_publicize_connections":[],"jetpack_featured_media_url":"https:\/\/i0.wp.com\/www.ellensailing.se\/wp-content\/uploads\/2026\/07\/img_3463-1.jpg?fit=2000%2C1500&ssl=1","jetpack_sharing_enabled":true,"jetpack_shortlink":"https:\/\/wp.me\/p5G68R-112","jetpack-related-posts":[{"id":2561,"url":"https:\/\/www.ellensailing.se\/?p=2561","url_meta":{"origin":3908,"position":0},"title":"P\u00e5 v\u00e4g s\u00f6der\u00f6ver igen","author":"peter@ellensailing.se","date":"23 april, 2019","format":false,"excerpt":"Efter Alcudia s\u00e5 seglade vi norr om Anguilla och ner till St: Barths d\u00e4r en regatta h\u00f6ll p\u00e5. Mycket b\u00e5tar och h\u00e4rlig st\u00e4mning f\u00f6r att inte tala om alla stora b\u00e5tar. Vi var i St: Barth i tre dagar och d\u00e4refter seglade vi ner till St: Nevis. Fick ocks\u00e5 n\u00f6jet\u2026","rel":"","context":"I \u201dV\u00e4stindien 2019\u201d","block_context":{"text":"V\u00e4stindien 2019","link":"https:\/\/www.ellensailing.se\/?cat=25"},"img":{"alt_text":"","src":"https:\/\/i0.wp.com\/www.ellensailing.se\/wp-content\/uploads\/2019\/04\/EDD0FFCE-FC69-42E4-AD6F-A9873EF82DEE.jpeg?fit=1200%2C900&ssl=1&resize=350%2C200","width":350,"height":200,"srcset":"https:\/\/i0.wp.com\/www.ellensailing.se\/wp-content\/uploads\/2019\/04\/EDD0FFCE-FC69-42E4-AD6F-A9873EF82DEE.jpeg?fit=1200%2C900&ssl=1&resize=350%2C200 1x, https:\/\/i0.wp.com\/www.ellensailing.se\/wp-content\/uploads\/2019\/04\/EDD0FFCE-FC69-42E4-AD6F-A9873EF82DEE.jpeg?fit=1200%2C900&ssl=1&resize=525%2C300 1.5x, https:\/\/i0.wp.com\/www.ellensailing.se\/wp-content\/uploads\/2019\/04\/EDD0FFCE-FC69-42E4-AD6F-A9873EF82DEE.jpeg?fit=1200%2C900&ssl=1&resize=700%2C400 2x, https:\/\/i0.wp.com\/www.ellensailing.se\/wp-content\/uploads\/2019\/04\/EDD0FFCE-FC69-42E4-AD6F-A9873EF82DEE.jpeg?fit=1200%2C900&ssl=1&resize=1050%2C600 3x"},"classes":[]},{"id":3993,"url":"https:\/\/www.ellensailing.se\/?p=3993","url_meta":{"origin":3908,"position":1},"title":"Riga till P\u00e4rnu med ett stopp i Skulte","author":"peter@ellensailing.se","date":"10 augusti, 2026","format":false,"excerpt":"Det blev fina dagar i Riga. Mycket cykel och kolla p\u00e5 olika saker. Vi hade en fika med Karl Mikael som ber\u00e4ttade sina historier fr\u00e5n Lettland. Kul att tr\u00e4ffas. Karl Mikael tipsade oss att g\u00e5 p\u00e5 ockupations museet. Det var riktigt bra och Ryssland \u00e4r inte ett land, det \u00e4r\u2026","rel":"","context":"I \u201dSegling 2026\u201d","block_context":{"text":"Segling 2026","link":"https:\/\/www.ellensailing.se\/?cat=35"},"img":{"alt_text":"","src":"https:\/\/i0.wp.com\/www.ellensailing.se\/wp-content\/uploads\/2026\/08\/img_3576-2.jpg?fit=1200%2C900&ssl=1&resize=350%2C200","width":350,"height":200,"srcset":"https:\/\/i0.wp.com\/www.ellensailing.se\/wp-content\/uploads\/2026\/08\/img_3576-2.jpg?fit=1200%2C900&ssl=1&resize=350%2C200 1x, https:\/\/i0.wp.com\/www.ellensailing.se\/wp-content\/uploads\/2026\/08\/img_3576-2.jpg?fit=1200%2C900&ssl=1&resize=525%2C300 1.5x, https:\/\/i0.wp.com\/www.ellensailing.se\/wp-content\/uploads\/2026\/08\/img_3576-2.jpg?fit=1200%2C900&ssl=1&resize=700%2C400 2x, https:\/\/i0.wp.com\/www.ellensailing.se\/wp-content\/uploads\/2026\/08\/img_3576-2.jpg?fit=1200%2C900&ssl=1&resize=1050%2C600 3x"},"classes":[]},{"id":3912,"url":"https:\/\/www.ellensailing.se\/?p=3912","url_meta":{"origin":3908,"position":2},"title":"Nu \u00e4r vi i Lettland!","author":"peter@ellensailing.se","date":"30 juli, 2026","format":false,"excerpt":"Ig\u00e5r hade vi en fantastisk \u00f6versegling till Lettland fr\u00e5n Lauterhorn p\u00e5 F\u00e5r\u00f6. Det var 9-12 knops vind in fr\u00e5n 120 grader och v\u00e4ldigt sm\u00e5 v\u00e5gor. Riktigt sk\u00f6nt j\u00e4mf\u00f6r med \u00f6verseglingen till F\u00e5r\u00f6 som var lite tuffare. Idag har vi en liggdag och har cyklat runt i Ventpils som staden heter.\u2026","rel":"","context":"I \u201dSegling 2026\u201d","block_context":{"text":"Segling 2026","link":"https:\/\/www.ellensailing.se\/?cat=35"},"img":{"alt_text":"","src":"https:\/\/i0.wp.com\/www.ellensailing.se\/wp-content\/uploads\/2026\/07\/img_3474-1.jpg?fit=1200%2C900&ssl=1&resize=350%2C200","width":350,"height":200,"srcset":"https:\/\/i0.wp.com\/www.ellensailing.se\/wp-content\/uploads\/2026\/07\/img_3474-1.jpg?fit=1200%2C900&ssl=1&resize=350%2C200 1x, https:\/\/i0.wp.com\/www.ellensailing.se\/wp-content\/uploads\/2026\/07\/img_3474-1.jpg?fit=1200%2C900&ssl=1&resize=525%2C300 1.5x, https:\/\/i0.wp.com\/www.ellensailing.se\/wp-content\/uploads\/2026\/07\/img_3474-1.jpg?fit=1200%2C900&ssl=1&resize=700%2C400 2x, https:\/\/i0.wp.com\/www.ellensailing.se\/wp-content\/uploads\/2026\/07\/img_3474-1.jpg?fit=1200%2C900&ssl=1&resize=1050%2C600 3x"},"classes":[]},{"id":3401,"url":"https:\/\/www.ellensailing.se\/?p=3401","url_meta":{"origin":3908,"position":3},"title":"Tillbaka i Sverige via \u00c5land.","author":"peter@ellensailing.se","date":"26 juli, 2023","format":false,"excerpt":"Nu b\u00f6rjar det lida mot sitt slut f\u00f6r segelsemestern. Vi gick \u00f6ver till Dag\u00f6, f\u00f6rst till Heltermaa-K\u00e4rdla-Luidja och sedan till K\u00e4rdla Marina. Fr\u00e5n K\u00e4rdla som skota vi f\u00f6r kryss och str\u00e4ckte upp till K\u00f6kar. Det blev en fin dag med ganska j\u00e4mna vindar p\u00e5 ca 11-17 knop. Helt perfekt! Det\u2026","rel":"","context":"I \u201dSegling 2023\u201d","block_context":{"text":"Segling 2023","link":"https:\/\/www.ellensailing.se\/?cat=31"},"img":{"alt_text":"","src":"https:\/\/i0.wp.com\/www.ellensailing.se\/wp-content\/uploads\/2023\/07\/img_1148-scaled.jpg?fit=900%2C1200&ssl=1&resize=350%2C200","width":350,"height":200,"srcset":"https:\/\/i0.wp.com\/www.ellensailing.se\/wp-content\/uploads\/2023\/07\/img_1148-scaled.jpg?fit=900%2C1200&ssl=1&resize=350%2C200 1x, https:\/\/i0.wp.com\/www.ellensailing.se\/wp-content\/uploads\/2023\/07\/img_1148-scaled.jpg?fit=900%2C1200&ssl=1&resize=525%2C300 1.5x, https:\/\/i0.wp.com\/www.ellensailing.se\/wp-content\/uploads\/2023\/07\/img_1148-scaled.jpg?fit=900%2C1200&ssl=1&resize=700%2C400 2x"},"classes":[]},{"id":1583,"url":"https:\/\/www.ellensailing.se\/?p=1583","url_meta":{"origin":3908,"position":4},"title":"Dygn 1. Fr\u00e5n Start","author":"peter@ellensailing.se","date":"20 november, 2017","format":false,"excerpt":"Snart \u00e4r f\u00f6rsta dygnet avklarat. En fin och lugn start med moderata vindar. Ganska snart s\u00e5 hissade vi Code1 och gick som attans. Riktigt kul. N\u00e4r vi n\u00e4rmade oss s\u00f6dra Gran Canaria gippade vi v\u00e4sterut. Vi gick riktigt bra. N\u00e4r solen b\u00f6rjade g\u00e5 ner s\u00e5 tog vi ner Code 1\u2026","rel":"","context":"I \u201dARC 2017\u201d","block_context":{"text":"ARC 2017","link":"https:\/\/www.ellensailing.se\/?cat=23"},"img":{"alt_text":"","src":"","width":0,"height":0},"classes":[]},{"id":2177,"url":"https:\/\/www.ellensailing.se\/?p=2177","url_meta":{"origin":3908,"position":5},"title":"Great Baracuda p\u00e5 v\u00e4g till Grenada","author":"peter@ellensailing.se","date":"15 april, 2018","format":false,"excerpt":"I morse seglade vi till Grenada och strax utanf\u00f6r Carriacou fick vi en mega Baracuda, s\u00e4kert 15 kg tung. Vi fick g\u00e5 upp i vind f\u00f6r att minska farten och trots det h\u00f6ll jag p\u00e5 en halvtimme innan vi fick upp den luringen. Vilka t\u00e4nder de har. Infinity B hade\u2026","rel":"","context":"I \u201dV\u00e4stindien 2017-2018\u201d","block_context":{"text":"V\u00e4stindien 2017-2018","link":"https:\/\/www.ellensailing.se\/?cat=24"},"img":{"alt_text":"","src":"https:\/\/i0.wp.com\/www.ellensailing.se\/wp-content\/uploads\/2018\/04\/05610405-3054-4843-A45E-BE0928EFAA7A.jpeg?fit=1200%2C800&ssl=1&resize=350%2C200","width":350,"height":200,"srcset":"https:\/\/i0.wp.com\/www.ellensailing.se\/wp-content\/uploads\/2018\/04\/05610405-3054-4843-A45E-BE0928EFAA7A.jpeg?fit=1200%2C800&ssl=1&resize=350%2C200 1x, https:\/\/i0.wp.com\/www.ellensailing.se\/wp-content\/uploads\/2018\/04\/05610405-3054-4843-A45E-BE0928EFAA7A.jpeg?fit=1200%2C800&ssl=1&resize=525%2C300 1.5x, https:\/\/i0.wp.com\/www.ellensailing.se\/wp-content\/uploads\/2018\/04\/05610405-3054-4843-A45E-BE0928EFAA7A.jpeg?fit=1200%2C800&ssl=1&resize=700%2C400 2x, https:\/\/i0.wp.com\/www.ellensailing.se\/wp-content\/uploads\/2018\/04\/05610405-3054-4843-A45E-BE0928EFAA7A.jpeg?fit=1200%2C800&ssl=1&resize=1050%2C600 3x"},"classes":[]}],"jetpack_likes_enabled":false,"_links":{"self":[{"href":"https:\/\/www.ellensailing.se\/index.php?rest_route=\/wp\/v2\/posts\/3908","targetHints":{"allow":["GET"]}}],"collection":[{"href":"https:\/\/www.ellensailing.se\/index.php?rest_route=\/wp\/v2\/posts"}],"about":[{"href":"https:\/\/www.ellensailing.se\/index.php?rest_route=\/wp\/v2\/types\/post"}],"author":[{"embeddable":true,"href":"https:\/\/www.ellensailing.se\/index.php?rest_route=\/wp\/v2\/users\/1"}],"replies":[{"embeddable":true,"href":"https:\/\/www.ellensailing.se\/index.php?rest_route=%2Fwp%2Fv2%2Fcomments&post=3908"}],"version-history":[{"count":1,"href":"https:\/\/www.ellensailing.se\/index.php?rest_route=\/wp\/v2\/posts\/3908\/revisions"}],"predecessor-version":[{"id":3910,"href":"https:\/\/www.ellensailing.se\/index.php?rest_route=\/wp\/v2\/posts\/3908\/revisions\/3910"}],"wp:featuredmedia":[{"embeddable":true,"href":"https:\/\/www.ellensailing.se\/index.php?rest_route=\/wp\/v2\/media\/3909"}],"wp:attachment":[{"href":"https:\/\/www.ellensailing.se\/index.php?rest_route=%2Fwp%2Fv2%2Fmedia&parent=3908"}],"wp:term":[{"taxonomy":"category","embeddable":true,"href":"https:\/\/www.ellensailing.se\/index.php?rest_route=%2Fwp%2Fv2%2Fcategories&post=3908"},{"taxonomy":"post_tag","embeddable":true,"href":"https:\/\/www.ellensailing.se\/index.php?rest_route=%2Fwp%2Fv2%2Ftags&post=3908"}],"curies":[{"name":"wp","href":"https:\/\/api.w.org\/{rel}","templated":true}]}}