{"id":3863,"date":"2025-07-16T17:17:06","date_gmt":"2025-07-16T15:17:06","guid":{"rendered":"https:\/\/www.ellensailing.se\/?p=3863"},"modified":"2025-07-16T17:18:23","modified_gmt":"2025-07-16T15:18:23","slug":"fran-gotland-till-oland-ett-o-hopp-med-stil","status":"publish","type":"post","link":"https:\/\/www.ellensailing.se\/?p=3863","title":{"rendered":"Fr\u00e5n Gotland till \u00d6land \u2013 ett \u00f6-hopp med stil!"},"content":{"rendered":"\n<p class=\"wp-block-paragraph\">Japp, vi har bytt \u00f6. Fr\u00e5n raukar till fyrar, fr\u00e5n Gutavibbar till \u00f6l\u00e4ndska vindar. Det \u00e4r som att byta fr\u00e5n en gammal favorittr\u00f6ja till en ny hoodie \u2013 fortfarande mysigt, men med en annan k\u00e4nsla.<\/p>\n\n\n\n<p class=\"wp-block-paragraph\">Gotland var fantastisk \u2013 medeltidsvecka, ringmurar och f\u00e5r som stirrar p\u00e5 dig som om du \u00e4r den konstiga. Men nu \u00e4r det \u00d6lands tur att gl\u00e4nsa! H\u00e4r snackar vi sol, vind och&#8230; \u00e4nnu fler f\u00e5r. Fast de h\u00e4r verkar mer avslappnade. Kanske \u00e4r det havsbrisen?<\/p>\n\n\n\n<figure class=\"wp-block-gallery has-nested-images columns-default is-cropped wp-block-gallery-1 is-layout-flex wp-block-gallery-is-layout-flex\"><\/figure>\n\n\n\n<p class=\"wp-block-paragraph\">I Burgsvik fick vi en ny b\u00e5tgranne, han kom fr\u00e5n B\u00f6da Hamn som ingen av oss har varit p\u00e5. Sp\u00e4nnande tyckte vi och det skall vi prova. Det var inte mycket vind mitt p\u00e5 havet s\u00e5 &#8221;Yalle&#8221; fick jobba lite. V\u00e4l framme s\u00e5 \u00e4r det en j\u00e4ttemysig hamn. Vi gjorde en omv\u00e4nd kaja och gick och kollade mellan alla husbilar som stod uppradade d\u00e4r. Lite kul f\u00f6r de g\u00e5r ju och kollar alla b\u00e5tar.<\/p>\n\n\n\n<figure class=\"wp-block-image size-large\"><img data-recalc-dims=\"1\" fetchpriority=\"high\" decoding=\"async\" width=\"840\" height=\"630\" src=\"https:\/\/i0.wp.com\/www.ellensailing.se\/wp-content\/uploads\/2025\/07\/IMG_1573.jpg?resize=840%2C630&#038;ssl=1\" alt=\"\" class=\"wp-image-3854\" srcset=\"https:\/\/i0.wp.com\/www.ellensailing.se\/wp-content\/uploads\/2025\/07\/IMG_1573-scaled.jpg?resize=1024%2C768&amp;ssl=1 1024w, https:\/\/i0.wp.com\/www.ellensailing.se\/wp-content\/uploads\/2025\/07\/IMG_1573-scaled.jpg?resize=300%2C225&amp;ssl=1 300w, https:\/\/i0.wp.com\/www.ellensailing.se\/wp-content\/uploads\/2025\/07\/IMG_1573-scaled.jpg?resize=768%2C576&amp;ssl=1 768w, https:\/\/i0.wp.com\/www.ellensailing.se\/wp-content\/uploads\/2025\/07\/IMG_1573-scaled.jpg?resize=1536%2C1152&amp;ssl=1 1536w, https:\/\/i0.wp.com\/www.ellensailing.se\/wp-content\/uploads\/2025\/07\/IMG_1573-scaled.jpg?resize=2048%2C1536&amp;ssl=1 2048w, https:\/\/i0.wp.com\/www.ellensailing.se\/wp-content\/uploads\/2025\/07\/IMG_1573-scaled.jpg?w=1680&amp;ssl=1 1680w, https:\/\/i0.wp.com\/www.ellensailing.se\/wp-content\/uploads\/2025\/07\/IMG_1573-scaled.jpg?w=2520&amp;ssl=1 2520w\" sizes=\"(max-width: 840px) 100vw, 840px\" \/><figcaption class=\"wp-element-caption\">Ellen p\u00e5 l\u00e5ngsida i B\u00f6da<\/figcaption><\/figure>\n\n\n\n<p class=\"wp-block-paragraph\">Det fanns ett eget r\u00f6keri i B\u00f6da hamn d\u00e4r flundran var supergod. I morse n\u00e4r vi skulle \u00e5ka kom fiskaren in med nyf\u00e5ngad fisk. Flundra, piggvar och torsk hade han f\u00e5tt. Vi k\u00f6pte tv\u00e5 torskar och det blev fyra fil\u00e9r. Kostade bara 100 kronor, rena r\u00e5net.<\/p>\n\n\n\n<figure class=\"wp-block-gallery has-nested-images columns-default is-cropped wp-block-gallery-2 is-layout-flex wp-block-gallery-is-layout-flex\">\n<figure class=\"wp-block-image size-large\"><img data-recalc-dims=\"1\" decoding=\"async\" width=\"840\" height=\"630\" data-id=\"3856\" src=\"https:\/\/i0.wp.com\/www.ellensailing.se\/wp-content\/uploads\/2025\/07\/IMG_1576.jpg?resize=840%2C630&#038;ssl=1\" alt=\"\" class=\"wp-image-3856\" srcset=\"https:\/\/i0.wp.com\/www.ellensailing.se\/wp-content\/uploads\/2025\/07\/IMG_1576-scaled.jpg?resize=1024%2C768&amp;ssl=1 1024w, https:\/\/i0.wp.com\/www.ellensailing.se\/wp-content\/uploads\/2025\/07\/IMG_1576-scaled.jpg?resize=300%2C225&amp;ssl=1 300w, https:\/\/i0.wp.com\/www.ellensailing.se\/wp-content\/uploads\/2025\/07\/IMG_1576-scaled.jpg?resize=768%2C576&amp;ssl=1 768w, https:\/\/i0.wp.com\/www.ellensailing.se\/wp-content\/uploads\/2025\/07\/IMG_1576-scaled.jpg?resize=1536%2C1152&amp;ssl=1 1536w, https:\/\/i0.wp.com\/www.ellensailing.se\/wp-content\/uploads\/2025\/07\/IMG_1576-scaled.jpg?resize=2048%2C1536&amp;ssl=1 2048w, https:\/\/i0.wp.com\/www.ellensailing.se\/wp-content\/uploads\/2025\/07\/IMG_1576-scaled.jpg?w=1680&amp;ssl=1 1680w, https:\/\/i0.wp.com\/www.ellensailing.se\/wp-content\/uploads\/2025\/07\/IMG_1576-scaled.jpg?w=2520&amp;ssl=1 2520w\" sizes=\"(max-width: 840px) 100vw, 840px\" \/><figcaption class=\"wp-element-caption\">Inloppet i B\u00f6da och piren<\/figcaption><\/figure>\n\n\n\n<figure class=\"wp-block-image size-large\"><img data-recalc-dims=\"1\" decoding=\"async\" width=\"840\" height=\"630\" data-id=\"3858\" src=\"https:\/\/i0.wp.com\/www.ellensailing.se\/wp-content\/uploads\/2025\/07\/IMG_1580.jpg?resize=840%2C630&#038;ssl=1\" alt=\"\" class=\"wp-image-3858\" srcset=\"https:\/\/i0.wp.com\/www.ellensailing.se\/wp-content\/uploads\/2025\/07\/IMG_1580-scaled.jpg?resize=1024%2C768&amp;ssl=1 1024w, https:\/\/i0.wp.com\/www.ellensailing.se\/wp-content\/uploads\/2025\/07\/IMG_1580-scaled.jpg?resize=300%2C225&amp;ssl=1 300w, https:\/\/i0.wp.com\/www.ellensailing.se\/wp-content\/uploads\/2025\/07\/IMG_1580-scaled.jpg?resize=768%2C576&amp;ssl=1 768w, https:\/\/i0.wp.com\/www.ellensailing.se\/wp-content\/uploads\/2025\/07\/IMG_1580-scaled.jpg?resize=1536%2C1152&amp;ssl=1 1536w, https:\/\/i0.wp.com\/www.ellensailing.se\/wp-content\/uploads\/2025\/07\/IMG_1580-scaled.jpg?resize=2048%2C1536&amp;ssl=1 2048w, https:\/\/i0.wp.com\/www.ellensailing.se\/wp-content\/uploads\/2025\/07\/IMG_1580-scaled.jpg?w=1680&amp;ssl=1 1680w, https:\/\/i0.wp.com\/www.ellensailing.se\/wp-content\/uploads\/2025\/07\/IMG_1580-scaled.jpg?w=2520&amp;ssl=1 2520w\" sizes=\"(max-width: 840px) 100vw, 840px\" \/><figcaption class=\"wp-element-caption\">Barn som fiskar framf\u00f6r Ellen<\/figcaption><\/figure>\n\n\n\n<figure class=\"wp-block-image size-large\"><img data-recalc-dims=\"1\" loading=\"lazy\" decoding=\"async\" width=\"840\" height=\"630\" data-id=\"3857\" src=\"https:\/\/i0.wp.com\/www.ellensailing.se\/wp-content\/uploads\/2025\/07\/IMG_1579.jpg?resize=840%2C630&#038;ssl=1\" alt=\"\" class=\"wp-image-3857\" srcset=\"https:\/\/i0.wp.com\/www.ellensailing.se\/wp-content\/uploads\/2025\/07\/IMG_1579-scaled.jpg?resize=1024%2C768&amp;ssl=1 1024w, https:\/\/i0.wp.com\/www.ellensailing.se\/wp-content\/uploads\/2025\/07\/IMG_1579-scaled.jpg?resize=300%2C225&amp;ssl=1 300w, https:\/\/i0.wp.com\/www.ellensailing.se\/wp-content\/uploads\/2025\/07\/IMG_1579-scaled.jpg?resize=768%2C576&amp;ssl=1 768w, https:\/\/i0.wp.com\/www.ellensailing.se\/wp-content\/uploads\/2025\/07\/IMG_1579-scaled.jpg?resize=1536%2C1152&amp;ssl=1 1536w, https:\/\/i0.wp.com\/www.ellensailing.se\/wp-content\/uploads\/2025\/07\/IMG_1579-scaled.jpg?resize=2048%2C1536&amp;ssl=1 2048w, https:\/\/i0.wp.com\/www.ellensailing.se\/wp-content\/uploads\/2025\/07\/IMG_1579-scaled.jpg?w=1680&amp;ssl=1 1680w, https:\/\/i0.wp.com\/www.ellensailing.se\/wp-content\/uploads\/2025\/07\/IMG_1579-scaled.jpg?w=2520&amp;ssl=1 2520w\" sizes=\"(max-width: 840px) 100vw, 840px\" \/><figcaption class=\"wp-element-caption\">En godnattare p\u00e5 piren<\/figcaption><\/figure>\n<\/figure>\n\n\n\n<div class=\"wp-block-cover\"><img data-recalc-dims=\"1\" loading=\"lazy\" decoding=\"async\" width=\"768\" height=\"1024\" class=\"wp-block-cover__image-background wp-image-3862\" alt=\"\" src=\"https:\/\/i0.wp.com\/www.ellensailing.se\/wp-content\/uploads\/2025\/07\/IMG_1591.jpg?resize=768%2C1024&#038;ssl=1\" data-object-fit=\"cover\" srcset=\"https:\/\/i0.wp.com\/www.ellensailing.se\/wp-content\/uploads\/2025\/07\/IMG_1591-scaled.jpg?resize=768%2C1024&amp;ssl=1 768w, https:\/\/i0.wp.com\/www.ellensailing.se\/wp-content\/uploads\/2025\/07\/IMG_1591-scaled.jpg?resize=225%2C300&amp;ssl=1 225w, https:\/\/i0.wp.com\/www.ellensailing.se\/wp-content\/uploads\/2025\/07\/IMG_1591-scaled.jpg?resize=1152%2C1536&amp;ssl=1 1152w, https:\/\/i0.wp.com\/www.ellensailing.se\/wp-content\/uploads\/2025\/07\/IMG_1591-scaled.jpg?resize=1536%2C2048&amp;ssl=1 1536w, https:\/\/i0.wp.com\/www.ellensailing.se\/wp-content\/uploads\/2025\/07\/IMG_1591-scaled.jpg?w=1920&amp;ssl=1 1920w, https:\/\/i0.wp.com\/www.ellensailing.se\/wp-content\/uploads\/2025\/07\/IMG_1591-scaled.jpg?w=1680&amp;ssl=1 1680w\" sizes=\"(max-width: 768px) 100vw, 768px\" \/><span aria-hidden=\"true\" class=\"wp-block-cover__background has-background-dim\"><\/span><div class=\"wp-block-cover__inner-container is-layout-flow wp-block-cover-is-layout-flow\">\n<p class=\"has-text-align-center has-large-font-size wp-block-paragraph\"><\/p>\n\n\n\n<p class=\"wp-block-paragraph\"><\/p>\n\n\n\n<p class=\"has-text-align-center has-large-font-size wp-block-paragraph\">Xander tycker det \u00e4r ok p\u00e5 \u00d6land!<\/p>\n<\/div><\/div>\n\n\n\n<p class=\"wp-block-paragraph\">Vi kryssade upp fr\u00e5n B\u00f6da hamn och seglade ner till Byxelkrok. Som alltid s\u00e5 \u00e4r det mycket b\u00e5tar h\u00e4r och massa husbilar. Det kom regn p\u00e5 eftermiddagen som var utlovat men nu p\u00e5 kv\u00e4llen s\u00e5 artar det sig. I morgon blir det nog en l\u00e5ng cykeltur f\u00f6r att se verkligheten p\u00e5 B\u00f6da Camping.<\/p>\n\n\n\n<figure class=\"wp-block-video\"><video height=\"1080\" style=\"aspect-ratio: 1920 \/ 1080;\" width=\"1920\" controls src=\"https:\/\/www.ellensailing.se\/wp-content\/uploads\/2025\/07\/IMG_1583.mov\"><\/video><\/figure>\n\n\n\n<p class=\"wp-block-paragraph\">H\u00f6rs snart igen.<\/p>\n\n\n\n<p class=\"wp-block-paragraph\"><\/p>\n","protected":false},"excerpt":{"rendered":"<p>Japp, vi har bytt \u00f6. Fr\u00e5n raukar till fyrar, fr\u00e5n Gutavibbar till \u00f6l\u00e4ndska vindar. Det \u00e4r som att byta fr\u00e5n[&#8230;]<\/p>\n","protected":false},"author":1,"featured_media":3857,"comment_status":"open","ping_status":"open","sticky":false,"template":"","format":"standard","meta":{"_jetpack_newsletter_access":"","_jetpack_dont_email_post_to_subs":false,"_jetpack_newsletter_tier_id":0,"_jetpack_memberships_contains_paywalled_content":false,"_jetpack_feature_clip_id":0,"_jetpack_memberships_contains_paid_content":false,"footnotes":"","jetpack_publicize_message":"","jetpack_publicize_feature_enabled":true,"jetpack_social_post_already_shared":true,"jetpack_social_options":{"image_generator_settings":{"template":"highway","default_image_id":0,"font":"","enabled":false},"version":2},"jetpack_post_was_ever_published":false},"categories":[34],"tags":[],"class_list":["post-3863","post","type-post","status-publish","format-standard","has-post-thumbnail","hentry","category-segling-2025"],"jetpack_publicize_connections":[],"jetpack_featured_media_url":"https:\/\/i0.wp.com\/www.ellensailing.se\/wp-content\/uploads\/2025\/07\/IMG_1579-scaled.jpg?fit=2560%2C1920&ssl=1","jetpack_sharing_enabled":true,"jetpack_shortlink":"https:\/\/wp.me\/p5G68R-10j","jetpack-related-posts":[{"id":2875,"url":"https:\/\/www.ellensailing.se\/?p=2875","url_meta":{"origin":3863,"position":0},"title":"\u00d6land och Kalmar","author":"peter@ellensailing.se","date":"23 juli, 2020","format":false,"excerpt":"Vi fortsatte efter Harstena ner till Bok\u00f6. Ganska kort bit men k\u00e4nde att det var dags att r\u00f6ra oss. Det var lite v\u00e4l mycket b\u00e5tar d\u00e4r. P\u00e5 M\u00f6rk\u00f6 s\u00e5 var det inte m\u00e5nga b\u00e5tar, vilket var sk\u00f6nt. Efter M\u00f6rk\u00f6 s\u00e5 kryssade vi ut p\u00e5 havet och hade en makal\u00f6s fin\u2026","rel":"","context":"I \u201dSegling 2020\u201d","block_context":{"text":"Segling 2020","link":"https:\/\/www.ellensailing.se\/?cat=27"},"img":{"alt_text":"","src":"https:\/\/i0.wp.com\/www.ellensailing.se\/wp-content\/uploads\/2020\/07\/img_0278-13-scaled.jpg?fit=1200%2C900&ssl=1&resize=350%2C200","width":350,"height":200,"srcset":"https:\/\/i0.wp.com\/www.ellensailing.se\/wp-content\/uploads\/2020\/07\/img_0278-13-scaled.jpg?fit=1200%2C900&ssl=1&resize=350%2C200 1x, https:\/\/i0.wp.com\/www.ellensailing.se\/wp-content\/uploads\/2020\/07\/img_0278-13-scaled.jpg?fit=1200%2C900&ssl=1&resize=525%2C300 1.5x, https:\/\/i0.wp.com\/www.ellensailing.se\/wp-content\/uploads\/2020\/07\/img_0278-13-scaled.jpg?fit=1200%2C900&ssl=1&resize=700%2C400 2x, https:\/\/i0.wp.com\/www.ellensailing.se\/wp-content\/uploads\/2020\/07\/img_0278-13-scaled.jpg?fit=1200%2C900&ssl=1&resize=1050%2C600 3x"},"classes":[]},{"id":2913,"url":"https:\/\/www.ellensailing.se\/?p=2913","url_meta":{"origin":3863,"position":1},"title":"Rycka loss!","author":"peter@ellensailing.se","date":"30 juli, 2020","format":false,"excerpt":"Segla ifr\u00e5n Visby i morse d\u00e5 v\u00e5r tamp i land, en 18 mm Liros ryckts av klockan 5 p\u00e5 morgonen. Det var sydv\u00e4st rakt in i hamnen och sj\u00f6n var brutal. Vi hade redan best\u00e4mt oss f\u00f6r att segla upp till F\u00e5r\u00f6sund idag f\u00f6r att det var bra vindar fr\u00e5n\u2026","rel":"","context":"I \u201dSegling 2020\u201d","block_context":{"text":"Segling 2020","link":"https:\/\/www.ellensailing.se\/?cat=27"},"img":{"alt_text":"","src":"https:\/\/i0.wp.com\/www.ellensailing.se\/wp-content\/uploads\/2020\/07\/A6B8C97B-663E-405D-8EB2-8D1EF46384E5-scaled.jpeg?fit=900%2C1200&ssl=1&resize=350%2C200","width":350,"height":200,"srcset":"https:\/\/i0.wp.com\/www.ellensailing.se\/wp-content\/uploads\/2020\/07\/A6B8C97B-663E-405D-8EB2-8D1EF46384E5-scaled.jpeg?fit=900%2C1200&ssl=1&resize=350%2C200 1x, https:\/\/i0.wp.com\/www.ellensailing.se\/wp-content\/uploads\/2020\/07\/A6B8C97B-663E-405D-8EB2-8D1EF46384E5-scaled.jpeg?fit=900%2C1200&ssl=1&resize=525%2C300 1.5x, https:\/\/i0.wp.com\/www.ellensailing.se\/wp-content\/uploads\/2020\/07\/A6B8C97B-663E-405D-8EB2-8D1EF46384E5-scaled.jpeg?fit=900%2C1200&ssl=1&resize=700%2C400 2x"},"classes":[]},{"id":3275,"url":"https:\/\/www.ellensailing.se\/?p=3275","url_meta":{"origin":3863,"position":2},"title":"Summering 2022","author":"peter@ellensailing.se","date":"4 april, 2023","format":false,"excerpt":"Usch och fy vad d\u00e5liga vi varit p\u00e5 att uppdatera v\u00e5r blogg. H\u00e4r kommer i alla fall en summering av sommarseglingen f\u00f6rra \u00e5ret. Vi b\u00f6rjade v\u00e5r semester den 8 juli och tog oss ut till Bj\u00f6rksk\u00e4r d\u00e4r allt b\u00f6rjade. Vi tr\u00e4ffad Lasse och Helene med sin Ella (Omega 42). Hade\u2026","rel":"","context":"I \u201dSommar 2022\u201d","block_context":{"text":"Sommar 2022","link":"https:\/\/www.ellensailing.se\/?cat=30"},"img":{"alt_text":"","src":"https:\/\/i0.wp.com\/www.ellensailing.se\/wp-content\/uploads\/2023\/04\/IMG_1721-scaled.jpg?fit=1200%2C900&ssl=1&resize=350%2C200","width":350,"height":200,"srcset":"https:\/\/i0.wp.com\/www.ellensailing.se\/wp-content\/uploads\/2023\/04\/IMG_1721-scaled.jpg?fit=1200%2C900&ssl=1&resize=350%2C200 1x, https:\/\/i0.wp.com\/www.ellensailing.se\/wp-content\/uploads\/2023\/04\/IMG_1721-scaled.jpg?fit=1200%2C900&ssl=1&resize=525%2C300 1.5x, https:\/\/i0.wp.com\/www.ellensailing.se\/wp-content\/uploads\/2023\/04\/IMG_1721-scaled.jpg?fit=1200%2C900&ssl=1&resize=700%2C400 2x, https:\/\/i0.wp.com\/www.ellensailing.se\/wp-content\/uploads\/2023\/04\/IMG_1721-scaled.jpg?fit=1200%2C900&ssl=1&resize=1050%2C600 3x"},"classes":[]},{"id":1370,"url":"https:\/\/www.ellensailing.se\/?p=1370","url_meta":{"origin":3863,"position":3},"title":"Dag1, \u00f6verfart fr\u00e5n Lagos till Isla Graciosa","author":"peter@ellensailing.se","date":"5 oktober, 2017","format":false,"excerpt":"Idag vid 10 tiden s\u00e5 gled vi ut fr\u00e5n hamnen i Lagos. Det tog lite tid d\u00e5 receptionen inte \u00f6ppnade f\u00f6rr\u00e4n 9 och m\u00e5nga vill iv\u00e4g. Ingen seglelb\u00e5t kommer ut f\u00f6r man m\u00e5ste \u00f6ppna en g\u00e5ngbro f\u00f6r att komma ut. Vi passade p\u00e5 att tanka b\u00e5ten f\u00f6r det ser ut\u2026","rel":"","context":"I \u201dH\u00f6st 2017 till Grand Canrias.\u201d","block_context":{"text":"H\u00f6st 2017 till Grand Canrias.","link":"https:\/\/www.ellensailing.se\/?cat=22"},"img":{"alt_text":"","src":"","width":0,"height":0},"classes":[]},{"id":3337,"url":"https:\/\/www.ellensailing.se\/?p=3337","url_meta":{"origin":3863,"position":4},"title":"F\u00f6rsta veckan avklarad och nu \u00e4r vi i Hang\u00f6!","author":"peter@ellensailing.se","date":"10 juli, 2023","format":false,"excerpt":"F\u00f6rra l\u00f6rdagen p\u00e5b\u00f6rjade vi v\u00e5r sommarsegling. Det gick undan upp till Fejan och vi t\u00e4nkte n\u00e4stan forts\u00e4tta hela v\u00e4gen \u00f6ver till Mariehamn f\u00f6r det var s\u00e5 bra. Synd att vi inte gjorde det f\u00f6r p\u00e5 s\u00f6ndagen b\u00f6rjade det inte bl\u00e5sa f\u00f6rr\u00e4n vid tolvtiden. Under tiden speglarna hade det tufft under\u2026","rel":"","context":"I \u201dSegling 2023\u201d","block_context":{"text":"Segling 2023","link":"https:\/\/www.ellensailing.se\/?cat=31"},"img":{"alt_text":"","src":"https:\/\/i0.wp.com\/www.ellensailing.se\/wp-content\/uploads\/2023\/07\/img_2811-scaled.jpg?fit=900%2C1200&ssl=1&resize=350%2C200","width":350,"height":200,"srcset":"https:\/\/i0.wp.com\/www.ellensailing.se\/wp-content\/uploads\/2023\/07\/img_2811-scaled.jpg?fit=900%2C1200&ssl=1&resize=350%2C200 1x, https:\/\/i0.wp.com\/www.ellensailing.se\/wp-content\/uploads\/2023\/07\/img_2811-scaled.jpg?fit=900%2C1200&ssl=1&resize=525%2C300 1.5x, https:\/\/i0.wp.com\/www.ellensailing.se\/wp-content\/uploads\/2023\/07\/img_2811-scaled.jpg?fit=900%2C1200&ssl=1&resize=700%2C400 2x"},"classes":[]},{"id":3842,"url":"https:\/\/www.ellensailing.se\/?p=3842","url_meta":{"origin":3863,"position":5},"title":"Semester igen","author":"peter@ellensailing.se","date":"14 juli, 2025","format":false,"excerpt":"Har varit d\u00e5lig p\u00e5 att l\u00e4gga ut men skall b\u00e4ttra oss. Vi har nu varit ute i en och en halv vecka. Vi gick \u00f6ver fr\u00e5n N\u00e5ttar\u00f6 f\u00f6rra torsdagen till Lickershamn. Vi hade det bl\u00e5sit d\u00e4r och l\u00e5g l\u00e5ngsides men det ryckte en del. J\u00e4tte h\u00e4rlig kv\u00e4ll med solnedg\u00e5ng i\u2026","rel":"","context":"I \u201dSegling 2025\u201d","block_context":{"text":"Segling 2025","link":"https:\/\/www.ellensailing.se\/?cat=34"},"img":{"alt_text":"","src":"https:\/\/i0.wp.com\/www.ellensailing.se\/wp-content\/uploads\/2025\/07\/IMG_1501-scaled.jpg?fit=1200%2C900&ssl=1&resize=350%2C200","width":350,"height":200,"srcset":"https:\/\/i0.wp.com\/www.ellensailing.se\/wp-content\/uploads\/2025\/07\/IMG_1501-scaled.jpg?fit=1200%2C900&ssl=1&resize=350%2C200 1x, https:\/\/i0.wp.com\/www.ellensailing.se\/wp-content\/uploads\/2025\/07\/IMG_1501-scaled.jpg?fit=1200%2C900&ssl=1&resize=525%2C300 1.5x, https:\/\/i0.wp.com\/www.ellensailing.se\/wp-content\/uploads\/2025\/07\/IMG_1501-scaled.jpg?fit=1200%2C900&ssl=1&resize=700%2C400 2x, https:\/\/i0.wp.com\/www.ellensailing.se\/wp-content\/uploads\/2025\/07\/IMG_1501-scaled.jpg?fit=1200%2C900&ssl=1&resize=1050%2C600 3x"},"classes":[]}],"jetpack_likes_enabled":false,"_links":{"self":[{"href":"https:\/\/www.ellensailing.se\/index.php?rest_route=\/wp\/v2\/posts\/3863","targetHints":{"allow":["GET"]}}],"collection":[{"href":"https:\/\/www.ellensailing.se\/index.php?rest_route=\/wp\/v2\/posts"}],"about":[{"href":"https:\/\/www.ellensailing.se\/index.php?rest_route=\/wp\/v2\/types\/post"}],"author":[{"embeddable":true,"href":"https:\/\/www.ellensailing.se\/index.php?rest_route=\/wp\/v2\/users\/1"}],"replies":[{"embeddable":true,"href":"https:\/\/www.ellensailing.se\/index.php?rest_route=%2Fwp%2Fv2%2Fcomments&post=3863"}],"version-history":[{"count":2,"href":"https:\/\/www.ellensailing.se\/index.php?rest_route=\/wp\/v2\/posts\/3863\/revisions"}],"predecessor-version":[{"id":3865,"href":"https:\/\/www.ellensailing.se\/index.php?rest_route=\/wp\/v2\/posts\/3863\/revisions\/3865"}],"wp:featuredmedia":[{"embeddable":true,"href":"https:\/\/www.ellensailing.se\/index.php?rest_route=\/wp\/v2\/media\/3857"}],"wp:attachment":[{"href":"https:\/\/www.ellensailing.se\/index.php?rest_route=%2Fwp%2Fv2%2Fmedia&parent=3863"}],"wp:term":[{"taxonomy":"category","embeddable":true,"href":"https:\/\/www.ellensailing.se\/index.php?rest_route=%2Fwp%2Fv2%2Fcategories&post=3863"},{"taxonomy":"post_tag","embeddable":true,"href":"https:\/\/www.ellensailing.se\/index.php?rest_route=%2Fwp%2Fv2%2Ftags&post=3863"}],"curies":[{"name":"wp","href":"https:\/\/api.w.org\/{rel}","templated":true}]}}