{"id":38,"date":"2015-01-15T17:17:37","date_gmt":"2015-01-15T16:17:37","guid":{"rendered":"https:\/\/www.ellensailing.se\/?p=38"},"modified":"2015-01-18T18:35:53","modified_gmt":"2015-01-18T17:35:53","slug":"provsida","status":"publish","type":"post","link":"https:\/\/www.ellensailing.se\/?p=38","title":{"rendered":"Provsida"},"content":{"rendered":"<p>\u00c4r helt nyb\u00f6rjare p\u00e5 detta och f\u00f6rs\u00f6ker se hur allt funkar. Allt verkar inte hamn riktigt d\u00e4r det skall men skam den som ger sig. Skall g\u00e5 kurs p\u00e5 detta den 28 januri, s\u00e5 d\u00e4refter kanske det blir b\u00e4ttre&#8230;<\/p>\n<p>Peter<\/p>\n","protected":false},"excerpt":{"rendered":"<p>\u00c4r helt nyb\u00f6rjare p\u00e5 detta och f\u00f6rs\u00f6ker se hur allt funkar. Allt verkar inte hamn riktigt d\u00e4r det skall men[&#8230;]<\/p>\n","protected":false},"author":1,"featured_media":0,"comment_status":"open","ping_status":"open","sticky":false,"template":"","format":"standard","meta":{"_jetpack_newsletter_access":"","_jetpack_dont_email_post_to_subs":false,"_jetpack_newsletter_tier_id":0,"_jetpack_memberships_contains_paywalled_content":false,"_jetpack_feature_clip_id":0,"_jetpack_memberships_contains_paid_content":false,"footnotes":"","jetpack_publicize_message":"","jetpack_publicize_feature_enabled":true,"jetpack_social_post_already_shared":false,"jetpack_social_options":{"image_generator_settings":{"template":"highway","default_image_id":0,"font":"","enabled":false},"version":2},"jetpack_post_was_ever_published":false},"categories":[3],"tags":[],"class_list":["post-38","post","type-post","status-publish","format-standard","hentry","category-baten-pa-land"],"jetpack_publicize_connections":[],"jetpack_featured_media_url":"","jetpack_sharing_enabled":true,"jetpack_shortlink":"https:\/\/wp.me\/s5G68R-provsida","jetpack-related-posts":[{"id":1114,"url":"https:\/\/www.ellensailing.se\/?p=1114","url_meta":{"origin":38,"position":0},"title":"Flytten har g\u00e5tt till magasinet och Amerikanska visumet \u00e4r klart","author":"peter@ellensailing.se","date":"14 april, 2017","format":false,"excerpt":"Nu har flyttlasset g\u00e5tt fr\u00e5n v\u00e5rt boende till Magasinet. Vi b\u00f6rjade redan i h\u00f6stas att rensa rum f\u00f6r rum. Vi har fyllt sl\u00e4pet med skr\u00e4p och \u00e5kt minst fyra v\u00e4ndor. Massor med sk\u00e4p blir det. Dessutom har vi skickat iv\u00e4g saker som vi tror kan beh\u00f6vas av andra och kan\u2026","rel":"","context":"I \u201dB\u00e5ten p\u00e5 land\u201d","block_context":{"text":"B\u00e5ten p\u00e5 land","link":"https:\/\/www.ellensailing.se\/?cat=3"},"img":{"alt_text":"","src":"https:\/\/i0.wp.com\/www.ellensailing.se\/wp-content\/uploads\/2017\/04\/usaflagga.jpg?fit=849%2C488&ssl=1&resize=350%2C200","width":350,"height":200,"srcset":"https:\/\/i0.wp.com\/www.ellensailing.se\/wp-content\/uploads\/2017\/04\/usaflagga.jpg?fit=849%2C488&ssl=1&resize=350%2C200 1x, https:\/\/i0.wp.com\/www.ellensailing.se\/wp-content\/uploads\/2017\/04\/usaflagga.jpg?fit=849%2C488&ssl=1&resize=525%2C300 1.5x, https:\/\/i0.wp.com\/www.ellensailing.se\/wp-content\/uploads\/2017\/04\/usaflagga.jpg?fit=849%2C488&ssl=1&resize=700%2C400 2x"},"classes":[]},{"id":1123,"url":"https:\/\/www.ellensailing.se\/?p=1123","url_meta":{"origin":38,"position":1},"title":"Rallyhandboken har anl\u00e4nt.","author":"peter@ellensailing.se","date":"23 april, 2017","format":false,"excerpt":"Idag h\u00e4mtade vi ut paketet fr\u00e5n posten som inneh\u00f6ll Rallyhandboken med alla instruktioner, s\u00e4kerhetsf\u00f6reskrifter och en massa tips. Blir mycket att l\u00e4sa fram\u00f6ver. Ficka ocks\u00e5 flagga som skall b\u00e4ras p\u00e5 v\u00e4gen ner som ger rabatter p\u00e5 hamnar och att man enkelt hittar andra b\u00e5tar som skall segla \u00f6ver Atlanten. I\u2026","rel":"","context":"I \u201dB\u00e5ten p\u00e5 land\u201d","block_context":{"text":"B\u00e5ten p\u00e5 land","link":"https:\/\/www.ellensailing.se\/?cat=3"},"img":{"alt_text":"","src":"https:\/\/i0.wp.com\/www.ellensailing.se\/wp-content\/uploads\/2017\/04\/IMG_5898-e1492972672894.jpg?fit=480%2C640&ssl=1&resize=350%2C200","width":350,"height":200},"classes":[]},{"id":381,"url":"https:\/\/www.ellensailing.se\/?p=381","url_meta":{"origin":38,"position":2},"title":"Avseglarfest p\u00e5 Sj\u00f6mansskolan!","author":"peter@ellensailing.se","date":"22 maj, 2015","format":false,"excerpt":"I kv\u00e4ll var det d\u00e5 dags at ta farv\u00e4l av v\u00e5ra v\u00e4nner som skall \u00e5ka ut p\u00e5 v\u00e4rldens hav. Det var 10 b\u00e5tar med ikv\u00e4ll som skall ge sig av i \u00e5r.\u00a0Det var mycket snack och rolig fr\u00e5gesport om vad de skall g\u00f6ra och vad de vill ha. Intressant att\u2026","rel":"","context":"I \u201dAvseglargrupp\u201d","block_context":{"text":"Avseglargrupp","link":"https:\/\/www.ellensailing.se\/?cat=8"},"img":{"alt_text":"","src":"https:\/\/i0.wp.com\/www.ellensailing.se\/wp-content\/uploads\/2015\/05\/IMG_4277.jpg?fit=1200%2C900&ssl=1&resize=350%2C200","width":350,"height":200,"srcset":"https:\/\/i0.wp.com\/www.ellensailing.se\/wp-content\/uploads\/2015\/05\/IMG_4277.jpg?fit=1200%2C900&ssl=1&resize=350%2C200 1x, https:\/\/i0.wp.com\/www.ellensailing.se\/wp-content\/uploads\/2015\/05\/IMG_4277.jpg?fit=1200%2C900&ssl=1&resize=525%2C300 1.5x, https:\/\/i0.wp.com\/www.ellensailing.se\/wp-content\/uploads\/2015\/05\/IMG_4277.jpg?fit=1200%2C900&ssl=1&resize=700%2C400 2x, https:\/\/i0.wp.com\/www.ellensailing.se\/wp-content\/uploads\/2015\/05\/IMG_4277.jpg?fit=1200%2C900&ssl=1&resize=1050%2C600 3x"},"classes":[]},{"id":1792,"url":"https:\/\/www.ellensailing.se\/?p=1792","url_meta":{"origin":38,"position":3},"title":"Ankarplogen p\u00e5 plats, slutseglat f\u00f6r ankar.","author":"peter@ellensailing.se","date":"27 januari, 2018","format":false,"excerpt":"F\u00f6rst av allt vill jag tacka Peter, Rasmus och Fanny Lundh fr\u00e5n Lundh sail f\u00f6r er fantastiska hj\u00e4lpsamhet ni visat. Att fr\u00e5n onsdag morgon till fredag em f\u00e5 hit en Ankarplog p\u00e5 s\u00e5 kort varsel. Det \u00e4r service. Inte nog med att den kom redan fredag (m\u00e5ndag var lovat), den\u2026","rel":"","context":"I \u201dV\u00e4stindien 2017-2018\u201d","block_context":{"text":"V\u00e4stindien 2017-2018","link":"https:\/\/www.ellensailing.se\/?cat=24"},"img":{"alt_text":"","src":"https:\/\/i0.wp.com\/www.ellensailing.se\/wp-content\/uploads\/2018\/01\/3AF03027-E854-4B31-B779-0D1D6D84F117.jpeg?fit=1200%2C900&ssl=1&resize=350%2C200","width":350,"height":200,"srcset":"https:\/\/i0.wp.com\/www.ellensailing.se\/wp-content\/uploads\/2018\/01\/3AF03027-E854-4B31-B779-0D1D6D84F117.jpeg?fit=1200%2C900&ssl=1&resize=350%2C200 1x, https:\/\/i0.wp.com\/www.ellensailing.se\/wp-content\/uploads\/2018\/01\/3AF03027-E854-4B31-B779-0D1D6D84F117.jpeg?fit=1200%2C900&ssl=1&resize=525%2C300 1.5x, https:\/\/i0.wp.com\/www.ellensailing.se\/wp-content\/uploads\/2018\/01\/3AF03027-E854-4B31-B779-0D1D6D84F117.jpeg?fit=1200%2C900&ssl=1&resize=700%2C400 2x, https:\/\/i0.wp.com\/www.ellensailing.se\/wp-content\/uploads\/2018\/01\/3AF03027-E854-4B31-B779-0D1D6D84F117.jpeg?fit=1200%2C900&ssl=1&resize=1050%2C600 3x"},"classes":[]},{"id":346,"url":"https:\/\/www.ellensailing.se\/?p=346","url_meta":{"origin":38,"position":4},"title":"Ellen sj\u00f6satt och klar inf\u00f6r n\u00e4sta helgs segling!","author":"peter@ellensailing.se","date":"10 maj, 2015","format":false,"excerpt":"Nu har vi \u00e4ntligen f\u00e5tt i Ellen i sj\u00f6n. Var ganska sp\u00e4nnande med tanke p\u00e5 att jag bytt alla genomf\u00f6ringar. Skulle hon vara t\u00e4t eller skulle det smyga in n\u00e5got vatten. Alla genomf\u00f6ringar var perfekta men n\u00e4r hon hade kommit i sj\u00f6n h\u00f6rde jag hur det skvala n\u00e5gon stans. Det\u2026","rel":"","context":"I \u201dB\u00e5ten p\u00e5 land\u201d","block_context":{"text":"B\u00e5ten p\u00e5 land","link":"https:\/\/www.ellensailing.se\/?cat=3"},"img":{"alt_text":"","src":"https:\/\/i0.wp.com\/www.ellensailing.se\/wp-content\/uploads\/2015\/05\/IMG_4170.jpg?fit=1200%2C900&ssl=1&resize=350%2C200","width":350,"height":200,"srcset":"https:\/\/i0.wp.com\/www.ellensailing.se\/wp-content\/uploads\/2015\/05\/IMG_4170.jpg?fit=1200%2C900&ssl=1&resize=350%2C200 1x, https:\/\/i0.wp.com\/www.ellensailing.se\/wp-content\/uploads\/2015\/05\/IMG_4170.jpg?fit=1200%2C900&ssl=1&resize=525%2C300 1.5x, https:\/\/i0.wp.com\/www.ellensailing.se\/wp-content\/uploads\/2015\/05\/IMG_4170.jpg?fit=1200%2C900&ssl=1&resize=700%2C400 2x, https:\/\/i0.wp.com\/www.ellensailing.se\/wp-content\/uploads\/2015\/05\/IMG_4170.jpg?fit=1200%2C900&ssl=1&resize=1050%2C600 3x"},"classes":[]},{"id":869,"url":"https:\/\/www.ellensailing.se\/?p=869","url_meta":{"origin":38,"position":5},"title":"Undrar om lite resfeber b\u00f6rjar s\u00e4tt in.","author":"peter@ellensailing.se","date":"8 juni, 2016","format":false,"excerpt":"Vi har idag lagat fyra r\u00e4tter som vi skall ha n\u00e4r vi seglar iv\u00e4g. Inspirationen har kommit fr\u00e5n Linas matkasserecept med mycket smak och f\u00f6rhoppningsvis mycket gott. Vad s\u00e4gs om hemgjord gulasch, lammgryta p\u00e5 r\u00f6dcurry, Thai k\u00f6ttbullar och k\u00f6ttf\u00e4rss\u00e5s. Det har verkligen luktat gott i k\u00f6ket. N\u00e4r allt \u00e4r bortdiskat,\u2026","rel":"","context":"I \u201dSommar 2016\u201d","block_context":{"text":"Sommar 2016","link":"https:\/\/www.ellensailing.se\/?cat=20"},"img":{"alt_text":"","src":"https:\/\/i0.wp.com\/www.ellensailing.se\/wp-content\/uploads\/2016\/06\/image1.jpg?fit=1200%2C900&ssl=1&resize=350%2C200","width":350,"height":200,"srcset":"https:\/\/i0.wp.com\/www.ellensailing.se\/wp-content\/uploads\/2016\/06\/image1.jpg?fit=1200%2C900&ssl=1&resize=350%2C200 1x, https:\/\/i0.wp.com\/www.ellensailing.se\/wp-content\/uploads\/2016\/06\/image1.jpg?fit=1200%2C900&ssl=1&resize=525%2C300 1.5x, https:\/\/i0.wp.com\/www.ellensailing.se\/wp-content\/uploads\/2016\/06\/image1.jpg?fit=1200%2C900&ssl=1&resize=700%2C400 2x, https:\/\/i0.wp.com\/www.ellensailing.se\/wp-content\/uploads\/2016\/06\/image1.jpg?fit=1200%2C900&ssl=1&resize=1050%2C600 3x"},"classes":[]}],"jetpack_likes_enabled":false,"_links":{"self":[{"href":"https:\/\/www.ellensailing.se\/index.php?rest_route=\/wp\/v2\/posts\/38","targetHints":{"allow":["GET"]}}],"collection":[{"href":"https:\/\/www.ellensailing.se\/index.php?rest_route=\/wp\/v2\/posts"}],"about":[{"href":"https:\/\/www.ellensailing.se\/index.php?rest_route=\/wp\/v2\/types\/post"}],"author":[{"embeddable":true,"href":"https:\/\/www.ellensailing.se\/index.php?rest_route=\/wp\/v2\/users\/1"}],"replies":[{"embeddable":true,"href":"https:\/\/www.ellensailing.se\/index.php?rest_route=%2Fwp%2Fv2%2Fcomments&post=38"}],"version-history":[{"count":1,"href":"https:\/\/www.ellensailing.se\/index.php?rest_route=\/wp\/v2\/posts\/38\/revisions"}],"predecessor-version":[{"id":39,"href":"https:\/\/www.ellensailing.se\/index.php?rest_route=\/wp\/v2\/posts\/38\/revisions\/39"}],"wp:attachment":[{"href":"https:\/\/www.ellensailing.se\/index.php?rest_route=%2Fwp%2Fv2%2Fmedia&parent=38"}],"wp:term":[{"taxonomy":"category","embeddable":true,"href":"https:\/\/www.ellensailing.se\/index.php?rest_route=%2Fwp%2Fv2%2Fcategories&post=38"},{"taxonomy":"post_tag","embeddable":true,"href":"https:\/\/www.ellensailing.se\/index.php?rest_route=%2Fwp%2Fv2%2Ftags&post=38"}],"curies":[{"name":"wp","href":"https:\/\/api.w.org\/{rel}","templated":true}]}}