{"id":3765,"date":"2024-12-07T22:12:25","date_gmt":"2024-12-07T21:12:25","guid":{"rendered":"https:\/\/www.ellensailing.se\/?p=3765"},"modified":"2024-12-07T22:13:29","modified_gmt":"2024-12-07T21:13:29","slug":"underbar-julmiddag","status":"publish","type":"post","link":"https:\/\/www.ellensailing.se\/?p=3765","title":{"rendered":"Underbar Julmiddag!"},"content":{"rendered":"\n<p class=\"wp-block-paragraph\">Ikv\u00e4ll hade vi en fantastiskt kv\u00e4ll eller eftermiddag! <\/p>\n\n\n\n<p class=\"wp-block-paragraph\">Fyra b\u00e5tar tr\u00e4ffades och hade julbord p\u00e5 Kastellet utanf\u00f6r Vaxholm. B\u00f6rjade med b\u00e5t fr\u00e5n Strandv\u00e4gen mot Kastellet! Det bj\u00f6ds p\u00e5 gl\u00f6gg och det var ett glatt g\u00e4ng ombord. <\/p>\n\n\n\n<p class=\"wp-block-paragraph\">V\u00e4l framme s\u00e5 kom vi n p\u00e5 Kastellet som \u00e4r supermysig! Men vilket Julbord! Helt magiskt och otroligt milj\u00f6!<\/p>\n\n\n\n<p class=\"wp-block-paragraph\">Tack Carina och Conny som fixade allt!<\/p>\n\n\n\n<p class=\"wp-block-paragraph\">Medverkande b\u00e5tar Loupan, Ultimo, Bushpoint och s\u00e5 klart Ellen!<\/p>\n\n\n\n<figure class=\"wp-block-image size-large\"><img data-recalc-dims=\"1\" fetchpriority=\"high\" decoding=\"async\" width=\"840\" height=\"630\" src=\"https:\/\/i0.wp.com\/www.ellensailing.se\/wp-content\/uploads\/2024\/12\/img_0011.jpg?resize=840%2C630&#038;ssl=1\" class=\"wp-image-3762\" srcset=\"https:\/\/i0.wp.com\/www.ellensailing.se\/wp-content\/uploads\/2024\/12\/img_0011.jpg?resize=1024%2C768&amp;ssl=1 1024w, https:\/\/i0.wp.com\/www.ellensailing.se\/wp-content\/uploads\/2024\/12\/img_0011.jpg?resize=300%2C225&amp;ssl=1 300w, https:\/\/i0.wp.com\/www.ellensailing.se\/wp-content\/uploads\/2024\/12\/img_0011.jpg?resize=768%2C576&amp;ssl=1 768w, https:\/\/i0.wp.com\/www.ellensailing.se\/wp-content\/uploads\/2024\/12\/img_0011.jpg?resize=1536%2C1152&amp;ssl=1 1536w, https:\/\/i0.wp.com\/www.ellensailing.se\/wp-content\/uploads\/2024\/12\/img_0011.jpg?w=2000&amp;ssl=1 2000w, https:\/\/i0.wp.com\/www.ellensailing.se\/wp-content\/uploads\/2024\/12\/img_0011.jpg?w=1680&amp;ssl=1 1680w\" sizes=\"(max-width: 840px) 100vw, 840px\" \/><\/figure>\n\n\n\n<figure class=\"wp-block-image size-large\"><img data-recalc-dims=\"1\" decoding=\"async\" width=\"840\" height=\"630\" src=\"https:\/\/i0.wp.com\/www.ellensailing.se\/wp-content\/uploads\/2024\/12\/img_0557-1.jpg?resize=840%2C630&#038;ssl=1\" class=\"wp-image-3763\" srcset=\"https:\/\/i0.wp.com\/www.ellensailing.se\/wp-content\/uploads\/2024\/12\/img_0557-1.jpg?resize=1024%2C768&amp;ssl=1 1024w, https:\/\/i0.wp.com\/www.ellensailing.se\/wp-content\/uploads\/2024\/12\/img_0557-1.jpg?resize=300%2C225&amp;ssl=1 300w, https:\/\/i0.wp.com\/www.ellensailing.se\/wp-content\/uploads\/2024\/12\/img_0557-1.jpg?resize=768%2C576&amp;ssl=1 768w, https:\/\/i0.wp.com\/www.ellensailing.se\/wp-content\/uploads\/2024\/12\/img_0557-1.jpg?resize=1536%2C1152&amp;ssl=1 1536w, https:\/\/i0.wp.com\/www.ellensailing.se\/wp-content\/uploads\/2024\/12\/img_0557-1.jpg?w=2000&amp;ssl=1 2000w, https:\/\/i0.wp.com\/www.ellensailing.se\/wp-content\/uploads\/2024\/12\/img_0557-1.jpg?w=1680&amp;ssl=1 1680w\" sizes=\"(max-width: 840px) 100vw, 840px\" \/><\/figure>\n\n\n\n<figure class=\"wp-block-image size-large\"><img data-recalc-dims=\"1\" decoding=\"async\" width=\"840\" height=\"630\" src=\"https:\/\/i0.wp.com\/www.ellensailing.se\/wp-content\/uploads\/2024\/12\/img_0556-1.jpg?resize=840%2C630&#038;ssl=1\" class=\"wp-image-3764\" srcset=\"https:\/\/i0.wp.com\/www.ellensailing.se\/wp-content\/uploads\/2024\/12\/img_0556-1.jpg?resize=1024%2C768&amp;ssl=1 1024w, https:\/\/i0.wp.com\/www.ellensailing.se\/wp-content\/uploads\/2024\/12\/img_0556-1.jpg?resize=300%2C225&amp;ssl=1 300w, https:\/\/i0.wp.com\/www.ellensailing.se\/wp-content\/uploads\/2024\/12\/img_0556-1.jpg?resize=768%2C576&amp;ssl=1 768w, https:\/\/i0.wp.com\/www.ellensailing.se\/wp-content\/uploads\/2024\/12\/img_0556-1.jpg?resize=1536%2C1152&amp;ssl=1 1536w, https:\/\/i0.wp.com\/www.ellensailing.se\/wp-content\/uploads\/2024\/12\/img_0556-1.jpg?w=2000&amp;ssl=1 2000w, https:\/\/i0.wp.com\/www.ellensailing.se\/wp-content\/uploads\/2024\/12\/img_0556-1.jpg?w=1680&amp;ssl=1 1680w\" sizes=\"(max-width: 840px) 100vw, 840px\" \/><\/figure>\n","protected":false},"excerpt":{"rendered":"<p>Ikv\u00e4ll hade vi en fantastiskt kv\u00e4ll eller eftermiddag! Fyra b\u00e5tar tr\u00e4ffades och hade julbord p\u00e5 Kastellet utanf\u00f6r Vaxholm. B\u00f6rjade med[&#8230;]<\/p>\n","protected":false},"author":1,"featured_media":3766,"comment_status":"open","ping_status":"open","sticky":false,"template":"","format":"standard","meta":{"_jetpack_newsletter_access":"","_jetpack_dont_email_post_to_subs":false,"_jetpack_newsletter_tier_id":0,"_jetpack_memberships_contains_paywalled_content":false,"_jetpack_feature_clip_id":0,"_jetpack_memberships_contains_paid_content":false,"footnotes":"","jetpack_publicize_message":"","jetpack_publicize_feature_enabled":true,"jetpack_social_post_already_shared":true,"jetpack_social_options":{"image_generator_settings":{"template":"highway","default_image_id":0,"font":"","enabled":false},"version":2},"jetpack_post_was_ever_published":false},"categories":[3,24],"tags":[],"class_list":["post-3765","post","type-post","status-publish","format-standard","has-post-thumbnail","hentry","category-baten-pa-land","category-vastindien-2017-2018"],"jetpack_publicize_connections":[],"jetpack_featured_media_url":"https:\/\/i0.wp.com\/www.ellensailing.se\/wp-content\/uploads\/2024\/12\/img_0011-1.jpg?fit=2000%2C1500&ssl=1","jetpack_sharing_enabled":true,"jetpack_shortlink":"https:\/\/wp.me\/p5G68R-YJ","jetpack-related-posts":[{"id":3564,"url":"https:\/\/www.ellensailing.se\/?p=3564","url_meta":{"origin":3765,"position":0},"title":"Framme p\u00e5 b\u00e5ten","author":"peter@ellensailing.se","date":"18 april, 2024","format":false,"excerpt":"Efter 4 dagar p\u00e5 Tahiti s\u00e5 var det dags att ta det lilla planet ut till en atoll. Vid incheckning s\u00e5g hon lite f\u00f6rbryllad ut f\u00f6r hon undrade nog vad en utb\u00f6ling skulle g\u00f6ra d\u00e4r ( f\u00f6r utb\u00f6ling \u00e4r vi ju h\u00e4r). Faaite Vi hade tv\u00e5 mellanlandningar innan vi var\u2026","rel":"","context":"I \u201dS\u00f6derhavet\u201d","block_context":{"text":"S\u00f6derhavet","link":"https:\/\/www.ellensailing.se\/?cat=33"},"img":{"alt_text":"","src":"https:\/\/i0.wp.com\/www.ellensailing.se\/wp-content\/uploads\/2024\/04\/img_3983-1.jpg?fit=1200%2C900&ssl=1&resize=350%2C200","width":350,"height":200,"srcset":"https:\/\/i0.wp.com\/www.ellensailing.se\/wp-content\/uploads\/2024\/04\/img_3983-1.jpg?fit=1200%2C900&ssl=1&resize=350%2C200 1x, https:\/\/i0.wp.com\/www.ellensailing.se\/wp-content\/uploads\/2024\/04\/img_3983-1.jpg?fit=1200%2C900&ssl=1&resize=525%2C300 1.5x, https:\/\/i0.wp.com\/www.ellensailing.se\/wp-content\/uploads\/2024\/04\/img_3983-1.jpg?fit=1200%2C900&ssl=1&resize=700%2C400 2x, https:\/\/i0.wp.com\/www.ellensailing.se\/wp-content\/uploads\/2024\/04\/img_3983-1.jpg?fit=1200%2C900&ssl=1&resize=1050%2C600 3x"},"classes":[]},{"id":1536,"url":"https:\/\/www.ellensailing.se\/?p=1536","url_meta":{"origin":3765,"position":1},"title":"F\u00f6rberedelser inf\u00f6r ARCen","author":"peter@ellensailing.se","date":"12 november, 2017","format":false,"excerpt":"Nu har vi varit i Las Palmas en vecka f\u00f6r att f\u00f6rbereda oss inf\u00f6r starten p\u00e5 \u00e5rets ARC (Atlantic Rally for Cruisers). Vi kollade f\u00f6rst p\u00e5 starten p\u00e5 ARC+ som g\u00e5r via Cap Verde \u00f6arna. Det var 79 b\u00e5tar som gick iv\u00e4g i moderat vind. F\u00f6rst startade katamaranerna och sedan\u2026","rel":"","context":"I \u201dARC 2017\u201d","block_context":{"text":"ARC 2017","link":"https:\/\/www.ellensailing.se\/?cat=23"},"img":{"alt_text":"","src":"https:\/\/i0.wp.com\/www.ellensailing.se\/wp-content\/uploads\/2017\/11\/DSC4721.jpg?fit=1200%2C802&ssl=1&resize=350%2C200","width":350,"height":200,"srcset":"https:\/\/i0.wp.com\/www.ellensailing.se\/wp-content\/uploads\/2017\/11\/DSC4721.jpg?fit=1200%2C802&ssl=1&resize=350%2C200 1x, https:\/\/i0.wp.com\/www.ellensailing.se\/wp-content\/uploads\/2017\/11\/DSC4721.jpg?fit=1200%2C802&ssl=1&resize=525%2C300 1.5x, https:\/\/i0.wp.com\/www.ellensailing.se\/wp-content\/uploads\/2017\/11\/DSC4721.jpg?fit=1200%2C802&ssl=1&resize=700%2C400 2x, https:\/\/i0.wp.com\/www.ellensailing.se\/wp-content\/uploads\/2017\/11\/DSC4721.jpg?fit=1200%2C802&ssl=1&resize=1050%2C600 3x"},"classes":[]},{"id":1864,"url":"https:\/\/www.ellensailing.se\/?p=1864","url_meta":{"origin":3765,"position":2},"title":"Underbara dagar i Antigua","author":"peter@ellensailing.se","date":"2 mars, 2018","format":false,"excerpt":"Efter allt bl\u00e5sande och st\u00f6k som var p\u00e5 Guadeloupe s\u00e5 har vi nu fantastiska dagar p\u00e5 Antigua. K\u00e4nns som man kommit till Karibien igen men med v\u00e4ldigt mycket lyx. Vi ligger l\u00e4ngst in i Tank Bay i English harbour precis utanf\u00f6r Admirals Innn. Ingen i n\u00e4rheten utan helt sj\u00e4lva. Kan\u2026","rel":"","context":"I \u201dV\u00e4stindien 2017-2018\u201d","block_context":{"text":"V\u00e4stindien 2017-2018","link":"https:\/\/www.ellensailing.se\/?cat=24"},"img":{"alt_text":"","src":"https:\/\/i0.wp.com\/www.ellensailing.se\/wp-content\/uploads\/2018\/03\/FC89195C-ADDB-46A4-854B-AC41E238B0C5.jpeg?fit=1200%2C800&ssl=1&resize=350%2C200","width":350,"height":200,"srcset":"https:\/\/i0.wp.com\/www.ellensailing.se\/wp-content\/uploads\/2018\/03\/FC89195C-ADDB-46A4-854B-AC41E238B0C5.jpeg?fit=1200%2C800&ssl=1&resize=350%2C200 1x, https:\/\/i0.wp.com\/www.ellensailing.se\/wp-content\/uploads\/2018\/03\/FC89195C-ADDB-46A4-854B-AC41E238B0C5.jpeg?fit=1200%2C800&ssl=1&resize=525%2C300 1.5x, https:\/\/i0.wp.com\/www.ellensailing.se\/wp-content\/uploads\/2018\/03\/FC89195C-ADDB-46A4-854B-AC41E238B0C5.jpeg?fit=1200%2C800&ssl=1&resize=700%2C400 2x, https:\/\/i0.wp.com\/www.ellensailing.se\/wp-content\/uploads\/2018\/03\/FC89195C-ADDB-46A4-854B-AC41E238B0C5.jpeg?fit=1200%2C800&ssl=1&resize=1050%2C600 3x"},"classes":[]},{"id":2011,"url":"https:\/\/www.ellensailing.se\/?p=2011","url_meta":{"origin":3765,"position":3},"title":"Bequia 2.0","author":"peter@ellensailing.se","date":"28 mars, 2018","format":false,"excerpt":"Efter en lyckad och trevlig kv\u00e4ll p\u00e5 Rock Side Caf\u00e9 seglade vi vidare till Bequia. Det var mindre b\u00e5tar h\u00e4r \u00e4n vid Jul men \u00e4nd\u00e5 mycket. Det fylldes dessutom p\u00e5 med m\u00e5nga b\u00e5tar f\u00f6r att p\u00e5 torsdag b\u00f6rjar Bequia Regatta. S\u00e5 m\u00e5nga segelb\u00e5tar \u00e4r d\u00e4r och har b\u00f6rjat tr\u00e4na lite.\u2026","rel":"","context":"I \u201dV\u00e4stindien 2017-2018\u201d","block_context":{"text":"V\u00e4stindien 2017-2018","link":"https:\/\/www.ellensailing.se\/?cat=24"},"img":{"alt_text":"","src":"https:\/\/i0.wp.com\/www.ellensailing.se\/wp-content\/uploads\/2018\/03\/C0857F0E-8F7D-40D0-96A4-00CC85657BCC-e1522266346775.jpeg?fit=1200%2C900&ssl=1&resize=350%2C200","width":350,"height":200,"srcset":"https:\/\/i0.wp.com\/www.ellensailing.se\/wp-content\/uploads\/2018\/03\/C0857F0E-8F7D-40D0-96A4-00CC85657BCC-e1522266346775.jpeg?fit=1200%2C900&ssl=1&resize=350%2C200 1x, https:\/\/i0.wp.com\/www.ellensailing.se\/wp-content\/uploads\/2018\/03\/C0857F0E-8F7D-40D0-96A4-00CC85657BCC-e1522266346775.jpeg?fit=1200%2C900&ssl=1&resize=525%2C300 1.5x, https:\/\/i0.wp.com\/www.ellensailing.se\/wp-content\/uploads\/2018\/03\/C0857F0E-8F7D-40D0-96A4-00CC85657BCC-e1522266346775.jpeg?fit=1200%2C900&ssl=1&resize=700%2C400 2x, https:\/\/i0.wp.com\/www.ellensailing.se\/wp-content\/uploads\/2018\/03\/C0857F0E-8F7D-40D0-96A4-00CC85657BCC-e1522266346775.jpeg?fit=1200%2C900&ssl=1&resize=1050%2C600 3x"},"classes":[]},{"id":315,"url":"https:\/\/www.ellensailing.se\/?p=315","url_meta":{"origin":3765,"position":4},"title":"Avt\u00e4ckning av b\u00e5t!","author":"peter@ellensailing.se","date":"6 april, 2015","format":false,"excerpt":"N\u00e4r det \u00e4r dags att ta bort pressen fr\u00e5n b\u00e5ten d\u00e5 sl\u00e5r det aldrig fel. I g\u00e5r morse b\u00f6rjade det sn\u00f6a och regna som bara den. 2 grader varmt och 9 sekundmeter. Det \u00e4r som n\u00e5gon d\u00e4ruppe s\u00e4ger till en att man \u00e4r f\u00f6r tidig, tror aldrig att det sl\u00e5r\u2026","rel":"","context":"I \u201dB\u00e5ten p\u00e5 land\u201d","block_context":{"text":"B\u00e5ten p\u00e5 land","link":"https:\/\/www.ellensailing.se\/?cat=3"},"img":{"alt_text":"","src":"https:\/\/i0.wp.com\/www.ellensailing.se\/wp-content\/uploads\/2015\/04\/IMG_3954.jpg?fit=1200%2C900&ssl=1&resize=350%2C200","width":350,"height":200,"srcset":"https:\/\/i0.wp.com\/www.ellensailing.se\/wp-content\/uploads\/2015\/04\/IMG_3954.jpg?fit=1200%2C900&ssl=1&resize=350%2C200 1x, https:\/\/i0.wp.com\/www.ellensailing.se\/wp-content\/uploads\/2015\/04\/IMG_3954.jpg?fit=1200%2C900&ssl=1&resize=525%2C300 1.5x, https:\/\/i0.wp.com\/www.ellensailing.se\/wp-content\/uploads\/2015\/04\/IMG_3954.jpg?fit=1200%2C900&ssl=1&resize=700%2C400 2x, https:\/\/i0.wp.com\/www.ellensailing.se\/wp-content\/uploads\/2015\/04\/IMG_3954.jpg?fit=1200%2C900&ssl=1&resize=1050%2C600 3x"},"classes":[]},{"id":2875,"url":"https:\/\/www.ellensailing.se\/?p=2875","url_meta":{"origin":3765,"position":5},"title":"\u00d6land och Kalmar","author":"peter@ellensailing.se","date":"23 juli, 2020","format":false,"excerpt":"Vi fortsatte efter Harstena ner till Bok\u00f6. Ganska kort bit men k\u00e4nde att det var dags att r\u00f6ra oss. Det var lite v\u00e4l mycket b\u00e5tar d\u00e4r. P\u00e5 M\u00f6rk\u00f6 s\u00e5 var det inte m\u00e5nga b\u00e5tar, vilket var sk\u00f6nt. Efter M\u00f6rk\u00f6 s\u00e5 kryssade vi ut p\u00e5 havet och hade en makal\u00f6s fin\u2026","rel":"","context":"I \u201dSegling 2020\u201d","block_context":{"text":"Segling 2020","link":"https:\/\/www.ellensailing.se\/?cat=27"},"img":{"alt_text":"","src":"https:\/\/i0.wp.com\/www.ellensailing.se\/wp-content\/uploads\/2020\/07\/img_0278-13-scaled.jpg?fit=1200%2C900&ssl=1&resize=350%2C200","width":350,"height":200,"srcset":"https:\/\/i0.wp.com\/www.ellensailing.se\/wp-content\/uploads\/2020\/07\/img_0278-13-scaled.jpg?fit=1200%2C900&ssl=1&resize=350%2C200 1x, https:\/\/i0.wp.com\/www.ellensailing.se\/wp-content\/uploads\/2020\/07\/img_0278-13-scaled.jpg?fit=1200%2C900&ssl=1&resize=525%2C300 1.5x, https:\/\/i0.wp.com\/www.ellensailing.se\/wp-content\/uploads\/2020\/07\/img_0278-13-scaled.jpg?fit=1200%2C900&ssl=1&resize=700%2C400 2x, https:\/\/i0.wp.com\/www.ellensailing.se\/wp-content\/uploads\/2020\/07\/img_0278-13-scaled.jpg?fit=1200%2C900&ssl=1&resize=1050%2C600 3x"},"classes":[]}],"jetpack_likes_enabled":false,"_links":{"self":[{"href":"https:\/\/www.ellensailing.se\/index.php?rest_route=\/wp\/v2\/posts\/3765","targetHints":{"allow":["GET"]}}],"collection":[{"href":"https:\/\/www.ellensailing.se\/index.php?rest_route=\/wp\/v2\/posts"}],"about":[{"href":"https:\/\/www.ellensailing.se\/index.php?rest_route=\/wp\/v2\/types\/post"}],"author":[{"embeddable":true,"href":"https:\/\/www.ellensailing.se\/index.php?rest_route=\/wp\/v2\/users\/1"}],"replies":[{"embeddable":true,"href":"https:\/\/www.ellensailing.se\/index.php?rest_route=%2Fwp%2Fv2%2Fcomments&post=3765"}],"version-history":[{"count":1,"href":"https:\/\/www.ellensailing.se\/index.php?rest_route=\/wp\/v2\/posts\/3765\/revisions"}],"predecessor-version":[{"id":3767,"href":"https:\/\/www.ellensailing.se\/index.php?rest_route=\/wp\/v2\/posts\/3765\/revisions\/3767"}],"wp:featuredmedia":[{"embeddable":true,"href":"https:\/\/www.ellensailing.se\/index.php?rest_route=\/wp\/v2\/media\/3766"}],"wp:attachment":[{"href":"https:\/\/www.ellensailing.se\/index.php?rest_route=%2Fwp%2Fv2%2Fmedia&parent=3765"}],"wp:term":[{"taxonomy":"category","embeddable":true,"href":"https:\/\/www.ellensailing.se\/index.php?rest_route=%2Fwp%2Fv2%2Fcategories&post=3765"},{"taxonomy":"post_tag","embeddable":true,"href":"https:\/\/www.ellensailing.se\/index.php?rest_route=%2Fwp%2Fv2%2Ftags&post=3765"}],"curies":[{"name":"wp","href":"https:\/\/api.w.org\/{rel}","templated":true}]}}