{"id":360,"date":"2015-05-18T22:25:16","date_gmt":"2015-05-18T20:25:16","guid":{"rendered":"https:\/\/www.ellensailing.se\/?p=360"},"modified":"2015-05-19T04:27:44","modified_gmt":"2015-05-19T02:27:44","slug":"puh-utsjoskepparen-avklarad","status":"publish","type":"post","link":"https:\/\/www.ellensailing.se\/?p=360","title":{"rendered":"PUH! Utsj\u00f6skepparen avklarad."},"content":{"rendered":"<p>St\u00f6n och st\u00e5nk. Idag klarade jag Utsj\u00f6skepparexamen, men det var p\u00e5 fisens mossor&#8230; Snacka om att r\u00e4kna fram och tillbaka p\u00e5 sekund\u00e4rhamnar, tider, h\u00f6gvatten, l\u00e5gvatten, str\u00f6mmar hit och dit. Det var en hel del som man borde k\u00e4nt till och kunnat, men jag\u00a0hade inte lagt n\u00e5got\u00a0fokus p\u00e5 det. Har nog aldrig varit med om att tv\u00e5 timmar har g\u00e5tt s\u00e5 fort. Kanalintyget blev klart f\u00f6rra veckan s\u00e5 nu \u00e4r det bara B\u00e5tmekaniker kvar n\u00e4sta tisdag. Puh igen.<\/p>\n","protected":false},"excerpt":{"rendered":"<p>St\u00f6n och st\u00e5nk. Idag klarade jag Utsj\u00f6skepparexamen, men det var p\u00e5 fisens mossor&#8230; Snacka om att r\u00e4kna fram och tillbaka[&#8230;]<\/p>\n","protected":false},"author":1,"featured_media":361,"comment_status":"open","ping_status":"open","sticky":false,"template":"","format":"standard","meta":{"_jetpack_newsletter_access":"","_jetpack_dont_email_post_to_subs":false,"_jetpack_newsletter_tier_id":0,"_jetpack_memberships_contains_paywalled_content":false,"_jetpack_feature_clip_id":0,"_jetpack_memberships_contains_paid_content":false,"footnotes":"","jetpack_publicize_message":"","jetpack_publicize_feature_enabled":true,"jetpack_social_post_already_shared":true,"jetpack_social_options":{"image_generator_settings":{"template":"highway","default_image_id":0,"font":"","enabled":false},"version":2},"jetpack_post_was_ever_published":false},"categories":[7],"tags":[],"class_list":["post-360","post","type-post","status-publish","format-standard","has-post-thumbnail","hentry","category-oceanseglarkurs"],"jetpack_publicize_connections":[],"jetpack_featured_media_url":"https:\/\/i0.wp.com\/www.ellensailing.se\/wp-content\/uploads\/2015\/05\/IMG_4266-e1431980568187.jpg?fit=2448%2C3263&ssl=1","jetpack_sharing_enabled":true,"jetpack_shortlink":"https:\/\/wp.me\/p5G68R-5O","jetpack-related-posts":[{"id":1598,"url":"https:\/\/www.ellensailing.se\/?p=1598","url_meta":{"origin":360,"position":0},"title":"Dygn 12, H\u00e4lften gjort","author":"peter@ellensailing.se","date":"1 december, 2017","format":false,"excerpt":"Och ikv\u00e4ll blir det skumpa. Det finns mycket att fira idag. H\u00e4lften gjort, vi har passerat en tidszon s\u00e5 klockan skall skruvas tillbaka och vi har f\u00e5tt tv\u00e5 fiskar idag. Redan i morse s\u00e5 sl\u00e4ngde Lasse i draget och det dr\u00f6jde inte mer \u00e4n 5 minuter s\u00e5 fick vi en\u2026","rel":"","context":"I \u201dARC 2017\u201d","block_context":{"text":"ARC 2017","link":"https:\/\/www.ellensailing.se\/?cat=23"},"img":{"alt_text":"","src":"","width":0,"height":0},"classes":[]},{"id":2109,"url":"https:\/\/www.ellensailing.se\/?p=2109","url_meta":{"origin":360,"position":1},"title":"Andra dyket och en h\u00e4rlig promenad till Paradice Beach","author":"peter@ellensailing.se","date":"7 april, 2018","format":false,"excerpt":"I morse var det dags igen f\u00f6r det andra dyker! Idag var vi ute vid Nationalparken och d\u00f6k. J\u00e4ttefina rev med mycket fisk runt. Blev lite djupare idag och lite l\u00e4ngre dyk. I slutet fick vi en mycket stark str\u00f6m s\u00e5 vi hade sv\u00e5rt att ta oss fram och vi\u2026","rel":"","context":"I \u201dV\u00e4stindien 2017-2018\u201d","block_context":{"text":"V\u00e4stindien 2017-2018","link":"https:\/\/www.ellensailing.se\/?cat=24"},"img":{"alt_text":"","src":"https:\/\/i0.wp.com\/www.ellensailing.se\/wp-content\/uploads\/2018\/04\/F76D429C-8970-4ACB-BB5A-3F89E079F88E.jpeg?fit=1200%2C900&ssl=1&resize=350%2C200","width":350,"height":200,"srcset":"https:\/\/i0.wp.com\/www.ellensailing.se\/wp-content\/uploads\/2018\/04\/F76D429C-8970-4ACB-BB5A-3F89E079F88E.jpeg?fit=1200%2C900&ssl=1&resize=350%2C200 1x, https:\/\/i0.wp.com\/www.ellensailing.se\/wp-content\/uploads\/2018\/04\/F76D429C-8970-4ACB-BB5A-3F89E079F88E.jpeg?fit=1200%2C900&ssl=1&resize=525%2C300 1.5x, https:\/\/i0.wp.com\/www.ellensailing.se\/wp-content\/uploads\/2018\/04\/F76D429C-8970-4ACB-BB5A-3F89E079F88E.jpeg?fit=1200%2C900&ssl=1&resize=700%2C400 2x, https:\/\/i0.wp.com\/www.ellensailing.se\/wp-content\/uploads\/2018\/04\/F76D429C-8970-4ACB-BB5A-3F89E079F88E.jpeg?fit=1200%2C900&ssl=1&resize=1050%2C600 3x"},"classes":[]},{"id":983,"url":"https:\/\/www.ellensailing.se\/?p=983","url_meta":{"origin":360,"position":2},"title":"Tips till alla OSK:are, Reeds och sj\u00f6kort har fel!","author":"peter@ellensailing.se","date":"29 juni, 2016","format":false,"excerpt":"Fr\u00e5n v\u00e5r seglats fr\u00e5n Borkum s\u00f6der\u00f6ver hade vi best\u00e4mt oss f\u00f6r att ta oss till Terschelling. F\u00f6rutom att vinden tog slut helt och Yanmar fick jobba b\u00f6rja vi kolla lite mer noggrant. F\u00f6r i Reeds s\u00e5 ser det helt ok ut att g\u00e5 in d\u00e4r \u00e4ven med Ellen som sticker\u2026","rel":"","context":"I \u201dSommar 2016\u201d","block_context":{"text":"Sommar 2016","link":"https:\/\/www.ellensailing.se\/?cat=20"},"img":{"alt_text":"","src":"https:\/\/i0.wp.com\/www.ellensailing.se\/wp-content\/uploads\/2016\/06\/DSC_0462.jpg?fit=1200%2C797&ssl=1&resize=350%2C200","width":350,"height":200,"srcset":"https:\/\/i0.wp.com\/www.ellensailing.se\/wp-content\/uploads\/2016\/06\/DSC_0462.jpg?fit=1200%2C797&ssl=1&resize=350%2C200 1x, https:\/\/i0.wp.com\/www.ellensailing.se\/wp-content\/uploads\/2016\/06\/DSC_0462.jpg?fit=1200%2C797&ssl=1&resize=525%2C300 1.5x, https:\/\/i0.wp.com\/www.ellensailing.se\/wp-content\/uploads\/2016\/06\/DSC_0462.jpg?fit=1200%2C797&ssl=1&resize=700%2C400 2x, https:\/\/i0.wp.com\/www.ellensailing.se\/wp-content\/uploads\/2016\/06\/DSC_0462.jpg?fit=1200%2C797&ssl=1&resize=1050%2C600 3x"},"classes":[]},{"id":3046,"url":"https:\/\/www.ellensailing.se\/?p=3046","url_meta":{"origin":360,"position":3},"title":"Kaos f\u00f6rsta veckan p\u00e5 semestern!","author":"peter@ellensailing.se","date":"4 juli, 2021","format":false,"excerpt":"P\u00e5 midsommardagen p\u00e5b\u00f6rjade vi v\u00e5r segling. F\u00f6rsta str\u00e4ckan blev inte l\u00e5ng, bara 1,37NM fr\u00e5n Grepen Marin till \u00d6regrundshamn. Vi l\u00e4mnade alla barnen p\u00e5 landet som fick ta hand om allt. F\u00f6rsta kv\u00e4llen var j\u00e4ttemysig och vi gick ut och \u00e5t p\u00e5 Melkers k\u00f6ttbod, supergott. Dagen efter s\u00e5 gick vi fr\u00e5n\u2026","rel":"","context":"I \u201dSegling 2021\u201d","block_context":{"text":"Segling 2021","link":"https:\/\/www.ellensailing.se\/?cat=28"},"img":{"alt_text":"","src":"https:\/\/i0.wp.com\/www.ellensailing.se\/wp-content\/uploads\/2021\/07\/Sjoraddning3.jpg?fit=640%2C480&ssl=1&resize=350%2C200","width":350,"height":200,"srcset":"https:\/\/i0.wp.com\/www.ellensailing.se\/wp-content\/uploads\/2021\/07\/Sjoraddning3.jpg?fit=640%2C480&ssl=1&resize=350%2C200 1x, https:\/\/i0.wp.com\/www.ellensailing.se\/wp-content\/uploads\/2021\/07\/Sjoraddning3.jpg?fit=640%2C480&ssl=1&resize=525%2C300 1.5x"},"classes":[]},{"id":2543,"url":"https:\/\/www.ellensailing.se\/?p=2543","url_meta":{"origin":360,"position":4},"title":"Med bil runt Anguilla, det \u00e4r inte stort!","author":"peter@ellensailing.se","date":"15 april, 2019","format":false,"excerpt":"I morse s\u00e5 \u00e5kte vi in till Elvis d\u00e4r bilen skulle levereras. Fick v\u00e4nta i en kvart, men vad \u00e4r det i Karibien. Inget \u00e4r p\u00e5 tid s\u00e5 det spelar ingen roll. Fick en pratstund med en av kompanjonerna p\u00e5 Elvis. \u00c5kte f\u00f6rst igenom staden men hade siktet in p\u00e5\u2026","rel":"","context":"I \u201dV\u00e4stindien 2019\u201d","block_context":{"text":"V\u00e4stindien 2019","link":"https:\/\/www.ellensailing.se\/?cat=25"},"img":{"alt_text":"","src":"https:\/\/i0.wp.com\/www.ellensailing.se\/wp-content\/uploads\/2019\/04\/4C439086-0CB2-4288-9263-ABA33BB08BE6.jpeg?fit=1200%2C800&ssl=1&resize=350%2C200","width":350,"height":200,"srcset":"https:\/\/i0.wp.com\/www.ellensailing.se\/wp-content\/uploads\/2019\/04\/4C439086-0CB2-4288-9263-ABA33BB08BE6.jpeg?fit=1200%2C800&ssl=1&resize=350%2C200 1x, https:\/\/i0.wp.com\/www.ellensailing.se\/wp-content\/uploads\/2019\/04\/4C439086-0CB2-4288-9263-ABA33BB08BE6.jpeg?fit=1200%2C800&ssl=1&resize=525%2C300 1.5x, https:\/\/i0.wp.com\/www.ellensailing.se\/wp-content\/uploads\/2019\/04\/4C439086-0CB2-4288-9263-ABA33BB08BE6.jpeg?fit=1200%2C800&ssl=1&resize=700%2C400 2x, https:\/\/i0.wp.com\/www.ellensailing.se\/wp-content\/uploads\/2019\/04\/4C439086-0CB2-4288-9263-ABA33BB08BE6.jpeg?fit=1200%2C800&ssl=1&resize=1050%2C600 3x"},"classes":[]},{"id":3337,"url":"https:\/\/www.ellensailing.se\/?p=3337","url_meta":{"origin":360,"position":5},"title":"F\u00f6rsta veckan avklarad och nu \u00e4r vi i Hang\u00f6!","author":"peter@ellensailing.se","date":"10 juli, 2023","format":false,"excerpt":"F\u00f6rra l\u00f6rdagen p\u00e5b\u00f6rjade vi v\u00e5r sommarsegling. Det gick undan upp till Fejan och vi t\u00e4nkte n\u00e4stan forts\u00e4tta hela v\u00e4gen \u00f6ver till Mariehamn f\u00f6r det var s\u00e5 bra. Synd att vi inte gjorde det f\u00f6r p\u00e5 s\u00f6ndagen b\u00f6rjade det inte bl\u00e5sa f\u00f6rr\u00e4n vid tolvtiden. Under tiden speglarna hade det tufft under\u2026","rel":"","context":"I \u201dSegling 2023\u201d","block_context":{"text":"Segling 2023","link":"https:\/\/www.ellensailing.se\/?cat=31"},"img":{"alt_text":"","src":"https:\/\/i0.wp.com\/www.ellensailing.se\/wp-content\/uploads\/2023\/07\/img_2811-scaled.jpg?fit=900%2C1200&ssl=1&resize=350%2C200","width":350,"height":200,"srcset":"https:\/\/i0.wp.com\/www.ellensailing.se\/wp-content\/uploads\/2023\/07\/img_2811-scaled.jpg?fit=900%2C1200&ssl=1&resize=350%2C200 1x, https:\/\/i0.wp.com\/www.ellensailing.se\/wp-content\/uploads\/2023\/07\/img_2811-scaled.jpg?fit=900%2C1200&ssl=1&resize=525%2C300 1.5x, https:\/\/i0.wp.com\/www.ellensailing.se\/wp-content\/uploads\/2023\/07\/img_2811-scaled.jpg?fit=900%2C1200&ssl=1&resize=700%2C400 2x"},"classes":[]}],"jetpack_likes_enabled":false,"_links":{"self":[{"href":"https:\/\/www.ellensailing.se\/index.php?rest_route=\/wp\/v2\/posts\/360","targetHints":{"allow":["GET"]}}],"collection":[{"href":"https:\/\/www.ellensailing.se\/index.php?rest_route=\/wp\/v2\/posts"}],"about":[{"href":"https:\/\/www.ellensailing.se\/index.php?rest_route=\/wp\/v2\/types\/post"}],"author":[{"embeddable":true,"href":"https:\/\/www.ellensailing.se\/index.php?rest_route=\/wp\/v2\/users\/1"}],"replies":[{"embeddable":true,"href":"https:\/\/www.ellensailing.se\/index.php?rest_route=%2Fwp%2Fv2%2Fcomments&post=360"}],"version-history":[{"count":3,"href":"https:\/\/www.ellensailing.se\/index.php?rest_route=\/wp\/v2\/posts\/360\/revisions"}],"predecessor-version":[{"id":364,"href":"https:\/\/www.ellensailing.se\/index.php?rest_route=\/wp\/v2\/posts\/360\/revisions\/364"}],"wp:featuredmedia":[{"embeddable":true,"href":"https:\/\/www.ellensailing.se\/index.php?rest_route=\/wp\/v2\/media\/361"}],"wp:attachment":[{"href":"https:\/\/www.ellensailing.se\/index.php?rest_route=%2Fwp%2Fv2%2Fmedia&parent=360"}],"wp:term":[{"taxonomy":"category","embeddable":true,"href":"https:\/\/www.ellensailing.se\/index.php?rest_route=%2Fwp%2Fv2%2Fcategories&post=360"},{"taxonomy":"post_tag","embeddable":true,"href":"https:\/\/www.ellensailing.se\/index.php?rest_route=%2Fwp%2Fv2%2Ftags&post=360"}],"curies":[{"name":"wp","href":"https:\/\/api.w.org\/{rel}","templated":true}]}}