{"id":3579,"date":"2024-04-20T04:59:25","date_gmt":"2024-04-20T02:59:25","guid":{"rendered":"https:\/\/www.ellensailing.se\/?p=3579"},"modified":"2024-04-20T05:35:06","modified_gmt":"2024-04-20T03:35:06","slug":"makemo-ostra","status":"publish","type":"post","link":"https:\/\/www.ellensailing.se\/?p=3579","title":{"rendered":"Makemo \u00f6stra"},"content":{"rendered":"\n<p class=\"wp-block-paragraph\">Ig\u00e5r p\u00e5 torsdagen var det storhandling i lilla byn. Det var v\u00e4ldigt v\u00e5gigt d\u00e4r s\u00e5 vi beslutade oss f\u00f6r att g\u00e5 upp till \u00f6stra h\u00f6rnet p\u00e5 atollen f\u00f6r att f\u00e5 sj\u00f6l\u00e4.<\/p>\n\n\n\n<figure class=\"wp-block-image size-large\"><img data-recalc-dims=\"1\" fetchpriority=\"high\" decoding=\"async\" width=\"473\" height=\"1024\" src=\"https:\/\/i0.wp.com\/www.ellensailing.se\/wp-content\/uploads\/2024\/04\/img_4113-1.png?resize=473%2C1024&#038;ssl=1\" alt=\"\" class=\"wp-image-3580\" srcset=\"https:\/\/i0.wp.com\/www.ellensailing.se\/wp-content\/uploads\/2024\/04\/img_4113-1.png?resize=473%2C1024&amp;ssl=1 473w, https:\/\/i0.wp.com\/www.ellensailing.se\/wp-content\/uploads\/2024\/04\/img_4113-1.png?resize=139%2C300&amp;ssl=1 139w, https:\/\/i0.wp.com\/www.ellensailing.se\/wp-content\/uploads\/2024\/04\/img_4113-1.png?resize=768%2C1662&amp;ssl=1 768w, https:\/\/i0.wp.com\/www.ellensailing.se\/wp-content\/uploads\/2024\/04\/img_4113-1.png?resize=710%2C1536&amp;ssl=1 710w, https:\/\/i0.wp.com\/www.ellensailing.se\/wp-content\/uploads\/2024\/04\/img_4113-1.png?w=924&amp;ssl=1 924w\" sizes=\"(max-width: 473px) 100vw, 473px\" \/><figcaption class=\"wp-element-caption\">H\u00e4r i \u00f6stra h\u00f6rnet \u00e4r vi p\u00e5 Makemo<\/figcaption><\/figure>\n\n\n\n<p class=\"wp-block-paragraph\">V\u00e4gen dit var fylld med bommisar (koraller som v\u00e4xer rakt upp). Det \u00e4r som att navigera i yttersk\u00e4rg\u00e5rden i Stockholm. Denna del \u00e4r dock inte s\u00e5 vanligt att folk g\u00e5r till vilket g\u00f6r att vi \u00e4r h\u00e4r helt sj\u00e4lva.<\/p>\n\n\n\n<figure class=\"wp-block-image size-large\"><img data-recalc-dims=\"1\" decoding=\"async\" width=\"840\" height=\"630\" src=\"https:\/\/i0.wp.com\/www.ellensailing.se\/wp-content\/uploads\/2024\/04\/img_3982-1.jpg?resize=840%2C630&#038;ssl=1\" alt=\"\" class=\"wp-image-3581\" srcset=\"https:\/\/i0.wp.com\/www.ellensailing.se\/wp-content\/uploads\/2024\/04\/img_3982-1.jpg?resize=1024%2C768&amp;ssl=1 1024w, https:\/\/i0.wp.com\/www.ellensailing.se\/wp-content\/uploads\/2024\/04\/img_3982-1.jpg?resize=300%2C225&amp;ssl=1 300w, https:\/\/i0.wp.com\/www.ellensailing.se\/wp-content\/uploads\/2024\/04\/img_3982-1.jpg?resize=768%2C576&amp;ssl=1 768w, https:\/\/i0.wp.com\/www.ellensailing.se\/wp-content\/uploads\/2024\/04\/img_3982-1.jpg?resize=1536%2C1152&amp;ssl=1 1536w, https:\/\/i0.wp.com\/www.ellensailing.se\/wp-content\/uploads\/2024\/04\/img_3982-1.jpg?w=2000&amp;ssl=1 2000w, https:\/\/i0.wp.com\/www.ellensailing.se\/wp-content\/uploads\/2024\/04\/img_3982-1.jpg?w=1680&amp;ssl=1 1680w\" sizes=\"(max-width: 840px) 100vw, 840px\" \/><figcaption class=\"wp-element-caption\">Frun \u00e4r n\u00f6jd med ankringen<\/figcaption><\/figure>\n\n\n\n<p class=\"wp-block-paragraph\">Det vi ser att det \u00e4r en massa saker p\u00e5 stranden som ser ut fiskn\u00e4t eller liknande. <\/p>\n\n\n\n<figure class=\"wp-block-image size-large\"><img data-recalc-dims=\"1\" decoding=\"async\" width=\"840\" height=\"630\" src=\"https:\/\/i0.wp.com\/www.ellensailing.se\/wp-content\/uploads\/2024\/04\/img_4004-1.jpg?resize=840%2C630&#038;ssl=1\" alt=\"\" class=\"wp-image-3582\" srcset=\"https:\/\/i0.wp.com\/www.ellensailing.se\/wp-content\/uploads\/2024\/04\/img_4004-1.jpg?resize=1024%2C768&amp;ssl=1 1024w, https:\/\/i0.wp.com\/www.ellensailing.se\/wp-content\/uploads\/2024\/04\/img_4004-1.jpg?resize=300%2C225&amp;ssl=1 300w, https:\/\/i0.wp.com\/www.ellensailing.se\/wp-content\/uploads\/2024\/04\/img_4004-1.jpg?resize=768%2C576&amp;ssl=1 768w, https:\/\/i0.wp.com\/www.ellensailing.se\/wp-content\/uploads\/2024\/04\/img_4004-1.jpg?resize=1536%2C1152&amp;ssl=1 1536w, https:\/\/i0.wp.com\/www.ellensailing.se\/wp-content\/uploads\/2024\/04\/img_4004-1.jpg?w=2000&amp;ssl=1 2000w, https:\/\/i0.wp.com\/www.ellensailing.se\/wp-content\/uploads\/2024\/04\/img_4004-1.jpg?w=1680&amp;ssl=1 1680w\" sizes=\"(max-width: 840px) 100vw, 840px\" \/><figcaption class=\"wp-element-caption\">Tungt jobb med att lyfta Kokosn\u00f6tter <\/figcaption><\/figure>\n\n\n\n<p class=\"wp-block-paragraph\">Idag har vi g\u00e5tt runt en massor och det visar sig att man sk\u00f6rdar kopra som \u00e4r kokosn\u00f6tter som man torkar. Det anv\u00e4nds till parfymeri industrin.<\/p>\n\n\n\n<figure class=\"wp-block-image size-large\"><img data-recalc-dims=\"1\" loading=\"lazy\" decoding=\"async\" width=\"840\" height=\"630\" src=\"https:\/\/i0.wp.com\/www.ellensailing.se\/wp-content\/uploads\/2024\/04\/img_4021-1.jpg?resize=840%2C630&#038;ssl=1\" alt=\"\" class=\"wp-image-3583\" srcset=\"https:\/\/i0.wp.com\/www.ellensailing.se\/wp-content\/uploads\/2024\/04\/img_4021-1.jpg?resize=1024%2C768&amp;ssl=1 1024w, https:\/\/i0.wp.com\/www.ellensailing.se\/wp-content\/uploads\/2024\/04\/img_4021-1.jpg?resize=300%2C225&amp;ssl=1 300w, https:\/\/i0.wp.com\/www.ellensailing.se\/wp-content\/uploads\/2024\/04\/img_4021-1.jpg?resize=768%2C576&amp;ssl=1 768w, https:\/\/i0.wp.com\/www.ellensailing.se\/wp-content\/uploads\/2024\/04\/img_4021-1.jpg?resize=1536%2C1152&amp;ssl=1 1536w, https:\/\/i0.wp.com\/www.ellensailing.se\/wp-content\/uploads\/2024\/04\/img_4021-1.jpg?w=2000&amp;ssl=1 2000w, https:\/\/i0.wp.com\/www.ellensailing.se\/wp-content\/uploads\/2024\/04\/img_4021-1.jpg?w=1680&amp;ssl=1 1680w\" sizes=\"(max-width: 840px) 100vw, 840px\" \/><figcaption class=\"wp-element-caption\">Lite kultur med upphittade saker<\/figcaption><\/figure>\n\n\n\n<p class=\"wp-block-paragraph\">Det \u00e4r m\u00e5nga trevlig stunder med de som \u00e4r h\u00e4r. Tur att Jenny pratar flytande franska s\u00e5 vi kan f\u00e5 reda p\u00e5 n\u00e5got. De bor h\u00e4r ute i ca tre veckor f\u00f6r att sedan \u00e5ka tillbaka in i byn. <\/p>\n\n\n\n<figure class=\"wp-block-image size-large\"><img data-recalc-dims=\"1\" loading=\"lazy\" decoding=\"async\" width=\"840\" height=\"630\" src=\"https:\/\/i0.wp.com\/www.ellensailing.se\/wp-content\/uploads\/2024\/04\/img_4023-1.jpg?resize=840%2C630&#038;ssl=1\" alt=\"\" class=\"wp-image-3584\" srcset=\"https:\/\/i0.wp.com\/www.ellensailing.se\/wp-content\/uploads\/2024\/04\/img_4023-1.jpg?resize=1024%2C768&amp;ssl=1 1024w, https:\/\/i0.wp.com\/www.ellensailing.se\/wp-content\/uploads\/2024\/04\/img_4023-1.jpg?resize=300%2C225&amp;ssl=1 300w, https:\/\/i0.wp.com\/www.ellensailing.se\/wp-content\/uploads\/2024\/04\/img_4023-1.jpg?resize=768%2C576&amp;ssl=1 768w, https:\/\/i0.wp.com\/www.ellensailing.se\/wp-content\/uploads\/2024\/04\/img_4023-1.jpg?resize=1536%2C1152&amp;ssl=1 1536w, https:\/\/i0.wp.com\/www.ellensailing.se\/wp-content\/uploads\/2024\/04\/img_4023-1.jpg?w=2000&amp;ssl=1 2000w, https:\/\/i0.wp.com\/www.ellensailing.se\/wp-content\/uploads\/2024\/04\/img_4023-1.jpg?w=1680&amp;ssl=1 1680w\" sizes=\"(max-width: 840px) 100vw, 840px\" \/><figcaption class=\"wp-element-caption\">Stella i bakgrunden <\/figcaption><\/figure>\n\n\n\n<p class=\"wp-block-paragraph\">De lever v\u00e4ldigt primitivt h\u00e4r ute utan el eller n\u00e5got. Vi tog alla deras telefoner med oss till b\u00e5ten f\u00f6r storskalig laddning. F\u00f6r det fick vi fyra kokosn\u00f6tter och en massa bananer som vi gjorde bananpannkaka p\u00e5. H\u00e4rlig lunch med kokosvatten och bananer. <\/p>\n\n\n\n<figure class=\"wp-block-image size-large\"><img data-recalc-dims=\"1\" loading=\"lazy\" decoding=\"async\" width=\"840\" height=\"629\" src=\"https:\/\/i0.wp.com\/www.ellensailing.se\/wp-content\/uploads\/2024\/04\/img_4020-1.jpg?resize=840%2C629&#038;ssl=1\" alt=\"\" class=\"wp-image-3586\" srcset=\"https:\/\/i0.wp.com\/www.ellensailing.se\/wp-content\/uploads\/2024\/04\/img_4020-1.jpg?resize=1024%2C767&amp;ssl=1 1024w, https:\/\/i0.wp.com\/www.ellensailing.se\/wp-content\/uploads\/2024\/04\/img_4020-1.jpg?resize=300%2C225&amp;ssl=1 300w, https:\/\/i0.wp.com\/www.ellensailing.se\/wp-content\/uploads\/2024\/04\/img_4020-1.jpg?resize=768%2C575&amp;ssl=1 768w, https:\/\/i0.wp.com\/www.ellensailing.se\/wp-content\/uploads\/2024\/04\/img_4020-1.jpg?resize=1536%2C1150&amp;ssl=1 1536w, https:\/\/i0.wp.com\/www.ellensailing.se\/wp-content\/uploads\/2024\/04\/img_4020-1.jpg?w=2000&amp;ssl=1 2000w, https:\/\/i0.wp.com\/www.ellensailing.se\/wp-content\/uploads\/2024\/04\/img_4020-1.jpg?w=1680&amp;ssl=1 1680w\" sizes=\"(max-width: 840px) 100vw, 840px\" \/><figcaption class=\"wp-element-caption\">Torkning av kokosn\u00f6tter <\/figcaption><\/figure>\n\n\n\n<figure class=\"wp-block-image size-large\"><img data-recalc-dims=\"1\" loading=\"lazy\" decoding=\"async\" width=\"840\" height=\"630\" src=\"https:\/\/i0.wp.com\/www.ellensailing.se\/wp-content\/uploads\/2024\/04\/img_4063-1.jpg?resize=840%2C630&#038;ssl=1\" alt=\"\" class=\"wp-image-3587\" srcset=\"https:\/\/i0.wp.com\/www.ellensailing.se\/wp-content\/uploads\/2024\/04\/img_4063-1.jpg?resize=1024%2C768&amp;ssl=1 1024w, https:\/\/i0.wp.com\/www.ellensailing.se\/wp-content\/uploads\/2024\/04\/img_4063-1.jpg?resize=300%2C225&amp;ssl=1 300w, https:\/\/i0.wp.com\/www.ellensailing.se\/wp-content\/uploads\/2024\/04\/img_4063-1.jpg?resize=768%2C576&amp;ssl=1 768w, https:\/\/i0.wp.com\/www.ellensailing.se\/wp-content\/uploads\/2024\/04\/img_4063-1.jpg?resize=1536%2C1152&amp;ssl=1 1536w, https:\/\/i0.wp.com\/www.ellensailing.se\/wp-content\/uploads\/2024\/04\/img_4063-1.jpg?w=2000&amp;ssl=1 2000w, https:\/\/i0.wp.com\/www.ellensailing.se\/wp-content\/uploads\/2024\/04\/img_4063-1.jpg?w=1680&amp;ssl=1 1680w\" sizes=\"(max-width: 840px) 100vw, 840px\" \/><figcaption class=\"wp-element-caption\">Nyf\u00e5ngad bl\u00e4ckfisk och musslor<\/figcaption><\/figure>\n\n\n\n<figure class=\"wp-block-image size-large\"><img data-recalc-dims=\"1\" loading=\"lazy\" decoding=\"async\" width=\"840\" height=\"630\" src=\"https:\/\/i0.wp.com\/www.ellensailing.se\/wp-content\/uploads\/2024\/04\/img_4117-1.jpg?resize=840%2C630&#038;ssl=1\" alt=\"\" class=\"wp-image-3585\" srcset=\"https:\/\/i0.wp.com\/www.ellensailing.se\/wp-content\/uploads\/2024\/04\/img_4117-1.jpg?resize=1024%2C768&amp;ssl=1 1024w, https:\/\/i0.wp.com\/www.ellensailing.se\/wp-content\/uploads\/2024\/04\/img_4117-1.jpg?resize=300%2C225&amp;ssl=1 300w, https:\/\/i0.wp.com\/www.ellensailing.se\/wp-content\/uploads\/2024\/04\/img_4117-1.jpg?resize=768%2C576&amp;ssl=1 768w, https:\/\/i0.wp.com\/www.ellensailing.se\/wp-content\/uploads\/2024\/04\/img_4117-1.jpg?resize=1536%2C1152&amp;ssl=1 1536w, https:\/\/i0.wp.com\/www.ellensailing.se\/wp-content\/uploads\/2024\/04\/img_4117-1.jpg?w=2000&amp;ssl=1 2000w, https:\/\/i0.wp.com\/www.ellensailing.se\/wp-content\/uploads\/2024\/04\/img_4117-1.jpg?w=1680&amp;ssl=1 1680w\" sizes=\"(max-width: 840px) 100vw, 840px\" \/><figcaption class=\"wp-element-caption\">Ett h\u00e4rligt g\u00e4ng<\/figcaption><\/figure>\n\n\n\n<p class=\"wp-block-paragraph\">Vi gick sedan l\u00e4ngst ut mot revet p\u00e5 stranden som var superfin. Vilket omr\u00e5de det \u00e4r. <\/p>\n\n\n\n<figure class=\"wp-block-image size-large\"><img data-recalc-dims=\"1\" loading=\"lazy\" decoding=\"async\" width=\"840\" height=\"630\" src=\"https:\/\/i0.wp.com\/www.ellensailing.se\/wp-content\/uploads\/2024\/04\/img_4121-1.jpg?resize=840%2C630&#038;ssl=1\" alt=\"\" class=\"wp-image-3588\" srcset=\"https:\/\/i0.wp.com\/www.ellensailing.se\/wp-content\/uploads\/2024\/04\/img_4121-1.jpg?resize=1024%2C768&amp;ssl=1 1024w, https:\/\/i0.wp.com\/www.ellensailing.se\/wp-content\/uploads\/2024\/04\/img_4121-1.jpg?resize=300%2C225&amp;ssl=1 300w, https:\/\/i0.wp.com\/www.ellensailing.se\/wp-content\/uploads\/2024\/04\/img_4121-1.jpg?resize=768%2C576&amp;ssl=1 768w, https:\/\/i0.wp.com\/www.ellensailing.se\/wp-content\/uploads\/2024\/04\/img_4121-1.jpg?resize=1536%2C1152&amp;ssl=1 1536w, https:\/\/i0.wp.com\/www.ellensailing.se\/wp-content\/uploads\/2024\/04\/img_4121-1.jpg?w=2000&amp;ssl=1 2000w, https:\/\/i0.wp.com\/www.ellensailing.se\/wp-content\/uploads\/2024\/04\/img_4121-1.jpg?w=1680&amp;ssl=1 1680w\" sizes=\"(max-width: 840px) 100vw, 840px\" \/><figcaption class=\"wp-element-caption\">L\u00e5ng promenad<\/figcaption><\/figure>\n\n\n\n<figure class=\"wp-block-image size-large\"><img data-recalc-dims=\"1\" loading=\"lazy\" decoding=\"async\" width=\"840\" height=\"630\" src=\"https:\/\/i0.wp.com\/www.ellensailing.se\/wp-content\/uploads\/2024\/04\/img_4081-1.jpg?resize=840%2C630&#038;ssl=1\" alt=\"\" class=\"wp-image-3589\" srcset=\"https:\/\/i0.wp.com\/www.ellensailing.se\/wp-content\/uploads\/2024\/04\/img_4081-1.jpg?resize=1024%2C768&amp;ssl=1 1024w, https:\/\/i0.wp.com\/www.ellensailing.se\/wp-content\/uploads\/2024\/04\/img_4081-1.jpg?resize=300%2C225&amp;ssl=1 300w, https:\/\/i0.wp.com\/www.ellensailing.se\/wp-content\/uploads\/2024\/04\/img_4081-1.jpg?resize=768%2C576&amp;ssl=1 768w, https:\/\/i0.wp.com\/www.ellensailing.se\/wp-content\/uploads\/2024\/04\/img_4081-1.jpg?resize=1536%2C1153&amp;ssl=1 1536w, https:\/\/i0.wp.com\/www.ellensailing.se\/wp-content\/uploads\/2024\/04\/img_4081-1.jpg?w=1999&amp;ssl=1 1999w, https:\/\/i0.wp.com\/www.ellensailing.se\/wp-content\/uploads\/2024\/04\/img_4081-1.jpg?w=1680&amp;ssl=1 1680w\" sizes=\"(max-width: 840px) 100vw, 840px\" \/><figcaption class=\"wp-element-caption\">Ola p\u00e5 vandring<\/figcaption><\/figure>\n\n\n\n<figure class=\"wp-block-image size-large\"><img data-recalc-dims=\"1\" loading=\"lazy\" decoding=\"async\" width=\"840\" height=\"630\" src=\"https:\/\/i0.wp.com\/www.ellensailing.se\/wp-content\/uploads\/2024\/04\/img_4118-1.jpg?resize=840%2C630&#038;ssl=1\" alt=\"\" class=\"wp-image-3590\" srcset=\"https:\/\/i0.wp.com\/www.ellensailing.se\/wp-content\/uploads\/2024\/04\/img_4118-1.jpg?resize=1024%2C768&amp;ssl=1 1024w, https:\/\/i0.wp.com\/www.ellensailing.se\/wp-content\/uploads\/2024\/04\/img_4118-1.jpg?resize=300%2C225&amp;ssl=1 300w, https:\/\/i0.wp.com\/www.ellensailing.se\/wp-content\/uploads\/2024\/04\/img_4118-1.jpg?resize=768%2C576&amp;ssl=1 768w, https:\/\/i0.wp.com\/www.ellensailing.se\/wp-content\/uploads\/2024\/04\/img_4118-1.jpg?resize=1536%2C1152&amp;ssl=1 1536w, https:\/\/i0.wp.com\/www.ellensailing.se\/wp-content\/uploads\/2024\/04\/img_4118-1.jpg?w=2000&amp;ssl=1 2000w, https:\/\/i0.wp.com\/www.ellensailing.se\/wp-content\/uploads\/2024\/04\/img_4118-1.jpg?w=1680&amp;ssl=1 1680w\" sizes=\"(max-width: 840px) 100vw, 840px\" \/><figcaption class=\"wp-element-caption\">Peter p\u00e5 stranden<\/figcaption><\/figure>\n\n\n\n<figure class=\"wp-block-image size-large\"><img data-recalc-dims=\"1\" loading=\"lazy\" decoding=\"async\" width=\"840\" height=\"630\" src=\"https:\/\/i0.wp.com\/www.ellensailing.se\/wp-content\/uploads\/2024\/04\/img_4119-1.jpg?resize=840%2C630&#038;ssl=1\" alt=\"\" class=\"wp-image-3591\" srcset=\"https:\/\/i0.wp.com\/www.ellensailing.se\/wp-content\/uploads\/2024\/04\/img_4119-1.jpg?resize=1024%2C768&amp;ssl=1 1024w, https:\/\/i0.wp.com\/www.ellensailing.se\/wp-content\/uploads\/2024\/04\/img_4119-1.jpg?resize=300%2C225&amp;ssl=1 300w, https:\/\/i0.wp.com\/www.ellensailing.se\/wp-content\/uploads\/2024\/04\/img_4119-1.jpg?resize=768%2C576&amp;ssl=1 768w, https:\/\/i0.wp.com\/www.ellensailing.se\/wp-content\/uploads\/2024\/04\/img_4119-1.jpg?resize=1536%2C1152&amp;ssl=1 1536w, https:\/\/i0.wp.com\/www.ellensailing.se\/wp-content\/uploads\/2024\/04\/img_4119-1.jpg?w=2000&amp;ssl=1 2000w, https:\/\/i0.wp.com\/www.ellensailing.se\/wp-content\/uploads\/2024\/04\/img_4119-1.jpg?w=1680&amp;ssl=1 1680w\" sizes=\"(max-width: 840px) 100vw, 840px\" \/><figcaption class=\"wp-element-caption\">Prylar p\u00e5 stranden<\/figcaption><\/figure>\n\n\n\n<figure class=\"wp-block-image size-large\"><img data-recalc-dims=\"1\" loading=\"lazy\" decoding=\"async\" width=\"840\" height=\"630\" src=\"https:\/\/i0.wp.com\/www.ellensailing.se\/wp-content\/uploads\/2024\/04\/img_4076-1.jpg?resize=840%2C630&#038;ssl=1\" alt=\"\" class=\"wp-image-3592\" srcset=\"https:\/\/i0.wp.com\/www.ellensailing.se\/wp-content\/uploads\/2024\/04\/img_4076-1.jpg?resize=1024%2C768&amp;ssl=1 1024w, https:\/\/i0.wp.com\/www.ellensailing.se\/wp-content\/uploads\/2024\/04\/img_4076-1.jpg?resize=300%2C225&amp;ssl=1 300w, https:\/\/i0.wp.com\/www.ellensailing.se\/wp-content\/uploads\/2024\/04\/img_4076-1.jpg?resize=768%2C576&amp;ssl=1 768w, https:\/\/i0.wp.com\/www.ellensailing.se\/wp-content\/uploads\/2024\/04\/img_4076-1.jpg?resize=1536%2C1152&amp;ssl=1 1536w, https:\/\/i0.wp.com\/www.ellensailing.se\/wp-content\/uploads\/2024\/04\/img_4076-1.jpg?w=2000&amp;ssl=1 2000w, https:\/\/i0.wp.com\/www.ellensailing.se\/wp-content\/uploads\/2024\/04\/img_4076-1.jpg?w=1680&amp;ssl=1 1680w\" sizes=\"(max-width: 840px) 100vw, 840px\" \/><figcaption class=\"wp-element-caption\">Galet vackert<\/figcaption><\/figure>\n\n\n\n<figure class=\"wp-block-image size-large\"><img data-recalc-dims=\"1\" loading=\"lazy\" decoding=\"async\" width=\"840\" height=\"630\" src=\"https:\/\/i0.wp.com\/www.ellensailing.se\/wp-content\/uploads\/2024\/04\/img_4120-1.jpg?resize=840%2C630&#038;ssl=1\" alt=\"\" class=\"wp-image-3593\" srcset=\"https:\/\/i0.wp.com\/www.ellensailing.se\/wp-content\/uploads\/2024\/04\/img_4120-1.jpg?resize=1024%2C768&amp;ssl=1 1024w, https:\/\/i0.wp.com\/www.ellensailing.se\/wp-content\/uploads\/2024\/04\/img_4120-1.jpg?resize=300%2C225&amp;ssl=1 300w, https:\/\/i0.wp.com\/www.ellensailing.se\/wp-content\/uploads\/2024\/04\/img_4120-1.jpg?resize=768%2C576&amp;ssl=1 768w, https:\/\/i0.wp.com\/www.ellensailing.se\/wp-content\/uploads\/2024\/04\/img_4120-1.jpg?resize=1536%2C1152&amp;ssl=1 1536w, https:\/\/i0.wp.com\/www.ellensailing.se\/wp-content\/uploads\/2024\/04\/img_4120-1.jpg?w=2000&amp;ssl=1 2000w, https:\/\/i0.wp.com\/www.ellensailing.se\/wp-content\/uploads\/2024\/04\/img_4120-1.jpg?w=1680&amp;ssl=1 1680w\" sizes=\"(max-width: 840px) 100vw, 840px\" \/><figcaption class=\"wp-element-caption\">P\u00e5 tur<\/figcaption><\/figure>\n\n\n\n<p class=\"wp-block-paragraph\">H\u00e4r kommer valarna in i en djupgr\u00f6n under september och f\u00f6der sina kalvar och de bor h\u00e4r tills kalvarna kan ge sig iv\u00e4g p\u00e5 mer \u00f6ppna vatten. <\/p>\n\n\n\n<figure class=\"wp-block-image size-large\"><img data-recalc-dims=\"1\" loading=\"lazy\" decoding=\"async\" width=\"768\" height=\"1024\" src=\"https:\/\/i0.wp.com\/www.ellensailing.se\/wp-content\/uploads\/2024\/04\/img_4114-1.jpg?resize=768%2C1024&#038;ssl=1\" alt=\"\" class=\"wp-image-3594\" srcset=\"https:\/\/i0.wp.com\/www.ellensailing.se\/wp-content\/uploads\/2024\/04\/img_4114-1.jpg?resize=768%2C1024&amp;ssl=1 768w, https:\/\/i0.wp.com\/www.ellensailing.se\/wp-content\/uploads\/2024\/04\/img_4114-1.jpg?resize=225%2C300&amp;ssl=1 225w, https:\/\/i0.wp.com\/www.ellensailing.se\/wp-content\/uploads\/2024\/04\/img_4114-1.jpg?resize=1152%2C1536&amp;ssl=1 1152w, https:\/\/i0.wp.com\/www.ellensailing.se\/wp-content\/uploads\/2024\/04\/img_4114-1.jpg?w=1500&amp;ssl=1 1500w\" sizes=\"(max-width: 768px) 100vw, 768px\" \/><figcaption class=\"wp-element-caption\">Lunch med kokos<\/figcaption><\/figure>\n\n\n\n<figure class=\"wp-block-image size-large\"><img data-recalc-dims=\"1\" loading=\"lazy\" decoding=\"async\" width=\"840\" height=\"630\" src=\"https:\/\/i0.wp.com\/www.ellensailing.se\/wp-content\/uploads\/2024\/04\/img_4115-1.jpg?resize=840%2C630&#038;ssl=1\" alt=\"\" class=\"wp-image-3595\" srcset=\"https:\/\/i0.wp.com\/www.ellensailing.se\/wp-content\/uploads\/2024\/04\/img_4115-1.jpg?resize=1024%2C768&amp;ssl=1 1024w, https:\/\/i0.wp.com\/www.ellensailing.se\/wp-content\/uploads\/2024\/04\/img_4115-1.jpg?resize=300%2C225&amp;ssl=1 300w, https:\/\/i0.wp.com\/www.ellensailing.se\/wp-content\/uploads\/2024\/04\/img_4115-1.jpg?resize=768%2C576&amp;ssl=1 768w, https:\/\/i0.wp.com\/www.ellensailing.se\/wp-content\/uploads\/2024\/04\/img_4115-1.jpg?resize=1536%2C1152&amp;ssl=1 1536w, https:\/\/i0.wp.com\/www.ellensailing.se\/wp-content\/uploads\/2024\/04\/img_4115-1.jpg?w=2000&amp;ssl=1 2000w, https:\/\/i0.wp.com\/www.ellensailing.se\/wp-content\/uploads\/2024\/04\/img_4115-1.jpg?w=1680&amp;ssl=1 1680w\" sizes=\"(max-width: 840px) 100vw, 840px\" \/><figcaption class=\"wp-element-caption\">Jackline dricker kokos<\/figcaption><\/figure>\n\n\n\n<figure class=\"wp-block-image size-large\"><img data-recalc-dims=\"1\" loading=\"lazy\" decoding=\"async\" width=\"840\" height=\"630\" src=\"https:\/\/i0.wp.com\/www.ellensailing.se\/wp-content\/uploads\/2024\/04\/img_4116-1.jpg?resize=840%2C630&#038;ssl=1\" alt=\"\" class=\"wp-image-3596\" srcset=\"https:\/\/i0.wp.com\/www.ellensailing.se\/wp-content\/uploads\/2024\/04\/img_4116-1.jpg?resize=1024%2C768&amp;ssl=1 1024w, https:\/\/i0.wp.com\/www.ellensailing.se\/wp-content\/uploads\/2024\/04\/img_4116-1.jpg?resize=300%2C225&amp;ssl=1 300w, https:\/\/i0.wp.com\/www.ellensailing.se\/wp-content\/uploads\/2024\/04\/img_4116-1.jpg?resize=768%2C576&amp;ssl=1 768w, https:\/\/i0.wp.com\/www.ellensailing.se\/wp-content\/uploads\/2024\/04\/img_4116-1.jpg?resize=1536%2C1152&amp;ssl=1 1536w, https:\/\/i0.wp.com\/www.ellensailing.se\/wp-content\/uploads\/2024\/04\/img_4116-1.jpg?w=2000&amp;ssl=1 2000w, https:\/\/i0.wp.com\/www.ellensailing.se\/wp-content\/uploads\/2024\/04\/img_4116-1.jpg?w=1680&amp;ssl=1 1680w\" sizes=\"(max-width: 840px) 100vw, 840px\" \/><figcaption class=\"wp-element-caption\">P\u00e5 v\u00e4g hem till b\u00e5ten<\/figcaption><\/figure>\n\n\n\n<p class=\"wp-block-paragraph\">Det kommer mer sedan\u2026.<\/p>\n\n\n\n<figure class=\"wp-block-video\"><video height=\"1080\" style=\"aspect-ratio: 1920 \/ 1080;\" width=\"1920\" controls src=\"https:\/\/www.ellensailing.se\/wp-content\/uploads\/2024\/04\/img_3991.mp4\"><\/video><figcaption class=\"wp-element-caption\">P\u00e5 v\u00e4g till Makemo \u00f6stra<\/figcaption><\/figure>\n\n\n","protected":false},"excerpt":{"rendered":"<p>Ig\u00e5r p\u00e5 torsdagen var det storhandling i lilla byn. Det var v\u00e4ldigt v\u00e5gigt d\u00e4r s\u00e5 vi beslutade oss f\u00f6r att[&#8230;]<\/p>\n","protected":false},"author":1,"featured_media":3600,"comment_status":"open","ping_status":"open","sticky":false,"template":"","format":"standard","meta":{"_jetpack_newsletter_access":"","_jetpack_dont_email_post_to_subs":false,"_jetpack_newsletter_tier_id":0,"_jetpack_memberships_contains_paywalled_content":false,"_jetpack_feature_clip_id":0,"_jetpack_memberships_contains_paid_content":false,"footnotes":"","jetpack_publicize_message":"","jetpack_publicize_feature_enabled":true,"jetpack_social_post_already_shared":true,"jetpack_social_options":{"image_generator_settings":{"template":"highway","default_image_id":0,"font":"","enabled":false},"version":2},"jetpack_post_was_ever_published":false},"categories":[33],"tags":[],"class_list":["post-3579","post","type-post","status-publish","format-standard","has-post-thumbnail","hentry","category-soderhavet"],"jetpack_publicize_connections":[],"jetpack_featured_media_url":"https:\/\/i0.wp.com\/www.ellensailing.se\/wp-content\/uploads\/2024\/04\/img_4070-1.jpg?fit=2000%2C1500&ssl=1","jetpack_sharing_enabled":true,"jetpack_shortlink":"https:\/\/wp.me\/p5G68R-VJ","jetpack-related-posts":[{"id":429,"url":"https:\/\/www.ellensailing.se\/?p=429","url_meta":{"origin":3579,"position":0},"title":"Ett bl\u00e5sigt utklippan!","author":"peter@ellensailing.se","date":"30 juni, 2015","format":false,"excerpt":"Vi har idag seglat 53 distans fr\u00e5n Kalmar till Utklippan. Fr\u00e5n b\u00f6rjan var seglingen helt underbar. \u00c4ntligen streckbog mot utklippan. Vi hade blivit lovade det fr\u00e5n v\u00e4dergudarna med. Men n\u00e5gon Gud gick hem och motvridet och \u00f6kande vind gjorde att vi fick b\u00f6rja kryssa igen.\u00a0 Det var konstigt v\u00e4der med\u2026","rel":"","context":"I \u201dSommar 2015\u201d","block_context":{"text":"Sommar 2015","link":"https:\/\/www.ellensailing.se\/?cat=4"},"img":{"alt_text":"","src":"https:\/\/i0.wp.com\/www.ellensailing.se\/wp-content\/uploads\/2015\/06\/DSC_0176-e1435683498795.jpg?fit=797%2C1200&ssl=1&resize=350%2C200","width":350,"height":200,"srcset":"https:\/\/i0.wp.com\/www.ellensailing.se\/wp-content\/uploads\/2015\/06\/DSC_0176-e1435683498795.jpg?fit=797%2C1200&ssl=1&resize=350%2C200 1x, https:\/\/i0.wp.com\/www.ellensailing.se\/wp-content\/uploads\/2015\/06\/DSC_0176-e1435683498795.jpg?fit=797%2C1200&ssl=1&resize=525%2C300 1.5x, https:\/\/i0.wp.com\/www.ellensailing.se\/wp-content\/uploads\/2015\/06\/DSC_0176-e1435683498795.jpg?fit=797%2C1200&ssl=1&resize=700%2C400 2x"},"classes":[]},{"id":1454,"url":"https:\/\/www.ellensailing.se\/?p=1454","url_meta":{"origin":3579,"position":1},"title":"Nytt bes\u00f6k p\u00e5 b\u00e5ten!","author":"peter@ellensailing.se","date":"20 oktober, 2017","format":false,"excerpt":"H\u00e4rom dagen fick vi bes\u00f6k av Anders S\u00f6derberg p\u00e5 b\u00e5ten. Han fl\u00f6g till Teneriffa och h\u00e4mtades upp i Santa Cruz. Det blev ett dygn i huvudstaden. Kul att tr\u00e4ffa Think Twice och Engla. Vi hade lite SOS i Think Twice och efter middag gick vi alla till en bar och\u2026","rel":"","context":"I \u201dH\u00f6st 2017 till Grand Canrias.\u201d","block_context":{"text":"H\u00f6st 2017 till Grand Canrias.","link":"https:\/\/www.ellensailing.se\/?cat=22"},"img":{"alt_text":"","src":"https:\/\/i0.wp.com\/www.ellensailing.se\/wp-content\/uploads\/2017\/10\/IMG_6197.jpg?fit=480%2C640&ssl=1&resize=350%2C200","width":350,"height":200},"classes":[]},{"id":1510,"url":"https:\/\/www.ellensailing.se\/?p=1510","url_meta":{"origin":3579,"position":2},"title":"Ny vandringsdag p\u00e5 La Palma","author":"peter@ellensailing.se","date":"29 oktober, 2017","format":false,"excerpt":"I g\u00e5r kv\u00e4ll kom vi hem strax efter sex och efter det blev det vin och kex p\u00e5 Think Twice med alla svenskar som ligger i hamnen. Totalt var vi 14 personer som kom dit. Tack Bj\u00f6rn och Gertrud I morse s\u00e5 sprang grabbarna f\u00f6rst en liten runda medans jag\u2026","rel":"","context":"I \u201dH\u00f6st 2017 till Grand Canrias.\u201d","block_context":{"text":"H\u00f6st 2017 till Grand Canrias.","link":"https:\/\/www.ellensailing.se\/?cat=22"},"img":{"alt_text":"","src":"https:\/\/i0.wp.com\/www.ellensailing.se\/wp-content\/uploads\/2017\/10\/DSC4328.jpg?fit=802%2C1200&ssl=1&resize=350%2C200","width":350,"height":200,"srcset":"https:\/\/i0.wp.com\/www.ellensailing.se\/wp-content\/uploads\/2017\/10\/DSC4328.jpg?fit=802%2C1200&ssl=1&resize=350%2C200 1x, https:\/\/i0.wp.com\/www.ellensailing.se\/wp-content\/uploads\/2017\/10\/DSC4328.jpg?fit=802%2C1200&ssl=1&resize=525%2C300 1.5x, https:\/\/i0.wp.com\/www.ellensailing.se\/wp-content\/uploads\/2017\/10\/DSC4328.jpg?fit=802%2C1200&ssl=1&resize=700%2C400 2x"},"classes":[]},{"id":434,"url":"https:\/\/www.ellensailing.se\/?p=434","url_meta":{"origin":3579,"position":3},"title":"\u00c4nnu mera s\u00e4lar och nu Bornhom!","author":"peter@ellensailing.se","date":"2 juli, 2015","format":false,"excerpt":"Idag blev det tidig avg\u00e5ngt fr\u00e5n Utklippan. Fint v\u00e4der var f\u00f6rutsp\u00e5tt men lite vind. Vi stack fr\u00e5n Utklippan vid 7- tiden och Disel Doris har f\u00e5tt bek\u00e4nna f\u00e4rg idag. Ingen vind \u00f6verhuvudtaget. Kom lite vind n\u00e4r det var 2,6 distans kvar. Sk\u00f6nt och ett otroligt fint v\u00e4der har det varit\u2026","rel":"","context":"I \u201dSommar 2015\u201d","block_context":{"text":"Sommar 2015","link":"https:\/\/www.ellensailing.se\/?cat=4"},"img":{"alt_text":"","src":"https:\/\/i0.wp.com\/www.ellensailing.se\/wp-content\/uploads\/2015\/07\/DSC_02161.jpg?fit=1200%2C797&ssl=1&resize=350%2C200","width":350,"height":200,"srcset":"https:\/\/i0.wp.com\/www.ellensailing.se\/wp-content\/uploads\/2015\/07\/DSC_02161.jpg?fit=1200%2C797&ssl=1&resize=350%2C200 1x, https:\/\/i0.wp.com\/www.ellensailing.se\/wp-content\/uploads\/2015\/07\/DSC_02161.jpg?fit=1200%2C797&ssl=1&resize=525%2C300 1.5x, https:\/\/i0.wp.com\/www.ellensailing.se\/wp-content\/uploads\/2015\/07\/DSC_02161.jpg?fit=1200%2C797&ssl=1&resize=700%2C400 2x, https:\/\/i0.wp.com\/www.ellensailing.se\/wp-content\/uploads\/2015\/07\/DSC_02161.jpg?fit=1200%2C797&ssl=1&resize=1050%2C600 3x"},"classes":[]},{"id":1233,"url":"https:\/\/www.ellensailing.se\/?p=1233","url_meta":{"origin":3579,"position":4},"title":"En bit ner p\u00e5 Spaniens kust!","author":"peter@ellensailing.se","date":"12 september, 2017","format":false,"excerpt":"Vi m\u00f6tte upp den andra Ellen, Salsa och norska Olivia i Corcubion. Vi blev bjudna p\u00e5 en drink till Salsa men ingen stack ut n\u00e4san d\u00e5 det regnade som fr\u00e5n en blomspruta. Vi blev kvar i b\u00e5ten och hade det sk\u00f6nt. V\u00e4rmaren \u00e5kte p\u00e5 och kr\u00f6p till kojs r\u00e4tt snart.\u2026","rel":"","context":"I \u201dH\u00f6st 2017 till Grand Canrias.\u201d","block_context":{"text":"H\u00f6st 2017 till Grand Canrias.","link":"https:\/\/www.ellensailing.se\/?cat=22"},"img":{"alt_text":"","src":"https:\/\/i0.wp.com\/www.ellensailing.se\/wp-content\/uploads\/2017\/09\/DSC2452.jpg?fit=1200%2C802&ssl=1&resize=350%2C200","width":350,"height":200,"srcset":"https:\/\/i0.wp.com\/www.ellensailing.se\/wp-content\/uploads\/2017\/09\/DSC2452.jpg?fit=1200%2C802&ssl=1&resize=350%2C200 1x, https:\/\/i0.wp.com\/www.ellensailing.se\/wp-content\/uploads\/2017\/09\/DSC2452.jpg?fit=1200%2C802&ssl=1&resize=525%2C300 1.5x, https:\/\/i0.wp.com\/www.ellensailing.se\/wp-content\/uploads\/2017\/09\/DSC2452.jpg?fit=1200%2C802&ssl=1&resize=700%2C400 2x, https:\/\/i0.wp.com\/www.ellensailing.se\/wp-content\/uploads\/2017\/09\/DSC2452.jpg?fit=1200%2C802&ssl=1&resize=1050%2C600 3x"},"classes":[]},{"id":1408,"url":"https:\/\/www.ellensailing.se\/?p=1408","url_meta":{"origin":3579,"position":5},"title":"Fina dagar p\u00e5 Graciosa, nu v\u00e4ntar Arrecife","author":"peter@ellensailing.se","date":"11 oktober, 2017","format":false,"excerpt":"Det har har varit sk\u00f6na dagar p\u00e5 Isla Graciosa. Alla man pratat med tycker det \u00e4r en p\u00e4rla p\u00e5 jorden och det \u00e4r bara att inst\u00e4mma. Sk\u00f6n st\u00e4mning p\u00e5 \u00f6n mellan b\u00e5tarna. Synd bara att det kommer in b\u00e5tar med badande g\u00e4ster men som tur \u00e4r serveras lunch vid tv\u00e5\u2026","rel":"","context":"I \u201dH\u00f6st 2017 till Grand Canrias.\u201d","block_context":{"text":"H\u00f6st 2017 till Grand Canrias.","link":"https:\/\/www.ellensailing.se\/?cat=22"},"img":{"alt_text":"","src":"https:\/\/i0.wp.com\/www.ellensailing.se\/wp-content\/uploads\/2017\/10\/IMG_0110.jpg?fit=1200%2C900&ssl=1&resize=350%2C200","width":350,"height":200,"srcset":"https:\/\/i0.wp.com\/www.ellensailing.se\/wp-content\/uploads\/2017\/10\/IMG_0110.jpg?fit=1200%2C900&ssl=1&resize=350%2C200 1x, https:\/\/i0.wp.com\/www.ellensailing.se\/wp-content\/uploads\/2017\/10\/IMG_0110.jpg?fit=1200%2C900&ssl=1&resize=525%2C300 1.5x, https:\/\/i0.wp.com\/www.ellensailing.se\/wp-content\/uploads\/2017\/10\/IMG_0110.jpg?fit=1200%2C900&ssl=1&resize=700%2C400 2x, https:\/\/i0.wp.com\/www.ellensailing.se\/wp-content\/uploads\/2017\/10\/IMG_0110.jpg?fit=1200%2C900&ssl=1&resize=1050%2C600 3x"},"classes":[]}],"jetpack_likes_enabled":false,"_links":{"self":[{"href":"https:\/\/www.ellensailing.se\/index.php?rest_route=\/wp\/v2\/posts\/3579","targetHints":{"allow":["GET"]}}],"collection":[{"href":"https:\/\/www.ellensailing.se\/index.php?rest_route=\/wp\/v2\/posts"}],"about":[{"href":"https:\/\/www.ellensailing.se\/index.php?rest_route=\/wp\/v2\/types\/post"}],"author":[{"embeddable":true,"href":"https:\/\/www.ellensailing.se\/index.php?rest_route=\/wp\/v2\/users\/1"}],"replies":[{"embeddable":true,"href":"https:\/\/www.ellensailing.se\/index.php?rest_route=%2Fwp%2Fv2%2Fcomments&post=3579"}],"version-history":[{"count":3,"href":"https:\/\/www.ellensailing.se\/index.php?rest_route=\/wp\/v2\/posts\/3579\/revisions"}],"predecessor-version":[{"id":3601,"href":"https:\/\/www.ellensailing.se\/index.php?rest_route=\/wp\/v2\/posts\/3579\/revisions\/3601"}],"wp:featuredmedia":[{"embeddable":true,"href":"https:\/\/www.ellensailing.se\/index.php?rest_route=\/wp\/v2\/media\/3600"}],"wp:attachment":[{"href":"https:\/\/www.ellensailing.se\/index.php?rest_route=%2Fwp%2Fv2%2Fmedia&parent=3579"}],"wp:term":[{"taxonomy":"category","embeddable":true,"href":"https:\/\/www.ellensailing.se\/index.php?rest_route=%2Fwp%2Fv2%2Fcategories&post=3579"},{"taxonomy":"post_tag","embeddable":true,"href":"https:\/\/www.ellensailing.se\/index.php?rest_route=%2Fwp%2Fv2%2Ftags&post=3579"}],"curies":[{"name":"wp","href":"https:\/\/api.w.org\/{rel}","templated":true}]}}