{"id":356,"date":"2015-05-16T17:15:09","date_gmt":"2015-05-16T15:15:09","guid":{"rendered":"https:\/\/www.ellensailing.se\/?p=356"},"modified":"2015-05-16T17:15:09","modified_gmt":"2015-05-16T15:15:09","slug":"underbar-segling-over-alands-hav","status":"publish","type":"post","link":"https:\/\/www.ellensailing.se\/?p=356","title":{"rendered":"Underbar segling \u00f6ver \u00c5lands hav!"},"content":{"rendered":"<p>Vi \u00e5kte f\u00f6rst fr\u00e5n \u00d6regrund till K\u00e4rringsund p\u00e5 Ecker\u00f6. Vi var helt ensamma d\u00e4r och kunde ligga l\u00e5ngsides. Inte dumt alls. Provade \u00e4ta mat p\u00e5 Bodegan, det var v\u00e4l helt okej efter en bastu. S\u00e4llskapet slocknade fort. D\u00e4refter s\u00e5 seglade vi ner till Mariehamn. 25 distans avverkades fort. N\u00e4r vi kom fram s\u00e5 uppt\u00e4ckte jag att vi seglat s\u00f6nder 3 skotvagnar i masten. Som tur var s\u00e5 hade jag extra med mig, bra att Micke p\u00e5 UK har mer koll p\u00e5 vad jag har \u00e4n jag sj\u00e4lv.<\/p>\n<p>Vi har idag haft sol och 6 meter per sekund fr\u00e5n N, NV. Code 0 \u00e5kte upp och vi har loggat mellan 7,8 &#8211; 9,5 knop. Konstigt att sj\u00f6n kan l\u00e4gga sig s\u00e5 fort med tankte p\u00e5 att det bl\u00e5ste upp till 16 m\/s ig\u00e5r och regnade sm\u00e5spik.<\/p>\n<figure id=\"attachment_357\" aria-describedby=\"caption-attachment-357\" style=\"width: 680px\" class=\"wp-caption aligncenter\"><a href=\"https:\/\/i0.wp.com\/www.ellensailing.se\/wp-content\/uploads\/2015\/05\/G0030292.jpg?ssl=1\"><img data-recalc-dims=\"1\" fetchpriority=\"high\" decoding=\"async\" class=\"wp-image-357 size-large\" src=\"https:\/\/i0.wp.com\/www.ellensailing.se\/wp-content\/uploads\/2015\/05\/G0030292.jpg?resize=680%2C510&#038;ssl=1\" alt=\"Sk\u00f6n segling \u00f6ver \u00c5lands hav.\" width=\"680\" height=\"510\" srcset=\"https:\/\/i0.wp.com\/www.ellensailing.se\/wp-content\/uploads\/2015\/05\/G0030292.jpg?resize=1024%2C768&amp;ssl=1 1024w, https:\/\/i0.wp.com\/www.ellensailing.se\/wp-content\/uploads\/2015\/05\/G0030292.jpg?resize=300%2C225&amp;ssl=1 300w, https:\/\/i0.wp.com\/www.ellensailing.se\/wp-content\/uploads\/2015\/05\/G0030292.jpg?w=1680&amp;ssl=1 1680w, https:\/\/i0.wp.com\/www.ellensailing.se\/wp-content\/uploads\/2015\/05\/G0030292.jpg?w=2520&amp;ssl=1 2520w\" sizes=\"(max-width: 680px) 100vw, 680px\" \/><\/a><figcaption id=\"caption-attachment-357\" class=\"wp-caption-text\">Sk\u00f6n segling \u00f6ver \u00c5lands hav.<\/figcaption><\/figure>\n","protected":false},"excerpt":{"rendered":"<p>Vi \u00e5kte f\u00f6rst fr\u00e5n \u00d6regrund till K\u00e4rringsund p\u00e5 Ecker\u00f6. Vi var helt ensamma d\u00e4r och kunde ligga l\u00e5ngsides. Inte dumt[&#8230;]<\/p>\n","protected":false},"author":1,"featured_media":358,"comment_status":"open","ping_status":"open","sticky":false,"template":"","format":"standard","meta":{"_jetpack_newsletter_access":"","_jetpack_dont_email_post_to_subs":false,"_jetpack_newsletter_tier_id":0,"_jetpack_memberships_contains_paywalled_content":false,"_jetpack_feature_clip_id":0,"_jetpack_memberships_contains_paid_content":false,"footnotes":"","jetpack_publicize_message":"","jetpack_publicize_feature_enabled":true,"jetpack_social_post_already_shared":true,"jetpack_social_options":{"image_generator_settings":{"template":"highway","default_image_id":0,"font":"","enabled":false},"version":2},"jetpack_post_was_ever_published":false},"categories":[4],"tags":[],"class_list":["post-356","post","type-post","status-publish","format-standard","has-post-thumbnail","hentry","category-sommar-2015"],"jetpack_publicize_connections":[],"jetpack_featured_media_url":"https:\/\/i0.wp.com\/www.ellensailing.se\/wp-content\/uploads\/2015\/05\/GOPR0250.jpg?fit=4000%2C3000&ssl=1","jetpack_sharing_enabled":true,"jetpack_shortlink":"https:\/\/wp.me\/p5G68R-5K","jetpack-related-posts":[{"id":3401,"url":"https:\/\/www.ellensailing.se\/?p=3401","url_meta":{"origin":356,"position":0},"title":"Tillbaka i Sverige via \u00c5land.","author":"peter@ellensailing.se","date":"26 juli, 2023","format":false,"excerpt":"Nu b\u00f6rjar det lida mot sitt slut f\u00f6r segelsemestern. Vi gick \u00f6ver till Dag\u00f6, f\u00f6rst till Heltermaa-K\u00e4rdla-Luidja och sedan till K\u00e4rdla Marina. Fr\u00e5n K\u00e4rdla som skota vi f\u00f6r kryss och str\u00e4ckte upp till K\u00f6kar. Det blev en fin dag med ganska j\u00e4mna vindar p\u00e5 ca 11-17 knop. Helt perfekt! Det\u2026","rel":"","context":"I \u201dSegling 2023\u201d","block_context":{"text":"Segling 2023","link":"https:\/\/www.ellensailing.se\/?cat=31"},"img":{"alt_text":"","src":"https:\/\/i0.wp.com\/www.ellensailing.se\/wp-content\/uploads\/2023\/07\/img_1148-scaled.jpg?fit=900%2C1200&ssl=1&resize=350%2C200","width":350,"height":200,"srcset":"https:\/\/i0.wp.com\/www.ellensailing.se\/wp-content\/uploads\/2023\/07\/img_1148-scaled.jpg?fit=900%2C1200&ssl=1&resize=350%2C200 1x, https:\/\/i0.wp.com\/www.ellensailing.se\/wp-content\/uploads\/2023\/07\/img_1148-scaled.jpg?fit=900%2C1200&ssl=1&resize=525%2C300 1.5x, https:\/\/i0.wp.com\/www.ellensailing.se\/wp-content\/uploads\/2023\/07\/img_1148-scaled.jpg?fit=900%2C1200&ssl=1&resize=700%2C400 2x"},"classes":[]},{"id":3142,"url":"https:\/\/www.ellensailing.se\/?p=3142","url_meta":{"origin":356,"position":1},"title":"Lasse och Helene har l\u00e4mnat oss!","author":"peter@ellensailing.se","date":"16 juli, 2021","format":false,"excerpt":"P\u00e5 onsdag kv\u00e4ll var det sista natten med g\u00e4nget. Lite bunkring och riktigt bubbel blev vi bjudna p\u00e5 av Lasse och Helene. Bollinger, Jackies favorit. Det har varit superkul att segla ihop igen och det g\u00f6r vi g\u00e4rna igen. Avslutningbubbel! Ellen och Dellen skall g\u00e5 och duscha! Innan vi anl\u00e4nde\u2026","rel":"","context":"I \u201dSegling 2021\u201d","block_context":{"text":"Segling 2021","link":"https:\/\/www.ellensailing.se\/?cat=28"},"img":{"alt_text":"","src":"https:\/\/i0.wp.com\/www.ellensailing.se\/wp-content\/uploads\/2021\/07\/img_0364.jpg?fit=1200%2C1199&ssl=1&resize=350%2C200","width":350,"height":200,"srcset":"https:\/\/i0.wp.com\/www.ellensailing.se\/wp-content\/uploads\/2021\/07\/img_0364.jpg?fit=1200%2C1199&ssl=1&resize=350%2C200 1x, https:\/\/i0.wp.com\/www.ellensailing.se\/wp-content\/uploads\/2021\/07\/img_0364.jpg?fit=1200%2C1199&ssl=1&resize=525%2C300 1.5x, https:\/\/i0.wp.com\/www.ellensailing.se\/wp-content\/uploads\/2021\/07\/img_0364.jpg?fit=1200%2C1199&ssl=1&resize=700%2C400 2x, https:\/\/i0.wp.com\/www.ellensailing.se\/wp-content\/uploads\/2021\/07\/img_0364.jpg?fit=1200%2C1199&ssl=1&resize=1050%2C600 3x"},"classes":[]},{"id":2913,"url":"https:\/\/www.ellensailing.se\/?p=2913","url_meta":{"origin":356,"position":2},"title":"Rycka loss!","author":"peter@ellensailing.se","date":"30 juli, 2020","format":false,"excerpt":"Segla ifr\u00e5n Visby i morse d\u00e5 v\u00e5r tamp i land, en 18 mm Liros ryckts av klockan 5 p\u00e5 morgonen. Det var sydv\u00e4st rakt in i hamnen och sj\u00f6n var brutal. Vi hade redan best\u00e4mt oss f\u00f6r att segla upp till F\u00e5r\u00f6sund idag f\u00f6r att det var bra vindar fr\u00e5n\u2026","rel":"","context":"I \u201dSegling 2020\u201d","block_context":{"text":"Segling 2020","link":"https:\/\/www.ellensailing.se\/?cat=27"},"img":{"alt_text":"","src":"https:\/\/i0.wp.com\/www.ellensailing.se\/wp-content\/uploads\/2020\/07\/A6B8C97B-663E-405D-8EB2-8D1EF46384E5-scaled.jpeg?fit=900%2C1200&ssl=1&resize=350%2C200","width":350,"height":200,"srcset":"https:\/\/i0.wp.com\/www.ellensailing.se\/wp-content\/uploads\/2020\/07\/A6B8C97B-663E-405D-8EB2-8D1EF46384E5-scaled.jpeg?fit=900%2C1200&ssl=1&resize=350%2C200 1x, https:\/\/i0.wp.com\/www.ellensailing.se\/wp-content\/uploads\/2020\/07\/A6B8C97B-663E-405D-8EB2-8D1EF46384E5-scaled.jpeg?fit=900%2C1200&ssl=1&resize=525%2C300 1.5x, https:\/\/i0.wp.com\/www.ellensailing.se\/wp-content\/uploads\/2020\/07\/A6B8C97B-663E-405D-8EB2-8D1EF46384E5-scaled.jpeg?fit=900%2C1200&ssl=1&resize=700%2C400 2x"},"classes":[]},{"id":2769,"url":"https:\/\/www.ellensailing.se\/?p=2769","url_meta":{"origin":356,"position":3},"title":"K\u00e4rt \u00e5terseende!","author":"peter@ellensailing.se","date":"12 juli, 2020","format":false,"excerpt":"S\u00e5 roligt att f\u00e5 tr\u00e4ffa Conny och Carina p\u00e5 Ultimo efter s\u00e5 m\u00e5nga \u00e5r som de varit borta p\u00e5 de sju haven. Nu \u00e4r de tillbaka i Kungs\u00e4ngen och numer f\u00e5r Ultimo vara i s\u00f6tvatten. Vi har ocks\u00e5 valt att g\u00e5 in i grodhavet (M\u00e4laren) f\u00f6r att tr\u00e4ffa dem. Det\u2026","rel":"","context":"I \u201dSegling 2020\u201d","block_context":{"text":"Segling 2020","link":"https:\/\/www.ellensailing.se\/?cat=27"},"img":{"alt_text":"","src":"https:\/\/i0.wp.com\/www.ellensailing.se\/wp-content\/uploads\/2020\/07\/IMG_8180-rotated.jpg?fit=640%2C481&ssl=1&resize=350%2C200","width":350,"height":200,"srcset":"https:\/\/i0.wp.com\/www.ellensailing.se\/wp-content\/uploads\/2020\/07\/IMG_8180-rotated.jpg?fit=640%2C481&ssl=1&resize=350%2C200 1x, https:\/\/i0.wp.com\/www.ellensailing.se\/wp-content\/uploads\/2020\/07\/IMG_8180-rotated.jpg?fit=640%2C481&ssl=1&resize=525%2C300 1.5x"},"classes":[]},{"id":3125,"url":"https:\/\/www.ellensailing.se\/?p=3125","url_meta":{"origin":356,"position":4},"title":"V\u00e4nt vid \u00d6-vik.","author":"peter@ellensailing.se","date":"12 juli, 2021","format":false,"excerpt":"Det var ett tag sedan vi skrev n\u00e5got. En anledning \u00e4r att ingen av oss har Telia som operat\u00f6r och p\u00e5 m\u00e5nga st\u00e4llen fungerar inte de andra operat\u00f6rerna. Den gamla klyschan \u00e4r faktiskt sant. Vi har haft det underbart och efter vi \u00e5kt under H\u00f6gakustenbron s\u00e5 seglade vi upp till\u2026","rel":"","context":"I \u201dSegling 2021\u201d","block_context":{"text":"Segling 2021","link":"https:\/\/www.ellensailing.se\/?cat=28"},"img":{"alt_text":"","src":"https:\/\/i0.wp.com\/www.ellensailing.se\/wp-content\/uploads\/2021\/07\/Fallviken.jpg?fit=640%2C480&ssl=1&resize=350%2C200","width":350,"height":200,"srcset":"https:\/\/i0.wp.com\/www.ellensailing.se\/wp-content\/uploads\/2021\/07\/Fallviken.jpg?fit=640%2C480&ssl=1&resize=350%2C200 1x, https:\/\/i0.wp.com\/www.ellensailing.se\/wp-content\/uploads\/2021\/07\/Fallviken.jpg?fit=640%2C480&ssl=1&resize=525%2C300 1.5x"},"classes":[]},{"id":3943,"url":"https:\/\/www.ellensailing.se\/?p=3943","url_meta":{"origin":356,"position":5},"title":"Tillbaka i Lettland fr\u00e5n Ruhnu","author":"peter@ellensailing.se","date":"2 augusti, 2026","format":false,"excerpt":"Idag har vi seglat och kryssat fr\u00e5n Ruhnu till Roja som \u00e4r p\u00e5 fastlandet i Lettland. Ruhnu tillh\u00f6r Estland s\u00e5 det \u00e4r till att byta g\u00e4stflagga. I morse cyklade vi runt p\u00e5 Ruhnu och det \u00e4r v\u00e4ldigt gulligt, finns typ en v\u00e4g. Hamnen \u00e4r j\u00e4ttefin och alla \u00e4r s\u00e5 nerv\u00f6sa\u2026","rel":"","context":"I \u201dSegling 2026\u201d","block_context":{"text":"Segling 2026","link":"https:\/\/www.ellensailing.se\/?cat=35"},"img":{"alt_text":"","src":"https:\/\/i0.wp.com\/www.ellensailing.se\/wp-content\/uploads\/2026\/08\/img_3522-1.jpg?fit=1200%2C900&ssl=1&resize=350%2C200","width":350,"height":200,"srcset":"https:\/\/i0.wp.com\/www.ellensailing.se\/wp-content\/uploads\/2026\/08\/img_3522-1.jpg?fit=1200%2C900&ssl=1&resize=350%2C200 1x, https:\/\/i0.wp.com\/www.ellensailing.se\/wp-content\/uploads\/2026\/08\/img_3522-1.jpg?fit=1200%2C900&ssl=1&resize=525%2C300 1.5x, https:\/\/i0.wp.com\/www.ellensailing.se\/wp-content\/uploads\/2026\/08\/img_3522-1.jpg?fit=1200%2C900&ssl=1&resize=700%2C400 2x, https:\/\/i0.wp.com\/www.ellensailing.se\/wp-content\/uploads\/2026\/08\/img_3522-1.jpg?fit=1200%2C900&ssl=1&resize=1050%2C600 3x"},"classes":[]}],"jetpack_likes_enabled":false,"_links":{"self":[{"href":"https:\/\/www.ellensailing.se\/index.php?rest_route=\/wp\/v2\/posts\/356","targetHints":{"allow":["GET"]}}],"collection":[{"href":"https:\/\/www.ellensailing.se\/index.php?rest_route=\/wp\/v2\/posts"}],"about":[{"href":"https:\/\/www.ellensailing.se\/index.php?rest_route=\/wp\/v2\/types\/post"}],"author":[{"embeddable":true,"href":"https:\/\/www.ellensailing.se\/index.php?rest_route=\/wp\/v2\/users\/1"}],"replies":[{"embeddable":true,"href":"https:\/\/www.ellensailing.se\/index.php?rest_route=%2Fwp%2Fv2%2Fcomments&post=356"}],"version-history":[{"count":1,"href":"https:\/\/www.ellensailing.se\/index.php?rest_route=\/wp\/v2\/posts\/356\/revisions"}],"predecessor-version":[{"id":359,"href":"https:\/\/www.ellensailing.se\/index.php?rest_route=\/wp\/v2\/posts\/356\/revisions\/359"}],"wp:featuredmedia":[{"embeddable":true,"href":"https:\/\/www.ellensailing.se\/index.php?rest_route=\/wp\/v2\/media\/358"}],"wp:attachment":[{"href":"https:\/\/www.ellensailing.se\/index.php?rest_route=%2Fwp%2Fv2%2Fmedia&parent=356"}],"wp:term":[{"taxonomy":"category","embeddable":true,"href":"https:\/\/www.ellensailing.se\/index.php?rest_route=%2Fwp%2Fv2%2Fcategories&post=356"},{"taxonomy":"post_tag","embeddable":true,"href":"https:\/\/www.ellensailing.se\/index.php?rest_route=%2Fwp%2Fv2%2Ftags&post=356"}],"curies":[{"name":"wp","href":"https:\/\/api.w.org\/{rel}","templated":true}]}}