{"id":353,"date":"2015-05-13T21:13:23","date_gmt":"2015-05-13T19:13:23","guid":{"rendered":"https:\/\/www.ellensailing.se\/?p=353"},"modified":"2015-05-13T21:13:23","modified_gmt":"2015-05-13T19:13:23","slug":"forsta-turen-for-aret-ar-paborjat","status":"publish","type":"post","link":"https:\/\/www.ellensailing.se\/?p=353","title":{"rendered":"F\u00f6rsta turen f\u00f6r \u00e5ret \u00e4r p\u00e5b\u00f6rjat!"},"content":{"rendered":"<p>Vi har nu tagit det stora steget fr\u00e5n Grepen Marin till \u00d6regrund! Sk\u00f6nt att vara iv\u00e4g men vi snabbade oss f\u00f6r att slippa regnet. Det var l\u00e4nge sedan man var i \u00d6regrund och \u00f6vernattade, tror det var med Stortrissen sedan sist. I alla fall \u00e4r det sk\u00f6nt att vara p\u00e5 G.<\/p>\n<p>J\u00e4ttekul \u00e4r det ocks\u00e5 att v\u00e5ra nya v\u00e4nner via OSK \u00e4r med, Conny och Carina! I morgon b\u00e4r det av till \u00c5land och K\u00e4rringsund och d\u00e4refter Mariehamn.<\/p>\n<p>Trevlig helg!<\/p>\n","protected":false},"excerpt":{"rendered":"<p>Vi har nu tagit det stora steget fr\u00e5n Grepen Marin till \u00d6regrund! Sk\u00f6nt att vara iv\u00e4g men vi snabbade oss[&#8230;]<\/p>\n","protected":false},"author":1,"featured_media":354,"comment_status":"open","ping_status":"open","sticky":false,"template":"","format":"standard","meta":{"_jetpack_newsletter_access":"","_jetpack_dont_email_post_to_subs":false,"_jetpack_newsletter_tier_id":0,"_jetpack_memberships_contains_paywalled_content":false,"_jetpack_feature_clip_id":0,"_jetpack_memberships_contains_paid_content":false,"footnotes":"","jetpack_publicize_message":"","jetpack_publicize_feature_enabled":true,"jetpack_social_post_already_shared":true,"jetpack_social_options":{"image_generator_settings":{"template":"highway","default_image_id":0,"font":"","enabled":false},"version":2},"jetpack_post_was_ever_published":false},"categories":[4],"tags":[],"class_list":["post-353","post","type-post","status-publish","format-standard","has-post-thumbnail","hentry","category-sommar-2015"],"jetpack_publicize_connections":[],"jetpack_featured_media_url":"https:\/\/i0.wp.com\/www.ellensailing.se\/wp-content\/uploads\/2015\/05\/Ellen-e1431544385563.jpg?fit=1279%2C959&ssl=1","jetpack_sharing_enabled":true,"jetpack_shortlink":"https:\/\/wp.me\/p5G68R-5H","jetpack-related-posts":[{"id":3162,"url":"https:\/\/www.ellensailing.se\/?p=3162","url_meta":{"origin":353,"position":0},"title":"Ag\u00f6n, \u00d6regrund och Arholma","author":"peter@ellensailing.se","date":"20 juli, 2021","format":false,"excerpt":"Allt s\u00e5g perfekt ut, en perfekt plan men det \u00e4r inte alltid det blir som man planerat. Efter Mellanfj\u00e4rd seglade vi ner till Ag\u00f6n som skulle vara v\u00e5r utg\u00e5ngsplats f\u00f6r seglingen ner till \u00d6regrund. Ag\u00f6n ligger utanf\u00f6r Hudiksvall och det var h\u00e4r v\u00e5rt drev pajade. Mellanfj\u00e4rd Seglingen ditner var som\u2026","rel":"","context":"I \u201dSegling 2021\u201d","block_context":{"text":"Segling 2021","link":"https:\/\/www.ellensailing.se\/?cat=28"},"img":{"alt_text":"","src":"https:\/\/i0.wp.com\/www.ellensailing.se\/wp-content\/uploads\/2021\/07\/img_0379-1-scaled.jpg?fit=1200%2C900&ssl=1&resize=350%2C200","width":350,"height":200,"srcset":"https:\/\/i0.wp.com\/www.ellensailing.se\/wp-content\/uploads\/2021\/07\/img_0379-1-scaled.jpg?fit=1200%2C900&ssl=1&resize=350%2C200 1x, https:\/\/i0.wp.com\/www.ellensailing.se\/wp-content\/uploads\/2021\/07\/img_0379-1-scaled.jpg?fit=1200%2C900&ssl=1&resize=525%2C300 1.5x, https:\/\/i0.wp.com\/www.ellensailing.se\/wp-content\/uploads\/2021\/07\/img_0379-1-scaled.jpg?fit=1200%2C900&ssl=1&resize=700%2C400 2x, https:\/\/i0.wp.com\/www.ellensailing.se\/wp-content\/uploads\/2021\/07\/img_0379-1-scaled.jpg?fit=1200%2C900&ssl=1&resize=1050%2C600 3x"},"classes":[]},{"id":815,"url":"https:\/\/www.ellensailing.se\/?p=815","url_meta":{"origin":353,"position":1},"title":"Grepen Marin &#8211; vilka fullblodsproffs p\u00e5 rostfritt!","author":"peter@ellensailing.se","date":"6 maj, 2016","format":false,"excerpt":"\u00a0 \u00a0 Nu blir det lite reklam men det m\u00e5ste faktiskt till. Vi skulle bygga ny Bimitopp d\u00e5 den gamla var lite f\u00f6r liten och inte tillr\u00e4ckligt bred. Vi b\u00f6rjade med att s\u00e5ga av den gamla, testa, m\u00e4tte och fixade. Sedan skulle vi skruva ihop\u00a0 det men d\u00e5 satte Lelle\u2026","rel":"","context":"I \u201dSommar 2016\u201d","block_context":{"text":"Sommar 2016","link":"https:\/\/www.ellensailing.se\/?cat=20"},"img":{"alt_text":"","src":"https:\/\/i0.wp.com\/www.ellensailing.se\/wp-content\/uploads\/2016\/05\/IMG_5170.jpg?fit=640%2C480&ssl=1&resize=350%2C200","width":350,"height":200,"srcset":"https:\/\/i0.wp.com\/www.ellensailing.se\/wp-content\/uploads\/2016\/05\/IMG_5170.jpg?fit=640%2C480&ssl=1&resize=350%2C200 1x, https:\/\/i0.wp.com\/www.ellensailing.se\/wp-content\/uploads\/2016\/05\/IMG_5170.jpg?fit=640%2C480&ssl=1&resize=525%2C300 1.5x"},"classes":[]},{"id":3310,"url":"https:\/\/www.ellensailing.se\/?p=3310","url_meta":{"origin":353,"position":2},"title":"Premi\u00e4rturen fr\u00e5n \u00d6regrund","author":"peter@ellensailing.se","date":"23 april, 2023","format":false,"excerpt":"Start fr\u00e5n \u00d6regrund D\u00e5 var vi \u00e4ntligen ig\u00e5ng igen! I helgen s\u00e5 seglade vi ner Ellen fr\u00e5n sin hemmahamn \u00f6ver vintern ner till Hundudden. Fredagen bj\u00f6d inte p\u00e5 n\u00e5gon bl\u00e5st s\u00e5 det blev att tuffa motor ner till Grisslehamns yttrehamn. Som vanligt n\u00e4r vi \u00e4r d\u00e4r s\u00e5 \u00e4r vi sj\u00e4lva.\u2026","rel":"","context":"I \u201dSegling 2023\u201d","block_context":{"text":"Segling 2023","link":"https:\/\/www.ellensailing.se\/?cat=31"},"img":{"alt_text":"","src":"https:\/\/i0.wp.com\/www.ellensailing.se\/wp-content\/uploads\/2023\/04\/IMG_2581-scaled.jpg?fit=1200%2C900&ssl=1&resize=350%2C200","width":350,"height":200,"srcset":"https:\/\/i0.wp.com\/www.ellensailing.se\/wp-content\/uploads\/2023\/04\/IMG_2581-scaled.jpg?fit=1200%2C900&ssl=1&resize=350%2C200 1x, https:\/\/i0.wp.com\/www.ellensailing.se\/wp-content\/uploads\/2023\/04\/IMG_2581-scaled.jpg?fit=1200%2C900&ssl=1&resize=525%2C300 1.5x, https:\/\/i0.wp.com\/www.ellensailing.se\/wp-content\/uploads\/2023\/04\/IMG_2581-scaled.jpg?fit=1200%2C900&ssl=1&resize=700%2C400 2x, https:\/\/i0.wp.com\/www.ellensailing.se\/wp-content\/uploads\/2023\/04\/IMG_2581-scaled.jpg?fit=1200%2C900&ssl=1&resize=1050%2C600 3x"},"classes":[]},{"id":3213,"url":"https:\/\/www.ellensailing.se\/?p=3213","url_meta":{"origin":353,"position":3},"title":"Gotland Runt 2022","author":"peter@ellensailing.se","date":"16 november, 2022","format":false,"excerpt":"Usch och fy vad d\u00e5liga vi \u00e4r p\u00e5 att uppdatera v\u00e5r blogg. Det f\u00e5r vi r\u00e5da bot p\u00e5 men vi kan i alla fall b\u00f6rja med att s\u00e4songen har varit mycket bra. Vi fick i b\u00e5ten tidigt och avf\u00e4rden fr\u00e5n \u00d6regrund blev redan p\u00e5 p\u00e5skafton s\u00e5 s\u00e4songen har varit l\u00e5ng.\u2026","rel":"","context":"I \u201dSommar 2022\u201d","block_context":{"text":"Sommar 2022","link":"https:\/\/www.ellensailing.se\/?cat=30"},"img":{"alt_text":"","src":"https:\/\/i0.wp.com\/www.ellensailing.se\/wp-content\/uploads\/2022\/11\/IMG_1427-scaled.jpg?fit=1200%2C900&ssl=1&resize=350%2C200","width":350,"height":200,"srcset":"https:\/\/i0.wp.com\/www.ellensailing.se\/wp-content\/uploads\/2022\/11\/IMG_1427-scaled.jpg?fit=1200%2C900&ssl=1&resize=350%2C200 1x, https:\/\/i0.wp.com\/www.ellensailing.se\/wp-content\/uploads\/2022\/11\/IMG_1427-scaled.jpg?fit=1200%2C900&ssl=1&resize=525%2C300 1.5x, https:\/\/i0.wp.com\/www.ellensailing.se\/wp-content\/uploads\/2022\/11\/IMG_1427-scaled.jpg?fit=1200%2C900&ssl=1&resize=700%2C400 2x, https:\/\/i0.wp.com\/www.ellensailing.se\/wp-content\/uploads\/2022\/11\/IMG_1427-scaled.jpg?fit=1200%2C900&ssl=1&resize=1050%2C600 3x"},"classes":[]},{"id":356,"url":"https:\/\/www.ellensailing.se\/?p=356","url_meta":{"origin":353,"position":4},"title":"Underbar segling \u00f6ver \u00c5lands hav!","author":"peter@ellensailing.se","date":"16 maj, 2015","format":false,"excerpt":"Vi \u00e5kte f\u00f6rst fr\u00e5n \u00d6regrund till K\u00e4rringsund p\u00e5 Ecker\u00f6. Vi var helt ensamma d\u00e4r och kunde ligga l\u00e5ngsides. Inte dumt alls. Provade \u00e4ta mat p\u00e5 Bodegan, det var v\u00e4l helt okej efter en bastu. S\u00e4llskapet slocknade fort. D\u00e4refter s\u00e5 seglade vi ner till Mariehamn. 25 distans avverkades fort. N\u00e4r vi\u2026","rel":"","context":"I \u201dSommar 2015\u201d","block_context":{"text":"Sommar 2015","link":"https:\/\/www.ellensailing.se\/?cat=4"},"img":{"alt_text":"","src":"https:\/\/i0.wp.com\/www.ellensailing.se\/wp-content\/uploads\/2015\/05\/GOPR0250.jpg?fit=1200%2C900&ssl=1&resize=350%2C200","width":350,"height":200,"srcset":"https:\/\/i0.wp.com\/www.ellensailing.se\/wp-content\/uploads\/2015\/05\/GOPR0250.jpg?fit=1200%2C900&ssl=1&resize=350%2C200 1x, https:\/\/i0.wp.com\/www.ellensailing.se\/wp-content\/uploads\/2015\/05\/GOPR0250.jpg?fit=1200%2C900&ssl=1&resize=525%2C300 1.5x, https:\/\/i0.wp.com\/www.ellensailing.se\/wp-content\/uploads\/2015\/05\/GOPR0250.jpg?fit=1200%2C900&ssl=1&resize=700%2C400 2x, https:\/\/i0.wp.com\/www.ellensailing.se\/wp-content\/uploads\/2015\/05\/GOPR0250.jpg?fit=1200%2C900&ssl=1&resize=1050%2C600 3x"},"classes":[]},{"id":3142,"url":"https:\/\/www.ellensailing.se\/?p=3142","url_meta":{"origin":353,"position":5},"title":"Lasse och Helene har l\u00e4mnat oss!","author":"peter@ellensailing.se","date":"16 juli, 2021","format":false,"excerpt":"P\u00e5 onsdag kv\u00e4ll var det sista natten med g\u00e4nget. Lite bunkring och riktigt bubbel blev vi bjudna p\u00e5 av Lasse och Helene. Bollinger, Jackies favorit. Det har varit superkul att segla ihop igen och det g\u00f6r vi g\u00e4rna igen. Avslutningbubbel! Ellen och Dellen skall g\u00e5 och duscha! Innan vi anl\u00e4nde\u2026","rel":"","context":"I \u201dSegling 2021\u201d","block_context":{"text":"Segling 2021","link":"https:\/\/www.ellensailing.se\/?cat=28"},"img":{"alt_text":"","src":"https:\/\/i0.wp.com\/www.ellensailing.se\/wp-content\/uploads\/2021\/07\/img_0364.jpg?fit=1200%2C1199&ssl=1&resize=350%2C200","width":350,"height":200,"srcset":"https:\/\/i0.wp.com\/www.ellensailing.se\/wp-content\/uploads\/2021\/07\/img_0364.jpg?fit=1200%2C1199&ssl=1&resize=350%2C200 1x, https:\/\/i0.wp.com\/www.ellensailing.se\/wp-content\/uploads\/2021\/07\/img_0364.jpg?fit=1200%2C1199&ssl=1&resize=525%2C300 1.5x, https:\/\/i0.wp.com\/www.ellensailing.se\/wp-content\/uploads\/2021\/07\/img_0364.jpg?fit=1200%2C1199&ssl=1&resize=700%2C400 2x, https:\/\/i0.wp.com\/www.ellensailing.se\/wp-content\/uploads\/2021\/07\/img_0364.jpg?fit=1200%2C1199&ssl=1&resize=1050%2C600 3x"},"classes":[]}],"jetpack_likes_enabled":false,"_links":{"self":[{"href":"https:\/\/www.ellensailing.se\/index.php?rest_route=\/wp\/v2\/posts\/353","targetHints":{"allow":["GET"]}}],"collection":[{"href":"https:\/\/www.ellensailing.se\/index.php?rest_route=\/wp\/v2\/posts"}],"about":[{"href":"https:\/\/www.ellensailing.se\/index.php?rest_route=\/wp\/v2\/types\/post"}],"author":[{"embeddable":true,"href":"https:\/\/www.ellensailing.se\/index.php?rest_route=\/wp\/v2\/users\/1"}],"replies":[{"embeddable":true,"href":"https:\/\/www.ellensailing.se\/index.php?rest_route=%2Fwp%2Fv2%2Fcomments&post=353"}],"version-history":[{"count":1,"href":"https:\/\/www.ellensailing.se\/index.php?rest_route=\/wp\/v2\/posts\/353\/revisions"}],"predecessor-version":[{"id":355,"href":"https:\/\/www.ellensailing.se\/index.php?rest_route=\/wp\/v2\/posts\/353\/revisions\/355"}],"wp:featuredmedia":[{"embeddable":true,"href":"https:\/\/www.ellensailing.se\/index.php?rest_route=\/wp\/v2\/media\/354"}],"wp:attachment":[{"href":"https:\/\/www.ellensailing.se\/index.php?rest_route=%2Fwp%2Fv2%2Fmedia&parent=353"}],"wp:term":[{"taxonomy":"category","embeddable":true,"href":"https:\/\/www.ellensailing.se\/index.php?rest_route=%2Fwp%2Fv2%2Fcategories&post=353"},{"taxonomy":"post_tag","embeddable":true,"href":"https:\/\/www.ellensailing.se\/index.php?rest_route=%2Fwp%2Fv2%2Ftags&post=353"}],"curies":[{"name":"wp","href":"https:\/\/api.w.org\/{rel}","templated":true}]}}