{"id":346,"date":"2015-05-10T18:17:49","date_gmt":"2015-05-10T16:17:49","guid":{"rendered":"https:\/\/www.ellensailing.se\/?p=346"},"modified":"2015-05-10T18:17:49","modified_gmt":"2015-05-10T16:17:49","slug":"ellen-sjosatt-och-klar-infor-nasta-helgs-segling","status":"publish","type":"post","link":"https:\/\/www.ellensailing.se\/?p=346","title":{"rendered":"Ellen sj\u00f6satt och klar inf\u00f6r n\u00e4sta helgs segling!"},"content":{"rendered":"<p>Nu har vi \u00e4ntligen f\u00e5tt i Ellen i sj\u00f6n. Var ganska sp\u00e4nnande med tanke p\u00e5 att jag bytt alla genomf\u00f6ringar. Skulle hon vara t\u00e4t eller skulle det smyga in n\u00e5got vatten. Alla genomf\u00f6ringar var perfekta men n\u00e4r hon hade kommit i sj\u00f6n h\u00f6rde jag hur det skvala n\u00e5gon stans. Det kom fr\u00e5n Watermakerna, kastade mig \u00f6ver avst\u00e4ngningsventilen och d\u00e5 slutade det. Det visade sig att filterhusen p\u00e5 invattnet hade frusit, en liten miss att inte t\u00f6mma dem. Grepen Marin har en v\u00e4ldigt cool vagn som de anv\u00e4nder sig av, ett hembygge men ack s\u00e5 effektiv. Lelle sj\u00f6s\u00e4tter en 43 fotare sj\u00e4lv p\u00e5 14 minuter. Se den lilla filmsnutten:<\/p>\n<div style=\"width: 840px;\" class=\"wp-video\"><video class=\"wp-video-shortcode\" id=\"video-346-1\" width=\"840\" height=\"473\" preload=\"metadata\" controls=\"controls\"><source type=\"video\/mp4\" src=\"https:\/\/www.ellensailing.se\/wp-content\/uploads\/2015\/05\/Ellen-sj\u00f6s\u00e4ttning.mp4?_=1\" \/><a href=\"https:\/\/www.ellensailing.se\/wp-content\/uploads\/2015\/05\/Ellen-sj\u00f6s\u00e4ttning.mp4\">https:\/\/www.ellensailing.se\/wp-content\/uploads\/2015\/05\/Ellen-sj\u00f6s\u00e4ttning.mp4<\/a><\/video><\/div>\n<p>Wille har verkligen jobbat med sittbrunnsbordet i vinter. Ny mittfisk med f\u00f6rs\u00e4nkta skruvar som \u00e4r pluggade, sidorna som \u00e4r limmade och minst 10 lager lack. Borde kunna vara med i n\u00e5gon t\u00e4vling f\u00f6r b\u00e4sta finish.<\/p>\n<figure id=\"attachment_348\" aria-describedby=\"caption-attachment-348\" style=\"width: 680px\" class=\"wp-caption aligncenter\"><a href=\"https:\/\/i0.wp.com\/www.ellensailing.se\/wp-content\/uploads\/2015\/05\/IMG_4169.jpg?ssl=1\"><img data-recalc-dims=\"1\" fetchpriority=\"high\" decoding=\"async\" class=\"wp-image-348 size-large\" src=\"https:\/\/i0.wp.com\/www.ellensailing.se\/wp-content\/uploads\/2015\/05\/IMG_4169.jpg?resize=680%2C510&#038;ssl=1\" alt=\"Wille har jobbat h\u00e5rt med sittbrunnsbordet i vinter.\" width=\"680\" height=\"510\" srcset=\"https:\/\/i0.wp.com\/www.ellensailing.se\/wp-content\/uploads\/2015\/05\/IMG_4169.jpg?resize=1024%2C768&amp;ssl=1 1024w, https:\/\/i0.wp.com\/www.ellensailing.se\/wp-content\/uploads\/2015\/05\/IMG_4169.jpg?resize=300%2C225&amp;ssl=1 300w, https:\/\/i0.wp.com\/www.ellensailing.se\/wp-content\/uploads\/2015\/05\/IMG_4169.jpg?w=1680&amp;ssl=1 1680w, https:\/\/i0.wp.com\/www.ellensailing.se\/wp-content\/uploads\/2015\/05\/IMG_4169.jpg?w=2520&amp;ssl=1 2520w\" sizes=\"(max-width: 680px) 100vw, 680px\" \/><\/a><figcaption id=\"caption-attachment-348\" class=\"wp-caption-text\">Wille har jobbat h\u00e5rt med sittbrunnsbordet i vinter.<\/figcaption><\/figure>\n<p>Hela helgen har g\u00e5tt \u00e5t till att kolla att allt funkar som det skall. Det visade sig att b\u00e5de v\u00e4rmaren och elverktet inte vill funka som det skulle, men nu har jag f\u00e5tt fart p\u00e5 allt. Jag och vi Wille skulle flytta oss till bryggplatsen. Vi kastade loss gladeligen men n\u00e4r jag skulle l\u00e4gga i backen var v\u00e4xlarna helt stumma. Som tur var kunde vill hoppa i land med en tamp innan vi kom f\u00f6r l\u00e5ngt bort. Varvet har bytt konan i drevet som man skall g\u00f6ra var 2000 timme p\u00e5 Yanmar. Problemet var bara att v\u00e4xelf\u00f6raren hade de v\u00e4nt \u00e5t fel h\u00e5ll och d\u00e5 l\u00e5ser det sig helt. Nu skall de fixa det p\u00e5 m\u00e5ndag\u00a0och de skall \u00e4ven provk\u00f6ra att allt funkar.<\/p>\n<p>Allt g\u00e5r att k\u00f6pa. Hittade en ung man p\u00e5 varvet som mot en flaska Whiskey \u00e5tog sig att bli uppskickat 20,5 meter \u00f6ver havet f\u00f6r att s\u00e4tta dit Windexen och vindgivaren.<\/p>\n<figure id=\"attachment_350\" aria-describedby=\"caption-attachment-350\" style=\"width: 680px\" class=\"wp-caption aligncenter\"><a href=\"https:\/\/i0.wp.com\/www.ellensailing.se\/wp-content\/uploads\/2015\/05\/IMG_4171-e1431274197169.jpg?ssl=1\"><img data-recalc-dims=\"1\" decoding=\"async\" class=\"wp-image-350 size-large\" src=\"https:\/\/i0.wp.com\/www.ellensailing.se\/wp-content\/uploads\/2015\/05\/IMG_4171-e1431274197169-768x1024.jpg?resize=680%2C907&#038;ssl=1\" alt=\"Det \u00e4r h\u00f6gt upp\" width=\"680\" height=\"907\" srcset=\"https:\/\/i0.wp.com\/www.ellensailing.se\/wp-content\/uploads\/2015\/05\/IMG_4171-e1431274197169.jpg?resize=768%2C1024&amp;ssl=1 768w, https:\/\/i0.wp.com\/www.ellensailing.se\/wp-content\/uploads\/2015\/05\/IMG_4171-e1431274197169.jpg?resize=225%2C300&amp;ssl=1 225w, https:\/\/i0.wp.com\/www.ellensailing.se\/wp-content\/uploads\/2015\/05\/IMG_4171-e1431274197169.jpg?w=1680&amp;ssl=1 1680w\" sizes=\"(max-width: 680px) 100vw, 680px\" \/><\/a><figcaption id=\"caption-attachment-350\" class=\"wp-caption-text\">Det \u00e4r h\u00f6gt upp<\/figcaption><\/figure>\n<p>&nbsp;<\/p>\n<p>&nbsp;<\/p>\n","protected":false},"excerpt":{"rendered":"<p>Nu har vi \u00e4ntligen f\u00e5tt i Ellen i sj\u00f6n. Var ganska sp\u00e4nnande med tanke p\u00e5 att jag bytt alla genomf\u00f6ringar.[&#8230;]<\/p>\n","protected":false},"author":1,"featured_media":349,"comment_status":"open","ping_status":"open","sticky":false,"template":"","format":"standard","meta":{"_jetpack_newsletter_access":"","_jetpack_dont_email_post_to_subs":false,"_jetpack_newsletter_tier_id":0,"_jetpack_memberships_contains_paywalled_content":false,"_jetpack_feature_clip_id":0,"_jetpack_memberships_contains_paid_content":false,"footnotes":"","jetpack_publicize_message":"","jetpack_publicize_feature_enabled":true,"jetpack_social_post_already_shared":true,"jetpack_social_options":{"image_generator_settings":{"template":"highway","default_image_id":0,"font":"","enabled":false},"version":2},"jetpack_post_was_ever_published":false},"categories":[3,4],"tags":[],"class_list":["post-346","post","type-post","status-publish","format-standard","has-post-thumbnail","hentry","category-baten-pa-land","category-sommar-2015"],"jetpack_publicize_connections":[],"jetpack_featured_media_url":"https:\/\/i0.wp.com\/www.ellensailing.se\/wp-content\/uploads\/2015\/05\/IMG_4170.jpg?fit=3264%2C2448&ssl=1","jetpack_sharing_enabled":true,"jetpack_shortlink":"https:\/\/wp.me\/p5G68R-5A","jetpack-related-posts":[{"id":280,"url":"https:\/\/www.ellensailing.se\/?p=280","url_meta":{"origin":346,"position":0},"title":"\u00c4ntligen har monteringen p\u00e5b\u00f6rjats","author":"peter@ellensailing.se","date":"15 mars, 2015","format":false,"excerpt":"Efter mycket inpassande har vi b\u00f6rjat att montera tillbaka alla genomf\u00f6ringar. I helgen har vi monterat 7 stycken\u00a0och f\u00e5tt p\u00e5 massa med nya slangar. Nu kommer det lukta lite godare i b\u00e5ten framf\u00f6rallt i fr\u00e4mre toan som inte hade gast\u00e4ta slangar. Vi trodde det l\u00e5g en d\u00f6d r\u00e5tta d\u00e4r framme\u2026","rel":"","context":"I \u201dB\u00e5ten p\u00e5 land\u201d","block_context":{"text":"B\u00e5ten p\u00e5 land","link":"https:\/\/www.ellensailing.se\/?cat=3"},"img":{"alt_text":"","src":"https:\/\/i0.wp.com\/www.ellensailing.se\/wp-content\/uploads\/2015\/03\/IMG_3912-e1426454852837.jpg?fit=1200%2C963&ssl=1&resize=350%2C200","width":350,"height":200,"srcset":"https:\/\/i0.wp.com\/www.ellensailing.se\/wp-content\/uploads\/2015\/03\/IMG_3912-e1426454852837.jpg?fit=1200%2C963&ssl=1&resize=350%2C200 1x, https:\/\/i0.wp.com\/www.ellensailing.se\/wp-content\/uploads\/2015\/03\/IMG_3912-e1426454852837.jpg?fit=1200%2C963&ssl=1&resize=525%2C300 1.5x, https:\/\/i0.wp.com\/www.ellensailing.se\/wp-content\/uploads\/2015\/03\/IMG_3912-e1426454852837.jpg?fit=1200%2C963&ssl=1&resize=700%2C400 2x, https:\/\/i0.wp.com\/www.ellensailing.se\/wp-content\/uploads\/2015\/03\/IMG_3912-e1426454852837.jpg?fit=1200%2C963&ssl=1&resize=1050%2C600 3x"},"classes":[]},{"id":218,"url":"https:\/\/www.ellensailing.se\/?p=218","url_meta":{"origin":346,"position":1},"title":"2 dm bl\u00f6tsn\u00f6 och stark vind!","author":"peter@ellensailing.se","date":"1 februari, 2015","format":false,"excerpt":"Gjorde att meckandet idag inte alls var kul. Inspirationen saknades totalt. Att bara tas sig upp i b\u00e5ten gjorde att man var dyngsur. N\u00e4r man dessutom f\u00f6r tredje g\u00e5ngen inte f\u00e5r bort de aktre genomf\u00f6ringen, d\u00e5 l\u00e4gger man av. Ellen f\u00e5r nog st\u00e5 ett tag tills det blir varmare.","rel":"","context":"I \u201dB\u00e5ten p\u00e5 land\u201d","block_context":{"text":"B\u00e5ten p\u00e5 land","link":"https:\/\/www.ellensailing.se\/?cat=3"},"img":{"alt_text":"","src":"","width":0,"height":0},"classes":[]},{"id":2427,"url":"https:\/\/www.ellensailing.se\/?p=2427","url_meta":{"origin":346,"position":2},"title":"Ellen \u00e4r \u00e4ntligen i sj\u00f6n!","author":"peter@ellensailing.se","date":"7 mars, 2019","format":false,"excerpt":"Ig\u00e5r kom \u00e4ntligen Ellen till sj\u00f6s. Men det var en del strul innan. Vi uppt\u00e4ckte r\u00e4tt snart att n\u00e5got var tokigt n\u00e4r inte kyl och vinsch fungerade utan bara klickade. Det visade sig att batterierna hade givit upp. Bara 1 \u00e5r och 3 m\u00e5nader gamla. Vi tog hj\u00e4lp av Turbulens\u2026","rel":"","context":"I \u201dV\u00e4stindien 2017-2018\u201d","block_context":{"text":"V\u00e4stindien 2017-2018","link":"https:\/\/www.ellensailing.se\/?cat=24"},"img":{"alt_text":"","src":"https:\/\/i0.wp.com\/www.ellensailing.se\/wp-content\/uploads\/2019\/03\/20190306_083848.jpg?fit=1200%2C675&ssl=1&resize=350%2C200","width":350,"height":200,"srcset":"https:\/\/i0.wp.com\/www.ellensailing.se\/wp-content\/uploads\/2019\/03\/20190306_083848.jpg?fit=1200%2C675&ssl=1&resize=350%2C200 1x, https:\/\/i0.wp.com\/www.ellensailing.se\/wp-content\/uploads\/2019\/03\/20190306_083848.jpg?fit=1200%2C675&ssl=1&resize=525%2C300 1.5x, https:\/\/i0.wp.com\/www.ellensailing.se\/wp-content\/uploads\/2019\/03\/20190306_083848.jpg?fit=1200%2C675&ssl=1&resize=700%2C400 2x, https:\/\/i0.wp.com\/www.ellensailing.se\/wp-content\/uploads\/2019\/03\/20190306_083848.jpg?fit=1200%2C675&ssl=1&resize=1050%2C600 3x"},"classes":[]},{"id":543,"url":"https:\/\/www.ellensailing.se\/?p=543","url_meta":{"origin":346,"position":3},"title":"En sk\u00f6n dag i Leba!","author":"peter@ellensailing.se","date":"16 juli, 2015","format":false,"excerpt":"Vi best\u00e4mde oss ig\u00e5r f\u00f6r att ligga kvar i Leba idag. Det g\u00f6r \u00e4ven Think Twice och Glittra. Christina blev magsjuk ig\u00e5r s\u00e5 hon tappade alla krafter. Vi kommer imorgon f\u00f6rhoppningsvis f\u00e5 bra v\u00e4der f\u00f6r \u00f6versegling fr\u00e5n Leba i Polen till Kalmar i Sverige. Det har bl\u00e5st ganska ordentligt de\u2026","rel":"","context":"I \u201dSommar 2015\u201d","block_context":{"text":"Sommar 2015","link":"https:\/\/www.ellensailing.se\/?cat=4"},"img":{"alt_text":"","src":"https:\/\/i0.wp.com\/www.ellensailing.se\/wp-content\/uploads\/2015\/07\/IMG_4385.jpg?fit=480%2C640&ssl=1&resize=350%2C200","width":350,"height":200},"classes":[]},{"id":3702,"url":"https:\/\/www.ellensailing.se\/?p=3702","url_meta":{"origin":346,"position":4},"title":"P\u00e5 v\u00e4g hem!","author":"peter@ellensailing.se","date":"3 maj, 2024","format":false,"excerpt":"Efter dykningen p\u00e5 s\u00f6dra passet seglade vi upp till Hirifa. H\u00e4r var det v\u00e4ldigt m\u00e5nga b\u00e5tar och v\u00e4ldigt fint med mycket sand. Fin korallstr\u00e4der i Hirifa H\u00e4r gick det att promenera l\u00e5gt F\u00f6rutom oss s\u00e5 var det m\u00e5nga fr\u00e5n Oyster Rally som var h\u00e4r. M\u00e5nga fina Oyster att dr\u00e4gla p\u00e5,\u2026","rel":"","context":"I \u201dS\u00f6derhavet\u201d","block_context":{"text":"S\u00f6derhavet","link":"https:\/\/www.ellensailing.se\/?cat=33"},"img":{"alt_text":"","src":"https:\/\/i0.wp.com\/www.ellensailing.se\/wp-content\/uploads\/2024\/05\/img_1173.jpg?fit=1200%2C900&ssl=1&resize=350%2C200","width":350,"height":200,"srcset":"https:\/\/i0.wp.com\/www.ellensailing.se\/wp-content\/uploads\/2024\/05\/img_1173.jpg?fit=1200%2C900&ssl=1&resize=350%2C200 1x, https:\/\/i0.wp.com\/www.ellensailing.se\/wp-content\/uploads\/2024\/05\/img_1173.jpg?fit=1200%2C900&ssl=1&resize=525%2C300 1.5x, https:\/\/i0.wp.com\/www.ellensailing.se\/wp-content\/uploads\/2024\/05\/img_1173.jpg?fit=1200%2C900&ssl=1&resize=700%2C400 2x, https:\/\/i0.wp.com\/www.ellensailing.se\/wp-content\/uploads\/2024\/05\/img_1173.jpg?fit=1200%2C900&ssl=1&resize=1050%2C600 3x"},"classes":[]},{"id":3046,"url":"https:\/\/www.ellensailing.se\/?p=3046","url_meta":{"origin":346,"position":5},"title":"Kaos f\u00f6rsta veckan p\u00e5 semestern!","author":"peter@ellensailing.se","date":"4 juli, 2021","format":false,"excerpt":"P\u00e5 midsommardagen p\u00e5b\u00f6rjade vi v\u00e5r segling. F\u00f6rsta str\u00e4ckan blev inte l\u00e5ng, bara 1,37NM fr\u00e5n Grepen Marin till \u00d6regrundshamn. Vi l\u00e4mnade alla barnen p\u00e5 landet som fick ta hand om allt. F\u00f6rsta kv\u00e4llen var j\u00e4ttemysig och vi gick ut och \u00e5t p\u00e5 Melkers k\u00f6ttbod, supergott. Dagen efter s\u00e5 gick vi fr\u00e5n\u2026","rel":"","context":"I \u201dSegling 2021\u201d","block_context":{"text":"Segling 2021","link":"https:\/\/www.ellensailing.se\/?cat=28"},"img":{"alt_text":"","src":"https:\/\/i0.wp.com\/www.ellensailing.se\/wp-content\/uploads\/2021\/07\/Sjoraddning3.jpg?fit=640%2C480&ssl=1&resize=350%2C200","width":350,"height":200,"srcset":"https:\/\/i0.wp.com\/www.ellensailing.se\/wp-content\/uploads\/2021\/07\/Sjoraddning3.jpg?fit=640%2C480&ssl=1&resize=350%2C200 1x, https:\/\/i0.wp.com\/www.ellensailing.se\/wp-content\/uploads\/2021\/07\/Sjoraddning3.jpg?fit=640%2C480&ssl=1&resize=525%2C300 1.5x"},"classes":[]}],"jetpack_likes_enabled":false,"_links":{"self":[{"href":"https:\/\/www.ellensailing.se\/index.php?rest_route=\/wp\/v2\/posts\/346","targetHints":{"allow":["GET"]}}],"collection":[{"href":"https:\/\/www.ellensailing.se\/index.php?rest_route=\/wp\/v2\/posts"}],"about":[{"href":"https:\/\/www.ellensailing.se\/index.php?rest_route=\/wp\/v2\/types\/post"}],"author":[{"embeddable":true,"href":"https:\/\/www.ellensailing.se\/index.php?rest_route=\/wp\/v2\/users\/1"}],"replies":[{"embeddable":true,"href":"https:\/\/www.ellensailing.se\/index.php?rest_route=%2Fwp%2Fv2%2Fcomments&post=346"}],"version-history":[{"count":1,"href":"https:\/\/www.ellensailing.se\/index.php?rest_route=\/wp\/v2\/posts\/346\/revisions"}],"predecessor-version":[{"id":351,"href":"https:\/\/www.ellensailing.se\/index.php?rest_route=\/wp\/v2\/posts\/346\/revisions\/351"}],"wp:featuredmedia":[{"embeddable":true,"href":"https:\/\/www.ellensailing.se\/index.php?rest_route=\/wp\/v2\/media\/349"}],"wp:attachment":[{"href":"https:\/\/www.ellensailing.se\/index.php?rest_route=%2Fwp%2Fv2%2Fmedia&parent=346"}],"wp:term":[{"taxonomy":"category","embeddable":true,"href":"https:\/\/www.ellensailing.se\/index.php?rest_route=%2Fwp%2Fv2%2Fcategories&post=346"},{"taxonomy":"post_tag","embeddable":true,"href":"https:\/\/www.ellensailing.se\/index.php?rest_route=%2Fwp%2Fv2%2Ftags&post=346"}],"curies":[{"name":"wp","href":"https:\/\/api.w.org\/{rel}","templated":true}]}}