{"id":3456,"date":"2023-12-23T14:44:29","date_gmt":"2023-12-23T13:44:29","guid":{"rendered":"https:\/\/www.ellensailing.se\/?p=3456"},"modified":"2023-12-23T14:44:29","modified_gmt":"2023-12-23T13:44:29","slug":"har-borjat-renovera-dacket","status":"publish","type":"post","link":"https:\/\/www.ellensailing.se\/?p=3456","title":{"rendered":"Har b\u00f6rjat renovera d\u00e4cket"},"content":{"rendered":"\n<p class=\"wp-block-paragraph\">Jag tror att hela Strega \u00e4r lackad med tv\u00e5 komponents epoxi lack. N\u00e4r man skrapar s\u00e5 \u00e4r lacken v\u00e4ldigt seg. B\u00e4sta s\u00e4ttet att f\u00e5 bort det \u00e4r med varmluftspistol och sedan n\u00f6ta med slippappret. Det g\u00e5r \u00e5t mycket papper d\u00e5 s\u00e4tter igen sig direkt.<\/p>\n\n\n\n<p class=\"wp-block-paragraph\">N\u00e5ten har nog inte varit riktig n\u00e5t utan mer silikon aktig. Det \u00e4r bara att skrapa bort. Det verkar s\u00e5 d\u00e4ckskanterna \u00e4r av ask eller ek medan de sm\u00e5 ribborna \u00e4r av Oregon Pine. Tyv\u00e4rr s\u00e5 ser det ut som man betsat p\u00e5 det f\u00f6r att f\u00e5 det ser mer ut som mahogny eller n\u00e5got. Man f\u00e5r helt enkelt slipa mycket. Asken eller eken \u00e4r n\u00e4stan om\u00f6jlig att f\u00e5 helt fin men det \u00e4r ocks\u00e5 lite charmigt med gammalt.<\/p>\n\n\n\n<figure class=\"wp-block-image size-large\"><img data-recalc-dims=\"1\" fetchpriority=\"high\" decoding=\"async\" width=\"840\" height=\"630\" src=\"https:\/\/i0.wp.com\/www.ellensailing.se\/wp-content\/uploads\/2023\/12\/IMG_3451.jpg?resize=840%2C630&#038;ssl=1\" alt=\"\" class=\"wp-image-3443\" srcset=\"https:\/\/i0.wp.com\/www.ellensailing.se\/wp-content\/uploads\/2023\/12\/IMG_3451-scaled.jpg?resize=1024%2C768&amp;ssl=1 1024w, https:\/\/i0.wp.com\/www.ellensailing.se\/wp-content\/uploads\/2023\/12\/IMG_3451-scaled.jpg?resize=300%2C225&amp;ssl=1 300w, https:\/\/i0.wp.com\/www.ellensailing.se\/wp-content\/uploads\/2023\/12\/IMG_3451-scaled.jpg?resize=768%2C576&amp;ssl=1 768w, https:\/\/i0.wp.com\/www.ellensailing.se\/wp-content\/uploads\/2023\/12\/IMG_3451-scaled.jpg?resize=1536%2C1152&amp;ssl=1 1536w, https:\/\/i0.wp.com\/www.ellensailing.se\/wp-content\/uploads\/2023\/12\/IMG_3451-scaled.jpg?resize=2048%2C1536&amp;ssl=1 2048w, https:\/\/i0.wp.com\/www.ellensailing.se\/wp-content\/uploads\/2023\/12\/IMG_3451-scaled.jpg?w=1680&amp;ssl=1 1680w, https:\/\/i0.wp.com\/www.ellensailing.se\/wp-content\/uploads\/2023\/12\/IMG_3451-scaled.jpg?w=2520&amp;ssl=1 2520w\" sizes=\"(max-width: 840px) 100vw, 840px\" \/><figcaption class=\"wp-element-caption\">F\u00f6sta skrapningen<\/figcaption><\/figure>\n\n\n\n<figure class=\"wp-block-image size-large\"><img data-recalc-dims=\"1\" decoding=\"async\" width=\"840\" height=\"630\" src=\"https:\/\/i0.wp.com\/www.ellensailing.se\/wp-content\/uploads\/2023\/12\/IMG_3398.jpg?resize=840%2C630&#038;ssl=1\" alt=\"\" class=\"wp-image-3439\" srcset=\"https:\/\/i0.wp.com\/www.ellensailing.se\/wp-content\/uploads\/2023\/12\/IMG_3398-scaled.jpg?resize=1024%2C768&amp;ssl=1 1024w, https:\/\/i0.wp.com\/www.ellensailing.se\/wp-content\/uploads\/2023\/12\/IMG_3398-scaled.jpg?resize=300%2C225&amp;ssl=1 300w, https:\/\/i0.wp.com\/www.ellensailing.se\/wp-content\/uploads\/2023\/12\/IMG_3398-scaled.jpg?resize=768%2C576&amp;ssl=1 768w, https:\/\/i0.wp.com\/www.ellensailing.se\/wp-content\/uploads\/2023\/12\/IMG_3398-scaled.jpg?resize=1536%2C1152&amp;ssl=1 1536w, https:\/\/i0.wp.com\/www.ellensailing.se\/wp-content\/uploads\/2023\/12\/IMG_3398-scaled.jpg?resize=2048%2C1536&amp;ssl=1 2048w, https:\/\/i0.wp.com\/www.ellensailing.se\/wp-content\/uploads\/2023\/12\/IMG_3398-scaled.jpg?w=1680&amp;ssl=1 1680w, https:\/\/i0.wp.com\/www.ellensailing.se\/wp-content\/uploads\/2023\/12\/IMG_3398-scaled.jpg?w=2520&amp;ssl=1 2520w\" sizes=\"(max-width: 840px) 100vw, 840px\" \/><figcaption class=\"wp-element-caption\">Lite mer skrapat<\/figcaption><\/figure>\n\n\n\n<figure class=\"wp-block-image size-large\"><img data-recalc-dims=\"1\" decoding=\"async\" width=\"840\" height=\"630\" src=\"https:\/\/i0.wp.com\/www.ellensailing.se\/wp-content\/uploads\/2023\/12\/IMG_3441.jpg?resize=840%2C630&#038;ssl=1\" alt=\"\" class=\"wp-image-3441\" srcset=\"https:\/\/i0.wp.com\/www.ellensailing.se\/wp-content\/uploads\/2023\/12\/IMG_3441-scaled.jpg?resize=1024%2C768&amp;ssl=1 1024w, https:\/\/i0.wp.com\/www.ellensailing.se\/wp-content\/uploads\/2023\/12\/IMG_3441-scaled.jpg?resize=300%2C225&amp;ssl=1 300w, https:\/\/i0.wp.com\/www.ellensailing.se\/wp-content\/uploads\/2023\/12\/IMG_3441-scaled.jpg?resize=768%2C576&amp;ssl=1 768w, https:\/\/i0.wp.com\/www.ellensailing.se\/wp-content\/uploads\/2023\/12\/IMG_3441-scaled.jpg?resize=1536%2C1152&amp;ssl=1 1536w, https:\/\/i0.wp.com\/www.ellensailing.se\/wp-content\/uploads\/2023\/12\/IMG_3441-scaled.jpg?resize=2048%2C1536&amp;ssl=1 2048w, https:\/\/i0.wp.com\/www.ellensailing.se\/wp-content\/uploads\/2023\/12\/IMG_3441-scaled.jpg?w=1680&amp;ssl=1 1680w, https:\/\/i0.wp.com\/www.ellensailing.se\/wp-content\/uploads\/2023\/12\/IMG_3441-scaled.jpg?w=2520&amp;ssl=1 2520w\" sizes=\"(max-width: 840px) 100vw, 840px\" \/><figcaption class=\"wp-element-caption\">B\u00f6rjar arta sig<\/figcaption><\/figure>\n\n\n\n<figure class=\"wp-block-image size-large\"><img data-recalc-dims=\"1\" loading=\"lazy\" decoding=\"async\" width=\"840\" height=\"630\" src=\"https:\/\/i0.wp.com\/www.ellensailing.se\/wp-content\/uploads\/2023\/12\/IMG_3393.jpg?resize=840%2C630&#038;ssl=1\" alt=\"\" class=\"wp-image-3435\" srcset=\"https:\/\/i0.wp.com\/www.ellensailing.se\/wp-content\/uploads\/2023\/12\/IMG_3393-scaled.jpg?resize=1024%2C768&amp;ssl=1 1024w, https:\/\/i0.wp.com\/www.ellensailing.se\/wp-content\/uploads\/2023\/12\/IMG_3393-scaled.jpg?resize=300%2C225&amp;ssl=1 300w, https:\/\/i0.wp.com\/www.ellensailing.se\/wp-content\/uploads\/2023\/12\/IMG_3393-scaled.jpg?resize=768%2C576&amp;ssl=1 768w, https:\/\/i0.wp.com\/www.ellensailing.se\/wp-content\/uploads\/2023\/12\/IMG_3393-scaled.jpg?resize=1536%2C1152&amp;ssl=1 1536w, https:\/\/i0.wp.com\/www.ellensailing.se\/wp-content\/uploads\/2023\/12\/IMG_3393-scaled.jpg?resize=2048%2C1536&amp;ssl=1 2048w, https:\/\/i0.wp.com\/www.ellensailing.se\/wp-content\/uploads\/2023\/12\/IMG_3393-scaled.jpg?w=1680&amp;ssl=1 1680w, https:\/\/i0.wp.com\/www.ellensailing.se\/wp-content\/uploads\/2023\/12\/IMG_3393-scaled.jpg?w=2520&amp;ssl=1 2520w\" sizes=\"(max-width: 840px) 100vw, 840px\" \/><figcaption class=\"wp-element-caption\">Ganska tr\u00e5ngt i garaget<\/figcaption><\/figure>\n","protected":false},"excerpt":{"rendered":"<p>Jag tror att hela Strega \u00e4r lackad med tv\u00e5 komponents epoxi lack. N\u00e4r man skrapar s\u00e5 \u00e4r lacken v\u00e4ldigt seg.[&#8230;]<\/p>\n","protected":false},"author":1,"featured_media":3432,"comment_status":"open","ping_status":"open","sticky":false,"template":"","format":"standard","meta":{"_jetpack_newsletter_access":"","_jetpack_dont_email_post_to_subs":false,"_jetpack_newsletter_tier_id":0,"_jetpack_memberships_contains_paywalled_content":false,"_jetpack_feature_clip_id":0,"_jetpack_memberships_contains_paid_content":false,"footnotes":"","jetpack_publicize_message":"","jetpack_publicize_feature_enabled":true,"jetpack_social_post_already_shared":true,"jetpack_social_options":{"image_generator_settings":{"template":"highway","default_image_id":0,"font":"","enabled":false},"version":2},"jetpack_post_was_ever_published":false},"categories":[32],"tags":[],"class_list":["post-3456","post","type-post","status-publish","format-standard","has-post-thumbnail","hentry","category-projekt-strega"],"jetpack_publicize_connections":[],"jetpack_featured_media_url":"https:\/\/i0.wp.com\/www.ellensailing.se\/wp-content\/uploads\/2023\/12\/IMG_3172-scaled.jpg?fit=2560%2C1920&ssl=1","jetpack_sharing_enabled":true,"jetpack_shortlink":"https:\/\/wp.me\/p5G68R-TK","jetpack-related-posts":[{"id":786,"url":"https:\/\/www.ellensailing.se\/?p=786","url_meta":{"origin":3456,"position":0},"title":"Det g\u00e5r inte alltid som man t\u00e4nkt sig!","author":"peter@ellensailing.se","date":"21 mars, 2016","format":false,"excerpt":"Tanken var att vi bara skulle slipa av ytan p\u00e5 den befintliga f\u00e4rgen. Vi hade n\u00e5gra sm\u00e5 sl\u00e4pp av den gamla f\u00e4rgen. Vi provade att skrapa lite vid dessa fl\u00e4ckar och d\u00e5 lossnade all f\u00e4rg direkt. Provade att skrapa lite till och vips s\u00e5 var det en kvadrat borta. Det\u2026","rel":"","context":"I \u201dB\u00e5ten p\u00e5 land\u201d","block_context":{"text":"B\u00e5ten p\u00e5 land","link":"https:\/\/www.ellensailing.se\/?cat=3"},"img":{"alt_text":"","src":"https:\/\/i0.wp.com\/www.ellensailing.se\/wp-content\/uploads\/2016\/03\/Grapparna.jpg?fit=1200%2C675&ssl=1&resize=350%2C200","width":350,"height":200,"srcset":"https:\/\/i0.wp.com\/www.ellensailing.se\/wp-content\/uploads\/2016\/03\/Grapparna.jpg?fit=1200%2C675&ssl=1&resize=350%2C200 1x, https:\/\/i0.wp.com\/www.ellensailing.se\/wp-content\/uploads\/2016\/03\/Grapparna.jpg?fit=1200%2C675&ssl=1&resize=525%2C300 1.5x, https:\/\/i0.wp.com\/www.ellensailing.se\/wp-content\/uploads\/2016\/03\/Grapparna.jpg?fit=1200%2C675&ssl=1&resize=700%2C400 2x, https:\/\/i0.wp.com\/www.ellensailing.se\/wp-content\/uploads\/2016\/03\/Grapparna.jpg?fit=1200%2C675&ssl=1&resize=1050%2C600 3x"},"classes":[]},{"id":2427,"url":"https:\/\/www.ellensailing.se\/?p=2427","url_meta":{"origin":3456,"position":1},"title":"Ellen \u00e4r \u00e4ntligen i sj\u00f6n!","author":"peter@ellensailing.se","date":"7 mars, 2019","format":false,"excerpt":"Ig\u00e5r kom \u00e4ntligen Ellen till sj\u00f6s. Men det var en del strul innan. Vi uppt\u00e4ckte r\u00e4tt snart att n\u00e5got var tokigt n\u00e4r inte kyl och vinsch fungerade utan bara klickade. Det visade sig att batterierna hade givit upp. Bara 1 \u00e5r och 3 m\u00e5nader gamla. Vi tog hj\u00e4lp av Turbulens\u2026","rel":"","context":"I \u201dV\u00e4stindien 2017-2018\u201d","block_context":{"text":"V\u00e4stindien 2017-2018","link":"https:\/\/www.ellensailing.se\/?cat=24"},"img":{"alt_text":"","src":"https:\/\/i0.wp.com\/www.ellensailing.se\/wp-content\/uploads\/2019\/03\/20190306_083848.jpg?fit=1200%2C675&ssl=1&resize=350%2C200","width":350,"height":200,"srcset":"https:\/\/i0.wp.com\/www.ellensailing.se\/wp-content\/uploads\/2019\/03\/20190306_083848.jpg?fit=1200%2C675&ssl=1&resize=350%2C200 1x, https:\/\/i0.wp.com\/www.ellensailing.se\/wp-content\/uploads\/2019\/03\/20190306_083848.jpg?fit=1200%2C675&ssl=1&resize=525%2C300 1.5x, https:\/\/i0.wp.com\/www.ellensailing.se\/wp-content\/uploads\/2019\/03\/20190306_083848.jpg?fit=1200%2C675&ssl=1&resize=700%2C400 2x, https:\/\/i0.wp.com\/www.ellensailing.se\/wp-content\/uploads\/2019\/03\/20190306_083848.jpg?fit=1200%2C675&ssl=1&resize=1050%2C600 3x"},"classes":[]},{"id":2434,"url":"https:\/\/www.ellensailing.se\/?p=2434","url_meta":{"origin":3456,"position":2},"title":"Det \u00e4r fint p\u00e5 Carriacou","author":"peter@ellensailing.se","date":"9 mars, 2019","format":false,"excerpt":"Ig\u00e5r kom vi till Carriacou efter till att b\u00f6rja med ganska behaglig segling men n\u00e4r vi var mitt emellan Grenada och Carriacou s\u00e5 b\u00f6rja det bl\u00e5sa rej\u00e4lt och med h\u00f6g sj\u00f6. Sj\u00f6benen var inte riktigt p\u00e5 plats och efter att tagit ett rev blev det b\u00e4ttre. Har liksom gl\u00f6mt bort\u2026","rel":"","context":"I \u201dV\u00e4stindien 2019\u201d","block_context":{"text":"V\u00e4stindien 2019","link":"https:\/\/www.ellensailing.se\/?cat=25"},"img":{"alt_text":"","src":"https:\/\/i0.wp.com\/www.ellensailing.se\/wp-content\/uploads\/2019\/03\/88CCCA36-6136-489F-83D0-F41F5310CAFD.jpeg?fit=1200%2C675&ssl=1&resize=350%2C200","width":350,"height":200,"srcset":"https:\/\/i0.wp.com\/www.ellensailing.se\/wp-content\/uploads\/2019\/03\/88CCCA36-6136-489F-83D0-F41F5310CAFD.jpeg?fit=1200%2C675&ssl=1&resize=350%2C200 1x, https:\/\/i0.wp.com\/www.ellensailing.se\/wp-content\/uploads\/2019\/03\/88CCCA36-6136-489F-83D0-F41F5310CAFD.jpeg?fit=1200%2C675&ssl=1&resize=525%2C300 1.5x, https:\/\/i0.wp.com\/www.ellensailing.se\/wp-content\/uploads\/2019\/03\/88CCCA36-6136-489F-83D0-F41F5310CAFD.jpeg?fit=1200%2C675&ssl=1&resize=700%2C400 2x, https:\/\/i0.wp.com\/www.ellensailing.se\/wp-content\/uploads\/2019\/03\/88CCCA36-6136-489F-83D0-F41F5310CAFD.jpeg?fit=1200%2C675&ssl=1&resize=1050%2C600 3x"},"classes":[]},{"id":346,"url":"https:\/\/www.ellensailing.se\/?p=346","url_meta":{"origin":3456,"position":3},"title":"Ellen sj\u00f6satt och klar inf\u00f6r n\u00e4sta helgs segling!","author":"peter@ellensailing.se","date":"10 maj, 2015","format":false,"excerpt":"Nu har vi \u00e4ntligen f\u00e5tt i Ellen i sj\u00f6n. Var ganska sp\u00e4nnande med tanke p\u00e5 att jag bytt alla genomf\u00f6ringar. Skulle hon vara t\u00e4t eller skulle det smyga in n\u00e5got vatten. Alla genomf\u00f6ringar var perfekta men n\u00e4r hon hade kommit i sj\u00f6n h\u00f6rde jag hur det skvala n\u00e5gon stans. Det\u2026","rel":"","context":"I \u201dB\u00e5ten p\u00e5 land\u201d","block_context":{"text":"B\u00e5ten p\u00e5 land","link":"https:\/\/www.ellensailing.se\/?cat=3"},"img":{"alt_text":"","src":"https:\/\/i0.wp.com\/www.ellensailing.se\/wp-content\/uploads\/2015\/05\/IMG_4170.jpg?fit=1200%2C900&ssl=1&resize=350%2C200","width":350,"height":200,"srcset":"https:\/\/i0.wp.com\/www.ellensailing.se\/wp-content\/uploads\/2015\/05\/IMG_4170.jpg?fit=1200%2C900&ssl=1&resize=350%2C200 1x, https:\/\/i0.wp.com\/www.ellensailing.se\/wp-content\/uploads\/2015\/05\/IMG_4170.jpg?fit=1200%2C900&ssl=1&resize=525%2C300 1.5x, https:\/\/i0.wp.com\/www.ellensailing.se\/wp-content\/uploads\/2015\/05\/IMG_4170.jpg?fit=1200%2C900&ssl=1&resize=700%2C400 2x, https:\/\/i0.wp.com\/www.ellensailing.se\/wp-content\/uploads\/2015\/05\/IMG_4170.jpg?fit=1200%2C900&ssl=1&resize=1050%2C600 3x"},"classes":[]},{"id":1064,"url":"https:\/\/www.ellensailing.se\/?p=1064","url_meta":{"origin":3456,"position":4},"title":"G\u00e5r fr\u00e5n \u00d6st till V\u00e4st!","author":"peter@ellensailing.se","date":"12 juli, 2016","format":false,"excerpt":"Vi hade lite sovmorgon och tog det lugnt innan vi seglade iv\u00e4g fr\u00e5n Eastbourne till Hamble Port Marina. Det \u00e4r mycket sp\u00e4nnande dels att f\u00e5 passer 0 merdianen och att f\u00e5 segla in mot Solent som \u00e4r seglingens mecka. Extra kul n\u00e4r det \u00e4r s\u00f6ndag och massor av kappseglingar p\u00e5g\u00e5r\u2026","rel":"","context":"I \u201dSommar 2016\u201d","block_context":{"text":"Sommar 2016","link":"https:\/\/www.ellensailing.se\/?cat=20"},"img":{"alt_text":"","src":"https:\/\/i0.wp.com\/www.ellensailing.se\/wp-content\/uploads\/2016\/07\/DSC_0932.jpg?fit=1200%2C797&ssl=1&resize=350%2C200","width":350,"height":200,"srcset":"https:\/\/i0.wp.com\/www.ellensailing.se\/wp-content\/uploads\/2016\/07\/DSC_0932.jpg?fit=1200%2C797&ssl=1&resize=350%2C200 1x, https:\/\/i0.wp.com\/www.ellensailing.se\/wp-content\/uploads\/2016\/07\/DSC_0932.jpg?fit=1200%2C797&ssl=1&resize=525%2C300 1.5x, https:\/\/i0.wp.com\/www.ellensailing.se\/wp-content\/uploads\/2016\/07\/DSC_0932.jpg?fit=1200%2C797&ssl=1&resize=700%2C400 2x, https:\/\/i0.wp.com\/www.ellensailing.se\/wp-content\/uploads\/2016\/07\/DSC_0932.jpg?fit=1200%2C797&ssl=1&resize=1050%2C600 3x"},"classes":[]},{"id":2239,"url":"https:\/\/www.ellensailing.se\/?p=2239","url_meta":{"origin":3456,"position":5},"title":"En sorglig historia!","author":"peter@ellensailing.se","date":"1 maj, 2018","format":false,"excerpt":"En sorglig historia \u00e4r att Ellen \u00e4r nu p\u00e5 land! K\u00e4nns konstigt att vi ska f\u00e5 sova i en vanlig s\u00e4ng efter precis 8 m\u00e5nader. Vi har hyrt ett litet rum p\u00e5 marinan som har dusch, s\u00e4ng, micro och vattenkokare. Vad mer beh\u00f6ver man. Tiden i Prickley Bay har varit\u2026","rel":"","context":"I \u201dV\u00e4stindien 2017-2018\u201d","block_context":{"text":"V\u00e4stindien 2017-2018","link":"https:\/\/www.ellensailing.se\/?cat=24"},"img":{"alt_text":"","src":"https:\/\/i0.wp.com\/www.ellensailing.se\/wp-content\/uploads\/2018\/05\/02B930B7-8CE7-4149-831A-3E72BF7D51DD.jpeg?fit=1200%2C900&ssl=1&resize=350%2C200","width":350,"height":200,"srcset":"https:\/\/i0.wp.com\/www.ellensailing.se\/wp-content\/uploads\/2018\/05\/02B930B7-8CE7-4149-831A-3E72BF7D51DD.jpeg?fit=1200%2C900&ssl=1&resize=350%2C200 1x, https:\/\/i0.wp.com\/www.ellensailing.se\/wp-content\/uploads\/2018\/05\/02B930B7-8CE7-4149-831A-3E72BF7D51DD.jpeg?fit=1200%2C900&ssl=1&resize=525%2C300 1.5x, https:\/\/i0.wp.com\/www.ellensailing.se\/wp-content\/uploads\/2018\/05\/02B930B7-8CE7-4149-831A-3E72BF7D51DD.jpeg?fit=1200%2C900&ssl=1&resize=700%2C400 2x, https:\/\/i0.wp.com\/www.ellensailing.se\/wp-content\/uploads\/2018\/05\/02B930B7-8CE7-4149-831A-3E72BF7D51DD.jpeg?fit=1200%2C900&ssl=1&resize=1050%2C600 3x"},"classes":[]}],"jetpack_likes_enabled":false,"_links":{"self":[{"href":"https:\/\/www.ellensailing.se\/index.php?rest_route=\/wp\/v2\/posts\/3456","targetHints":{"allow":["GET"]}}],"collection":[{"href":"https:\/\/www.ellensailing.se\/index.php?rest_route=\/wp\/v2\/posts"}],"about":[{"href":"https:\/\/www.ellensailing.se\/index.php?rest_route=\/wp\/v2\/types\/post"}],"author":[{"embeddable":true,"href":"https:\/\/www.ellensailing.se\/index.php?rest_route=\/wp\/v2\/users\/1"}],"replies":[{"embeddable":true,"href":"https:\/\/www.ellensailing.se\/index.php?rest_route=%2Fwp%2Fv2%2Fcomments&post=3456"}],"version-history":[{"count":1,"href":"https:\/\/www.ellensailing.se\/index.php?rest_route=\/wp\/v2\/posts\/3456\/revisions"}],"predecessor-version":[{"id":3457,"href":"https:\/\/www.ellensailing.se\/index.php?rest_route=\/wp\/v2\/posts\/3456\/revisions\/3457"}],"wp:featuredmedia":[{"embeddable":true,"href":"https:\/\/www.ellensailing.se\/index.php?rest_route=\/wp\/v2\/media\/3432"}],"wp:attachment":[{"href":"https:\/\/www.ellensailing.se\/index.php?rest_route=%2Fwp%2Fv2%2Fmedia&parent=3456"}],"wp:term":[{"taxonomy":"category","embeddable":true,"href":"https:\/\/www.ellensailing.se\/index.php?rest_route=%2Fwp%2Fv2%2Fcategories&post=3456"},{"taxonomy":"post_tag","embeddable":true,"href":"https:\/\/www.ellensailing.se\/index.php?rest_route=%2Fwp%2Fv2%2Ftags&post=3456"}],"curies":[{"name":"wp","href":"https:\/\/api.w.org\/{rel}","templated":true}]}}