{"id":3386,"date":"2023-07-14T11:40:10","date_gmt":"2023-07-14T09:40:10","guid":{"rendered":"https:\/\/www.ellensailing.se\/?p=3386"},"modified":"2023-07-14T11:40:10","modified_gmt":"2023-07-14T09:40:10","slug":"seaplane-harbour-museum","status":"publish","type":"post","link":"https:\/\/www.ellensailing.se\/?p=3386","title":{"rendered":"Seaplane Harbour Museum."},"content":{"rendered":"\n<p class=\"wp-block-paragraph\">Idag b\u00f6rjar Seaplane Harbour festivalen som h\u00e5ller p\u00e5 hela helgen. Det har byggs upp scener och \u00f6l och vinf\u00e4lt \u00f6verallt och det kommer var mycket aktiviteter med upptr\u00e4danden samt kappseglingar. Men vi inledde dagen med Museum bes\u00f6k.<\/p>\n\n\n\n<figure class=\"wp-block-image size-large\"><img data-recalc-dims=\"1\" fetchpriority=\"high\" decoding=\"async\" width=\"840\" height=\"525\" src=\"https:\/\/i0.wp.com\/www.ellensailing.se\/wp-content\/uploads\/2023\/07\/tervitusi-lennusadamast-1.jpg?resize=840%2C525&#038;ssl=1\" class=\"wp-image-3384\" srcset=\"https:\/\/i0.wp.com\/www.ellensailing.se\/wp-content\/uploads\/2023\/07\/tervitusi-lennusadamast-1.jpg?resize=1024%2C640&amp;ssl=1 1024w, https:\/\/i0.wp.com\/www.ellensailing.se\/wp-content\/uploads\/2023\/07\/tervitusi-lennusadamast-1.jpg?resize=300%2C188&amp;ssl=1 300w, https:\/\/i0.wp.com\/www.ellensailing.se\/wp-content\/uploads\/2023\/07\/tervitusi-lennusadamast-1.jpg?resize=768%2C480&amp;ssl=1 768w, https:\/\/i0.wp.com\/www.ellensailing.se\/wp-content\/uploads\/2023\/07\/tervitusi-lennusadamast-1.jpg?resize=1536%2C960&amp;ssl=1 1536w, https:\/\/i0.wp.com\/www.ellensailing.se\/wp-content\/uploads\/2023\/07\/tervitusi-lennusadamast-1.jpg?w=1680&amp;ssl=1 1680w\" sizes=\"(max-width: 840px) 100vw, 840px\" \/><figcaption class=\"wp-element-caption\">Kapten Peter framf\u00f6r ub\u00e5ten Lembit!<\/figcaption><\/figure>\n\n\n\n<p class=\"wp-block-paragraph\">Hangaren \u00e4r renoverad sedan 2009 och museet \u00e4r mycket v\u00e4l v\u00e4rt ett bes\u00f6k. Det \u00e4r f\u00f6rsta g\u00e5ngen som jag g\u00e5r ner i ub\u00e5t och den \u00e4r v\u00e4ldigt gammal fr\u00e5n 1936. Den var ocks\u00e5 en av de mest framg\u00e5ngsrika ub\u00e5tarna och troligtvis den enda kvarlevande fr\u00e5n andra v\u00e4rldskriget.<\/p>\n\n\n\n<figure class=\"wp-block-image size-large\"><img data-recalc-dims=\"1\" decoding=\"async\" width=\"840\" height=\"630\" src=\"https:\/\/i0.wp.com\/www.ellensailing.se\/wp-content\/uploads\/2023\/07\/img_2867-1.jpg?resize=840%2C630&#038;ssl=1\" class=\"wp-image-3385\" srcset=\"https:\/\/i0.wp.com\/www.ellensailing.se\/wp-content\/uploads\/2023\/07\/img_2867-1-scaled.jpg?resize=1024%2C768&amp;ssl=1 1024w, https:\/\/i0.wp.com\/www.ellensailing.se\/wp-content\/uploads\/2023\/07\/img_2867-1-scaled.jpg?resize=300%2C225&amp;ssl=1 300w, https:\/\/i0.wp.com\/www.ellensailing.se\/wp-content\/uploads\/2023\/07\/img_2867-1-scaled.jpg?resize=768%2C576&amp;ssl=1 768w, https:\/\/i0.wp.com\/www.ellensailing.se\/wp-content\/uploads\/2023\/07\/img_2867-1-scaled.jpg?resize=1536%2C1152&amp;ssl=1 1536w, https:\/\/i0.wp.com\/www.ellensailing.se\/wp-content\/uploads\/2023\/07\/img_2867-1-scaled.jpg?resize=2048%2C1536&amp;ssl=1 2048w, https:\/\/i0.wp.com\/www.ellensailing.se\/wp-content\/uploads\/2023\/07\/img_2867-1-scaled.jpg?w=1680&amp;ssl=1 1680w, https:\/\/i0.wp.com\/www.ellensailing.se\/wp-content\/uploads\/2023\/07\/img_2867-1-scaled.jpg?w=2520&amp;ssl=1 2520w\" sizes=\"(max-width: 840px) 100vw, 840px\" \/><figcaption class=\"wp-element-caption\">Torpedluckorna fr\u00e5n Lembit<\/figcaption><\/figure>\n\n\n\n<p class=\"wp-block-paragraph\">Man kan t\u00e4nkas sig f\u00f6rh\u00e5llandena i en s\u00e5dan gammal ub\u00e5t. Den klarade vara under vattnet i ett dygn men elmotorerna klarade inte s\u00e5 m\u00e5nga timmar f\u00f6r full fart fram\u00e5t.<\/p>\n\n\n\n<figure class=\"wp-block-image size-large\"><img data-recalc-dims=\"1\" decoding=\"async\" width=\"840\" height=\"630\" src=\"https:\/\/i0.wp.com\/www.ellensailing.se\/wp-content\/uploads\/2023\/07\/img_2877.jpg?resize=840%2C630&#038;ssl=1\" alt=\"\" class=\"wp-image-3374\" srcset=\"https:\/\/i0.wp.com\/www.ellensailing.se\/wp-content\/uploads\/2023\/07\/img_2877-scaled.jpg?resize=1024%2C768&amp;ssl=1 1024w, https:\/\/i0.wp.com\/www.ellensailing.se\/wp-content\/uploads\/2023\/07\/img_2877-scaled.jpg?resize=300%2C225&amp;ssl=1 300w, https:\/\/i0.wp.com\/www.ellensailing.se\/wp-content\/uploads\/2023\/07\/img_2877-scaled.jpg?resize=768%2C576&amp;ssl=1 768w, https:\/\/i0.wp.com\/www.ellensailing.se\/wp-content\/uploads\/2023\/07\/img_2877-scaled.jpg?resize=1536%2C1152&amp;ssl=1 1536w, https:\/\/i0.wp.com\/www.ellensailing.se\/wp-content\/uploads\/2023\/07\/img_2877-scaled.jpg?resize=2048%2C1536&amp;ssl=1 2048w, https:\/\/i0.wp.com\/www.ellensailing.se\/wp-content\/uploads\/2023\/07\/img_2877-scaled.jpg?w=1680&amp;ssl=1 1680w, https:\/\/i0.wp.com\/www.ellensailing.se\/wp-content\/uploads\/2023\/07\/img_2877-scaled.jpg?w=2520&amp;ssl=1 2520w\" sizes=\"(max-width: 840px) 100vw, 840px\" \/><figcaption class=\"wp-element-caption\">Manskapets sovhytter l\u00e4ngst bak i ub\u00e5ten<\/figcaption><\/figure>\n\n\n\n<figure class=\"wp-block-image size-large\"><img data-recalc-dims=\"1\" loading=\"lazy\" decoding=\"async\" width=\"840\" height=\"630\" src=\"https:\/\/i0.wp.com\/www.ellensailing.se\/wp-content\/uploads\/2023\/07\/img_2875.jpg?resize=840%2C630&#038;ssl=1\" alt=\"\" class=\"wp-image-3377\" srcset=\"https:\/\/i0.wp.com\/www.ellensailing.se\/wp-content\/uploads\/2023\/07\/img_2875-scaled.jpg?resize=1024%2C768&amp;ssl=1 1024w, https:\/\/i0.wp.com\/www.ellensailing.se\/wp-content\/uploads\/2023\/07\/img_2875-scaled.jpg?resize=300%2C225&amp;ssl=1 300w, https:\/\/i0.wp.com\/www.ellensailing.se\/wp-content\/uploads\/2023\/07\/img_2875-scaled.jpg?resize=768%2C576&amp;ssl=1 768w, https:\/\/i0.wp.com\/www.ellensailing.se\/wp-content\/uploads\/2023\/07\/img_2875-scaled.jpg?resize=1536%2C1152&amp;ssl=1 1536w, https:\/\/i0.wp.com\/www.ellensailing.se\/wp-content\/uploads\/2023\/07\/img_2875-scaled.jpg?resize=2048%2C1536&amp;ssl=1 2048w, https:\/\/i0.wp.com\/www.ellensailing.se\/wp-content\/uploads\/2023\/07\/img_2875-scaled.jpg?w=1680&amp;ssl=1 1680w, https:\/\/i0.wp.com\/www.ellensailing.se\/wp-content\/uploads\/2023\/07\/img_2875-scaled.jpg?w=2520&amp;ssl=1 2520w\" sizes=\"(max-width: 840px) 100vw, 840px\" \/><figcaption class=\"wp-element-caption\">Periskopet<\/figcaption><\/figure>\n\n\n\n<figure class=\"wp-block-image size-large\"><img data-recalc-dims=\"1\" loading=\"lazy\" decoding=\"async\" width=\"840\" height=\"630\" src=\"https:\/\/i0.wp.com\/www.ellensailing.se\/wp-content\/uploads\/2023\/07\/img_2874.jpg?resize=840%2C630&#038;ssl=1\" alt=\"\" class=\"wp-image-3379\" srcset=\"https:\/\/i0.wp.com\/www.ellensailing.se\/wp-content\/uploads\/2023\/07\/img_2874-scaled.jpg?resize=1024%2C768&amp;ssl=1 1024w, https:\/\/i0.wp.com\/www.ellensailing.se\/wp-content\/uploads\/2023\/07\/img_2874-scaled.jpg?resize=300%2C225&amp;ssl=1 300w, https:\/\/i0.wp.com\/www.ellensailing.se\/wp-content\/uploads\/2023\/07\/img_2874-scaled.jpg?resize=768%2C576&amp;ssl=1 768w, https:\/\/i0.wp.com\/www.ellensailing.se\/wp-content\/uploads\/2023\/07\/img_2874-scaled.jpg?resize=1536%2C1152&amp;ssl=1 1536w, https:\/\/i0.wp.com\/www.ellensailing.se\/wp-content\/uploads\/2023\/07\/img_2874-scaled.jpg?resize=2048%2C1536&amp;ssl=1 2048w, https:\/\/i0.wp.com\/www.ellensailing.se\/wp-content\/uploads\/2023\/07\/img_2874-scaled.jpg?w=1680&amp;ssl=1 1680w, https:\/\/i0.wp.com\/www.ellensailing.se\/wp-content\/uploads\/2023\/07\/img_2874-scaled.jpg?w=2520&amp;ssl=1 2520w\" sizes=\"(max-width: 840px) 100vw, 840px\" \/><figcaption class=\"wp-element-caption\">Mycket r\u00f6r och prylar \u00f6verallt.<\/figcaption><\/figure>\n\n\n\n<p class=\"wp-block-paragraph\">Vi var ocks\u00e5 ombord p\u00e5 \u00e5ngisbrytaren Suur T\u00f6ll som \u00e4r fr\u00e5n 1914. Den tillh\u00f6rde bland v\u00e4rldens mest kraftfulla isbrytare. Isbrytaren \u00e4r i ett mycket bra skick och man f\u00e5r g\u00e5r runt i alla rum samt komma ner i de tv\u00e5 maskinrummen. Klart imponerande.<\/p>\n\n\n\n<figure class=\"wp-block-image size-large\"><img data-recalc-dims=\"1\" loading=\"lazy\" decoding=\"async\" width=\"840\" height=\"630\" src=\"https:\/\/i0.wp.com\/www.ellensailing.se\/wp-content\/uploads\/2023\/07\/img_2879.jpg?resize=840%2C630&#038;ssl=1\" alt=\"\" class=\"wp-image-3368\" srcset=\"https:\/\/i0.wp.com\/www.ellensailing.se\/wp-content\/uploads\/2023\/07\/img_2879-scaled.jpg?resize=1024%2C768&amp;ssl=1 1024w, https:\/\/i0.wp.com\/www.ellensailing.se\/wp-content\/uploads\/2023\/07\/img_2879-scaled.jpg?resize=300%2C225&amp;ssl=1 300w, https:\/\/i0.wp.com\/www.ellensailing.se\/wp-content\/uploads\/2023\/07\/img_2879-scaled.jpg?resize=768%2C576&amp;ssl=1 768w, https:\/\/i0.wp.com\/www.ellensailing.se\/wp-content\/uploads\/2023\/07\/img_2879-scaled.jpg?resize=1536%2C1152&amp;ssl=1 1536w, https:\/\/i0.wp.com\/www.ellensailing.se\/wp-content\/uploads\/2023\/07\/img_2879-scaled.jpg?resize=2048%2C1536&amp;ssl=1 2048w, https:\/\/i0.wp.com\/www.ellensailing.se\/wp-content\/uploads\/2023\/07\/img_2879-scaled.jpg?w=1680&amp;ssl=1 1680w, https:\/\/i0.wp.com\/www.ellensailing.se\/wp-content\/uploads\/2023\/07\/img_2879-scaled.jpg?w=2520&amp;ssl=1 2520w\" sizes=\"(max-width: 840px) 100vw, 840px\" \/><figcaption class=\"wp-element-caption\">Skorstenarna fr\u00e5n Suur T\u00f6ll. P\u00e5 kajen syns ocks\u00e5 alla t\u00e4lt som st\u00e4llts upp inf\u00f6r festivalen.<\/figcaption><\/figure>\n\n\n\n<figure class=\"wp-block-image size-large\"><img data-recalc-dims=\"1\" loading=\"lazy\" decoding=\"async\" width=\"840\" height=\"630\" src=\"https:\/\/i0.wp.com\/www.ellensailing.se\/wp-content\/uploads\/2023\/07\/img_2882.jpg?resize=840%2C630&#038;ssl=1\" alt=\"\" class=\"wp-image-3381\" srcset=\"https:\/\/i0.wp.com\/www.ellensailing.se\/wp-content\/uploads\/2023\/07\/img_2882-scaled.jpg?resize=1024%2C768&amp;ssl=1 1024w, https:\/\/i0.wp.com\/www.ellensailing.se\/wp-content\/uploads\/2023\/07\/img_2882-scaled.jpg?resize=300%2C225&amp;ssl=1 300w, https:\/\/i0.wp.com\/www.ellensailing.se\/wp-content\/uploads\/2023\/07\/img_2882-scaled.jpg?resize=768%2C576&amp;ssl=1 768w, https:\/\/i0.wp.com\/www.ellensailing.se\/wp-content\/uploads\/2023\/07\/img_2882-scaled.jpg?resize=1536%2C1152&amp;ssl=1 1536w, https:\/\/i0.wp.com\/www.ellensailing.se\/wp-content\/uploads\/2023\/07\/img_2882-scaled.jpg?resize=2048%2C1536&amp;ssl=1 2048w, https:\/\/i0.wp.com\/www.ellensailing.se\/wp-content\/uploads\/2023\/07\/img_2882-scaled.jpg?w=1680&amp;ssl=1 1680w, https:\/\/i0.wp.com\/www.ellensailing.se\/wp-content\/uploads\/2023\/07\/img_2882-scaled.jpg?w=2520&amp;ssl=1 2520w\" sizes=\"(max-width: 840px) 100vw, 840px\" \/><figcaption class=\"wp-element-caption\">F\u00f6rberedelser inf\u00f6r festivalen.<\/figcaption><\/figure>\n","protected":false},"excerpt":{"rendered":"<p>Idag b\u00f6rjar Seaplane Harbour festivalen som h\u00e5ller p\u00e5 hela helgen. Det har byggs upp scener och \u00f6l och vinf\u00e4lt \u00f6verallt[&#8230;]<\/p>\n","protected":false},"author":1,"featured_media":3384,"comment_status":"open","ping_status":"open","sticky":false,"template":"","format":"standard","meta":{"_jetpack_newsletter_access":"","_jetpack_dont_email_post_to_subs":false,"_jetpack_newsletter_tier_id":0,"_jetpack_memberships_contains_paywalled_content":false,"_jetpack_feature_clip_id":0,"_jetpack_memberships_contains_paid_content":false,"footnotes":"","jetpack_publicize_message":"","jetpack_publicize_feature_enabled":true,"jetpack_social_post_already_shared":true,"jetpack_social_options":{"image_generator_settings":{"template":"highway","default_image_id":0,"font":"","enabled":false},"version":2},"jetpack_post_was_ever_published":false},"categories":[31],"tags":[],"class_list":["post-3386","post","type-post","status-publish","format-standard","has-post-thumbnail","hentry","category-segling-2023"],"jetpack_publicize_connections":[],"jetpack_featured_media_url":"https:\/\/i0.wp.com\/www.ellensailing.se\/wp-content\/uploads\/2023\/07\/tervitusi-lennusadamast-1.jpg?fit=1680%2C1050&ssl=1","jetpack_sharing_enabled":true,"jetpack_shortlink":"https:\/\/wp.me\/p5G68R-SC","jetpack-related-posts":[{"id":3366,"url":"https:\/\/www.ellensailing.se\/?p=3366","url_meta":{"origin":3386,"position":0},"title":"Torsk i Tallin!","author":"peter@ellensailing.se","date":"11 juli, 2023","format":false,"excerpt":"Ja det \u00e4r vi nu! Vi kom hit vid 6 tiden p\u00e5 eftermiddagen. V\u00e4derf\u00f6nster s\u00e5g inte bra ut s\u00e5 valde att l\u00e4mna Hang\u00f6 f\u00f6r att g\u00e5 till Tallin! Vi stack v\u00e4ldigt tidigt strax efter klockan 7 f\u00f6r det s\u00e5g ut att kunna bl\u00e5sa r\u00e4tt bra. Men ack vad man kan\u2026","rel":"","context":"I \u201dSegling 2023\u201d","block_context":{"text":"Segling 2023","link":"https:\/\/www.ellensailing.se\/?cat=31"},"img":{"alt_text":"","src":"https:\/\/i0.wp.com\/www.ellensailing.se\/wp-content\/uploads\/2023\/07\/img_2829-scaled.jpg?fit=1200%2C900&ssl=1&resize=350%2C200","width":350,"height":200,"srcset":"https:\/\/i0.wp.com\/www.ellensailing.se\/wp-content\/uploads\/2023\/07\/img_2829-scaled.jpg?fit=1200%2C900&ssl=1&resize=350%2C200 1x, https:\/\/i0.wp.com\/www.ellensailing.se\/wp-content\/uploads\/2023\/07\/img_2829-scaled.jpg?fit=1200%2C900&ssl=1&resize=525%2C300 1.5x, https:\/\/i0.wp.com\/www.ellensailing.se\/wp-content\/uploads\/2023\/07\/img_2829-scaled.jpg?fit=1200%2C900&ssl=1&resize=700%2C400 2x, https:\/\/i0.wp.com\/www.ellensailing.se\/wp-content\/uploads\/2023\/07\/img_2829-scaled.jpg?fit=1200%2C900&ssl=1&resize=1050%2C600 3x"},"classes":[]},{"id":2612,"url":"https:\/\/www.ellensailing.se\/?p=2612","url_meta":{"origin":3386,"position":1},"title":"Ellen lastad och klar!","author":"peter@ellensailing.se","date":"9 maj, 2019","format":false,"excerpt":"Ig\u00e5r s\u00e5 lyftes Ellen upp fr\u00e5n de Karibiska havet upp p\u00e5 lastfartyget Arubaborg. Kess och Anne som bott p\u00e5 Ellen de senaste dagarna v\u00e4cktes av att jag ringde stup i kvarten. Meddelandet att Ellen skulle lyftas som andra b\u00e5t kom v\u00e4ldigt sent men s\u00e5 \u00e4r det i livet. Skepparen Ian.\u2026","rel":"","context":"I \u201dV\u00e4stindien 2019\u201d","block_context":{"text":"V\u00e4stindien 2019","link":"https:\/\/www.ellensailing.se\/?cat=25"},"img":{"alt_text":"","src":"https:\/\/i0.wp.com\/www.ellensailing.se\/wp-content\/uploads\/2019\/05\/99916737-E266-441D-8613-A22282E13198.jpeg?fit=1200%2C900&ssl=1&resize=350%2C200","width":350,"height":200,"srcset":"https:\/\/i0.wp.com\/www.ellensailing.se\/wp-content\/uploads\/2019\/05\/99916737-E266-441D-8613-A22282E13198.jpeg?fit=1200%2C900&ssl=1&resize=350%2C200 1x, https:\/\/i0.wp.com\/www.ellensailing.se\/wp-content\/uploads\/2019\/05\/99916737-E266-441D-8613-A22282E13198.jpeg?fit=1200%2C900&ssl=1&resize=525%2C300 1.5x, https:\/\/i0.wp.com\/www.ellensailing.se\/wp-content\/uploads\/2019\/05\/99916737-E266-441D-8613-A22282E13198.jpeg?fit=1200%2C900&ssl=1&resize=700%2C400 2x, https:\/\/i0.wp.com\/www.ellensailing.se\/wp-content\/uploads\/2019\/05\/99916737-E266-441D-8613-A22282E13198.jpeg?fit=1200%2C900&ssl=1&resize=1050%2C600 3x"},"classes":[]},{"id":1895,"url":"https:\/\/www.ellensailing.se\/?p=1895","url_meta":{"origin":3386,"position":2},"title":"M\u00e5nga jetsets i Antigua","author":"peter@ellensailing.se","date":"6 mars, 2018","format":false,"excerpt":"Vi har idag g\u00e5tt tillbaka till Falmouth Bay, grannviken med English Harbour. H\u00e4r \u00e4r det m\u00e5nga stora jakter. Bland annat ligger Svea som \u00e4r den nya J-Yachten som \u00e4r fr\u00e5n Tore Holms ritbord och troligtvis \u00e4gs av n\u00e5gra svenskar som \u00e4r anonyma. Det gick ut f\u00f6r att segla idag men\u2026","rel":"","context":"I \u201dV\u00e4stindien 2017-2018\u201d","block_context":{"text":"V\u00e4stindien 2017-2018","link":"https:\/\/www.ellensailing.se\/?cat=24"},"img":{"alt_text":"","src":"https:\/\/i0.wp.com\/www.ellensailing.se\/wp-content\/uploads\/2018\/03\/0DD3FD5A-FF91-4202-AFA0-454F3A20255A.jpeg?fit=1200%2C800&ssl=1&resize=350%2C200","width":350,"height":200,"srcset":"https:\/\/i0.wp.com\/www.ellensailing.se\/wp-content\/uploads\/2018\/03\/0DD3FD5A-FF91-4202-AFA0-454F3A20255A.jpeg?fit=1200%2C800&ssl=1&resize=350%2C200 1x, https:\/\/i0.wp.com\/www.ellensailing.se\/wp-content\/uploads\/2018\/03\/0DD3FD5A-FF91-4202-AFA0-454F3A20255A.jpeg?fit=1200%2C800&ssl=1&resize=525%2C300 1.5x, https:\/\/i0.wp.com\/www.ellensailing.se\/wp-content\/uploads\/2018\/03\/0DD3FD5A-FF91-4202-AFA0-454F3A20255A.jpeg?fit=1200%2C800&ssl=1&resize=700%2C400 2x, https:\/\/i0.wp.com\/www.ellensailing.se\/wp-content\/uploads\/2018\/03\/0DD3FD5A-FF91-4202-AFA0-454F3A20255A.jpeg?fit=1200%2C800&ssl=1&resize=1050%2C600 3x"},"classes":[]},{"id":1875,"url":"https:\/\/www.ellensailing.se\/?p=1875","url_meta":{"origin":3386,"position":3},"title":"P\u00e5 g\u00e5ng med konstiga vindar och svall fr\u00e5n Nord!","author":"peter@ellensailing.se","date":"4 mars, 2018","format":false,"excerpt":"Vi har haft det kanon i English Harbour ett par dagar och vi verkligen tveksam om vi skulle flytta oss, men vi beh\u00f6vde g\u00f6ra vatten och t\u00f6mma tankar s\u00e5 vi begav oss iv\u00e4g i morse. Anledningen till att vi var tveksamma \u00e4r att vinden skall g\u00f6ra en 360 med sydliga,\u2026","rel":"","context":"I \u201dV\u00e4stindien 2017-2018\u201d","block_context":{"text":"V\u00e4stindien 2017-2018","link":"https:\/\/www.ellensailing.se\/?cat=24"},"img":{"alt_text":"","src":"https:\/\/i0.wp.com\/www.ellensailing.se\/wp-content\/uploads\/2018\/03\/D957C22C-5892-4FCF-90A0-B40520182026.jpeg?fit=1200%2C900&ssl=1&resize=350%2C200","width":350,"height":200,"srcset":"https:\/\/i0.wp.com\/www.ellensailing.se\/wp-content\/uploads\/2018\/03\/D957C22C-5892-4FCF-90A0-B40520182026.jpeg?fit=1200%2C900&ssl=1&resize=350%2C200 1x, https:\/\/i0.wp.com\/www.ellensailing.se\/wp-content\/uploads\/2018\/03\/D957C22C-5892-4FCF-90A0-B40520182026.jpeg?fit=1200%2C900&ssl=1&resize=525%2C300 1.5x, https:\/\/i0.wp.com\/www.ellensailing.se\/wp-content\/uploads\/2018\/03\/D957C22C-5892-4FCF-90A0-B40520182026.jpeg?fit=1200%2C900&ssl=1&resize=700%2C400 2x, https:\/\/i0.wp.com\/www.ellensailing.se\/wp-content\/uploads\/2018\/03\/D957C22C-5892-4FCF-90A0-B40520182026.jpeg?fit=1200%2C900&ssl=1&resize=1050%2C600 3x"},"classes":[]},{"id":2594,"url":"https:\/\/www.ellensailing.se\/?p=2594","url_meta":{"origin":3386,"position":4},"title":"Det dr\u00e4ller av Arconor i Antiqua!","author":"peter@ellensailing.se","date":"4 maj, 2019","format":false,"excerpt":"Kanske inte d\u00e5 men i allafall tv\u00e5 stycken. Kul att se Grace 2 igen. De \u00e4r ute p\u00e5 sin sista vecka av segling f\u00f6r denna s\u00e4song. F\u00f6r oss ocks\u00e5 s\u00e5 \u00e4r det packning som g\u00e4ller idag. Vi har varit i Antiqua sedan den 23 april och det \u00e4r v\u00e4ldigt fint\u2026","rel":"","context":"I \u201dV\u00e4stindien 2019\u201d","block_context":{"text":"V\u00e4stindien 2019","link":"https:\/\/www.ellensailing.se\/?cat=25"},"img":{"alt_text":"","src":"https:\/\/i0.wp.com\/www.ellensailing.se\/wp-content\/uploads\/2019\/05\/49AC9354-0A0F-4E92-806A-D880CF291EA8.jpeg?fit=1200%2C900&ssl=1&resize=350%2C200","width":350,"height":200,"srcset":"https:\/\/i0.wp.com\/www.ellensailing.se\/wp-content\/uploads\/2019\/05\/49AC9354-0A0F-4E92-806A-D880CF291EA8.jpeg?fit=1200%2C900&ssl=1&resize=350%2C200 1x, https:\/\/i0.wp.com\/www.ellensailing.se\/wp-content\/uploads\/2019\/05\/49AC9354-0A0F-4E92-806A-D880CF291EA8.jpeg?fit=1200%2C900&ssl=1&resize=525%2C300 1.5x, https:\/\/i0.wp.com\/www.ellensailing.se\/wp-content\/uploads\/2019\/05\/49AC9354-0A0F-4E92-806A-D880CF291EA8.jpeg?fit=1200%2C900&ssl=1&resize=700%2C400 2x, https:\/\/i0.wp.com\/www.ellensailing.se\/wp-content\/uploads\/2019\/05\/49AC9354-0A0F-4E92-806A-D880CF291EA8.jpeg?fit=1200%2C900&ssl=1&resize=1050%2C600 3x"},"classes":[]},{"id":1864,"url":"https:\/\/www.ellensailing.se\/?p=1864","url_meta":{"origin":3386,"position":5},"title":"Underbara dagar i Antigua","author":"peter@ellensailing.se","date":"2 mars, 2018","format":false,"excerpt":"Efter allt bl\u00e5sande och st\u00f6k som var p\u00e5 Guadeloupe s\u00e5 har vi nu fantastiska dagar p\u00e5 Antigua. K\u00e4nns som man kommit till Karibien igen men med v\u00e4ldigt mycket lyx. Vi ligger l\u00e4ngst in i Tank Bay i English harbour precis utanf\u00f6r Admirals Innn. Ingen i n\u00e4rheten utan helt sj\u00e4lva. Kan\u2026","rel":"","context":"I \u201dV\u00e4stindien 2017-2018\u201d","block_context":{"text":"V\u00e4stindien 2017-2018","link":"https:\/\/www.ellensailing.se\/?cat=24"},"img":{"alt_text":"","src":"https:\/\/i0.wp.com\/www.ellensailing.se\/wp-content\/uploads\/2018\/03\/FC89195C-ADDB-46A4-854B-AC41E238B0C5.jpeg?fit=1200%2C800&ssl=1&resize=350%2C200","width":350,"height":200,"srcset":"https:\/\/i0.wp.com\/www.ellensailing.se\/wp-content\/uploads\/2018\/03\/FC89195C-ADDB-46A4-854B-AC41E238B0C5.jpeg?fit=1200%2C800&ssl=1&resize=350%2C200 1x, https:\/\/i0.wp.com\/www.ellensailing.se\/wp-content\/uploads\/2018\/03\/FC89195C-ADDB-46A4-854B-AC41E238B0C5.jpeg?fit=1200%2C800&ssl=1&resize=525%2C300 1.5x, https:\/\/i0.wp.com\/www.ellensailing.se\/wp-content\/uploads\/2018\/03\/FC89195C-ADDB-46A4-854B-AC41E238B0C5.jpeg?fit=1200%2C800&ssl=1&resize=700%2C400 2x, https:\/\/i0.wp.com\/www.ellensailing.se\/wp-content\/uploads\/2018\/03\/FC89195C-ADDB-46A4-854B-AC41E238B0C5.jpeg?fit=1200%2C800&ssl=1&resize=1050%2C600 3x"},"classes":[]}],"jetpack_likes_enabled":false,"_links":{"self":[{"href":"https:\/\/www.ellensailing.se\/index.php?rest_route=\/wp\/v2\/posts\/3386","targetHints":{"allow":["GET"]}}],"collection":[{"href":"https:\/\/www.ellensailing.se\/index.php?rest_route=\/wp\/v2\/posts"}],"about":[{"href":"https:\/\/www.ellensailing.se\/index.php?rest_route=\/wp\/v2\/types\/post"}],"author":[{"embeddable":true,"href":"https:\/\/www.ellensailing.se\/index.php?rest_route=\/wp\/v2\/users\/1"}],"replies":[{"embeddable":true,"href":"https:\/\/www.ellensailing.se\/index.php?rest_route=%2Fwp%2Fv2%2Fcomments&post=3386"}],"version-history":[{"count":0,"href":"https:\/\/www.ellensailing.se\/index.php?rest_route=\/wp\/v2\/posts\/3386\/revisions"}],"wp:featuredmedia":[{"embeddable":true,"href":"https:\/\/www.ellensailing.se\/index.php?rest_route=\/wp\/v2\/media\/3384"}],"wp:attachment":[{"href":"https:\/\/www.ellensailing.se\/index.php?rest_route=%2Fwp%2Fv2%2Fmedia&parent=3386"}],"wp:term":[{"taxonomy":"category","embeddable":true,"href":"https:\/\/www.ellensailing.se\/index.php?rest_route=%2Fwp%2Fv2%2Fcategories&post=3386"},{"taxonomy":"post_tag","embeddable":true,"href":"https:\/\/www.ellensailing.se\/index.php?rest_route=%2Fwp%2Fv2%2Ftags&post=3386"}],"curies":[{"name":"wp","href":"https:\/\/api.w.org\/{rel}","templated":true}]}}