{"id":3312,"date":"2023-05-01T15:43:20","date_gmt":"2023-05-01T13:43:20","guid":{"rendered":"https:\/\/www.ellensailing.se\/?p=3312"},"modified":"2023-05-01T15:45:21","modified_gmt":"2023-05-01T13:45:21","slug":"sista-april-i-sandhamn","status":"publish","type":"post","link":"https:\/\/www.ellensailing.se\/?p=3312","title":{"rendered":"Sista april i Sandhamn"},"content":{"rendered":"\n<p class=\"wp-block-paragraph\">H\u00e4rligt med en l\u00e5nghelg p\u00e5 Ellen. Helgen b\u00f6rjade med att vi gick ut till Sand\u00f6n. Vad k\u00e4kade middag i klubbhuset cg d\u00e4r var det livat! <\/p>\n\n\n\n<p class=\"wp-block-paragraph\">Dagen efter seglade vi ut till Sandhamn. Blev en fin str\u00e4cksegling \u00f6ver Kanan. K\u00e4ndes n\u00e4stan som en Arconatr\u00e4ff f\u00f6r det var 5 Arconor i hamnen. H\u00e4rligt med massa kompisar som man har trevligt med. Stort tack f\u00f6r allt. <\/p>\n\n\n\n<p class=\"wp-block-paragraph\">Sista april gick vi med i fackelt\u00e5get och t\u00e4nde brasan, galet med folk! Hamnade p\u00e5 dykarbaren p\u00e5 v\u00e4g hem. Blev tidig avmarsch i morse d\u00e5 Jackline skall till Falk\u00f6ping.<\/p>\n\n\n\n<figure class=\"wp-block-video\"><video height=\"1080\" style=\"aspect-ratio: 1920 \/ 1080;\" width=\"1920\" controls src=\"https:\/\/www.ellensailing.se\/wp-content\/uploads\/2023\/05\/magisk-film.mp4\"><\/video><\/figure>\n","protected":false},"excerpt":{"rendered":"<p>H\u00e4rligt med en l\u00e5nghelg p\u00e5 Ellen. Helgen b\u00f6rjade med att vi gick ut till Sand\u00f6n. Vad k\u00e4kade middag i klubbhuset[&#8230;]<\/p>\n","protected":false},"author":1,"featured_media":3313,"comment_status":"open","ping_status":"open","sticky":false,"template":"","format":"standard","meta":{"_jetpack_newsletter_access":"","_jetpack_dont_email_post_to_subs":false,"_jetpack_newsletter_tier_id":0,"_jetpack_memberships_contains_paywalled_content":false,"_jetpack_feature_clip_id":0,"_jetpack_memberships_contains_paid_content":false,"footnotes":"","jetpack_publicize_message":"","jetpack_publicize_feature_enabled":true,"jetpack_social_post_already_shared":true,"jetpack_social_options":{"image_generator_settings":{"template":"highway","default_image_id":0,"font":"","enabled":false},"version":2},"jetpack_post_was_ever_published":false},"categories":[31],"tags":[],"class_list":["post-3312","post","type-post","status-publish","format-standard","has-post-thumbnail","hentry","category-segling-2023"],"jetpack_publicize_connections":[],"jetpack_featured_media_url":"https:\/\/i0.wp.com\/www.ellensailing.se\/wp-content\/uploads\/2023\/05\/img_2598-scaled.jpg?fit=2560%2C1920&ssl=1","jetpack_sharing_enabled":true,"jetpack_shortlink":"https:\/\/wp.me\/p5G68R-Rq","jetpack-related-posts":[{"id":1298,"url":"https:\/\/www.ellensailing.se\/?p=1298","url_meta":{"origin":3312,"position":0},"title":"Sista utposten i Spanien blev Baiona, d\u00e4refter har vi g\u00e5tt till Portugal.","author":"peter@ellensailing.se","date":"18 september, 2017","format":false,"excerpt":"Efter helt underbara dagar p\u00e5 Isla Cies s\u00e5 seglade vi ner mot Baiona. Som vanligt ingen vind men vi hade i alla fall medvind. Vi kom in till Baiona p\u00e5 tidig eftermiddag vilket var planen. Vi har haft ett vattenl\u00e4ckage p\u00e5 s\u00f6tvatten s\u00e5 vi best\u00e4mde oss f\u00f6r att riva bort\u2026","rel":"","context":"I \u201dH\u00f6st 2017 till Grand Canrias.\u201d","block_context":{"text":"H\u00f6st 2017 till Grand Canrias.","link":"https:\/\/www.ellensailing.se\/?cat=22"},"img":{"alt_text":"","src":"https:\/\/i0.wp.com\/www.ellensailing.se\/wp-content\/uploads\/2017\/09\/DSC2681.jpg?fit=1200%2C802&ssl=1&resize=350%2C200","width":350,"height":200,"srcset":"https:\/\/i0.wp.com\/www.ellensailing.se\/wp-content\/uploads\/2017\/09\/DSC2681.jpg?fit=1200%2C802&ssl=1&resize=350%2C200 1x, https:\/\/i0.wp.com\/www.ellensailing.se\/wp-content\/uploads\/2017\/09\/DSC2681.jpg?fit=1200%2C802&ssl=1&resize=525%2C300 1.5x, https:\/\/i0.wp.com\/www.ellensailing.se\/wp-content\/uploads\/2017\/09\/DSC2681.jpg?fit=1200%2C802&ssl=1&resize=700%2C400 2x, https:\/\/i0.wp.com\/www.ellensailing.se\/wp-content\/uploads\/2017\/09\/DSC2681.jpg?fit=1200%2C802&ssl=1&resize=1050%2C600 3x"},"classes":[]},{"id":1938,"url":"https:\/\/www.ellensailing.se\/?p=1938","url_meta":{"origin":3312,"position":1},"title":"Dominica f\u00f6r andra g\u00e5ngen","author":"peter@ellensailing.se","date":"19 mars, 2018","format":false,"excerpt":"Onsdagen den 14 mars s\u00e5 seglade vi ner fr\u00e5n Gudalope och Basse Terre till Dominica. I Basse Terre tr\u00e4ffade vi Indian Summer som vi inte s\u00e4tt sedan l\u00e4nge. Blev mycket utbyte av olika erfarenheter. Deras \u00e4ldsta son Hilmer tog dykcertifikat i Carriacou och det f\u00e5r nog bli d\u00e4r som jag\u2026","rel":"","context":"I \u201dV\u00e4stindien 2017-2018\u201d","block_context":{"text":"V\u00e4stindien 2017-2018","link":"https:\/\/www.ellensailing.se\/?cat=24"},"img":{"alt_text":"","src":"https:\/\/i0.wp.com\/www.ellensailing.se\/wp-content\/uploads\/2018\/03\/4989A253-81F2-4A41-9E8A-72CFABDAF6FD.jpeg?fit=1200%2C800&ssl=1&resize=350%2C200","width":350,"height":200,"srcset":"https:\/\/i0.wp.com\/www.ellensailing.se\/wp-content\/uploads\/2018\/03\/4989A253-81F2-4A41-9E8A-72CFABDAF6FD.jpeg?fit=1200%2C800&ssl=1&resize=350%2C200 1x, https:\/\/i0.wp.com\/www.ellensailing.se\/wp-content\/uploads\/2018\/03\/4989A253-81F2-4A41-9E8A-72CFABDAF6FD.jpeg?fit=1200%2C800&ssl=1&resize=525%2C300 1.5x, https:\/\/i0.wp.com\/www.ellensailing.se\/wp-content\/uploads\/2018\/03\/4989A253-81F2-4A41-9E8A-72CFABDAF6FD.jpeg?fit=1200%2C800&ssl=1&resize=700%2C400 2x, https:\/\/i0.wp.com\/www.ellensailing.se\/wp-content\/uploads\/2018\/03\/4989A253-81F2-4A41-9E8A-72CFABDAF6FD.jpeg?fit=1200%2C800&ssl=1&resize=1050%2C600 3x"},"classes":[]},{"id":478,"url":"https:\/\/www.ellensailing.se\/?p=478","url_meta":{"origin":3312,"position":2},"title":"Szczecin, eller Stettin som det kallas p\u00e5 Svenska.","author":"peter@ellensailing.se","date":"7 juli, 2015","format":false,"excerpt":"Har haft en h\u00e4rlig dag med \u00e5terigen kanonv\u00e4der. Gick f\u00f6rst 8 Nm i kanaler f\u00f6r att komma ut p\u00e5 Wielki Zalew eller Stettiner Haff. Bl\u00e5ste inte mycket men sedan blev det Code O och n\u00e4stan 9 knop. Har kommit ner efter 40 Nm p\u00e5 m\u00e4stadels kanaler. Nu \u00e4r vi l\u00e4ngtst\u2026","rel":"","context":"I \u201dSommar 2015\u201d","block_context":{"text":"Sommar 2015","link":"https:\/\/www.ellensailing.se\/?cat=4"},"img":{"alt_text":"","src":"https:\/\/i0.wp.com\/www.ellensailing.se\/wp-content\/uploads\/2015\/07\/DSC_1009.jpg?fit=1200%2C797&ssl=1&resize=350%2C200","width":350,"height":200,"srcset":"https:\/\/i0.wp.com\/www.ellensailing.se\/wp-content\/uploads\/2015\/07\/DSC_1009.jpg?fit=1200%2C797&ssl=1&resize=350%2C200 1x, https:\/\/i0.wp.com\/www.ellensailing.se\/wp-content\/uploads\/2015\/07\/DSC_1009.jpg?fit=1200%2C797&ssl=1&resize=525%2C300 1.5x, https:\/\/i0.wp.com\/www.ellensailing.se\/wp-content\/uploads\/2015\/07\/DSC_1009.jpg?fit=1200%2C797&ssl=1&resize=700%2C400 2x, https:\/\/i0.wp.com\/www.ellensailing.se\/wp-content\/uploads\/2015\/07\/DSC_1009.jpg?fit=1200%2C797&ssl=1&resize=1050%2C600 3x"},"classes":[]},{"id":1114,"url":"https:\/\/www.ellensailing.se\/?p=1114","url_meta":{"origin":3312,"position":3},"title":"Flytten har g\u00e5tt till magasinet och Amerikanska visumet \u00e4r klart","author":"peter@ellensailing.se","date":"14 april, 2017","format":false,"excerpt":"Nu har flyttlasset g\u00e5tt fr\u00e5n v\u00e5rt boende till Magasinet. Vi b\u00f6rjade redan i h\u00f6stas att rensa rum f\u00f6r rum. Vi har fyllt sl\u00e4pet med skr\u00e4p och \u00e5kt minst fyra v\u00e4ndor. Massor med sk\u00e4p blir det. Dessutom har vi skickat iv\u00e4g saker som vi tror kan beh\u00f6vas av andra och kan\u2026","rel":"","context":"I \u201dB\u00e5ten p\u00e5 land\u201d","block_context":{"text":"B\u00e5ten p\u00e5 land","link":"https:\/\/www.ellensailing.se\/?cat=3"},"img":{"alt_text":"","src":"https:\/\/i0.wp.com\/www.ellensailing.se\/wp-content\/uploads\/2017\/04\/usaflagga.jpg?fit=849%2C488&ssl=1&resize=350%2C200","width":350,"height":200,"srcset":"https:\/\/i0.wp.com\/www.ellensailing.se\/wp-content\/uploads\/2017\/04\/usaflagga.jpg?fit=849%2C488&ssl=1&resize=350%2C200 1x, https:\/\/i0.wp.com\/www.ellensailing.se\/wp-content\/uploads\/2017\/04\/usaflagga.jpg?fit=849%2C488&ssl=1&resize=525%2C300 1.5x, https:\/\/i0.wp.com\/www.ellensailing.se\/wp-content\/uploads\/2017\/04\/usaflagga.jpg?fit=849%2C488&ssl=1&resize=700%2C400 2x"},"classes":[]},{"id":3842,"url":"https:\/\/www.ellensailing.se\/?p=3842","url_meta":{"origin":3312,"position":4},"title":"Semester igen","author":"peter@ellensailing.se","date":"14 juli, 2025","format":false,"excerpt":"Har varit d\u00e5lig p\u00e5 att l\u00e4gga ut men skall b\u00e4ttra oss. Vi har nu varit ute i en och en halv vecka. Vi gick \u00f6ver fr\u00e5n N\u00e5ttar\u00f6 f\u00f6rra torsdagen till Lickershamn. Vi hade det bl\u00e5sit d\u00e4r och l\u00e5g l\u00e5ngsides men det ryckte en del. J\u00e4tte h\u00e4rlig kv\u00e4ll med solnedg\u00e5ng i\u2026","rel":"","context":"I \u201dSegling 2025\u201d","block_context":{"text":"Segling 2025","link":"https:\/\/www.ellensailing.se\/?cat=34"},"img":{"alt_text":"","src":"https:\/\/i0.wp.com\/www.ellensailing.se\/wp-content\/uploads\/2025\/07\/IMG_1501-scaled.jpg?fit=1200%2C900&ssl=1&resize=350%2C200","width":350,"height":200,"srcset":"https:\/\/i0.wp.com\/www.ellensailing.se\/wp-content\/uploads\/2025\/07\/IMG_1501-scaled.jpg?fit=1200%2C900&ssl=1&resize=350%2C200 1x, https:\/\/i0.wp.com\/www.ellensailing.se\/wp-content\/uploads\/2025\/07\/IMG_1501-scaled.jpg?fit=1200%2C900&ssl=1&resize=525%2C300 1.5x, https:\/\/i0.wp.com\/www.ellensailing.se\/wp-content\/uploads\/2025\/07\/IMG_1501-scaled.jpg?fit=1200%2C900&ssl=1&resize=700%2C400 2x, https:\/\/i0.wp.com\/www.ellensailing.se\/wp-content\/uploads\/2025\/07\/IMG_1501-scaled.jpg?fit=1200%2C900&ssl=1&resize=1050%2C600 3x"},"classes":[]},{"id":2032,"url":"https:\/\/www.ellensailing.se\/?p=2032","url_meta":{"origin":3312,"position":5},"title":"Glad p\u00e5sk alla f\u00f6ljare av Ellen","author":"peter@ellensailing.se","date":"30 mars, 2018","format":false,"excerpt":"Glad P\u00e5sk \u00f6nskar vi p\u00e5 Ellen fr\u00e5n Mustique. Idag har det varit slappardag med att l\u00e4sa bok p\u00e5 stranden och bara ha det sk\u00f6nt. Det \u00e4r superlugnt och vi m\u00e5r toppen. Vi har nu lagt rutten f\u00f6r den sista tiden och det kommer inte bli n\u00e5gon stress och jag tror\u2026","rel":"","context":"I \u201dV\u00e4stindien 2017-2018\u201d","block_context":{"text":"V\u00e4stindien 2017-2018","link":"https:\/\/www.ellensailing.se\/?cat=24"},"img":{"alt_text":"Tobago Keys","src":"https:\/\/i0.wp.com\/www.ellensailing.se\/wp-content\/uploads\/2018\/03\/BF95F67B-B7F1-4E9B-A781-27E22F1AADCC.jpeg?fit=1200%2C900&ssl=1&resize=350%2C200","width":350,"height":200,"srcset":"https:\/\/i0.wp.com\/www.ellensailing.se\/wp-content\/uploads\/2018\/03\/BF95F67B-B7F1-4E9B-A781-27E22F1AADCC.jpeg?fit=1200%2C900&ssl=1&resize=350%2C200 1x, https:\/\/i0.wp.com\/www.ellensailing.se\/wp-content\/uploads\/2018\/03\/BF95F67B-B7F1-4E9B-A781-27E22F1AADCC.jpeg?fit=1200%2C900&ssl=1&resize=525%2C300 1.5x, https:\/\/i0.wp.com\/www.ellensailing.se\/wp-content\/uploads\/2018\/03\/BF95F67B-B7F1-4E9B-A781-27E22F1AADCC.jpeg?fit=1200%2C900&ssl=1&resize=700%2C400 2x, https:\/\/i0.wp.com\/www.ellensailing.se\/wp-content\/uploads\/2018\/03\/BF95F67B-B7F1-4E9B-A781-27E22F1AADCC.jpeg?fit=1200%2C900&ssl=1&resize=1050%2C600 3x"},"classes":[]}],"jetpack_likes_enabled":false,"_links":{"self":[{"href":"https:\/\/www.ellensailing.se\/index.php?rest_route=\/wp\/v2\/posts\/3312","targetHints":{"allow":["GET"]}}],"collection":[{"href":"https:\/\/www.ellensailing.se\/index.php?rest_route=\/wp\/v2\/posts"}],"about":[{"href":"https:\/\/www.ellensailing.se\/index.php?rest_route=\/wp\/v2\/types\/post"}],"author":[{"embeddable":true,"href":"https:\/\/www.ellensailing.se\/index.php?rest_route=\/wp\/v2\/users\/1"}],"replies":[{"embeddable":true,"href":"https:\/\/www.ellensailing.se\/index.php?rest_route=%2Fwp%2Fv2%2Fcomments&post=3312"}],"version-history":[{"count":1,"href":"https:\/\/www.ellensailing.se\/index.php?rest_route=\/wp\/v2\/posts\/3312\/revisions"}],"predecessor-version":[{"id":3315,"href":"https:\/\/www.ellensailing.se\/index.php?rest_route=\/wp\/v2\/posts\/3312\/revisions\/3315"}],"wp:featuredmedia":[{"embeddable":true,"href":"https:\/\/www.ellensailing.se\/index.php?rest_route=\/wp\/v2\/media\/3313"}],"wp:attachment":[{"href":"https:\/\/www.ellensailing.se\/index.php?rest_route=%2Fwp%2Fv2%2Fmedia&parent=3312"}],"wp:term":[{"taxonomy":"category","embeddable":true,"href":"https:\/\/www.ellensailing.se\/index.php?rest_route=%2Fwp%2Fv2%2Fcategories&post=3312"},{"taxonomy":"post_tag","embeddable":true,"href":"https:\/\/www.ellensailing.se\/index.php?rest_route=%2Fwp%2Fv2%2Ftags&post=3312"}],"curies":[{"name":"wp","href":"https:\/\/api.w.org\/{rel}","templated":true}]}}