{"id":3302,"date":"2023-04-15T18:08:20","date_gmt":"2023-04-15T16:08:20","guid":{"rendered":"https:\/\/www.ellensailing.se\/?p=3302"},"modified":"2023-04-17T19:26:56","modified_gmt":"2023-04-17T17:26:56","slug":"fardig-for-seglats","status":"publish","type":"post","link":"https:\/\/www.ellensailing.se\/?p=3302","title":{"rendered":"F\u00e4rdig f\u00f6r seglats"},"content":{"rendered":"\n<p class=\"wp-block-paragraph\">Hela dagen har vi h\u00e5llit p\u00e5 med b\u00e5ten. Alla segel \u00e4r p\u00e5 plats. Var en tur uppe i masten f\u00f6r att s\u00e4tta dit windex och vindgivaren.<\/p>\n\n\n\n<p class=\"wp-block-paragraph\">Har ocks\u00e5 servat motor med filter byten och olja. Impellern st\u00f6kade lite f\u00f6r oss s\u00e5 det kom inte n\u00e5got kylvatten. G\u00f6r om och g\u00f6r r\u00e4tt! Den tog in tjuvluft vid locket men funkar allt!<\/p>\n\n\n\n<figure class=\"wp-block-image size-large\"><img data-recalc-dims=\"1\" fetchpriority=\"high\" decoding=\"async\" width=\"768\" height=\"1024\" src=\"https:\/\/i0.wp.com\/www.ellensailing.se\/wp-content\/uploads\/2023\/04\/img_2560.jpg?resize=768%2C1024&#038;ssl=1\" alt=\"\" class=\"wp-image-3298\" srcset=\"https:\/\/i0.wp.com\/www.ellensailing.se\/wp-content\/uploads\/2023\/04\/img_2560-scaled.jpg?resize=768%2C1024&amp;ssl=1 768w, https:\/\/i0.wp.com\/www.ellensailing.se\/wp-content\/uploads\/2023\/04\/img_2560-scaled.jpg?resize=225%2C300&amp;ssl=1 225w, https:\/\/i0.wp.com\/www.ellensailing.se\/wp-content\/uploads\/2023\/04\/img_2560-scaled.jpg?resize=1152%2C1536&amp;ssl=1 1152w, https:\/\/i0.wp.com\/www.ellensailing.se\/wp-content\/uploads\/2023\/04\/img_2560-scaled.jpg?resize=1536%2C2048&amp;ssl=1 1536w, https:\/\/i0.wp.com\/www.ellensailing.se\/wp-content\/uploads\/2023\/04\/img_2560-scaled.jpg?w=1920&amp;ssl=1 1920w, https:\/\/i0.wp.com\/www.ellensailing.se\/wp-content\/uploads\/2023\/04\/img_2560-scaled.jpg?w=1680&amp;ssl=1 1680w\" sizes=\"(max-width: 768px) 100vw, 768px\" \/><figcaption class=\"wp-element-caption\">Jackline vid andra spridarnas<\/figcaption><\/figure>\n\n\n\n<p class=\"wp-block-paragraph\">Vi ha ocks\u00e5 tagit med Sj\u00f6st\u00e4ll och allt som beh\u00f6vs till n\u00e4sta veckas segling<\/p>\n\n\n\n<figure class=\"wp-block-image size-large\"><img data-recalc-dims=\"1\" decoding=\"async\" width=\"840\" height=\"630\" src=\"https:\/\/i0.wp.com\/www.ellensailing.se\/wp-content\/uploads\/2023\/04\/img_2562.jpg?resize=840%2C630&#038;ssl=1\" alt=\"\" class=\"wp-image-3300\" srcset=\"https:\/\/i0.wp.com\/www.ellensailing.se\/wp-content\/uploads\/2023\/04\/img_2562-scaled.jpg?resize=1024%2C768&amp;ssl=1 1024w, https:\/\/i0.wp.com\/www.ellensailing.se\/wp-content\/uploads\/2023\/04\/img_2562-scaled.jpg?resize=300%2C225&amp;ssl=1 300w, https:\/\/i0.wp.com\/www.ellensailing.se\/wp-content\/uploads\/2023\/04\/img_2562-scaled.jpg?resize=768%2C576&amp;ssl=1 768w, https:\/\/i0.wp.com\/www.ellensailing.se\/wp-content\/uploads\/2023\/04\/img_2562-scaled.jpg?resize=1536%2C1152&amp;ssl=1 1536w, https:\/\/i0.wp.com\/www.ellensailing.se\/wp-content\/uploads\/2023\/04\/img_2562-scaled.jpg?resize=2048%2C1536&amp;ssl=1 2048w, https:\/\/i0.wp.com\/www.ellensailing.se\/wp-content\/uploads\/2023\/04\/img_2562-scaled.jpg?w=1680&amp;ssl=1 1680w, https:\/\/i0.wp.com\/www.ellensailing.se\/wp-content\/uploads\/2023\/04\/img_2562-scaled.jpg?w=2520&amp;ssl=1 2520w\" sizes=\"(max-width: 840px) 100vw, 840px\" \/><figcaption class=\"wp-element-caption\">Ellen klar<\/figcaption><\/figure>\n\n\n\n<p class=\"wp-block-paragraph\">Finska polisen har k\u00f6pt tv\u00e5 Marielle som h\u00e5ller p\u00e5 att leverans fixas. Har varit fullt drag vid bryggan idag.<\/p>\n\n\n\n<figure class=\"wp-block-image size-large\"><img data-recalc-dims=\"1\" decoding=\"async\" width=\"840\" height=\"630\" src=\"https:\/\/i0.wp.com\/www.ellensailing.se\/wp-content\/uploads\/2023\/04\/img_2558.jpg?resize=840%2C630&#038;ssl=1\" alt=\"\" class=\"wp-image-3299\" srcset=\"https:\/\/i0.wp.com\/www.ellensailing.se\/wp-content\/uploads\/2023\/04\/img_2558-scaled.jpg?resize=1024%2C768&amp;ssl=1 1024w, https:\/\/i0.wp.com\/www.ellensailing.se\/wp-content\/uploads\/2023\/04\/img_2558-scaled.jpg?resize=300%2C225&amp;ssl=1 300w, https:\/\/i0.wp.com\/www.ellensailing.se\/wp-content\/uploads\/2023\/04\/img_2558-scaled.jpg?resize=768%2C576&amp;ssl=1 768w, https:\/\/i0.wp.com\/www.ellensailing.se\/wp-content\/uploads\/2023\/04\/img_2558-scaled.jpg?resize=1536%2C1152&amp;ssl=1 1536w, https:\/\/i0.wp.com\/www.ellensailing.se\/wp-content\/uploads\/2023\/04\/img_2558-scaled.jpg?resize=2048%2C1536&amp;ssl=1 2048w, https:\/\/i0.wp.com\/www.ellensailing.se\/wp-content\/uploads\/2023\/04\/img_2558-scaled.jpg?w=1680&amp;ssl=1 1680w, https:\/\/i0.wp.com\/www.ellensailing.se\/wp-content\/uploads\/2023\/04\/img_2558-scaled.jpg?w=2520&amp;ssl=1 2520w\" sizes=\"(max-width: 840px) 100vw, 840px\" \/><figcaption class=\"wp-element-caption\">Norska polisens nya b\u00e5tar fr\u00e5n Marell. <\/figcaption><\/figure>\n\n\n\n<figure class=\"wp-block-image size-large\"><img data-recalc-dims=\"1\" loading=\"lazy\" decoding=\"async\" width=\"768\" height=\"1024\" src=\"https:\/\/i0.wp.com\/www.ellensailing.se\/wp-content\/uploads\/2023\/04\/img_2556.jpg?resize=768%2C1024&#038;ssl=1\" alt=\"\" class=\"wp-image-3301\" srcset=\"https:\/\/i0.wp.com\/www.ellensailing.se\/wp-content\/uploads\/2023\/04\/img_2556-scaled.jpg?resize=768%2C1024&amp;ssl=1 768w, https:\/\/i0.wp.com\/www.ellensailing.se\/wp-content\/uploads\/2023\/04\/img_2556-scaled.jpg?resize=225%2C300&amp;ssl=1 225w, https:\/\/i0.wp.com\/www.ellensailing.se\/wp-content\/uploads\/2023\/04\/img_2556-scaled.jpg?resize=1152%2C1536&amp;ssl=1 1152w, https:\/\/i0.wp.com\/www.ellensailing.se\/wp-content\/uploads\/2023\/04\/img_2556-scaled.jpg?resize=1536%2C2048&amp;ssl=1 1536w, https:\/\/i0.wp.com\/www.ellensailing.se\/wp-content\/uploads\/2023\/04\/img_2556-scaled.jpg?w=1920&amp;ssl=1 1920w, https:\/\/i0.wp.com\/www.ellensailing.se\/wp-content\/uploads\/2023\/04\/img_2556-scaled.jpg?w=1680&amp;ssl=1 1680w\" sizes=\"(max-width: 768px) 100vw, 768px\" \/><figcaption class=\"wp-element-caption\">Det \u00e4r h\u00f6gt upp och jag \u00e4r h\u00f6jdr\u00e4dd<\/figcaption><\/figure>\n","protected":false},"excerpt":{"rendered":"<p>Hela dagen har vi h\u00e5llit p\u00e5 med b\u00e5ten. Alla segel \u00e4r p\u00e5 plats. Var en tur uppe i masten f\u00f6r[&#8230;]<\/p>\n","protected":false},"author":1,"featured_media":3301,"comment_status":"open","ping_status":"open","sticky":false,"template":"","format":"standard","meta":{"_jetpack_newsletter_access":"","_jetpack_dont_email_post_to_subs":false,"_jetpack_newsletter_tier_id":0,"_jetpack_memberships_contains_paywalled_content":false,"_jetpack_feature_clip_id":0,"_jetpack_memberships_contains_paid_content":false,"footnotes":"","jetpack_publicize_message":"","jetpack_publicize_feature_enabled":true,"jetpack_social_post_already_shared":true,"jetpack_social_options":{"image_generator_settings":{"template":"highway","default_image_id":0,"font":"","enabled":false},"version":2},"jetpack_post_was_ever_published":false},"categories":[31],"tags":[],"class_list":["post-3302","post","type-post","status-publish","format-standard","has-post-thumbnail","hentry","category-segling-2023"],"jetpack_publicize_connections":[],"jetpack_featured_media_url":"https:\/\/i0.wp.com\/www.ellensailing.se\/wp-content\/uploads\/2023\/04\/img_2556-scaled.jpg?fit=1920%2C2560&ssl=1","jetpack_sharing_enabled":true,"jetpack_shortlink":"https:\/\/wp.me\/p5G68R-Rg","jetpack-related-posts":[{"id":3332,"url":"https:\/\/www.ellensailing.se\/?p=3332","url_meta":{"origin":3302,"position":0},"title":"F\u00f6rsta seglingen efter operation","author":"peter@ellensailing.se","date":"19 juni, 2023","format":false,"excerpt":"Nu i helgen var det f\u00f6rsta g\u00e5ngen sedan min h\u00f6ftoperation som vi provade att segla. Det var en underbar helg och vi kryssade ut till Sand\u00f6n och v\u00e5r klubbholme. Det \u00e4r ganska bra d\u00e4r med bryggor och n\u00f6dv\u00e4ndiga faciliteter. Sand\u00f6n var n\u00e4stan helt belagt med b\u00e5tar, gissar att det var\u2026","rel":"","context":"I \u201dSegling 2023\u201d","block_context":{"text":"Segling 2023","link":"https:\/\/www.ellensailing.se\/?cat=31"},"img":{"alt_text":"","src":"https:\/\/i0.wp.com\/www.ellensailing.se\/wp-content\/uploads\/2023\/06\/IMG_2688-scaled.jpg?fit=1200%2C900&ssl=1&resize=350%2C200","width":350,"height":200,"srcset":"https:\/\/i0.wp.com\/www.ellensailing.se\/wp-content\/uploads\/2023\/06\/IMG_2688-scaled.jpg?fit=1200%2C900&ssl=1&resize=350%2C200 1x, https:\/\/i0.wp.com\/www.ellensailing.se\/wp-content\/uploads\/2023\/06\/IMG_2688-scaled.jpg?fit=1200%2C900&ssl=1&resize=525%2C300 1.5x, https:\/\/i0.wp.com\/www.ellensailing.se\/wp-content\/uploads\/2023\/06\/IMG_2688-scaled.jpg?fit=1200%2C900&ssl=1&resize=700%2C400 2x, https:\/\/i0.wp.com\/www.ellensailing.se\/wp-content\/uploads\/2023\/06\/IMG_2688-scaled.jpg?fit=1200%2C900&ssl=1&resize=1050%2C600 3x"},"classes":[]},{"id":3162,"url":"https:\/\/www.ellensailing.se\/?p=3162","url_meta":{"origin":3302,"position":1},"title":"Ag\u00f6n, \u00d6regrund och Arholma","author":"peter@ellensailing.se","date":"20 juli, 2021","format":false,"excerpt":"Allt s\u00e5g perfekt ut, en perfekt plan men det \u00e4r inte alltid det blir som man planerat. Efter Mellanfj\u00e4rd seglade vi ner till Ag\u00f6n som skulle vara v\u00e5r utg\u00e5ngsplats f\u00f6r seglingen ner till \u00d6regrund. Ag\u00f6n ligger utanf\u00f6r Hudiksvall och det var h\u00e4r v\u00e5rt drev pajade. Mellanfj\u00e4rd Seglingen ditner var som\u2026","rel":"","context":"I \u201dSegling 2021\u201d","block_context":{"text":"Segling 2021","link":"https:\/\/www.ellensailing.se\/?cat=28"},"img":{"alt_text":"","src":"https:\/\/i0.wp.com\/www.ellensailing.se\/wp-content\/uploads\/2021\/07\/img_0379-1-scaled.jpg?fit=1200%2C900&ssl=1&resize=350%2C200","width":350,"height":200,"srcset":"https:\/\/i0.wp.com\/www.ellensailing.se\/wp-content\/uploads\/2021\/07\/img_0379-1-scaled.jpg?fit=1200%2C900&ssl=1&resize=350%2C200 1x, https:\/\/i0.wp.com\/www.ellensailing.se\/wp-content\/uploads\/2021\/07\/img_0379-1-scaled.jpg?fit=1200%2C900&ssl=1&resize=525%2C300 1.5x, https:\/\/i0.wp.com\/www.ellensailing.se\/wp-content\/uploads\/2021\/07\/img_0379-1-scaled.jpg?fit=1200%2C900&ssl=1&resize=700%2C400 2x, https:\/\/i0.wp.com\/www.ellensailing.se\/wp-content\/uploads\/2021\/07\/img_0379-1-scaled.jpg?fit=1200%2C900&ssl=1&resize=1050%2C600 3x"},"classes":[]},{"id":3401,"url":"https:\/\/www.ellensailing.se\/?p=3401","url_meta":{"origin":3302,"position":2},"title":"Tillbaka i Sverige via \u00c5land.","author":"peter@ellensailing.se","date":"26 juli, 2023","format":false,"excerpt":"Nu b\u00f6rjar det lida mot sitt slut f\u00f6r segelsemestern. Vi gick \u00f6ver till Dag\u00f6, f\u00f6rst till Heltermaa-K\u00e4rdla-Luidja och sedan till K\u00e4rdla Marina. Fr\u00e5n K\u00e4rdla som skota vi f\u00f6r kryss och str\u00e4ckte upp till K\u00f6kar. Det blev en fin dag med ganska j\u00e4mna vindar p\u00e5 ca 11-17 knop. Helt perfekt! Det\u2026","rel":"","context":"I \u201dSegling 2023\u201d","block_context":{"text":"Segling 2023","link":"https:\/\/www.ellensailing.se\/?cat=31"},"img":{"alt_text":"","src":"https:\/\/i0.wp.com\/www.ellensailing.se\/wp-content\/uploads\/2023\/07\/img_1148-scaled.jpg?fit=900%2C1200&ssl=1&resize=350%2C200","width":350,"height":200,"srcset":"https:\/\/i0.wp.com\/www.ellensailing.se\/wp-content\/uploads\/2023\/07\/img_1148-scaled.jpg?fit=900%2C1200&ssl=1&resize=350%2C200 1x, https:\/\/i0.wp.com\/www.ellensailing.se\/wp-content\/uploads\/2023\/07\/img_1148-scaled.jpg?fit=900%2C1200&ssl=1&resize=525%2C300 1.5x, https:\/\/i0.wp.com\/www.ellensailing.se\/wp-content\/uploads\/2023\/07\/img_1148-scaled.jpg?fit=900%2C1200&ssl=1&resize=700%2C400 2x"},"classes":[]},{"id":1536,"url":"https:\/\/www.ellensailing.se\/?p=1536","url_meta":{"origin":3302,"position":3},"title":"F\u00f6rberedelser inf\u00f6r ARCen","author":"peter@ellensailing.se","date":"12 november, 2017","format":false,"excerpt":"Nu har vi varit i Las Palmas en vecka f\u00f6r att f\u00f6rbereda oss inf\u00f6r starten p\u00e5 \u00e5rets ARC (Atlantic Rally for Cruisers). Vi kollade f\u00f6rst p\u00e5 starten p\u00e5 ARC+ som g\u00e5r via Cap Verde \u00f6arna. Det var 79 b\u00e5tar som gick iv\u00e4g i moderat vind. F\u00f6rst startade katamaranerna och sedan\u2026","rel":"","context":"I \u201dARC 2017\u201d","block_context":{"text":"ARC 2017","link":"https:\/\/www.ellensailing.se\/?cat=23"},"img":{"alt_text":"","src":"https:\/\/i0.wp.com\/www.ellensailing.se\/wp-content\/uploads\/2017\/11\/DSC4721.jpg?fit=1200%2C802&ssl=1&resize=350%2C200","width":350,"height":200,"srcset":"https:\/\/i0.wp.com\/www.ellensailing.se\/wp-content\/uploads\/2017\/11\/DSC4721.jpg?fit=1200%2C802&ssl=1&resize=350%2C200 1x, https:\/\/i0.wp.com\/www.ellensailing.se\/wp-content\/uploads\/2017\/11\/DSC4721.jpg?fit=1200%2C802&ssl=1&resize=525%2C300 1.5x, https:\/\/i0.wp.com\/www.ellensailing.se\/wp-content\/uploads\/2017\/11\/DSC4721.jpg?fit=1200%2C802&ssl=1&resize=700%2C400 2x, https:\/\/i0.wp.com\/www.ellensailing.se\/wp-content\/uploads\/2017\/11\/DSC4721.jpg?fit=1200%2C802&ssl=1&resize=1050%2C600 3x"},"classes":[]},{"id":2594,"url":"https:\/\/www.ellensailing.se\/?p=2594","url_meta":{"origin":3302,"position":4},"title":"Det dr\u00e4ller av Arconor i Antiqua!","author":"peter@ellensailing.se","date":"4 maj, 2019","format":false,"excerpt":"Kanske inte d\u00e5 men i allafall tv\u00e5 stycken. Kul att se Grace 2 igen. De \u00e4r ute p\u00e5 sin sista vecka av segling f\u00f6r denna s\u00e4song. F\u00f6r oss ocks\u00e5 s\u00e5 \u00e4r det packning som g\u00e4ller idag. Vi har varit i Antiqua sedan den 23 april och det \u00e4r v\u00e4ldigt fint\u2026","rel":"","context":"I \u201dV\u00e4stindien 2019\u201d","block_context":{"text":"V\u00e4stindien 2019","link":"https:\/\/www.ellensailing.se\/?cat=25"},"img":{"alt_text":"","src":"https:\/\/i0.wp.com\/www.ellensailing.se\/wp-content\/uploads\/2019\/05\/49AC9354-0A0F-4E92-806A-D880CF291EA8.jpeg?fit=1200%2C900&ssl=1&resize=350%2C200","width":350,"height":200,"srcset":"https:\/\/i0.wp.com\/www.ellensailing.se\/wp-content\/uploads\/2019\/05\/49AC9354-0A0F-4E92-806A-D880CF291EA8.jpeg?fit=1200%2C900&ssl=1&resize=350%2C200 1x, https:\/\/i0.wp.com\/www.ellensailing.se\/wp-content\/uploads\/2019\/05\/49AC9354-0A0F-4E92-806A-D880CF291EA8.jpeg?fit=1200%2C900&ssl=1&resize=525%2C300 1.5x, https:\/\/i0.wp.com\/www.ellensailing.se\/wp-content\/uploads\/2019\/05\/49AC9354-0A0F-4E92-806A-D880CF291EA8.jpeg?fit=1200%2C900&ssl=1&resize=700%2C400 2x, https:\/\/i0.wp.com\/www.ellensailing.se\/wp-content\/uploads\/2019\/05\/49AC9354-0A0F-4E92-806A-D880CF291EA8.jpeg?fit=1200%2C900&ssl=1&resize=1050%2C600 3x"},"classes":[]},{"id":2823,"url":"https:\/\/www.ellensailing.se\/?p=2823","url_meta":{"origin":3302,"position":5},"title":"Segling i \u00d6stersj\u00f6n","author":"peter@ellensailing.se","date":"18 juli, 2020","format":false,"excerpt":"Efter v\u00e5r lilla tour i M\u00e4laren som slussade vi ut p\u00e5 tisdagen. Vi fick v\u00e4nta en hel del i S\u00f6dert\u00e4lje kanal d\u00e5 tv\u00e5 stora b\u00e5tar skulle komma in. Slussen blev helt full s\u00e5 det tog lite tid innan alla kunde checka in. Ellen i slussen, Rolf Gr\u00f6nmark har tagit bilden.\u2026","rel":"","context":"I \u201dSegling 2020\u201d","block_context":{"text":"Segling 2020","link":"https:\/\/www.ellensailing.se\/?cat=27"},"img":{"alt_text":"","src":"https:\/\/i0.wp.com\/www.ellensailing.se\/wp-content\/uploads\/2020\/07\/IMG_0251-scaled.jpg?fit=1200%2C900&ssl=1&resize=350%2C200","width":350,"height":200,"srcset":"https:\/\/i0.wp.com\/www.ellensailing.se\/wp-content\/uploads\/2020\/07\/IMG_0251-scaled.jpg?fit=1200%2C900&ssl=1&resize=350%2C200 1x, https:\/\/i0.wp.com\/www.ellensailing.se\/wp-content\/uploads\/2020\/07\/IMG_0251-scaled.jpg?fit=1200%2C900&ssl=1&resize=525%2C300 1.5x, https:\/\/i0.wp.com\/www.ellensailing.se\/wp-content\/uploads\/2020\/07\/IMG_0251-scaled.jpg?fit=1200%2C900&ssl=1&resize=700%2C400 2x, https:\/\/i0.wp.com\/www.ellensailing.se\/wp-content\/uploads\/2020\/07\/IMG_0251-scaled.jpg?fit=1200%2C900&ssl=1&resize=1050%2C600 3x"},"classes":[]}],"jetpack_likes_enabled":false,"_links":{"self":[{"href":"https:\/\/www.ellensailing.se\/index.php?rest_route=\/wp\/v2\/posts\/3302","targetHints":{"allow":["GET"]}}],"collection":[{"href":"https:\/\/www.ellensailing.se\/index.php?rest_route=\/wp\/v2\/posts"}],"about":[{"href":"https:\/\/www.ellensailing.se\/index.php?rest_route=\/wp\/v2\/types\/post"}],"author":[{"embeddable":true,"href":"https:\/\/www.ellensailing.se\/index.php?rest_route=\/wp\/v2\/users\/1"}],"replies":[{"embeddable":true,"href":"https:\/\/www.ellensailing.se\/index.php?rest_route=%2Fwp%2Fv2%2Fcomments&post=3302"}],"version-history":[{"count":1,"href":"https:\/\/www.ellensailing.se\/index.php?rest_route=\/wp\/v2\/posts\/3302\/revisions"}],"predecessor-version":[{"id":3303,"href":"https:\/\/www.ellensailing.se\/index.php?rest_route=\/wp\/v2\/posts\/3302\/revisions\/3303"}],"wp:featuredmedia":[{"embeddable":true,"href":"https:\/\/www.ellensailing.se\/index.php?rest_route=\/wp\/v2\/media\/3301"}],"wp:attachment":[{"href":"https:\/\/www.ellensailing.se\/index.php?rest_route=%2Fwp%2Fv2%2Fmedia&parent=3302"}],"wp:term":[{"taxonomy":"category","embeddable":true,"href":"https:\/\/www.ellensailing.se\/index.php?rest_route=%2Fwp%2Fv2%2Fcategories&post=3302"},{"taxonomy":"post_tag","embeddable":true,"href":"https:\/\/www.ellensailing.se\/index.php?rest_route=%2Fwp%2Fv2%2Ftags&post=3302"}],"curies":[{"name":"wp","href":"https:\/\/api.w.org\/{rel}","templated":true}]}}