{"id":3295,"date":"2023-04-09T17:04:13","date_gmt":"2023-04-09T15:04:13","guid":{"rendered":"https:\/\/www.ellensailing.se\/?p=3295"},"modified":"2023-04-09T17:38:47","modified_gmt":"2023-04-09T15:38:47","slug":"vax-on-vax-off","status":"publish","type":"post","link":"https:\/\/www.ellensailing.se\/?p=3295","title":{"rendered":"Vax on vax off"},"content":{"rendered":"\n<p class=\"wp-block-paragraph\">Idag har Ellen blivit polerat med maskin och sedan ett lager vax. B\u00e5ten blev som ny. Hon \u00e4r riktig fin i Gelcoaten.<\/p>\n\n\n\n<figure class=\"wp-block-image size-large\"><img data-recalc-dims=\"1\" fetchpriority=\"high\" decoding=\"async\" width=\"840\" height=\"630\" src=\"https:\/\/i0.wp.com\/www.ellensailing.se\/wp-content\/uploads\/2023\/04\/img_2546.jpg?resize=840%2C630&#038;ssl=1\" class=\"wp-image-3294\" srcset=\"https:\/\/i0.wp.com\/www.ellensailing.se\/wp-content\/uploads\/2023\/04\/img_2546-scaled.jpg?resize=1024%2C768&amp;ssl=1 1024w, https:\/\/i0.wp.com\/www.ellensailing.se\/wp-content\/uploads\/2023\/04\/img_2546-scaled.jpg?resize=300%2C225&amp;ssl=1 300w, https:\/\/i0.wp.com\/www.ellensailing.se\/wp-content\/uploads\/2023\/04\/img_2546-scaled.jpg?resize=768%2C576&amp;ssl=1 768w, https:\/\/i0.wp.com\/www.ellensailing.se\/wp-content\/uploads\/2023\/04\/img_2546-scaled.jpg?resize=1536%2C1152&amp;ssl=1 1536w, https:\/\/i0.wp.com\/www.ellensailing.se\/wp-content\/uploads\/2023\/04\/img_2546-scaled.jpg?resize=2048%2C1536&amp;ssl=1 2048w, https:\/\/i0.wp.com\/www.ellensailing.se\/wp-content\/uploads\/2023\/04\/img_2546-scaled.jpg?w=1680&amp;ssl=1 1680w, https:\/\/i0.wp.com\/www.ellensailing.se\/wp-content\/uploads\/2023\/04\/img_2546-scaled.jpg?w=2520&amp;ssl=1 2520w\" sizes=\"(max-width: 840px) 100vw, 840px\" \/><figcaption class=\"wp-element-caption\">H\u00f6gblankt<\/figcaption><\/figure>\n","protected":false},"excerpt":{"rendered":"<p>Idag har Ellen blivit polerat med maskin och sedan ett lager vax. B\u00e5ten blev som ny. Hon \u00e4r riktig fin[&#8230;]<\/p>\n","protected":false},"author":1,"featured_media":3294,"comment_status":"open","ping_status":"open","sticky":false,"template":"","format":"standard","meta":{"_jetpack_newsletter_access":"","_jetpack_dont_email_post_to_subs":false,"_jetpack_newsletter_tier_id":0,"_jetpack_memberships_contains_paywalled_content":false,"_jetpack_feature_clip_id":0,"_jetpack_memberships_contains_paid_content":false,"footnotes":"","jetpack_publicize_message":"","jetpack_publicize_feature_enabled":true,"jetpack_social_post_already_shared":true,"jetpack_social_options":{"image_generator_settings":{"template":"highway","default_image_id":0,"font":"","enabled":false},"version":2},"jetpack_post_was_ever_published":false},"categories":[31],"tags":[],"class_list":["post-3295","post","type-post","status-publish","format-standard","has-post-thumbnail","hentry","category-segling-2023"],"jetpack_publicize_connections":[],"jetpack_featured_media_url":"https:\/\/i0.wp.com\/www.ellensailing.se\/wp-content\/uploads\/2023\/04\/img_2546-scaled.jpg?fit=2560%2C1920&ssl=1","jetpack_sharing_enabled":true,"jetpack_shortlink":"https:\/\/wp.me\/p5G68R-R9","jetpack-related-posts":[{"id":334,"url":"https:\/\/www.ellensailing.se\/?p=334","url_meta":{"origin":3295,"position":0},"title":"Nu \u00e4r det n\u00e4ra. Allt klart och p\u00e5 fredag \u00e5ker hon i!","author":"peter@ellensailing.se","date":"3 maj, 2015","format":false,"excerpt":"Efter mycket pyssel under hela vintern \u00e4r hon \u00e4ntligen klar f\u00f6r sj\u00f6s\u00e4ttning. Aprilv\u00e4der \u00e4r ingen h\u00f6jdare. Klart som tusen s\u00e5 skall det b\u00f6rja regna n\u00e4r man skall polera b\u00e5ten och dessutom 5 grader varmt och Nordavinden p\u00e5 det. Inte kul, men skam den som ger sig. Idag s\u00f6ndag var det\u2026","rel":"","context":"I \u201dB\u00e5ten p\u00e5 land\u201d","block_context":{"text":"B\u00e5ten p\u00e5 land","link":"https:\/\/www.ellensailing.se\/?cat=3"},"img":{"alt_text":"","src":"https:\/\/i0.wp.com\/www.ellensailing.se\/wp-content\/uploads\/2015\/05\/IMG_4146-e1430676168982.jpg?fit=900%2C1200&ssl=1&resize=350%2C200","width":350,"height":200,"srcset":"https:\/\/i0.wp.com\/www.ellensailing.se\/wp-content\/uploads\/2015\/05\/IMG_4146-e1430676168982.jpg?fit=900%2C1200&ssl=1&resize=350%2C200 1x, https:\/\/i0.wp.com\/www.ellensailing.se\/wp-content\/uploads\/2015\/05\/IMG_4146-e1430676168982.jpg?fit=900%2C1200&ssl=1&resize=525%2C300 1.5x, https:\/\/i0.wp.com\/www.ellensailing.se\/wp-content\/uploads\/2015\/05\/IMG_4146-e1430676168982.jpg?fit=900%2C1200&ssl=1&resize=700%2C400 2x"},"classes":[]},{"id":1778,"url":"https:\/\/www.ellensailing.se\/?p=1778","url_meta":{"origin":3295,"position":1},"title":"Reng\u00f6ring av botten!","author":"peter@ellensailing.se","date":"23 januari, 2018","format":false,"excerpt":"Idag fick vi f\u00f6rm\u00e5nen att f\u00e5 l\u00e5na en 12 volts dykkompressor av Erik och Britt p\u00e5 HarryZ. De skall \u00e5ka fr\u00e5n v\u00e5ran fina vik i morgon f\u00f6r att p\u00e5b\u00f6rja sin jorden runtsegling, s\u00e5 det g\u00e4llde att passa p\u00e5. Det var j\u00e4ttesn\u00e4llt att vi fick l\u00e5na den och den var helt\u2026","rel":"","context":"I \u201dV\u00e4stindien 2017-2018\u201d","block_context":{"text":"V\u00e4stindien 2017-2018","link":"https:\/\/www.ellensailing.se\/?cat=24"},"img":{"alt_text":"","src":"https:\/\/i0.wp.com\/www.ellensailing.se\/wp-content\/uploads\/2018\/01\/A75B037C-A577-49F8-A865-D1B2E7858C61.jpeg?fit=1200%2C900&ssl=1&resize=350%2C200","width":350,"height":200,"srcset":"https:\/\/i0.wp.com\/www.ellensailing.se\/wp-content\/uploads\/2018\/01\/A75B037C-A577-49F8-A865-D1B2E7858C61.jpeg?fit=1200%2C900&ssl=1&resize=350%2C200 1x, https:\/\/i0.wp.com\/www.ellensailing.se\/wp-content\/uploads\/2018\/01\/A75B037C-A577-49F8-A865-D1B2E7858C61.jpeg?fit=1200%2C900&ssl=1&resize=525%2C300 1.5x, https:\/\/i0.wp.com\/www.ellensailing.se\/wp-content\/uploads\/2018\/01\/A75B037C-A577-49F8-A865-D1B2E7858C61.jpeg?fit=1200%2C900&ssl=1&resize=700%2C400 2x, https:\/\/i0.wp.com\/www.ellensailing.se\/wp-content\/uploads\/2018\/01\/A75B037C-A577-49F8-A865-D1B2E7858C61.jpeg?fit=1200%2C900&ssl=1&resize=1050%2C600 3x"},"classes":[]},{"id":1965,"url":"https:\/\/www.ellensailing.se\/?p=1965","url_meta":{"origin":3295,"position":2},"title":"Tillbaka i riktiga Karibien!","author":"peter@ellensailing.se","date":"21 mars, 2018","format":false,"excerpt":"Det \u00e4r sk\u00f6nt att komma hem igen till riktiga Karibien. Vi har faktiskt l\u00e4ngtat efter alla Boatboys och allt som kommer d\u00e4rtill. Det \u00e4r sk\u00f6nt att f\u00e5 komma in in hamn igen efter massa med veckor f\u00f6r ankar. Jackie duschade i en timme med tv\u00e5 h\u00e5rinpackningar. Rodney Bay k\u00e4nns som\u2026","rel":"","context":"I \u201dV\u00e4stindien 2017-2018\u201d","block_context":{"text":"V\u00e4stindien 2017-2018","link":"https:\/\/www.ellensailing.se\/?cat=24"},"img":{"alt_text":"","src":"https:\/\/i0.wp.com\/www.ellensailing.se\/wp-content\/uploads\/2018\/03\/03C9130C-1C18-4955-A621-C027A64398E4.jpeg?fit=1200%2C901&ssl=1&resize=350%2C200","width":350,"height":200,"srcset":"https:\/\/i0.wp.com\/www.ellensailing.se\/wp-content\/uploads\/2018\/03\/03C9130C-1C18-4955-A621-C027A64398E4.jpeg?fit=1200%2C901&ssl=1&resize=350%2C200 1x, https:\/\/i0.wp.com\/www.ellensailing.se\/wp-content\/uploads\/2018\/03\/03C9130C-1C18-4955-A621-C027A64398E4.jpeg?fit=1200%2C901&ssl=1&resize=525%2C300 1.5x, https:\/\/i0.wp.com\/www.ellensailing.se\/wp-content\/uploads\/2018\/03\/03C9130C-1C18-4955-A621-C027A64398E4.jpeg?fit=1200%2C901&ssl=1&resize=700%2C400 2x, https:\/\/i0.wp.com\/www.ellensailing.se\/wp-content\/uploads\/2018\/03\/03C9130C-1C18-4955-A621-C027A64398E4.jpeg?fit=1200%2C901&ssl=1&resize=1050%2C600 3x"},"classes":[]},{"id":1408,"url":"https:\/\/www.ellensailing.se\/?p=1408","url_meta":{"origin":3295,"position":3},"title":"Fina dagar p\u00e5 Graciosa, nu v\u00e4ntar Arrecife","author":"peter@ellensailing.se","date":"11 oktober, 2017","format":false,"excerpt":"Det har har varit sk\u00f6na dagar p\u00e5 Isla Graciosa. Alla man pratat med tycker det \u00e4r en p\u00e4rla p\u00e5 jorden och det \u00e4r bara att inst\u00e4mma. Sk\u00f6n st\u00e4mning p\u00e5 \u00f6n mellan b\u00e5tarna. Synd bara att det kommer in b\u00e5tar med badande g\u00e4ster men som tur \u00e4r serveras lunch vid tv\u00e5\u2026","rel":"","context":"I \u201dH\u00f6st 2017 till Grand Canrias.\u201d","block_context":{"text":"H\u00f6st 2017 till Grand Canrias.","link":"https:\/\/www.ellensailing.se\/?cat=22"},"img":{"alt_text":"","src":"https:\/\/i0.wp.com\/www.ellensailing.se\/wp-content\/uploads\/2017\/10\/IMG_0110.jpg?fit=1200%2C900&ssl=1&resize=350%2C200","width":350,"height":200,"srcset":"https:\/\/i0.wp.com\/www.ellensailing.se\/wp-content\/uploads\/2017\/10\/IMG_0110.jpg?fit=1200%2C900&ssl=1&resize=350%2C200 1x, https:\/\/i0.wp.com\/www.ellensailing.se\/wp-content\/uploads\/2017\/10\/IMG_0110.jpg?fit=1200%2C900&ssl=1&resize=525%2C300 1.5x, https:\/\/i0.wp.com\/www.ellensailing.se\/wp-content\/uploads\/2017\/10\/IMG_0110.jpg?fit=1200%2C900&ssl=1&resize=700%2C400 2x, https:\/\/i0.wp.com\/www.ellensailing.se\/wp-content\/uploads\/2017\/10\/IMG_0110.jpg?fit=1200%2C900&ssl=1&resize=1050%2C600 3x"},"classes":[]},{"id":2585,"url":"https:\/\/www.ellensailing.se\/?p=2585","url_meta":{"origin":3295,"position":4},"title":"Segling runt Antiqua","author":"peter@ellensailing.se","date":"27 april, 2019","format":false,"excerpt":"Efter det Mad Monkey seglat iv\u00e4g mot St.Barth s\u00e5 seglade vi vidare runt Antiqua. Vi gick in i kanalen SW om Antiqua som heter Goat Neck Chanel. Det var fint men r\u00e4tt sp\u00e4nnande att navigera runt reven och det \u00e4r inte djupt d\u00e4r. En h\u00e4rlig solnedg\u00e5ng igen, men ingen green\u2026","rel":"","context":"I \u201dV\u00e4stindien 2019\u201d","block_context":{"text":"V\u00e4stindien 2019","link":"https:\/\/www.ellensailing.se\/?cat=25"},"img":{"alt_text":"","src":"https:\/\/i0.wp.com\/www.ellensailing.se\/wp-content\/uploads\/2019\/04\/6C910D11-62AB-43FA-89E1-6B68CF907CC1.jpeg?fit=1200%2C675&ssl=1&resize=350%2C200","width":350,"height":200,"srcset":"https:\/\/i0.wp.com\/www.ellensailing.se\/wp-content\/uploads\/2019\/04\/6C910D11-62AB-43FA-89E1-6B68CF907CC1.jpeg?fit=1200%2C675&ssl=1&resize=350%2C200 1x, https:\/\/i0.wp.com\/www.ellensailing.se\/wp-content\/uploads\/2019\/04\/6C910D11-62AB-43FA-89E1-6B68CF907CC1.jpeg?fit=1200%2C675&ssl=1&resize=525%2C300 1.5x, https:\/\/i0.wp.com\/www.ellensailing.se\/wp-content\/uploads\/2019\/04\/6C910D11-62AB-43FA-89E1-6B68CF907CC1.jpeg?fit=1200%2C675&ssl=1&resize=700%2C400 2x, https:\/\/i0.wp.com\/www.ellensailing.se\/wp-content\/uploads\/2019\/04\/6C910D11-62AB-43FA-89E1-6B68CF907CC1.jpeg?fit=1200%2C675&ssl=1&resize=1050%2C600 3x"},"classes":[]},{"id":499,"url":"https:\/\/www.ellensailing.se\/?p=499","url_meta":{"origin":3295,"position":5},"title":"Stillaliggardag i Darlowo","author":"peter@ellensailing.se","date":"13 juli, 2015","format":false,"excerpt":"Det var ett tag sedan vi bloggade men det har varit full rulle. Vi seglade fr\u00e5n Swinoujscie till Kolberg! Inte s\u00e4rkilt mycket vind men det puffade p\u00e5 en d\u00e5. Det var ca 30 Nm dit. N\u00e4r vi kom dit s\u00e5 ins\u00e5g vi att hamnen var mycket tr\u00e5ng. Ellen hittade d\u00e5\u2026","rel":"","context":"I \u201dSommar 2015\u201d","block_context":{"text":"Sommar 2015","link":"https:\/\/www.ellensailing.se\/?cat=4"},"img":{"alt_text":"","src":"https:\/\/i0.wp.com\/www.ellensailing.se\/wp-content\/uploads\/2015\/07\/DSC_0109-e1436803049868.jpg?fit=797%2C1200&ssl=1&resize=350%2C200","width":350,"height":200,"srcset":"https:\/\/i0.wp.com\/www.ellensailing.se\/wp-content\/uploads\/2015\/07\/DSC_0109-e1436803049868.jpg?fit=797%2C1200&ssl=1&resize=350%2C200 1x, https:\/\/i0.wp.com\/www.ellensailing.se\/wp-content\/uploads\/2015\/07\/DSC_0109-e1436803049868.jpg?fit=797%2C1200&ssl=1&resize=525%2C300 1.5x, https:\/\/i0.wp.com\/www.ellensailing.se\/wp-content\/uploads\/2015\/07\/DSC_0109-e1436803049868.jpg?fit=797%2C1200&ssl=1&resize=700%2C400 2x"},"classes":[]}],"jetpack_likes_enabled":false,"_links":{"self":[{"href":"https:\/\/www.ellensailing.se\/index.php?rest_route=\/wp\/v2\/posts\/3295","targetHints":{"allow":["GET"]}}],"collection":[{"href":"https:\/\/www.ellensailing.se\/index.php?rest_route=\/wp\/v2\/posts"}],"about":[{"href":"https:\/\/www.ellensailing.se\/index.php?rest_route=\/wp\/v2\/types\/post"}],"author":[{"embeddable":true,"href":"https:\/\/www.ellensailing.se\/index.php?rest_route=\/wp\/v2\/users\/1"}],"replies":[{"embeddable":true,"href":"https:\/\/www.ellensailing.se\/index.php?rest_route=%2Fwp%2Fv2%2Fcomments&post=3295"}],"version-history":[{"count":1,"href":"https:\/\/www.ellensailing.se\/index.php?rest_route=\/wp\/v2\/posts\/3295\/revisions"}],"predecessor-version":[{"id":3297,"href":"https:\/\/www.ellensailing.se\/index.php?rest_route=\/wp\/v2\/posts\/3295\/revisions\/3297"}],"wp:featuredmedia":[{"embeddable":true,"href":"https:\/\/www.ellensailing.se\/index.php?rest_route=\/wp\/v2\/media\/3294"}],"wp:attachment":[{"href":"https:\/\/www.ellensailing.se\/index.php?rest_route=%2Fwp%2Fv2%2Fmedia&parent=3295"}],"wp:term":[{"taxonomy":"category","embeddable":true,"href":"https:\/\/www.ellensailing.se\/index.php?rest_route=%2Fwp%2Fv2%2Fcategories&post=3295"},{"taxonomy":"post_tag","embeddable":true,"href":"https:\/\/www.ellensailing.se\/index.php?rest_route=%2Fwp%2Fv2%2Ftags&post=3295"}],"curies":[{"name":"wp","href":"https:\/\/api.w.org\/{rel}","templated":true}]}}