{"id":3293,"date":"2023-04-08T16:42:42","date_gmt":"2023-04-08T14:42:42","guid":{"rendered":"https:\/\/www.ellensailing.se\/?p=3293"},"modified":"2023-04-09T17:39:05","modified_gmt":"2023-04-09T15:39:05","slug":"nu-ar-varen-pa-g","status":"publish","type":"post","link":"https:\/\/www.ellensailing.se\/?p=3293","title":{"rendered":"Nu \u00e4r v\u00e5ren p\u00e5 G"},"content":{"rendered":"\n<p class=\"wp-block-paragraph\">Idag har vi t\u00e4ck av Ellen och tv\u00e4ttar henne! Mycket jobb och i morgon s\u00e5 ska vaxburkarna fram. G\u00e5r det som t\u00e4nkt s\u00e5 blir det sj\u00f6s\u00e4ttning p\u00e5 fredag.<\/p>\n\n\n\n<figure class=\"wp-block-image size-large\"><img data-recalc-dims=\"1\" fetchpriority=\"high\" decoding=\"async\" width=\"840\" height=\"630\" src=\"https:\/\/i0.wp.com\/www.ellensailing.se\/wp-content\/uploads\/2023\/04\/img_2540.jpg?resize=840%2C630&#038;ssl=1\" class=\"wp-image-3290\" srcset=\"https:\/\/i0.wp.com\/www.ellensailing.se\/wp-content\/uploads\/2023\/04\/img_2540-scaled.jpg?resize=1024%2C768&amp;ssl=1 1024w, https:\/\/i0.wp.com\/www.ellensailing.se\/wp-content\/uploads\/2023\/04\/img_2540-scaled.jpg?resize=300%2C225&amp;ssl=1 300w, https:\/\/i0.wp.com\/www.ellensailing.se\/wp-content\/uploads\/2023\/04\/img_2540-scaled.jpg?resize=768%2C576&amp;ssl=1 768w, https:\/\/i0.wp.com\/www.ellensailing.se\/wp-content\/uploads\/2023\/04\/img_2540-scaled.jpg?resize=1536%2C1152&amp;ssl=1 1536w, https:\/\/i0.wp.com\/www.ellensailing.se\/wp-content\/uploads\/2023\/04\/img_2540-scaled.jpg?resize=2048%2C1536&amp;ssl=1 2048w, https:\/\/i0.wp.com\/www.ellensailing.se\/wp-content\/uploads\/2023\/04\/img_2540-scaled.jpg?w=1680&amp;ssl=1 1680w, https:\/\/i0.wp.com\/www.ellensailing.se\/wp-content\/uploads\/2023\/04\/img_2540-scaled.jpg?w=2520&amp;ssl=1 2520w\" sizes=\"(max-width: 840px) 100vw, 840px\" \/><figcaption class=\"wp-element-caption\">Avt\u00e4ckning<\/figcaption><\/figure>\n\n\n\n<figure class=\"wp-block-image size-large\"><img data-recalc-dims=\"1\" decoding=\"async\" width=\"840\" height=\"630\" src=\"https:\/\/i0.wp.com\/www.ellensailing.se\/wp-content\/uploads\/2023\/04\/img_2542.jpg?resize=840%2C630&#038;ssl=1\" class=\"wp-image-3291\" srcset=\"https:\/\/i0.wp.com\/www.ellensailing.se\/wp-content\/uploads\/2023\/04\/img_2542-scaled.jpg?resize=1024%2C768&amp;ssl=1 1024w, https:\/\/i0.wp.com\/www.ellensailing.se\/wp-content\/uploads\/2023\/04\/img_2542-scaled.jpg?resize=300%2C225&amp;ssl=1 300w, https:\/\/i0.wp.com\/www.ellensailing.se\/wp-content\/uploads\/2023\/04\/img_2542-scaled.jpg?resize=768%2C576&amp;ssl=1 768w, https:\/\/i0.wp.com\/www.ellensailing.se\/wp-content\/uploads\/2023\/04\/img_2542-scaled.jpg?resize=1536%2C1152&amp;ssl=1 1536w, https:\/\/i0.wp.com\/www.ellensailing.se\/wp-content\/uploads\/2023\/04\/img_2542-scaled.jpg?resize=2048%2C1536&amp;ssl=1 2048w, https:\/\/i0.wp.com\/www.ellensailing.se\/wp-content\/uploads\/2023\/04\/img_2542-scaled.jpg?w=1680&amp;ssl=1 1680w, https:\/\/i0.wp.com\/www.ellensailing.se\/wp-content\/uploads\/2023\/04\/img_2542-scaled.jpg?w=2520&amp;ssl=1 2520w\" sizes=\"(max-width: 840px) 100vw, 840px\" \/><figcaption class=\"wp-element-caption\">Fint v\u00e4der idag<\/figcaption><\/figure>\n\n\n\n<figure class=\"wp-block-image size-large\"><img data-recalc-dims=\"1\" decoding=\"async\" width=\"768\" height=\"1024\" src=\"https:\/\/i0.wp.com\/www.ellensailing.se\/wp-content\/uploads\/2023\/04\/img_2544.jpg?resize=768%2C1024&#038;ssl=1\" class=\"wp-image-3292\" srcset=\"https:\/\/i0.wp.com\/www.ellensailing.se\/wp-content\/uploads\/2023\/04\/img_2544-scaled.jpg?resize=768%2C1024&amp;ssl=1 768w, https:\/\/i0.wp.com\/www.ellensailing.se\/wp-content\/uploads\/2023\/04\/img_2544-scaled.jpg?resize=225%2C300&amp;ssl=1 225w, https:\/\/i0.wp.com\/www.ellensailing.se\/wp-content\/uploads\/2023\/04\/img_2544-scaled.jpg?resize=1152%2C1536&amp;ssl=1 1152w, https:\/\/i0.wp.com\/www.ellensailing.se\/wp-content\/uploads\/2023\/04\/img_2544-scaled.jpg?resize=1536%2C2048&amp;ssl=1 1536w, https:\/\/i0.wp.com\/www.ellensailing.se\/wp-content\/uploads\/2023\/04\/img_2544-scaled.jpg?w=1920&amp;ssl=1 1920w, https:\/\/i0.wp.com\/www.ellensailing.se\/wp-content\/uploads\/2023\/04\/img_2544-scaled.jpg?w=1680&amp;ssl=1 1680w\" sizes=\"(max-width: 768px) 100vw, 768px\" \/><figcaption class=\"wp-element-caption\">Klart f\u00f6r vaxning<\/figcaption><\/figure>\n","protected":false},"excerpt":{"rendered":"<p>Idag har vi t\u00e4ck av Ellen och tv\u00e4ttar henne! Mycket jobb och i morgon s\u00e5 ska vaxburkarna fram. G\u00e5r det[&#8230;]<\/p>\n","protected":false},"author":1,"featured_media":3290,"comment_status":"open","ping_status":"open","sticky":false,"template":"","format":"standard","meta":{"_jetpack_newsletter_access":"","_jetpack_dont_email_post_to_subs":false,"_jetpack_newsletter_tier_id":0,"_jetpack_memberships_contains_paywalled_content":false,"_jetpack_feature_clip_id":0,"_jetpack_memberships_contains_paid_content":false,"footnotes":"","jetpack_publicize_message":"","jetpack_publicize_feature_enabled":true,"jetpack_social_post_already_shared":true,"jetpack_social_options":{"image_generator_settings":{"template":"highway","default_image_id":0,"font":"","enabled":false},"version":2},"jetpack_post_was_ever_published":false},"categories":[31],"tags":[],"class_list":["post-3293","post","type-post","status-publish","format-standard","has-post-thumbnail","hentry","category-segling-2023"],"jetpack_publicize_connections":[],"jetpack_featured_media_url":"https:\/\/i0.wp.com\/www.ellensailing.se\/wp-content\/uploads\/2023\/04\/img_2540-scaled.jpg?fit=2560%2C1920&ssl=1","jetpack_sharing_enabled":true,"jetpack_shortlink":"https:\/\/wp.me\/p5G68R-R7","jetpack-related-posts":[{"id":1598,"url":"https:\/\/www.ellensailing.se\/?p=1598","url_meta":{"origin":3293,"position":0},"title":"Dygn 12, H\u00e4lften gjort","author":"peter@ellensailing.se","date":"1 december, 2017","format":false,"excerpt":"Och ikv\u00e4ll blir det skumpa. Det finns mycket att fira idag. H\u00e4lften gjort, vi har passerat en tidszon s\u00e5 klockan skall skruvas tillbaka och vi har f\u00e5tt tv\u00e5 fiskar idag. Redan i morse s\u00e5 sl\u00e4ngde Lasse i draget och det dr\u00f6jde inte mer \u00e4n 5 minuter s\u00e5 fick vi en\u2026","rel":"","context":"I \u201dARC 2017\u201d","block_context":{"text":"ARC 2017","link":"https:\/\/www.ellensailing.se\/?cat=23"},"img":{"alt_text":"","src":"","width":0,"height":0},"classes":[]},{"id":2536,"url":"https:\/\/www.ellensailing.se\/?p=2536","url_meta":{"origin":3293,"position":1},"title":"Idag har vi turistat p\u00e5 Sandy Island!","author":"peter@ellensailing.se","date":"14 april, 2019","format":false,"excerpt":"Blev lite turister idag och \u00e5kte med en snabbg\u00e5ende motorb\u00e5t ut till Sandy Island. Fin liten \u00f6 med en bar och krog p\u00e5. Det var alldeles nybyggt efter Irma s\u00e5 allt var fint. Har bl\u00e5st mycket idag med vindar p\u00e5 23-25 knop, skall lugna ner sig ikv\u00e4ll. Imorgon forts\u00e4tter vi\u2026","rel":"","context":"I \u201dV\u00e4stindien 2019\u201d","block_context":{"text":"V\u00e4stindien 2019","link":"https:\/\/www.ellensailing.se\/?cat=25"},"img":{"alt_text":"","src":"https:\/\/i0.wp.com\/www.ellensailing.se\/wp-content\/uploads\/2019\/04\/F73BCACD-CAD9-4B5B-ADA9-858C7B50F184.jpeg?fit=1200%2C899&ssl=1&resize=350%2C200","width":350,"height":200,"srcset":"https:\/\/i0.wp.com\/www.ellensailing.se\/wp-content\/uploads\/2019\/04\/F73BCACD-CAD9-4B5B-ADA9-858C7B50F184.jpeg?fit=1200%2C899&ssl=1&resize=350%2C200 1x, https:\/\/i0.wp.com\/www.ellensailing.se\/wp-content\/uploads\/2019\/04\/F73BCACD-CAD9-4B5B-ADA9-858C7B50F184.jpeg?fit=1200%2C899&ssl=1&resize=525%2C300 1.5x, https:\/\/i0.wp.com\/www.ellensailing.se\/wp-content\/uploads\/2019\/04\/F73BCACD-CAD9-4B5B-ADA9-858C7B50F184.jpeg?fit=1200%2C899&ssl=1&resize=700%2C400 2x, https:\/\/i0.wp.com\/www.ellensailing.se\/wp-content\/uploads\/2019\/04\/F73BCACD-CAD9-4B5B-ADA9-858C7B50F184.jpeg?fit=1200%2C899&ssl=1&resize=1050%2C600 3x"},"classes":[]},{"id":1377,"url":"https:\/\/www.ellensailing.se\/?p=1377","url_meta":{"origin":3293,"position":2},"title":"Dag 4, \u00f6verfart fr\u00e5n Lagos till Isla Graciosa","author":"peter@ellensailing.se","date":"8 oktober, 2017","format":false,"excerpt":"Det har varit en fin dag men ingen vind \u00f6verhuvudtaget. Det har bl\u00e5st som mest 2.1 m\/s. S\u00e5 Yalle har f\u00e5tt jobbat idag. Det som har varit roligt idag \u00e4r fisket. Redan i morse s\u00e5 tappade vi en tonfisk. Efter f\u00f6rra inl\u00e4gget s\u00e5 har vi tappat ytterligare tv\u00e5 tonfiskar men\u2026","rel":"","context":"I \u201dH\u00f6st 2017 till Grand Canrias.\u201d","block_context":{"text":"H\u00f6st 2017 till Grand Canrias.","link":"https:\/\/www.ellensailing.se\/?cat=22"},"img":{"alt_text":"","src":"","width":0,"height":0},"classes":[]},{"id":1599,"url":"https:\/\/www.ellensailing.se\/?p=1599","url_meta":{"origin":3293,"position":3},"title":"Dygn 13, Nedr\u00e4kning b\u00f6rjar","author":"peter@ellensailing.se","date":"2 december, 2017","format":false,"excerpt":"Men vi inser att det \u00e4r l\u00e5ng tid kvar innan vi \u00e4r framme. N\u00e5gra tecken \u00e4r det i alla fall. Det bl\u00e5ser ca 16 knop konstant och 20 i byarna. Det verkar som de flesta bara rullar p\u00e5. Lite tristess tycker jag det b\u00f6rjar bli, samma vakter, det h\u00e4nder inte\u2026","rel":"","context":"I \u201dARC 2017\u201d","block_context":{"text":"ARC 2017","link":"https:\/\/www.ellensailing.se\/?cat=23"},"img":{"alt_text":"","src":"","width":0,"height":0},"classes":[]},{"id":2032,"url":"https:\/\/www.ellensailing.se\/?p=2032","url_meta":{"origin":3293,"position":4},"title":"Glad p\u00e5sk alla f\u00f6ljare av Ellen","author":"peter@ellensailing.se","date":"30 mars, 2018","format":false,"excerpt":"Glad P\u00e5sk \u00f6nskar vi p\u00e5 Ellen fr\u00e5n Mustique. Idag har det varit slappardag med att l\u00e4sa bok p\u00e5 stranden och bara ha det sk\u00f6nt. Det \u00e4r superlugnt och vi m\u00e5r toppen. Vi har nu lagt rutten f\u00f6r den sista tiden och det kommer inte bli n\u00e5gon stress och jag tror\u2026","rel":"","context":"I \u201dV\u00e4stindien 2017-2018\u201d","block_context":{"text":"V\u00e4stindien 2017-2018","link":"https:\/\/www.ellensailing.se\/?cat=24"},"img":{"alt_text":"Tobago Keys","src":"https:\/\/i0.wp.com\/www.ellensailing.se\/wp-content\/uploads\/2018\/03\/BF95F67B-B7F1-4E9B-A781-27E22F1AADCC.jpeg?fit=1200%2C900&ssl=1&resize=350%2C200","width":350,"height":200,"srcset":"https:\/\/i0.wp.com\/www.ellensailing.se\/wp-content\/uploads\/2018\/03\/BF95F67B-B7F1-4E9B-A781-27E22F1AADCC.jpeg?fit=1200%2C900&ssl=1&resize=350%2C200 1x, https:\/\/i0.wp.com\/www.ellensailing.se\/wp-content\/uploads\/2018\/03\/BF95F67B-B7F1-4E9B-A781-27E22F1AADCC.jpeg?fit=1200%2C900&ssl=1&resize=525%2C300 1.5x, https:\/\/i0.wp.com\/www.ellensailing.se\/wp-content\/uploads\/2018\/03\/BF95F67B-B7F1-4E9B-A781-27E22F1AADCC.jpeg?fit=1200%2C900&ssl=1&resize=700%2C400 2x, https:\/\/i0.wp.com\/www.ellensailing.se\/wp-content\/uploads\/2018\/03\/BF95F67B-B7F1-4E9B-A781-27E22F1AADCC.jpeg?fit=1200%2C900&ssl=1&resize=1050%2C600 3x"},"classes":[]},{"id":1229,"url":"https:\/\/www.ellensailing.se\/?p=1229","url_meta":{"origin":3293,"position":5},"title":"Seglat f\u00f6rbi v\u00e4rldens \u00e4nde idag!","author":"peter@ellensailing.se","date":"10 september, 2017","format":false,"excerpt":"Idag har vi seglat f\u00f6rbi v\u00e4rldens \u00e4nde, i alla fall om man skall tro pilgimerna. Efter det man g\u00e5tt pilgrimsvandringen s\u00e5 skulle man efter man varit i katedralen i Santiago de Compostela forts\u00e4tta till v\u00e4rlden \u00e4nde som man d\u00e5 trodde var Fisterra \"v\u00e4rldens \u00e4nde\". N\u00e4r pilgrmerna var v\u00e4l framme s\u00e5\u2026","rel":"","context":"I \u201dH\u00f6st 2017 till Grand Canrias.\u201d","block_context":{"text":"H\u00f6st 2017 till Grand Canrias.","link":"https:\/\/www.ellensailing.se\/?cat=22"},"img":{"alt_text":"","src":"https:\/\/i0.wp.com\/www.ellensailing.se\/wp-content\/uploads\/2017\/09\/IMG_0039.jpg?fit=1200%2C800&ssl=1&resize=350%2C200","width":350,"height":200,"srcset":"https:\/\/i0.wp.com\/www.ellensailing.se\/wp-content\/uploads\/2017\/09\/IMG_0039.jpg?fit=1200%2C800&ssl=1&resize=350%2C200 1x, https:\/\/i0.wp.com\/www.ellensailing.se\/wp-content\/uploads\/2017\/09\/IMG_0039.jpg?fit=1200%2C800&ssl=1&resize=525%2C300 1.5x, https:\/\/i0.wp.com\/www.ellensailing.se\/wp-content\/uploads\/2017\/09\/IMG_0039.jpg?fit=1200%2C800&ssl=1&resize=700%2C400 2x, https:\/\/i0.wp.com\/www.ellensailing.se\/wp-content\/uploads\/2017\/09\/IMG_0039.jpg?fit=1200%2C800&ssl=1&resize=1050%2C600 3x"},"classes":[]}],"jetpack_likes_enabled":false,"_links":{"self":[{"href":"https:\/\/www.ellensailing.se\/index.php?rest_route=\/wp\/v2\/posts\/3293","targetHints":{"allow":["GET"]}}],"collection":[{"href":"https:\/\/www.ellensailing.se\/index.php?rest_route=\/wp\/v2\/posts"}],"about":[{"href":"https:\/\/www.ellensailing.se\/index.php?rest_route=\/wp\/v2\/types\/post"}],"author":[{"embeddable":true,"href":"https:\/\/www.ellensailing.se\/index.php?rest_route=\/wp\/v2\/users\/1"}],"replies":[{"embeddable":true,"href":"https:\/\/www.ellensailing.se\/index.php?rest_route=%2Fwp%2Fv2%2Fcomments&post=3293"}],"version-history":[{"count":1,"href":"https:\/\/www.ellensailing.se\/index.php?rest_route=\/wp\/v2\/posts\/3293\/revisions"}],"predecessor-version":[{"id":3296,"href":"https:\/\/www.ellensailing.se\/index.php?rest_route=\/wp\/v2\/posts\/3293\/revisions\/3296"}],"wp:featuredmedia":[{"embeddable":true,"href":"https:\/\/www.ellensailing.se\/index.php?rest_route=\/wp\/v2\/media\/3290"}],"wp:attachment":[{"href":"https:\/\/www.ellensailing.se\/index.php?rest_route=%2Fwp%2Fv2%2Fmedia&parent=3293"}],"wp:term":[{"taxonomy":"category","embeddable":true,"href":"https:\/\/www.ellensailing.se\/index.php?rest_route=%2Fwp%2Fv2%2Fcategories&post=3293"},{"taxonomy":"post_tag","embeddable":true,"href":"https:\/\/www.ellensailing.se\/index.php?rest_route=%2Fwp%2Fv2%2Ftags&post=3293"}],"curies":[{"name":"wp","href":"https:\/\/api.w.org\/{rel}","templated":true}]}}