{"id":3275,"date":"2023-04-04T11:18:33","date_gmt":"2023-04-04T09:18:33","guid":{"rendered":"https:\/\/www.ellensailing.se\/?p=3275"},"modified":"2023-04-04T14:56:38","modified_gmt":"2023-04-04T12:56:38","slug":"summering-2022","status":"publish","type":"post","link":"https:\/\/www.ellensailing.se\/?p=3275","title":{"rendered":"Summering 2022"},"content":{"rendered":"\n<p class=\"wp-block-paragraph\">Usch och fy vad d\u00e5liga vi varit p\u00e5 att uppdatera v\u00e5r blogg. H\u00e4r kommer i alla fall en summering av sommarseglingen f\u00f6rra \u00e5ret. Vi b\u00f6rjade v\u00e5r semester den 8 juli och tog oss ut till Bj\u00f6rksk\u00e4r d\u00e4r allt b\u00f6rjade. Vi tr\u00e4ffad Lasse och Helene med sin Ella (Omega 42). Hade en trevlig grillafton.<\/p>\n\n\n\n<figure class=\"wp-block-video\"><video height=\"1040\" style=\"aspect-ratio: 1040 \/ 1040;\" width=\"1040\" controls src=\"https:\/\/www.ellensailing.se\/wp-content\/uploads\/2023\/04\/2022-sommar.mov\"><\/video><figcaption class=\"wp-element-caption\">V\u00e5r sommarrutt 2022<\/figcaption><\/figure>\n\n\n\n<figure><img data-recalc-dims=\"1\" height=\"630\" width=\"840\" decoding=\"async\" src=\"https:\/\/i0.wp.com\/www.ellensailing.se\/wp-content\/uploads\/2023\/04\/IMG_1572.jpg?resize=840%2C630&#038;ssl=1\" alt=\"\" \/>\n<figcaption>P\u00e5 v\u00e4g \u00f6ver till F\u00e5r\u00f6<\/figcaption>\n<\/figure>\n\n\n\n<p class=\"wp-block-paragraph\">Morgonen efter s\u00e5 satte vi segel mot F\u00e5r\u00f6 och till Lauterhorn. En superfin segling med bra tempo hela v\u00e4gen. Som vanligt i Lauterhorn s\u00e5 kan folk inte l\u00e4gga till. Sm\u00e5b\u00e5tar som ligger l\u00e4ngst ut och som tar platser d\u00e4r vi som sticker djupare beh\u00f6ver ligga. Efter en del omflyttning av b\u00e5tar s\u00e5 \u00e4r vi \u00e4nd\u00e5 p\u00e5 plats. Det skall bl\u00e5sa upp s\u00e5 m\u00e5nga \u00e4r lite nerv\u00f6sa. Vi ligger b\u00e4gge v\u00e4ldigt bra och en kommiframmare bjuds.<\/p>\n\n\n\n<figure><img data-recalc-dims=\"1\" height=\"630\" width=\"840\" decoding=\"async\" src=\"https:\/\/i0.wp.com\/www.ellensailing.se\/wp-content\/uploads\/2023\/04\/IMG_1584.jpg?resize=840%2C630&#038;ssl=1\" alt=\"\" \/>\n<figcaption>En Apperol<\/figcaption>\n<\/figure>\n\n\n\n<p class=\"wp-block-paragraph\">Dagen efter s\u00e5 seglar vi ner till F\u00e5r\u00f6 marina. Inte s\u00e5 l\u00e5ngt men \u00e4nd\u00e5 bra plats n\u00e4r bl\u00e5sten skall komma men d\u00e4rinne m\u00e4rkte vi inget. Det \u00e4r f\u00f6rsta g\u00e5ngen f\u00f6r oss som vi skall segla p\u00e5 ostsidan av Gotland. Visst har jag seglat p\u00e5 ostsidan f\u00f6rut men d\u00e5 \u00e4r det Gotland Runt och d\u00e5 stannar man ingenstans.<\/p>\n\n\n\n<p class=\"wp-block-paragraph\">Efter F\u00e5r\u00f6hamn s\u00e5 seglade vi in till Valleviken. Vi t\u00e4nkte l\u00e4gga oss l\u00e4ngs med men hamnkaptenen kom och fr\u00e5gade om det var vi som bokat och det var det inte. Senare kom det tre stora 80 fots motorb\u00e5tar in s\u00e5 vi fick ligga vid boj. De \u00e4r inte riktigt avsedda f\u00f6r v\u00e5r storlek p\u00e5 b\u00e5t d\u00e5 bojen \u00e4r mitt p\u00e5 sittbrunnen. Vi ligger kvar h\u00e4r i Valleviken i tv\u00e5 dagar. Vi st\u00e4mde av med de tre stora motorb\u00e5tarna om vi hade liknande planer, vilket vi inte hade. F\u00f6r annars hade det nog blivit problem.<\/p>\n\n\n\n<p class=\"wp-block-paragraph\">Sm\u00f6jen blev v\u00e5r n\u00e4sta anhalt men bara \u00f6ver lunchen och bad i kalkbrotten. Superfint vatten och verkligen h\u00e4ftigt, dock \u00e4r piren ganska s\u00e5 sliten och jag vet inte om det \u00e4r en bra natthamn. Efter vi varit d\u00e4r under dagen s\u00e5 seglar vi ner till Slite. M\u00e5nga s\u00e4ger att Slite inte \u00e4r n\u00e5got men det h\u00e5ller jag inte med om. Visst, stora Cementa ligger d\u00e4r men hamnen \u00e4r helt okej.<\/p>\n\n\n\n<figure><img data-recalc-dims=\"1\" height=\"630\" width=\"840\" decoding=\"async\" src=\"https:\/\/i0.wp.com\/www.ellensailing.se\/wp-content\/uploads\/2023\/04\/IMG_1619.jpg?resize=840%2C630&#038;ssl=1\" alt=\"\" \/>\n<figcaption>En av brotten som man kan bada i (Sm\u00f6jen)<\/figcaption>\n<\/figure>\n\n\n\n<figure><img data-recalc-dims=\"1\" height=\"630\" width=\"840\" decoding=\"async\" src=\"https:\/\/i0.wp.com\/www.ellensailing.se\/wp-content\/uploads\/2023\/04\/IMG_1598.jpg?resize=840%2C630&#038;ssl=1\" alt=\"\" \/>\n<figcaption>En av kalkbrotten i Sm\u00f6jen<\/figcaption>\n<\/figure>\n\n\n\n<figure><img data-recalc-dims=\"1\" height=\"630\" width=\"840\" decoding=\"async\" src=\"https:\/\/i0.wp.com\/www.ellensailing.se\/wp-content\/uploads\/2023\/04\/IMG_1602.jpg?resize=840%2C630&#038;ssl=1\" alt=\"\" \/>\n<figcaption>Kajen p\u00e5 Sm\u00f6jen<\/figcaption>\n<\/figure>\n\n\n\n<p class=\"wp-block-paragraph\">Om man nu \u00e4r p\u00e5 ett s\u00e5dant st\u00e4lle som Slite s\u00e5 d\u00e5 passar vi p\u00e5 att g\u00f6ra ett studiebes\u00f6k p\u00e5 den omtalade fabriken. De har en rundvisning som vi h\u00e4nger p\u00e5. Verkligen superintressant och ni som inte gjort det kan vi verkligen rekommendera er att g\u00f6ra det. All skyddsutrustning skall p\u00e5.<\/p>\n\n\n\n<figure><img data-recalc-dims=\"1\" height=\"630\" width=\"840\" decoding=\"async\" src=\"https:\/\/i0.wp.com\/www.ellensailing.se\/wp-content\/uploads\/2023\/04\/IMG_1630.jpg?resize=840%2C630&#038;ssl=1\" alt=\"\" \/>\n<figcaption>Utrustade f\u00f6r en rundvisning p\u00e5 Cementa<\/figcaption>\n<\/figure>\n\n\n\n<figure><img data-recalc-dims=\"1\" height=\"630\" width=\"840\" decoding=\"async\" src=\"https:\/\/i0.wp.com\/www.ellensailing.se\/wp-content\/uploads\/2023\/04\/IMG_1631.jpg?resize=840%2C630&#038;ssl=1\" alt=\"\" \/>\n<figcaption>Gruvtagen i n\u00e4rheten av fabriken<\/figcaption>\n<\/figure>\n\n\n\n<figure><img data-recalc-dims=\"1\" height=\"630\" width=\"840\" decoding=\"async\" src=\"https:\/\/i0.wp.com\/www.ellensailing.se\/wp-content\/uploads\/2023\/04\/IMG_1638.jpg?resize=840%2C630&#038;ssl=1\" alt=\"\" \/>\n<figcaption>Fin utsikt fr\u00e5n Cementafabriken mot hamnen<\/figcaption>\n<\/figure>\n\n\n\n<p class=\"wp-block-paragraph\">Efter Slite s\u00e5 b\u00e4r det av med en fin segling med bra vind till Herrvik. Vi fick inte plats i inre delen av hamnen men det var helt okej p\u00e5 den yttre delen. H\u00e4r ansluter ocks\u00e5 Hans som ensamseglat med sin Solei (Swede Star 37). Vi f\u00e5r ocks\u00e5 bes\u00f6k av Stefan och M\u00e5rten som kommer med bil och h\u00e4lsar p\u00e5. Det blev en drink vid resturangen d\u00e4r. Dagen efter s\u00e5 cyklar vi till Katthammarsvik och handlar gr\u00f6nsaker i en lada. Vilka gr\u00f6nsaker allts\u00e5, helt magiskt.<\/p>\n\n\n\n<figure><img data-recalc-dims=\"1\" height=\"1024\" width=\"768\" decoding=\"async\" src=\"https:\/\/i0.wp.com\/www.ellensailing.se\/wp-content\/uploads\/2023\/04\/IMG_1657.jpg?resize=768%2C1024&#038;ssl=1\" alt=\"\" \/>\n<figcaption>Ella i full fr\u00e4s mot Herrvik<\/figcaption>\n<\/figure>\n\n\n\n<figure><img data-recalc-dims=\"1\" height=\"630\" width=\"840\" decoding=\"async\" src=\"https:\/\/i0.wp.com\/www.ellensailing.se\/wp-content\/uploads\/2023\/04\/IMG_1666.jpg?resize=840%2C630&#038;ssl=1\" alt=\"\" \/>\n<figcaption>Herrviks hamn<\/figcaption>\n<\/figure>\n\n\n\n<p class=\"wp-block-paragraph\">N\u00e4rshamn blir v\u00e5r n\u00e4sta anhalt. En bra hamn som ser ut som en \u00f6vergiven fiskehamn. Ligger l\u00e4ngs stora kajen och det \u00e4r skyddat och bra h\u00e4r. Vi tar en l\u00e5ngpromenad till N\u00e4rshamns fyr. Ett v\u00e4ldigt fint landskap med h\u00e4rligt ljus. K\u00e4nns som man skulle kunna vara p\u00e5 n\u00e5gon stepp i Kenya eller n\u00e5got. Supercoolt.<\/p>\n\n\n\n<figure><img data-recalc-dims=\"1\" height=\"630\" width=\"840\" decoding=\"async\" src=\"https:\/\/i0.wp.com\/www.ellensailing.se\/wp-content\/uploads\/2023\/04\/IMG_1685.jpg?resize=840%2C630&#038;ssl=1\" alt=\"\" \/>\n<figcaption>Ljunggarn hamn<\/figcaption>\n<\/figure>\n\n\n\n<p class=\"wp-block-paragraph\">Vi har en \u00f6nskan och det \u00e4r att segla till Ljungarn f\u00f6r att g\u00e5 p\u00e5 Bruna d\u00f6rren. Bruna d\u00f6rren \u00e4r ett coolt hippie st\u00e4lle med v\u00e4ldigt bra mat. Vi f\u00e5r en magisk kv\u00e4ll med mycket ljug och livemusik. Visste n\u00e4stan inte att s\u00e5dana st\u00e4llen finns. Hamnen i Ljungarn \u00e4r inte djup och inte s\u00e5 skyddad. Tur att det \u00e4r lugnt v\u00e4der i alla fall. Hasse fick l\u00e4gga sig l\u00e4ngst in och vi fick ligga utanp\u00e5 Hasse d\u00e5 djupet inte r\u00e4ckte till f\u00f6r oss att ligga l\u00e4ngst med kajen. H\u00e4r beh\u00f6vs en uppfr\u00e4schning. Den vanlig g\u00e4sthamnen \u00e4r alldeles f\u00f6r grund f\u00f6r oss.<\/p>\n\n\n\n<figure><img data-recalc-dims=\"1\" height=\"630\" width=\"840\" decoding=\"async\" src=\"https:\/\/i0.wp.com\/www.ellensailing.se\/wp-content\/uploads\/2023\/04\/IMG_1678.jpg?resize=840%2C630&#038;ssl=1\" alt=\"\" \/>\n<figcaption>Bruna d\u00f6rren<\/figcaption>\n<\/figure>\n\n\n\n<figure><img data-recalc-dims=\"1\" height=\"630\" width=\"840\" decoding=\"async\" src=\"https:\/\/i0.wp.com\/www.ellensailing.se\/wp-content\/uploads\/2023\/04\/IMG_1680.jpg?resize=840%2C630&#038;ssl=1\" alt=\"\" \/>\n<figcaption>Bruna d\u00f6rren<\/figcaption>\n<\/figure>\n\n\n\n<p class=\"wp-block-paragraph\">Efter Ljungarn seglar vi ner till V\u00e4nburgs nya hamn. Det \u00e4r en utgr\u00e4vd hamn och \u00e4r byggt som ett kors. Riktigt fint och en djup hamn. Hade ingen aning om att den fanns. H\u00e4r ligger man skyddat om man l\u00e4gger sig p\u00e5 r\u00e4tt sida.<\/p>\n\n\n\n<figure><img data-recalc-dims=\"1\" height=\"630\" width=\"840\" decoding=\"async\" src=\"https:\/\/i0.wp.com\/www.ellensailing.se\/wp-content\/uploads\/2023\/04\/IMG_1588.jpg?resize=840%2C630&#038;ssl=1\" alt=\"\" \/>\n<figcaption>Rauk<\/figcaption>\n<\/figure>\n\n\n\n<p class=\"wp-block-paragraph\">Efter V\u00e4nburgs hamn s\u00e5 f\u00e5r vi kryssa ut p\u00e5 havet f\u00f6r att ta oss runt Hoburgen. Det \u00e4r som vanligt n\u00e4r man skall runt Hoburgen, ganska st\u00f6kigt och krabb sj\u00f6. Det \u00e4r alltid sk\u00f6nt att f\u00e5 sl\u00e4ppa ut p\u00e5 seglen n\u00e4r man kommit f\u00f6rbi allt. Nu v\u00e4ntar Burgsvik. F\u00f6r er som f\u00f6ljer S\u00e5 mycket b\u00e4ttre s\u00e5 \u00e4r det h\u00e4r som Gr\u00e5 G\u00e5sen ligger och d\u00e4r man har inspelningarna av programmet. Burgsvik har blivit utbyggd och det \u00e4r en fin hamn. Stor aktivitet med m\u00e5nga som badar och har det bra. V\u00e4dret \u00e4r p\u00e5 topp och det \u00e4r n\u00e4stan 24 grader i vattnet. Kan det bli b\u00e4ttre. H\u00e4r \u00e4r vi i tre dagar. Lasse och Helene beger sig hem\u00e5t efter tv\u00e5 dagar d\u00e5 deras semester skall avfiras i slutet p\u00e5 Kullsk\u00e4r. Vi \u00e4r ute och k\u00e4kar nere i hamnen och jag och Jackline tar en promenad till Gr\u00e5 G\u00e5sen f\u00f6r att \u00e4ta lunch.<\/p>\n\n\n\n<figure><img data-recalc-dims=\"1\" height=\"630\" width=\"840\" decoding=\"async\" src=\"https:\/\/i0.wp.com\/www.ellensailing.se\/wp-content\/uploads\/2023\/04\/IMG_1730.jpg?resize=840%2C630&#038;ssl=1\" alt=\"\" \/>\n<figcaption>Gr\u00e5 G\u00e5sen<\/figcaption>\n<\/figure>\n\n\n\n<p class=\"wp-block-paragraph\">Fr\u00e5n Burgsvik f\u00e5r vi en h\u00e4rlig segling med Code1 \u00f6ver till Byxelkrok p\u00e5 \u00d6land. V\u00e4dret \u00e4r helt magiskt och i hamnen \u00e4r det kn\u00f6kfullt. Vi fick ligga p\u00e5 nocken p\u00e5 ena fiskebryggan. Vad med stora motorb\u00e5tar det har blivit. Man tycker det borde bli avskr\u00e4ckta av disel priserna men ack s\u00e5 \u00e4r det inte.<\/p>\n\n\n\n<figure><img data-recalc-dims=\"1\" height=\"630\" width=\"840\" decoding=\"async\" src=\"https:\/\/i0.wp.com\/www.ellensailing.se\/wp-content\/uploads\/2023\/04\/IMG_1740.jpg?resize=840%2C630&#038;ssl=1\" alt=\"\" \/>\n<figcaption>H\u00e4rlig segling \u00f6ver till Byxelkrok<\/figcaption>\n<\/figure>\n\n\n\n<p class=\"wp-block-paragraph\">Byxelkorok har verkligen vuxit, det \u00e4r mycket krimskarms och m\u00e5nga resturanger. Efter Byxelkrok seglade vi \u00f6ver till fastlandet och till Stora K\u00e4rringsk\u00e4r d\u00e4r vi hittade en ensam svajvik. V\u00e4ldigt lugnt och fint f\u00f6r att sedan segla upp till V\u00e4stervik. I V\u00e4stervik hade vi bokat p\u00e5 de nya bryggorna vid Hotell Slottsholmen. Det \u00e4r betydligt n\u00e4rmare in till stan d\u00e4rifr\u00e5n j\u00e4mf\u00f6rt med de vanliga g\u00e4stplatserna. Vi firade min f\u00f6delsedag genom att \u00e4ta en avsmakningsmeny p\u00e5 Smugglaren vilket troligtvis \u00e4r V\u00e4sterviks b\u00e4sta st\u00e4lle. Fantastisk trevligt var ocks\u00e5 att Hasse och Fredrik h\u00e4ngde med.<\/p>\n\n\n\n<figure><img data-recalc-dims=\"1\" height=\"1024\" width=\"768\" decoding=\"async\" src=\"https:\/\/i0.wp.com\/www.ellensailing.se\/wp-content\/uploads\/2023\/04\/IMG_1746.jpg?resize=768%2C1024&#038;ssl=1\" alt=\"\" \/>\n<figcaption>Fin solnedg\u00e5ng i Byxelkork<\/figcaption>\n<\/figure>\n\n\n\n<p class=\"wp-block-paragraph\">N\u00e4sta anhalt var Harstena som vi svajade inne i den fina fladen som finns d\u00e4r. H\u00e4r tr\u00e4ffade vi familjen Jonas och Sanna Edholm med b\u00e5ten Liv (Arcona 400) som var tillbaka fr\u00e5n sin segling i Karibien och som b\u00f6rjade n\u00e4rma sig sin hemmahamn.<\/p>\n\n\n\n<figure><img data-recalc-dims=\"1\" decoding=\"async\" src=\"https:\/\/i0.wp.com\/www.ellensailing.se\/wp-content\/uploads\/2023\/04\/Solei.jpg?w=840&#038;ssl=1\" alt=\"\" \/>\n<figcaption>Solei p\u00e5 v\u00e4g fr\u00e5n V\u00e4stervik<\/figcaption>\n<\/figure>\n\n\n\n<figure><img data-recalc-dims=\"1\" height=\"630\" width=\"840\" decoding=\"async\" src=\"https:\/\/i0.wp.com\/www.ellensailing.se\/wp-content\/uploads\/2023\/04\/IMG_1774.jpg?resize=840%2C630&#038;ssl=1\" alt=\"\" \/>\n<figcaption>Liv som \u00e4r p\u00e5 v\u00e4g hem fr\u00e5n Karibien<\/figcaption>\n<\/figure>\n\n\n\n<p class=\"wp-block-paragraph\">Ark\u00f6sund blev n\u00e4sta anhalt d\u00e4r vi varit n\u00e5gra g\u00e5nger. Mycket folk och troligtvis sk\u00e4rg\u00e5rdens dyraste aff\u00e4r ligger d\u00e4r men man m\u00e5ste kompletera lite s\u00e5 det f\u00e5r g\u00e5. Efter Ark\u00f6sund s\u00e5 kryssar vi upp mot Jacklines favorit Rings\u00f6n d\u00e4r vi svajar som vanligt. Nyn\u00e4shamn blir n\u00e4sta stopp f\u00f6r att bunkra lite. Semestern b\u00f6rjar n\u00e4rma sig sitt slut men vi seglar upp till Gr\u00f6nsk\u00e4rsflade f\u00f6r att m\u00f6ta upp Conny och Carina p\u00e5 Ultimo (Amel 54). Vi ligger utan p\u00e5 deras b\u00e5t och anv\u00e4nder deras ankare. Blir en h\u00e4rlig grillmiddag tillsammans. Dagen efter s\u00e5 seglar upp till Kullsk\u00e4r f\u00f6r att \u00e4ta en sillunch p\u00e5 bryggan med Lasse och Helene. Supermysigt! Efter lunchen seglar vi upp till Har\u00f6. D\u00e4r har jag inte varit p\u00e5 m\u00e5nga \u00e5r men det har blivit fint d\u00e4r. Vi best\u00e4mmer oss f\u00f6r att \u00e4ta en pizza p\u00e5 resturangen tillsammans med Ultimo. Det m\u00e5ste vara Sveriges dyraste pizza. N\u00e4r vi skulle betala s\u00e5 sa jag att det m\u00e5ste vara fel nota men icke. 350 kronor f\u00f6r en pizza. Rekommenderas ej!<\/p>\n\n\n\n<figure><img data-recalc-dims=\"1\" height=\"630\" width=\"840\" decoding=\"async\" src=\"https:\/\/i0.wp.com\/www.ellensailing.se\/wp-content\/uploads\/2023\/04\/IMG_1793.jpg?resize=840%2C630&#038;ssl=1\" alt=\"\" \/>\n<figcaption>Conny och Jackline i Gr\u00f6nsk\u00e4rsviken<\/figcaption>\n<\/figure>\n\n\n\n<p class=\"wp-block-paragraph\">Vi seglar runt h\u00f6rnet och l\u00e4gger oss p\u00e5 svaj och d\u00e5 kommer Think tree med Bj\u00f6rn och Gertrud. De har tv\u00e5 st\u00f6dhjul p\u00e5 sin b\u00e5t. Bj\u00f6rn \u00e4r j\u00e4tteschysst med att hj\u00e4lpa till att f\u00e5 ordning p\u00e5 v\u00e5r topplanterna. Han \u00e4r d\u00e4ruppe l\u00e4nge och v\u00e4l. Stort tack Bj\u00f6rn.<\/p>\n\n\n\n<figure><img data-recalc-dims=\"1\" height=\"1024\" width=\"768\" decoding=\"async\" src=\"https:\/\/i0.wp.com\/www.ellensailing.se\/wp-content\/uploads\/2023\/04\/IMG_1797.jpg?resize=768%2C1024&#038;ssl=1\" alt=\"\" \/>\n<figcaption>Bj\u00f6rn i masten under l\u00e5ng tid<\/figcaption>\n<\/figure>\n\n\n\n<figure><img data-recalc-dims=\"1\" height=\"473\" width=\"840\" decoding=\"async\" src=\"https:\/\/i0.wp.com\/www.ellensailing.se\/wp-content\/uploads\/2023\/04\/90801517-854F-4FF3-B61D-0F791A300B01.jpg?resize=840%2C473&#038;ssl=1\" alt=\"\" \/>\n<figcaption>Bj\u00f6n och Nella i Ellens sittbrunn<\/figcaption>\n<\/figure>\n\n\n\n<p class=\"wp-block-paragraph\">Semestern b\u00f6rjar ta mot sitt slut och vi avslutar semestern p\u00e5 v\u00e5r klubbholme Sand\u00f6n innan vi \u00e5terv\u00e4nder hem till Hundudden.<\/p>\n\n\n\n<figure><img data-recalc-dims=\"1\" height=\"630\" width=\"840\" decoding=\"async\" src=\"https:\/\/i0.wp.com\/www.ellensailing.se\/wp-content\/uploads\/2023\/04\/IMG_1752.jpg?resize=840%2C630&#038;ssl=1\" alt=\"\" \/>\n<figcaption>Xander gillar att ligga p\u00e5 svaj och ha koll \u00f6ver viken<\/figcaption>\n<\/figure>\n\n\n\n<p class=\"wp-block-paragraph\">Lovar att uppdatera lite mindre men oftare i \u00e5r.<\/p>\n","protected":false},"excerpt":{"rendered":"<p>Usch och fy vad d\u00e5liga vi varit p\u00e5 att uppdatera v\u00e5r blogg. H\u00e4r kommer i alla fall en summering av[&#8230;]<\/p>\n","protected":false},"author":1,"featured_media":3260,"comment_status":"open","ping_status":"open","sticky":false,"template":"","format":"standard","meta":{"_jetpack_newsletter_access":"","_jetpack_dont_email_post_to_subs":false,"_jetpack_newsletter_tier_id":0,"_jetpack_memberships_contains_paywalled_content":false,"_jetpack_feature_clip_id":0,"_jetpack_memberships_contains_paid_content":false,"footnotes":"","jetpack_publicize_message":"","jetpack_publicize_feature_enabled":true,"jetpack_social_post_already_shared":true,"jetpack_social_options":{"image_generator_settings":{"template":"highway","default_image_id":0,"font":"","enabled":false},"version":2},"jetpack_post_was_ever_published":false},"categories":[30],"tags":[],"class_list":["post-3275","post","type-post","status-publish","format-standard","has-post-thumbnail","hentry","category-sommar-2022"],"jetpack_publicize_connections":[],"jetpack_featured_media_url":"https:\/\/i0.wp.com\/www.ellensailing.se\/wp-content\/uploads\/2023\/04\/IMG_1721-scaled.jpg?fit=2560%2C1920&ssl=1","jetpack_sharing_enabled":true,"jetpack_shortlink":"https:\/\/wp.me\/p5G68R-QP","jetpack-related-posts":[{"id":2957,"url":"https:\/\/www.ellensailing.se\/?p=2957","url_meta":{"origin":3275,"position":0},"title":"Rundtur p\u00e5 F\u00e5r\u00f6","author":"peter@ellensailing.se","date":"1 augusti, 2020","format":false,"excerpt":"Ig\u00e5r s\u00e5 hyrde vi en bil fr\u00e5n Carinas biluthyrning. Det blev en Toyota Corolla som rullat 29 500 mil, men den gick ganska bra trots allt! Vi kom iv\u00e4g hyfsat tidigt och det var fredag s\u00e5 det var ingen k\u00f6 ut p\u00e5 f\u00e4rjan. Inl\u00e4gget idag blir inte en massa text\u2026","rel":"","context":"I \u201dSegling 2020\u201d","block_context":{"text":"Segling 2020","link":"https:\/\/www.ellensailing.se\/?cat=27"},"img":{"alt_text":"","src":"https:\/\/i0.wp.com\/www.ellensailing.se\/wp-content\/uploads\/2020\/08\/619579CC-AECA-4A0F-AA58-42C263A27E3A-scaled.jpeg?fit=1200%2C900&ssl=1&resize=350%2C200","width":350,"height":200,"srcset":"https:\/\/i0.wp.com\/www.ellensailing.se\/wp-content\/uploads\/2020\/08\/619579CC-AECA-4A0F-AA58-42C263A27E3A-scaled.jpeg?fit=1200%2C900&ssl=1&resize=350%2C200 1x, https:\/\/i0.wp.com\/www.ellensailing.se\/wp-content\/uploads\/2020\/08\/619579CC-AECA-4A0F-AA58-42C263A27E3A-scaled.jpeg?fit=1200%2C900&ssl=1&resize=525%2C300 1.5x, https:\/\/i0.wp.com\/www.ellensailing.se\/wp-content\/uploads\/2020\/08\/619579CC-AECA-4A0F-AA58-42C263A27E3A-scaled.jpeg?fit=1200%2C900&ssl=1&resize=700%2C400 2x, https:\/\/i0.wp.com\/www.ellensailing.se\/wp-content\/uploads\/2020\/08\/619579CC-AECA-4A0F-AA58-42C263A27E3A-scaled.jpeg?fit=1200%2C900&ssl=1&resize=1050%2C600 3x"},"classes":[]},{"id":3912,"url":"https:\/\/www.ellensailing.se\/?p=3912","url_meta":{"origin":3275,"position":1},"title":"Nu \u00e4r vi i Lettland!","author":"peter@ellensailing.se","date":"30 juli, 2026","format":false,"excerpt":"Ig\u00e5r hade vi en fantastisk \u00f6versegling till Lettland fr\u00e5n Lauterhorn p\u00e5 F\u00e5r\u00f6. Det var 9-12 knops vind in fr\u00e5n 120 grader och v\u00e4ldigt sm\u00e5 v\u00e5gor. Riktigt sk\u00f6nt j\u00e4mf\u00f6r med \u00f6verseglingen till F\u00e5r\u00f6 som var lite tuffare. Idag har vi en liggdag och har cyklat runt i Ventpils som staden heter.\u2026","rel":"","context":"I \u201dSegling 2026\u201d","block_context":{"text":"Segling 2026","link":"https:\/\/www.ellensailing.se\/?cat=35"},"img":{"alt_text":"","src":"https:\/\/i0.wp.com\/www.ellensailing.se\/wp-content\/uploads\/2026\/07\/img_3474-1.jpg?fit=1200%2C900&ssl=1&resize=350%2C200","width":350,"height":200,"srcset":"https:\/\/i0.wp.com\/www.ellensailing.se\/wp-content\/uploads\/2026\/07\/img_3474-1.jpg?fit=1200%2C900&ssl=1&resize=350%2C200 1x, https:\/\/i0.wp.com\/www.ellensailing.se\/wp-content\/uploads\/2026\/07\/img_3474-1.jpg?fit=1200%2C900&ssl=1&resize=525%2C300 1.5x, https:\/\/i0.wp.com\/www.ellensailing.se\/wp-content\/uploads\/2026\/07\/img_3474-1.jpg?fit=1200%2C900&ssl=1&resize=700%2C400 2x, https:\/\/i0.wp.com\/www.ellensailing.se\/wp-content\/uploads\/2026\/07\/img_3474-1.jpg?fit=1200%2C900&ssl=1&resize=1050%2C600 3x"},"classes":[]},{"id":3908,"url":"https:\/\/www.ellensailing.se\/?p=3908","url_meta":{"origin":3275,"position":2},"title":"Seglingssemester igen!","author":"peter@ellensailing.se","date":"29 juli, 2026","format":false,"excerpt":"Nu \u00e4r vi p\u00e5 G igen. Tredje dagen p\u00e5 semestern och vi g\u00e5r upp klockan 4. Vi \u00e4r i Lauterhorn och \u00e4r p\u00e5 v\u00e4g till Lettland. Ig\u00e5r gick vi \u00f6ver fr\u00e5n Nyn\u00e4shamn. Vi hade 22-25 knops vind och ganska h\u00f6g sj\u00f6 s\u00e5 det vara ganska tuffa f\u00f6rh\u00e5llanden men en v\u00e4ldigt\u2026","rel":"","context":"I \u201dSegling 2026\u201d","block_context":{"text":"Segling 2026","link":"https:\/\/www.ellensailing.se\/?cat=35"},"img":{"alt_text":"","src":"https:\/\/i0.wp.com\/www.ellensailing.se\/wp-content\/uploads\/2026\/07\/img_3463-1.jpg?fit=1200%2C900&ssl=1&resize=350%2C200","width":350,"height":200,"srcset":"https:\/\/i0.wp.com\/www.ellensailing.se\/wp-content\/uploads\/2026\/07\/img_3463-1.jpg?fit=1200%2C900&ssl=1&resize=350%2C200 1x, https:\/\/i0.wp.com\/www.ellensailing.se\/wp-content\/uploads\/2026\/07\/img_3463-1.jpg?fit=1200%2C900&ssl=1&resize=525%2C300 1.5x, https:\/\/i0.wp.com\/www.ellensailing.se\/wp-content\/uploads\/2026\/07\/img_3463-1.jpg?fit=1200%2C900&ssl=1&resize=700%2C400 2x, https:\/\/i0.wp.com\/www.ellensailing.se\/wp-content\/uploads\/2026\/07\/img_3463-1.jpg?fit=1200%2C900&ssl=1&resize=1050%2C600 3x"},"classes":[]},{"id":2913,"url":"https:\/\/www.ellensailing.se\/?p=2913","url_meta":{"origin":3275,"position":3},"title":"Rycka loss!","author":"peter@ellensailing.se","date":"30 juli, 2020","format":false,"excerpt":"Segla ifr\u00e5n Visby i morse d\u00e5 v\u00e5r tamp i land, en 18 mm Liros ryckts av klockan 5 p\u00e5 morgonen. Det var sydv\u00e4st rakt in i hamnen och sj\u00f6n var brutal. Vi hade redan best\u00e4mt oss f\u00f6r att segla upp till F\u00e5r\u00f6sund idag f\u00f6r att det var bra vindar fr\u00e5n\u2026","rel":"","context":"I \u201dSegling 2020\u201d","block_context":{"text":"Segling 2020","link":"https:\/\/www.ellensailing.se\/?cat=27"},"img":{"alt_text":"","src":"https:\/\/i0.wp.com\/www.ellensailing.se\/wp-content\/uploads\/2020\/07\/A6B8C97B-663E-405D-8EB2-8D1EF46384E5-scaled.jpeg?fit=900%2C1200&ssl=1&resize=350%2C200","width":350,"height":200,"srcset":"https:\/\/i0.wp.com\/www.ellensailing.se\/wp-content\/uploads\/2020\/07\/A6B8C97B-663E-405D-8EB2-8D1EF46384E5-scaled.jpeg?fit=900%2C1200&ssl=1&resize=350%2C200 1x, https:\/\/i0.wp.com\/www.ellensailing.se\/wp-content\/uploads\/2020\/07\/A6B8C97B-663E-405D-8EB2-8D1EF46384E5-scaled.jpeg?fit=900%2C1200&ssl=1&resize=525%2C300 1.5x, https:\/\/i0.wp.com\/www.ellensailing.se\/wp-content\/uploads\/2020\/07\/A6B8C97B-663E-405D-8EB2-8D1EF46384E5-scaled.jpeg?fit=900%2C1200&ssl=1&resize=700%2C400 2x"},"classes":[]},{"id":3213,"url":"https:\/\/www.ellensailing.se\/?p=3213","url_meta":{"origin":3275,"position":4},"title":"Gotland Runt 2022","author":"peter@ellensailing.se","date":"16 november, 2022","format":false,"excerpt":"Usch och fy vad d\u00e5liga vi \u00e4r p\u00e5 att uppdatera v\u00e5r blogg. Det f\u00e5r vi r\u00e5da bot p\u00e5 men vi kan i alla fall b\u00f6rja med att s\u00e4songen har varit mycket bra. Vi fick i b\u00e5ten tidigt och avf\u00e4rden fr\u00e5n \u00d6regrund blev redan p\u00e5 p\u00e5skafton s\u00e5 s\u00e4songen har varit l\u00e5ng.\u2026","rel":"","context":"I \u201dSommar 2022\u201d","block_context":{"text":"Sommar 2022","link":"https:\/\/www.ellensailing.se\/?cat=30"},"img":{"alt_text":"","src":"https:\/\/i0.wp.com\/www.ellensailing.se\/wp-content\/uploads\/2022\/11\/IMG_1427-scaled.jpg?fit=1200%2C900&ssl=1&resize=350%2C200","width":350,"height":200,"srcset":"https:\/\/i0.wp.com\/www.ellensailing.se\/wp-content\/uploads\/2022\/11\/IMG_1427-scaled.jpg?fit=1200%2C900&ssl=1&resize=350%2C200 1x, https:\/\/i0.wp.com\/www.ellensailing.se\/wp-content\/uploads\/2022\/11\/IMG_1427-scaled.jpg?fit=1200%2C900&ssl=1&resize=525%2C300 1.5x, https:\/\/i0.wp.com\/www.ellensailing.se\/wp-content\/uploads\/2022\/11\/IMG_1427-scaled.jpg?fit=1200%2C900&ssl=1&resize=700%2C400 2x, https:\/\/i0.wp.com\/www.ellensailing.se\/wp-content\/uploads\/2022\/11\/IMG_1427-scaled.jpg?fit=1200%2C900&ssl=1&resize=1050%2C600 3x"},"classes":[]},{"id":2011,"url":"https:\/\/www.ellensailing.se\/?p=2011","url_meta":{"origin":3275,"position":5},"title":"Bequia 2.0","author":"peter@ellensailing.se","date":"28 mars, 2018","format":false,"excerpt":"Efter en lyckad och trevlig kv\u00e4ll p\u00e5 Rock Side Caf\u00e9 seglade vi vidare till Bequia. Det var mindre b\u00e5tar h\u00e4r \u00e4n vid Jul men \u00e4nd\u00e5 mycket. Det fylldes dessutom p\u00e5 med m\u00e5nga b\u00e5tar f\u00f6r att p\u00e5 torsdag b\u00f6rjar Bequia Regatta. S\u00e5 m\u00e5nga segelb\u00e5tar \u00e4r d\u00e4r och har b\u00f6rjat tr\u00e4na lite.\u2026","rel":"","context":"I \u201dV\u00e4stindien 2017-2018\u201d","block_context":{"text":"V\u00e4stindien 2017-2018","link":"https:\/\/www.ellensailing.se\/?cat=24"},"img":{"alt_text":"","src":"https:\/\/i0.wp.com\/www.ellensailing.se\/wp-content\/uploads\/2018\/03\/C0857F0E-8F7D-40D0-96A4-00CC85657BCC-e1522266346775.jpeg?fit=1200%2C900&ssl=1&resize=350%2C200","width":350,"height":200,"srcset":"https:\/\/i0.wp.com\/www.ellensailing.se\/wp-content\/uploads\/2018\/03\/C0857F0E-8F7D-40D0-96A4-00CC85657BCC-e1522266346775.jpeg?fit=1200%2C900&ssl=1&resize=350%2C200 1x, https:\/\/i0.wp.com\/www.ellensailing.se\/wp-content\/uploads\/2018\/03\/C0857F0E-8F7D-40D0-96A4-00CC85657BCC-e1522266346775.jpeg?fit=1200%2C900&ssl=1&resize=525%2C300 1.5x, https:\/\/i0.wp.com\/www.ellensailing.se\/wp-content\/uploads\/2018\/03\/C0857F0E-8F7D-40D0-96A4-00CC85657BCC-e1522266346775.jpeg?fit=1200%2C900&ssl=1&resize=700%2C400 2x, https:\/\/i0.wp.com\/www.ellensailing.se\/wp-content\/uploads\/2018\/03\/C0857F0E-8F7D-40D0-96A4-00CC85657BCC-e1522266346775.jpeg?fit=1200%2C900&ssl=1&resize=1050%2C600 3x"},"classes":[]}],"jetpack_likes_enabled":false,"_links":{"self":[{"href":"https:\/\/www.ellensailing.se\/index.php?rest_route=\/wp\/v2\/posts\/3275","targetHints":{"allow":["GET"]}}],"collection":[{"href":"https:\/\/www.ellensailing.se\/index.php?rest_route=\/wp\/v2\/posts"}],"about":[{"href":"https:\/\/www.ellensailing.se\/index.php?rest_route=\/wp\/v2\/types\/post"}],"author":[{"embeddable":true,"href":"https:\/\/www.ellensailing.se\/index.php?rest_route=\/wp\/v2\/users\/1"}],"replies":[{"embeddable":true,"href":"https:\/\/www.ellensailing.se\/index.php?rest_route=%2Fwp%2Fv2%2Fcomments&post=3275"}],"version-history":[{"count":10,"href":"https:\/\/www.ellensailing.se\/index.php?rest_route=\/wp\/v2\/posts\/3275\/revisions"}],"predecessor-version":[{"id":3289,"href":"https:\/\/www.ellensailing.se\/index.php?rest_route=\/wp\/v2\/posts\/3275\/revisions\/3289"}],"wp:featuredmedia":[{"embeddable":true,"href":"https:\/\/www.ellensailing.se\/index.php?rest_route=\/wp\/v2\/media\/3260"}],"wp:attachment":[{"href":"https:\/\/www.ellensailing.se\/index.php?rest_route=%2Fwp%2Fv2%2Fmedia&parent=3275"}],"wp:term":[{"taxonomy":"category","embeddable":true,"href":"https:\/\/www.ellensailing.se\/index.php?rest_route=%2Fwp%2Fv2%2Fcategories&post=3275"},{"taxonomy":"post_tag","embeddable":true,"href":"https:\/\/www.ellensailing.se\/index.php?rest_route=%2Fwp%2Fv2%2Ftags&post=3275"}],"curies":[{"name":"wp","href":"https:\/\/api.w.org\/{rel}","templated":true}]}}